{"id":104490,"date":"2025-09-01T19:10:02","date_gmt":"2025-09-01T19:10:02","guid":{"rendered":"https:\/\/www.africa-press.net\/cotedivoire\/politique\/rencontre-infantino-diallo-a-nairobi-echanges-prevus"},"modified":"2025-09-01T19:48:39","modified_gmt":"2025-09-01T19:48:39","slug":"rencontre-infantino-diallo-a-nairobi-echanges-prevus","status":"publish","type":"post","link":"https:\/\/www.africa-press.net\/cotedivoire\/sports\/rencontre-infantino-diallo-a-nairobi-echanges-prevus","title":{"rendered":"Rencontre Infantino Diallo \u00e0 Nairobi \u00c9changes Pr\u00e9vus"},"content":{"rendered":"<p><span style=\"color: #ff6600\"><strong>Africa-Press &#8211; C\u00f4te d&rsquo;Ivoire. <\/strong><\/span>Le Pre\u0301sident de la Fe\u0301de\u0301ration Internationale de Football Association (FIFA), M. Gianni Infantino, a rencontre\u0301 ce samedi 30 Aou\u0302t 2025 a\u0300 Nairobi, au Kenya, en marge de la finale du CHAN 2025 remporte\u0301e par le Maroc (3-2), le Pre\u0301sident de la Fe\u0301de\u0301ration Ivoirienne de Football (FIF), M. Yacine Idriss Diallo.<\/p>\n<p>Cette rencontre a permis d\u2019e\u0301changer sur les perspectives de de\u0301veloppement du football ivoirien, avec un accent particulier sur la re\u0301novation du Centre Technique National de Football (CTNF).<\/p>\n<p>Le Pre\u0301sident Gianni Infantino a re\u0301affirme\u0301 l\u2019engagement de la FIFA a\u0300 accompagner la Co\u0302te d\u2019Ivoire a\u0300 travers le programme FIFA Forward, destine\u0301 a\u0300 soutenir les projets structurants des Associations membres:<\/p>\n<p>\u00ab J\u2019ai eu le plaisir d\u2019avoir des discussions sur le de\u0301veloppement du football avec le Pre\u0301sident de la Fe\u0301de\u0301ration Ivoirienne de Football, M. Yacine Idriss Diallo, a\u0300 Nairobi. Nous avons parle\u0301 de la re\u0301novation du Centre Technique National de Football, que la FIFA est fie\u0300re de soutenir a\u0300 travers notre programme Forward, car cela repre\u0301sente l\u2019engagement de tous dans le football ivoirien pour moderniser et populariser encore plus notre sport dans le pays. \u00bb<\/p>\n<p>Le Pre\u0301sident Infantino a, par ailleurs, salue\u0301 la qualite\u0301 du travail mene\u0301 par la Fe\u0301de\u0301ration Ivoirienne de Football et son Pre\u0301sident, avant de formuler des encouragements aux e\u0301quipes nationales ivoiriennes engage\u0301es dans les compe\u0301titions internationales:<\/p>\n<p>\u00ab Un grand merci au Pre\u0301sident Diallo et a\u0300 la FIF pour tout le bon travail. Je souhaite bonne chance a\u0300 leurs diverses e\u0301quipes nationales participant aux compe\u0301titions de la FIFA de cette anne\u0301e, y compris les qualifications pour la Coupe du monde de la FIFA 2026. \u00bb<\/p>\n<p>Cette rencontre s\u2019inscrit dans la volonte\u0301 commune de renforcer la coope\u0301ration entre la FIFA et la FIF afin d\u2019accompagner le de\u0301veloppement durable du football ivoirien, tant sur le plan des infrastructures que de la performance sportive.<\/p>\n<p><strong>Pour plus d&rsquo;informations et d&rsquo;analyses sur la <span style=\"color: #ff6600\">C\u00f4te d&rsquo;Ivoire<\/span>, suivez <span style=\"color: #ff6600\">Africa-Press<\/span><\/strong><\/p>\n","protected":false},"excerpt":{"rendered":"<p>Africa-Press &#8211; C\u00f4te d&rsquo;Ivoire. Le Pre\u0301sident de la Fe\u0301de\u0301ration Internationale de Football Association (FIFA), M. Gianni Infantino, a rencontre\u0301 ce samedi 30 Aou\u0302t 2025 a\u0300 Nairobi, au Kenya, en marge de la finale du CHAN 2025 remporte\u0301e par le Maroc (3-2), le Pre\u0301sident de la Fe\u0301de\u0301ration Ivoirienne de Football (FIF), M. Yacine Idriss Diallo. Cette [&hellip;]<\/p>\n","protected":false},"author":82,"featured_media":104489,"comment_status":"open","ping_status":"closed","sticky":false,"template":"","format":"standard","meta":{"footnotes":""},"categories":[6,70,10],"tags":[29,859,6159,10691,5610,6312],"class_list":["post-104490","post","type-post","status-publish","format-standard","has-post-thumbnail","hentry","category-sports","category-to-homepage","category-toutes-les-actualites","tag-cote-divoire","tag-fif","tag-forward","tag-gianni","tag-nairobi","tag-yacine-diallo"],"yoast_head":"<!-- This site is optimized with the Yoast SEO Premium plugin v26.1 (Yoast SEO v27.0) - https:\/\/yoast.com\/product\/yoast-seo-premium-wordpress\/ -->\n<title>Rencontre Infantino Diallo \u00e0 Nairobi \u00c9changes Pr\u00e9vus - C\u00f4te d&#039;Ivoire<\/title>\n<meta name=\"description\" content=\"Le Pre\u0301sident de la Fe\u0301de\u0301ration Internationale de Football Association (FIFA), M. Gianni Infantino, a rencontre\u0301 ce sam ...\" \/>\n<meta name=\"robots\" content=\"index, follow, max-snippet:-1, max-image-preview:large, max-video-preview:-1\" \/>\n<link rel=\"canonical\" href=\"https:\/\/www.africa-press.net\/cotedivoire\/sports\/rencontre-infantino-diallo-a-nairobi-echanges-prevus\" \/>\n<meta property=\"og:locale\" content=\"fr_FR\" \/>\n<meta property=\"og:type\" content=\"article\" \/>\n<meta property=\"og:title\" content=\"Rencontre Infantino Diallo \u00e0 Nairobi \u00c9changes Pr\u00e9vus\" \/>\n<meta property=\"og:description\" content=\"Le Pre\u0301sident de la Fe\u0301de\u0301ration Internationale de Football Association (FIFA), M. Gianni Infantino, a rencontre\u0301 ce sam ...\" \/>\n<meta property=\"og:url\" content=\"https:\/\/www.africa-press.net\/cotedivoire\/sports\/rencontre-infantino-diallo-a-nairobi-echanges-prevus\" \/>\n<meta property=\"og:site_name\" content=\"C\u00f4te d&#039;Ivoire\" \/>\n<meta property=\"article:published_time\" content=\"2025-09-01T19:10:02+00:00\" \/>\n<meta property=\"article:modified_time\" content=\"2025-09-01T19:48:39+00:00\" \/>\n<meta property=\"og:image\" content=\"https:\/\/static.africa-press.net\/cote\/sites\/43\/2025\/09\/sm_1756743454.353501.jpg\" \/>\n\t<meta property=\"og:image:width\" content=\"720\" \/>\n\t<meta property=\"og:image:height\" content=\"390\" \/>\n\t<meta property=\"og:image:type\" content=\"image\/jpeg\" \/>\n<meta name=\"author\" content=\"cfeditorfr\" \/>\n<meta name=\"twitter:card\" content=\"summary_large_image\" \/>\n<meta name=\"twitter:label1\" content=\"\u00c9crit par\" \/>\n\t<meta name=\"twitter:data1\" content=\"cfeditorfr\" \/>\n\t<meta name=\"twitter:label2\" content=\"Dur\u00e9e de lecture estim\u00e9e\" \/>\n\t<meta name=\"twitter:data2\" content=\"2 minutes\" \/>\n<script type=\"application\/ld+json\" class=\"yoast-schema-graph\">{\"@context\":\"https:\/\/schema.org\",\"@graph\":[{\"@type\":\"Article\",\"@id\":\"https:\/\/www.africa-press.net\/cotedivoire\/sports\/rencontre-infantino-diallo-a-nairobi-echanges-prevus#article\",\"isPartOf\":{\"@id\":\"https:\/\/www.africa-press.net\/cotedivoire\/sports\/rencontre-infantino-diallo-a-nairobi-echanges-prevus\"},\"author\":{\"name\":\"cfeditorfr\",\"@id\":\"https:\/\/www.africa-press.net\/cotedivoire\/#\/schema\/person\/2b1cf3cd81a31e3cd26889ca66d677f1\"},\"headline\":\"Rencontre Infantino Diallo \u00e0 Nairobi \u00c9changes Pr\u00e9vus\",\"datePublished\":\"2025-09-01T19:10:02+00:00\",\"dateModified\":\"2025-09-01T19:48:39+00:00\",\"mainEntityOfPage\":{\"@id\":\"https:\/\/www.africa-press.net\/cotedivoire\/sports\/rencontre-infantino-diallo-a-nairobi-echanges-prevus\"},\"wordCount\":362,\"commentCount\":0,\"image\":{\"@id\":\"https:\/\/www.africa-press.net\/cotedivoire\/sports\/rencontre-infantino-diallo-a-nairobi-echanges-prevus#primaryimage\"},\"thumbnailUrl\":\"https:\/\/static.africa-press.net\/cote\/sites\/43\/2025\/09\/sm_1756743454.353501.jpg\",\"keywords\":[\"C\u00d4TE D'IVOIRE\",\"FIF\",\"FORWARD\",\"Gianni\",\"Nairobi\",\"Yacine Diallo\"],\"articleSection\":[\"Sports\",\"to-homepage\",\"Toutes les actualit\u00e9s\"],\"inLanguage\":\"fr-FR\",\"potentialAction\":[{\"@type\":\"CommentAction\",\"name\":\"Comment\",\"target\":[\"https:\/\/www.africa-press.net\/cotedivoire\/sports\/rencontre-infantino-diallo-a-nairobi-echanges-prevus#respond\"]}]},{\"@type\":\"WebPage\",\"@id\":\"https:\/\/www.africa-press.net\/cotedivoire\/sports\/rencontre-infantino-diallo-a-nairobi-echanges-prevus\",\"url\":\"https:\/\/www.africa-press.net\/cotedivoire\/sports\/rencontre-infantino-diallo-a-nairobi-echanges-prevus\",\"name\":\"Rencontre Infantino Diallo \u00e0 Nairobi \u00c9changes Pr\u00e9vus - C\u00f4te d&#039;Ivoire\",\"isPartOf\":{\"@id\":\"https:\/\/www.africa-press.net\/cotedivoire\/#website\"},\"primaryImageOfPage\":{\"@id\":\"https:\/\/www.africa-press.net\/cotedivoire\/sports\/rencontre-infantino-diallo-a-nairobi-echanges-prevus#primaryimage\"},\"image\":{\"@id\":\"https:\/\/www.africa-press.net\/cotedivoire\/sports\/rencontre-infantino-diallo-a-nairobi-echanges-prevus#primaryimage\"},\"thumbnailUrl\":\"https:\/\/static.africa-press.net\/cote\/sites\/43\/2025\/09\/sm_1756743454.353501.jpg\",\"datePublished\":\"2025-09-01T19:10:02+00:00\",\"dateModified\":\"2025-09-01T19:48:39+00:00\",\"author\":{\"@id\":\"https:\/\/www.africa-press.net\/cotedivoire\/#\/schema\/person\/2b1cf3cd81a31e3cd26889ca66d677f1\"},\"description\":\"Le Pre\u0301sident de la Fe\u0301de\u0301ration Internationale de Football Association (FIFA), M. Gianni Infantino, a rencontre\u0301 ce sam ...\",\"breadcrumb\":{\"@id\":\"https:\/\/www.africa-press.net\/cotedivoire\/sports\/rencontre-infantino-diallo-a-nairobi-echanges-prevus#breadcrumb\"},\"inLanguage\":\"fr-FR\",\"potentialAction\":[{\"@type\":\"ReadAction\",\"target\":[\"https:\/\/www.africa-press.net\/cotedivoire\/sports\/rencontre-infantino-diallo-a-nairobi-echanges-prevus\"]}]},{\"@type\":\"ImageObject\",\"inLanguage\":\"fr-FR\",\"@id\":\"https:\/\/www.africa-press.net\/cotedivoire\/sports\/rencontre-infantino-diallo-a-nairobi-echanges-prevus#primaryimage\",\"url\":\"https:\/\/static.africa-press.net\/cote\/sites\/43\/2025\/09\/sm_1756743454.353501.jpg\",\"contentUrl\":\"https:\/\/static.africa-press.net\/cote\/sites\/43\/2025\/09\/sm_1756743454.353501.jpg\",\"width\":720,\"height\":390,\"caption\":\"Rencontre Infantino Diallo \u00e0 Nairobi \u00c9changes Pr\u00e9vus\"},{\"@type\":\"BreadcrumbList\",\"@id\":\"https:\/\/www.africa-press.net\/cotedivoire\/sports\/rencontre-infantino-diallo-a-nairobi-echanges-prevus#breadcrumb\",\"itemListElement\":[{\"@type\":\"ListItem\",\"position\":1,\"name\":\"Accueil\",\"item\":\"https:\/\/www.africa-press.net\/cotedivoire\/\"},{\"@type\":\"ListItem\",\"position\":2,\"name\":\"Rencontre Infantino Diallo \u00e0 Nairobi \u00c9changes Pr\u00e9vus\"}]},{\"@type\":\"WebSite\",\"@id\":\"https:\/\/www.africa-press.net\/cotedivoire\/#website\",\"url\":\"https:\/\/www.africa-press.net\/cotedivoire\/\",\"name\":\"C\u00f4te d&#039;Ivoire\",\"description\":\"Just another Africa News Agency Sites site\",\"potentialAction\":[{\"@type\":\"SearchAction\",\"target\":{\"@type\":\"EntryPoint\",\"urlTemplate\":\"https:\/\/www.africa-press.net\/cotedivoire\/?s={search_term_string}\"},\"query-input\":{\"@type\":\"PropertyValueSpecification\",\"valueRequired\":true,\"valueName\":\"search_term_string\"}}],\"inLanguage\":\"fr-FR\"},{\"@type\":\"Person\",\"@id\":\"https:\/\/www.africa-press.net\/cotedivoire\/#\/schema\/person\/2b1cf3cd81a31e3cd26889ca66d677f1\",\"name\":\"cfeditorfr\"}]}<\/script>\n<!-- \/ Yoast SEO Premium plugin. -->","yoast_head_json":{"title":"Rencontre Infantino Diallo \u00e0 Nairobi \u00c9changes Pr\u00e9vus - C\u00f4te d&#039;Ivoire","description":"Le Pre\u0301sident de la Fe\u0301de\u0301ration Internationale de Football Association (FIFA), M. Gianni Infantino, a rencontre\u0301 ce sam ...","robots":{"index":"index","follow":"follow","max-snippet":"max-snippet:-1","max-image-preview":"max-image-preview:large","max-video-preview":"max-video-preview:-1"},"canonical":"https:\/\/www.africa-press.net\/cotedivoire\/sports\/rencontre-infantino-diallo-a-nairobi-echanges-prevus","og_locale":"fr_FR","og_type":"article","og_title":"Rencontre Infantino Diallo \u00e0 Nairobi \u00c9changes Pr\u00e9vus","og_description":"Le Pre\u0301sident de la Fe\u0301de\u0301ration Internationale de Football Association (FIFA), M. Gianni Infantino, a rencontre\u0301 ce sam ...","og_url":"https:\/\/www.africa-press.net\/cotedivoire\/sports\/rencontre-infantino-diallo-a-nairobi-echanges-prevus","og_site_name":"C\u00f4te d&#039;Ivoire","article_published_time":"2025-09-01T19:10:02+00:00","article_modified_time":"2025-09-01T19:48:39+00:00","og_image":[{"width":720,"height":390,"url":"https:\/\/static.africa-press.net\/cote\/sites\/43\/2025\/09\/sm_1756743454.353501.jpg","type":"image\/jpeg"}],"author":"cfeditorfr","twitter_card":"summary_large_image","twitter_misc":{"\u00c9crit par":"cfeditorfr","Dur\u00e9e de lecture estim\u00e9e":"2 minutes"},"schema":{"@context":"https:\/\/schema.org","@graph":[{"@type":"Article","@id":"https:\/\/www.africa-press.net\/cotedivoire\/sports\/rencontre-infantino-diallo-a-nairobi-echanges-prevus#article","isPartOf":{"@id":"https:\/\/www.africa-press.net\/cotedivoire\/sports\/rencontre-infantino-diallo-a-nairobi-echanges-prevus"},"author":{"name":"cfeditorfr","@id":"https:\/\/www.africa-press.net\/cotedivoire\/#\/schema\/person\/2b1cf3cd81a31e3cd26889ca66d677f1"},"headline":"Rencontre Infantino Diallo \u00e0 Nairobi \u00c9changes Pr\u00e9vus","datePublished":"2025-09-01T19:10:02+00:00","dateModified":"2025-09-01T19:48:39+00:00","mainEntityOfPage":{"@id":"https:\/\/www.africa-press.net\/cotedivoire\/sports\/rencontre-infantino-diallo-a-nairobi-echanges-prevus"},"wordCount":362,"commentCount":0,"image":{"@id":"https:\/\/www.africa-press.net\/cotedivoire\/sports\/rencontre-infantino-diallo-a-nairobi-echanges-prevus#primaryimage"},"thumbnailUrl":"https:\/\/static.africa-press.net\/cote\/sites\/43\/2025\/09\/sm_1756743454.353501.jpg","keywords":["C\u00d4TE D'IVOIRE","FIF","FORWARD","Gianni","Nairobi","Yacine Diallo"],"articleSection":["Sports","to-homepage","Toutes les actualit\u00e9s"],"inLanguage":"fr-FR","potentialAction":[{"@type":"CommentAction","name":"Comment","target":["https:\/\/www.africa-press.net\/cotedivoire\/sports\/rencontre-infantino-diallo-a-nairobi-echanges-prevus#respond"]}]},{"@type":"WebPage","@id":"https:\/\/www.africa-press.net\/cotedivoire\/sports\/rencontre-infantino-diallo-a-nairobi-echanges-prevus","url":"https:\/\/www.africa-press.net\/cotedivoire\/sports\/rencontre-infantino-diallo-a-nairobi-echanges-prevus","name":"Rencontre Infantino Diallo \u00e0 Nairobi \u00c9changes Pr\u00e9vus - C\u00f4te d&#039;Ivoire","isPartOf":{"@id":"https:\/\/www.africa-press.net\/cotedivoire\/#website"},"primaryImageOfPage":{"@id":"https:\/\/www.africa-press.net\/cotedivoire\/sports\/rencontre-infantino-diallo-a-nairobi-echanges-prevus#primaryimage"},"image":{"@id":"https:\/\/www.africa-press.net\/cotedivoire\/sports\/rencontre-infantino-diallo-a-nairobi-echanges-prevus#primaryimage"},"thumbnailUrl":"https:\/\/static.africa-press.net\/cote\/sites\/43\/2025\/09\/sm_1756743454.353501.jpg","datePublished":"2025-09-01T19:10:02+00:00","dateModified":"2025-09-01T19:48:39+00:00","author":{"@id":"https:\/\/www.africa-press.net\/cotedivoire\/#\/schema\/person\/2b1cf3cd81a31e3cd26889ca66d677f1"},"description":"Le Pre\u0301sident de la Fe\u0301de\u0301ration Internationale de Football Association (FIFA), M. Gianni Infantino, a rencontre\u0301 ce sam ...","breadcrumb":{"@id":"https:\/\/www.africa-press.net\/cotedivoire\/sports\/rencontre-infantino-diallo-a-nairobi-echanges-prevus#breadcrumb"},"inLanguage":"fr-FR","potentialAction":[{"@type":"ReadAction","target":["https:\/\/www.africa-press.net\/cotedivoire\/sports\/rencontre-infantino-diallo-a-nairobi-echanges-prevus"]}]},{"@type":"ImageObject","inLanguage":"fr-FR","@id":"https:\/\/www.africa-press.net\/cotedivoire\/sports\/rencontre-infantino-diallo-a-nairobi-echanges-prevus#primaryimage","url":"https:\/\/static.africa-press.net\/cote\/sites\/43\/2025\/09\/sm_1756743454.353501.jpg","contentUrl":"https:\/\/static.africa-press.net\/cote\/sites\/43\/2025\/09\/sm_1756743454.353501.jpg","width":720,"height":390,"caption":"Rencontre Infantino Diallo \u00e0 Nairobi \u00c9changes Pr\u00e9vus"},{"@type":"BreadcrumbList","@id":"https:\/\/www.africa-press.net\/cotedivoire\/sports\/rencontre-infantino-diallo-a-nairobi-echanges-prevus#breadcrumb","itemListElement":[{"@type":"ListItem","position":1,"name":"Accueil","item":"https:\/\/www.africa-press.net\/cotedivoire\/"},{"@type":"ListItem","position":2,"name":"Rencontre Infantino Diallo \u00e0 Nairobi \u00c9changes Pr\u00e9vus"}]},{"@type":"WebSite","@id":"https:\/\/www.africa-press.net\/cotedivoire\/#website","url":"https:\/\/www.africa-press.net\/cotedivoire\/","name":"C\u00f4te d&#039;Ivoire","description":"Just another Africa News Agency Sites site","potentialAction":[{"@type":"SearchAction","target":{"@type":"EntryPoint","urlTemplate":"https:\/\/www.africa-press.net\/cotedivoire\/?s={search_term_string}"},"query-input":{"@type":"PropertyValueSpecification","valueRequired":true,"valueName":"search_term_string"}}],"inLanguage":"fr-FR"},{"@type":"Person","@id":"https:\/\/www.africa-press.net\/cotedivoire\/#\/schema\/person\/2b1cf3cd81a31e3cd26889ca66d677f1","name":"cfeditorfr"}]}},"_links":{"self":[{"href":"https:\/\/www.africa-press.net\/cotedivoire\/wp-json\/wp\/v2\/posts\/104490","targetHints":{"allow":["GET"]}}],"collection":[{"href":"https:\/\/www.africa-press.net\/cotedivoire\/wp-json\/wp\/v2\/posts"}],"about":[{"href":"https:\/\/www.africa-press.net\/cotedivoire\/wp-json\/wp\/v2\/types\/post"}],"author":[{"embeddable":true,"href":"https:\/\/www.africa-press.net\/cotedivoire\/wp-json\/wp\/v2\/users\/82"}],"replies":[{"embeddable":true,"href":"https:\/\/www.africa-press.net\/cotedivoire\/wp-json\/wp\/v2\/comments?post=104490"}],"version-history":[{"count":0,"href":"https:\/\/www.africa-press.net\/cotedivoire\/wp-json\/wp\/v2\/posts\/104490\/revisions"}],"wp:featuredmedia":[{"embeddable":true,"href":"https:\/\/www.africa-press.net\/cotedivoire\/wp-json\/wp\/v2\/media\/104489"}],"wp:attachment":[{"href":"https:\/\/www.africa-press.net\/cotedivoire\/wp-json\/wp\/v2\/media?parent=104490"}],"wp:term":[{"taxonomy":"category","embeddable":true,"href":"https:\/\/www.africa-press.net\/cotedivoire\/wp-json\/wp\/v2\/categories?post=104490"},{"taxonomy":"post_tag","embeddable":true,"href":"https:\/\/www.africa-press.net\/cotedivoire\/wp-json\/wp\/v2\/tags?post=104490"}],"curies":[{"name":"wp","href":"https:\/\/api.w.org\/{rel}","templated":true}]}}