{"id":10450,"date":"2021-07-27T14:07:35","date_gmt":"2021-07-27T14:07:35","guid":{"rendered":"https:\/\/www.africa-press.net\/cotedivoire\/?p=10450"},"modified":"2021-07-27T19:15:35","modified_gmt":"2021-07-27T19:15:35","slug":"cote-divoire-les-felicitations-du-chef-de-letat-a-ruth-gbagbi-pour-sa-medaille-de-bronze-aux-jo-de-tokyo","status":"publish","type":"post","link":"https:\/\/www.africa-press.net\/cotedivoire\/sports\/cote-divoire-les-felicitations-du-chef-de-letat-a-ruth-gbagbi-pour-sa-medaille-de-bronze-aux-jo-de-tokyo","title":{"rendered":"Les f\u00e9licitations du chef de l\u2019\u00c9tat \u00e0 Ruth Gbagbi pour sa m\u00e9daille de bronze aux JO de Tokyo"},"content":{"rendered":"<p><span style=\"color: #ff6600\"><strong><a href=\"https:\/\/www.africa-press.net\/\">Africa-Press<\/a> &#8211; <a href=\"https:\/\/www.africa-press.net\/cotedivoire\">C\u00f4te d&rsquo;Ivoire<\/a>. <\/strong><\/span>Depuis son compte Twitter le Pr\u00e9sident Alassane Ouattara a adress\u00e9 ses chaleureuses f\u00e9licitations \u00e0 la championne Ruth Gbagbi, m\u00e9daill\u00e9e de bronze aux JO en cours \u00e0 Tokyo au Japon.<\/p>\n<p>\u00ab F\u00e9licitations \u00e0 Ruth GBAGBI pour cette m\u00e9daille de bronze en Taekwondo aux Jeux Olympiques de Tokyo ! Quelle fiert\u00e9 ! Mes encouragements \u00e0 tous nos athl\u00e8tes qui d\u00e9fendent les couleurs de notre pays dans cette comp\u00e9tition. #Tokyo2021 \u00bb<\/p>\n","protected":false},"excerpt":{"rendered":"<p>Africa-Press &#8211; C\u00f4te d&rsquo;Ivoire. Depuis son compte Twitter le Pr\u00e9sident Alassane Ouattara a adress\u00e9 ses chaleureuses f\u00e9licitations \u00e0 la championne Ruth Gbagbi, m\u00e9daill\u00e9e de bronze aux JO en cours \u00e0 Tokyo au Japon. \u00ab F\u00e9licitations \u00e0 Ruth GBAGBI pour cette m\u00e9daille de bronze en Taekwondo aux Jeux Olympiques de Tokyo ! Quelle fiert\u00e9 ! Mes [&hellip;]<\/p>\n","protected":false},"author":82,"featured_media":10449,"comment_status":"open","ping_status":"closed","sticky":false,"template":"","format":"standard","meta":{"footnotes":""},"categories":[11,6,20,10],"tags":[56,63,29],"class_list":["post-10450","post","type-post","status-publish","format-standard","has-post-thumbnail","hentry","category-homepage-french","category-sports","category-top-nouvelles","category-toutes-les-actualites","tag-africa-press","tag-africa-press-cote-divoire","tag-cote-divoire"],"yoast_head":"<!-- This site is optimized with the Yoast SEO Premium plugin v26.1 (Yoast SEO v27.0) - https:\/\/yoast.com\/product\/yoast-seo-premium-wordpress\/ -->\n<title>Les f\u00e9licitations du chef de l\u2019\u00c9tat \u00e0 Ruth Gbagbi pour sa m\u00e9daille de bronze aux JO de Tokyo - C\u00f4te d&#039;Ivoire<\/title>\n<meta name=\"description\" content=\"Depuis son compte Twitter le Pr\u00e9sident Alassane Ouattara a adress\u00e9 ses chaleureuses f\u00e9licitations \u00e0 la championne Ruth G ...\" \/>\n<meta name=\"robots\" content=\"index, follow, max-snippet:-1, max-image-preview:large, max-video-preview:-1\" \/>\n<link rel=\"canonical\" href=\"https:\/\/www.africa-press.net\/cotedivoire\/sports\/cote-divoire-les-felicitations-du-chef-de-letat-a-ruth-gbagbi-pour-sa-medaille-de-bronze-aux-jo-de-tokyo\" \/>\n<meta property=\"og:locale\" content=\"fr_FR\" \/>\n<meta property=\"og:type\" content=\"article\" \/>\n<meta property=\"og:title\" content=\"Les f\u00e9licitations du chef de l\u2019\u00c9tat \u00e0 Ruth Gbagbi pour sa m\u00e9daille de bronze aux JO de Tokyo\" \/>\n<meta property=\"og:description\" content=\"Depuis son compte Twitter le Pr\u00e9sident Alassane Ouattara a adress\u00e9 ses chaleureuses f\u00e9licitations \u00e0 la championne Ruth G ...\" \/>\n<meta property=\"og:url\" content=\"https:\/\/www.africa-press.net\/cotedivoire\/sports\/cote-divoire-les-felicitations-du-chef-de-letat-a-ruth-gbagbi-pour-sa-medaille-de-bronze-aux-jo-de-tokyo\" \/>\n<meta property=\"og:site_name\" content=\"C\u00f4te d&#039;Ivoire\" \/>\n<meta property=\"article:published_time\" content=\"2021-07-27T14:07:35+00:00\" \/>\n<meta property=\"article:modified_time\" content=\"2021-07-27T19:15:35+00:00\" \/>\n<meta property=\"og:image\" content=\"https:\/\/static.africa-press.net\/cote\/sites\/43\/2021\/07\/img-610001ff30946.jpg\" \/>\n\t<meta property=\"og:image:width\" content=\"800\" \/>\n\t<meta property=\"og:image:height\" content=\"533\" \/>\n\t<meta property=\"og:image:type\" content=\"image\/jpeg\" \/>\n<meta name=\"author\" content=\"cfeditorfr\" \/>\n<meta name=\"twitter:card\" content=\"summary_large_image\" \/>\n<meta name=\"twitter:label1\" content=\"\u00c9crit par\" \/>\n\t<meta name=\"twitter:data1\" content=\"cfeditorfr\" \/>\n<script type=\"application\/ld+json\" class=\"yoast-schema-graph\">{\"@context\":\"https:\/\/schema.org\",\"@graph\":[{\"@type\":\"Article\",\"@id\":\"https:\/\/www.africa-press.net\/cotedivoire\/sports\/cote-divoire-les-felicitations-du-chef-de-letat-a-ruth-gbagbi-pour-sa-medaille-de-bronze-aux-jo-de-tokyo#article\",\"isPartOf\":{\"@id\":\"https:\/\/www.africa-press.net\/cotedivoire\/sports\/cote-divoire-les-felicitations-du-chef-de-letat-a-ruth-gbagbi-pour-sa-medaille-de-bronze-aux-jo-de-tokyo\"},\"author\":{\"name\":\"cfeditorfr\",\"@id\":\"https:\/\/www.africa-press.net\/cotedivoire\/#\/schema\/person\/2b1cf3cd81a31e3cd26889ca66d677f1\"},\"headline\":\"Les f\u00e9licitations du chef de l\u2019\u00c9tat \u00e0 Ruth Gbagbi pour sa m\u00e9daille de bronze aux JO de Tokyo\",\"datePublished\":\"2021-07-27T14:07:35+00:00\",\"dateModified\":\"2021-07-27T19:15:35+00:00\",\"mainEntityOfPage\":{\"@id\":\"https:\/\/www.africa-press.net\/cotedivoire\/sports\/cote-divoire-les-felicitations-du-chef-de-letat-a-ruth-gbagbi-pour-sa-medaille-de-bronze-aux-jo-de-tokyo\"},\"wordCount\":95,\"commentCount\":0,\"image\":{\"@id\":\"https:\/\/www.africa-press.net\/cotedivoire\/sports\/cote-divoire-les-felicitations-du-chef-de-letat-a-ruth-gbagbi-pour-sa-medaille-de-bronze-aux-jo-de-tokyo#primaryimage\"},\"thumbnailUrl\":\"https:\/\/static.africa-press.net\/cote\/sites\/43\/2021\/07\/img-610001ff30946.jpg\",\"keywords\":[\"Africa Press\",\"Africa Press-C\u00f4te d'Ivoire\",\"C\u00d4TE D'IVOIRE\"],\"articleSection\":[\"homepage-french\",\"Sports\",\"Top Nouvelles\",\"Toutes les actualit\u00e9s\"],\"inLanguage\":\"fr-FR\",\"potentialAction\":[{\"@type\":\"CommentAction\",\"name\":\"Comment\",\"target\":[\"https:\/\/www.africa-press.net\/cotedivoire\/sports\/cote-divoire-les-felicitations-du-chef-de-letat-a-ruth-gbagbi-pour-sa-medaille-de-bronze-aux-jo-de-tokyo#respond\"]}]},{\"@type\":\"WebPage\",\"@id\":\"https:\/\/www.africa-press.net\/cotedivoire\/sports\/cote-divoire-les-felicitations-du-chef-de-letat-a-ruth-gbagbi-pour-sa-medaille-de-bronze-aux-jo-de-tokyo\",\"url\":\"https:\/\/www.africa-press.net\/cotedivoire\/sports\/cote-divoire-les-felicitations-du-chef-de-letat-a-ruth-gbagbi-pour-sa-medaille-de-bronze-aux-jo-de-tokyo\",\"name\":\"Les f\u00e9licitations du chef de l\u2019\u00c9tat \u00e0 Ruth Gbagbi pour sa m\u00e9daille de bronze aux JO de Tokyo - C\u00f4te d&#039;Ivoire\",\"isPartOf\":{\"@id\":\"https:\/\/www.africa-press.net\/cotedivoire\/#website\"},\"primaryImageOfPage\":{\"@id\":\"https:\/\/www.africa-press.net\/cotedivoire\/sports\/cote-divoire-les-felicitations-du-chef-de-letat-a-ruth-gbagbi-pour-sa-medaille-de-bronze-aux-jo-de-tokyo#primaryimage\"},\"image\":{\"@id\":\"https:\/\/www.africa-press.net\/cotedivoire\/sports\/cote-divoire-les-felicitations-du-chef-de-letat-a-ruth-gbagbi-pour-sa-medaille-de-bronze-aux-jo-de-tokyo#primaryimage\"},\"thumbnailUrl\":\"https:\/\/static.africa-press.net\/cote\/sites\/43\/2021\/07\/img-610001ff30946.jpg\",\"datePublished\":\"2021-07-27T14:07:35+00:00\",\"dateModified\":\"2021-07-27T19:15:35+00:00\",\"author\":{\"@id\":\"https:\/\/www.africa-press.net\/cotedivoire\/#\/schema\/person\/2b1cf3cd81a31e3cd26889ca66d677f1\"},\"description\":\"Depuis son compte Twitter le Pr\u00e9sident Alassane Ouattara a adress\u00e9 ses chaleureuses f\u00e9licitations \u00e0 la championne Ruth G ...\",\"breadcrumb\":{\"@id\":\"https:\/\/www.africa-press.net\/cotedivoire\/sports\/cote-divoire-les-felicitations-du-chef-de-letat-a-ruth-gbagbi-pour-sa-medaille-de-bronze-aux-jo-de-tokyo#breadcrumb\"},\"inLanguage\":\"fr-FR\",\"potentialAction\":[{\"@type\":\"ReadAction\",\"target\":[\"https:\/\/www.africa-press.net\/cotedivoire\/sports\/cote-divoire-les-felicitations-du-chef-de-letat-a-ruth-gbagbi-pour-sa-medaille-de-bronze-aux-jo-de-tokyo\"]}]},{\"@type\":\"ImageObject\",\"inLanguage\":\"fr-FR\",\"@id\":\"https:\/\/www.africa-press.net\/cotedivoire\/sports\/cote-divoire-les-felicitations-du-chef-de-letat-a-ruth-gbagbi-pour-sa-medaille-de-bronze-aux-jo-de-tokyo#primaryimage\",\"url\":\"https:\/\/static.africa-press.net\/cote\/sites\/43\/2021\/07\/img-610001ff30946.jpg\",\"contentUrl\":\"https:\/\/static.africa-press.net\/cote\/sites\/43\/2021\/07\/img-610001ff30946.jpg\",\"width\":800,\"height\":533,\"caption\":\"C\u00f4te-d\u2019Ivoire: Les f\u00e9licitations du chef de l\u2019\u00c9tat \u00e0 Ruth Gbagbi pour sa m\u00e9daille de bronze aux JO de Tokyo\"},{\"@type\":\"BreadcrumbList\",\"@id\":\"https:\/\/www.africa-press.net\/cotedivoire\/sports\/cote-divoire-les-felicitations-du-chef-de-letat-a-ruth-gbagbi-pour-sa-medaille-de-bronze-aux-jo-de-tokyo#breadcrumb\",\"itemListElement\":[{\"@type\":\"ListItem\",\"position\":1,\"name\":\"Accueil\",\"item\":\"https:\/\/www.africa-press.net\/cotedivoire\/\"},{\"@type\":\"ListItem\",\"position\":2,\"name\":\"Les f\u00e9licitations du chef de l\u2019\u00c9tat \u00e0 Ruth Gbagbi pour sa m\u00e9daille de bronze aux JO de Tokyo\"}]},{\"@type\":\"WebSite\",\"@id\":\"https:\/\/www.africa-press.net\/cotedivoire\/#website\",\"url\":\"https:\/\/www.africa-press.net\/cotedivoire\/\",\"name\":\"C\u00f4te d&#039;Ivoire\",\"description\":\"Just another Africa News Agency Sites site\",\"potentialAction\":[{\"@type\":\"SearchAction\",\"target\":{\"@type\":\"EntryPoint\",\"urlTemplate\":\"https:\/\/www.africa-press.net\/cotedivoire\/?s={search_term_string}\"},\"query-input\":{\"@type\":\"PropertyValueSpecification\",\"valueRequired\":true,\"valueName\":\"search_term_string\"}}],\"inLanguage\":\"fr-FR\"},{\"@type\":\"Person\",\"@id\":\"https:\/\/www.africa-press.net\/cotedivoire\/#\/schema\/person\/2b1cf3cd81a31e3cd26889ca66d677f1\",\"name\":\"cfeditorfr\"}]}<\/script>\n<!-- \/ Yoast SEO Premium plugin. -->","yoast_head_json":{"title":"Les f\u00e9licitations du chef de l\u2019\u00c9tat \u00e0 Ruth Gbagbi pour sa m\u00e9daille de bronze aux JO de Tokyo - C\u00f4te d&#039;Ivoire","description":"Depuis son compte Twitter le Pr\u00e9sident Alassane Ouattara a adress\u00e9 ses chaleureuses f\u00e9licitations \u00e0 la championne Ruth G ...","robots":{"index":"index","follow":"follow","max-snippet":"max-snippet:-1","max-image-preview":"max-image-preview:large","max-video-preview":"max-video-preview:-1"},"canonical":"https:\/\/www.africa-press.net\/cotedivoire\/sports\/cote-divoire-les-felicitations-du-chef-de-letat-a-ruth-gbagbi-pour-sa-medaille-de-bronze-aux-jo-de-tokyo","og_locale":"fr_FR","og_type":"article","og_title":"Les f\u00e9licitations du chef de l\u2019\u00c9tat \u00e0 Ruth Gbagbi pour sa m\u00e9daille de bronze aux JO de Tokyo","og_description":"Depuis son compte Twitter le Pr\u00e9sident Alassane Ouattara a adress\u00e9 ses chaleureuses f\u00e9licitations \u00e0 la championne Ruth G ...","og_url":"https:\/\/www.africa-press.net\/cotedivoire\/sports\/cote-divoire-les-felicitations-du-chef-de-letat-a-ruth-gbagbi-pour-sa-medaille-de-bronze-aux-jo-de-tokyo","og_site_name":"C\u00f4te d&#039;Ivoire","article_published_time":"2021-07-27T14:07:35+00:00","article_modified_time":"2021-07-27T19:15:35+00:00","og_image":[{"width":800,"height":533,"url":"https:\/\/static.africa-press.net\/cote\/sites\/43\/2021\/07\/img-610001ff30946.jpg","type":"image\/jpeg"}],"author":"cfeditorfr","twitter_card":"summary_large_image","twitter_misc":{"\u00c9crit par":"cfeditorfr"},"schema":{"@context":"https:\/\/schema.org","@graph":[{"@type":"Article","@id":"https:\/\/www.africa-press.net\/cotedivoire\/sports\/cote-divoire-les-felicitations-du-chef-de-letat-a-ruth-gbagbi-pour-sa-medaille-de-bronze-aux-jo-de-tokyo#article","isPartOf":{"@id":"https:\/\/www.africa-press.net\/cotedivoire\/sports\/cote-divoire-les-felicitations-du-chef-de-letat-a-ruth-gbagbi-pour-sa-medaille-de-bronze-aux-jo-de-tokyo"},"author":{"name":"cfeditorfr","@id":"https:\/\/www.africa-press.net\/cotedivoire\/#\/schema\/person\/2b1cf3cd81a31e3cd26889ca66d677f1"},"headline":"Les f\u00e9licitations du chef de l\u2019\u00c9tat \u00e0 Ruth Gbagbi pour sa m\u00e9daille de bronze aux JO de Tokyo","datePublished":"2021-07-27T14:07:35+00:00","dateModified":"2021-07-27T19:15:35+00:00","mainEntityOfPage":{"@id":"https:\/\/www.africa-press.net\/cotedivoire\/sports\/cote-divoire-les-felicitations-du-chef-de-letat-a-ruth-gbagbi-pour-sa-medaille-de-bronze-aux-jo-de-tokyo"},"wordCount":95,"commentCount":0,"image":{"@id":"https:\/\/www.africa-press.net\/cotedivoire\/sports\/cote-divoire-les-felicitations-du-chef-de-letat-a-ruth-gbagbi-pour-sa-medaille-de-bronze-aux-jo-de-tokyo#primaryimage"},"thumbnailUrl":"https:\/\/static.africa-press.net\/cote\/sites\/43\/2021\/07\/img-610001ff30946.jpg","keywords":["Africa Press","Africa Press-C\u00f4te d'Ivoire","C\u00d4TE D'IVOIRE"],"articleSection":["homepage-french","Sports","Top Nouvelles","Toutes les actualit\u00e9s"],"inLanguage":"fr-FR","potentialAction":[{"@type":"CommentAction","name":"Comment","target":["https:\/\/www.africa-press.net\/cotedivoire\/sports\/cote-divoire-les-felicitations-du-chef-de-letat-a-ruth-gbagbi-pour-sa-medaille-de-bronze-aux-jo-de-tokyo#respond"]}]},{"@type":"WebPage","@id":"https:\/\/www.africa-press.net\/cotedivoire\/sports\/cote-divoire-les-felicitations-du-chef-de-letat-a-ruth-gbagbi-pour-sa-medaille-de-bronze-aux-jo-de-tokyo","url":"https:\/\/www.africa-press.net\/cotedivoire\/sports\/cote-divoire-les-felicitations-du-chef-de-letat-a-ruth-gbagbi-pour-sa-medaille-de-bronze-aux-jo-de-tokyo","name":"Les f\u00e9licitations du chef de l\u2019\u00c9tat \u00e0 Ruth Gbagbi pour sa m\u00e9daille de bronze aux JO de Tokyo - C\u00f4te d&#039;Ivoire","isPartOf":{"@id":"https:\/\/www.africa-press.net\/cotedivoire\/#website"},"primaryImageOfPage":{"@id":"https:\/\/www.africa-press.net\/cotedivoire\/sports\/cote-divoire-les-felicitations-du-chef-de-letat-a-ruth-gbagbi-pour-sa-medaille-de-bronze-aux-jo-de-tokyo#primaryimage"},"image":{"@id":"https:\/\/www.africa-press.net\/cotedivoire\/sports\/cote-divoire-les-felicitations-du-chef-de-letat-a-ruth-gbagbi-pour-sa-medaille-de-bronze-aux-jo-de-tokyo#primaryimage"},"thumbnailUrl":"https:\/\/static.africa-press.net\/cote\/sites\/43\/2021\/07\/img-610001ff30946.jpg","datePublished":"2021-07-27T14:07:35+00:00","dateModified":"2021-07-27T19:15:35+00:00","author":{"@id":"https:\/\/www.africa-press.net\/cotedivoire\/#\/schema\/person\/2b1cf3cd81a31e3cd26889ca66d677f1"},"description":"Depuis son compte Twitter le Pr\u00e9sident Alassane Ouattara a adress\u00e9 ses chaleureuses f\u00e9licitations \u00e0 la championne Ruth G ...","breadcrumb":{"@id":"https:\/\/www.africa-press.net\/cotedivoire\/sports\/cote-divoire-les-felicitations-du-chef-de-letat-a-ruth-gbagbi-pour-sa-medaille-de-bronze-aux-jo-de-tokyo#breadcrumb"},"inLanguage":"fr-FR","potentialAction":[{"@type":"ReadAction","target":["https:\/\/www.africa-press.net\/cotedivoire\/sports\/cote-divoire-les-felicitations-du-chef-de-letat-a-ruth-gbagbi-pour-sa-medaille-de-bronze-aux-jo-de-tokyo"]}]},{"@type":"ImageObject","inLanguage":"fr-FR","@id":"https:\/\/www.africa-press.net\/cotedivoire\/sports\/cote-divoire-les-felicitations-du-chef-de-letat-a-ruth-gbagbi-pour-sa-medaille-de-bronze-aux-jo-de-tokyo#primaryimage","url":"https:\/\/static.africa-press.net\/cote\/sites\/43\/2021\/07\/img-610001ff30946.jpg","contentUrl":"https:\/\/static.africa-press.net\/cote\/sites\/43\/2021\/07\/img-610001ff30946.jpg","width":800,"height":533,"caption":"C\u00f4te-d\u2019Ivoire: Les f\u00e9licitations du chef de l\u2019\u00c9tat \u00e0 Ruth Gbagbi pour sa m\u00e9daille de bronze aux JO de Tokyo"},{"@type":"BreadcrumbList","@id":"https:\/\/www.africa-press.net\/cotedivoire\/sports\/cote-divoire-les-felicitations-du-chef-de-letat-a-ruth-gbagbi-pour-sa-medaille-de-bronze-aux-jo-de-tokyo#breadcrumb","itemListElement":[{"@type":"ListItem","position":1,"name":"Accueil","item":"https:\/\/www.africa-press.net\/cotedivoire\/"},{"@type":"ListItem","position":2,"name":"Les f\u00e9licitations du chef de l\u2019\u00c9tat \u00e0 Ruth Gbagbi pour sa m\u00e9daille de bronze aux JO de Tokyo"}]},{"@type":"WebSite","@id":"https:\/\/www.africa-press.net\/cotedivoire\/#website","url":"https:\/\/www.africa-press.net\/cotedivoire\/","name":"C\u00f4te d&#039;Ivoire","description":"Just another Africa News Agency Sites site","potentialAction":[{"@type":"SearchAction","target":{"@type":"EntryPoint","urlTemplate":"https:\/\/www.africa-press.net\/cotedivoire\/?s={search_term_string}"},"query-input":{"@type":"PropertyValueSpecification","valueRequired":true,"valueName":"search_term_string"}}],"inLanguage":"fr-FR"},{"@type":"Person","@id":"https:\/\/www.africa-press.net\/cotedivoire\/#\/schema\/person\/2b1cf3cd81a31e3cd26889ca66d677f1","name":"cfeditorfr"}]}},"_links":{"self":[{"href":"https:\/\/www.africa-press.net\/cotedivoire\/wp-json\/wp\/v2\/posts\/10450","targetHints":{"allow":["GET"]}}],"collection":[{"href":"https:\/\/www.africa-press.net\/cotedivoire\/wp-json\/wp\/v2\/posts"}],"about":[{"href":"https:\/\/www.africa-press.net\/cotedivoire\/wp-json\/wp\/v2\/types\/post"}],"author":[{"embeddable":true,"href":"https:\/\/www.africa-press.net\/cotedivoire\/wp-json\/wp\/v2\/users\/82"}],"replies":[{"embeddable":true,"href":"https:\/\/www.africa-press.net\/cotedivoire\/wp-json\/wp\/v2\/comments?post=10450"}],"version-history":[{"count":0,"href":"https:\/\/www.africa-press.net\/cotedivoire\/wp-json\/wp\/v2\/posts\/10450\/revisions"}],"wp:featuredmedia":[{"embeddable":true,"href":"https:\/\/www.africa-press.net\/cotedivoire\/wp-json\/wp\/v2\/media\/10449"}],"wp:attachment":[{"href":"https:\/\/www.africa-press.net\/cotedivoire\/wp-json\/wp\/v2\/media?parent=10450"}],"wp:term":[{"taxonomy":"category","embeddable":true,"href":"https:\/\/www.africa-press.net\/cotedivoire\/wp-json\/wp\/v2\/categories?post=10450"},{"taxonomy":"post_tag","embeddable":true,"href":"https:\/\/www.africa-press.net\/cotedivoire\/wp-json\/wp\/v2\/tags?post=10450"}],"curies":[{"name":"wp","href":"https:\/\/api.w.org\/{rel}","templated":true}]}}