{"id":104541,"date":"2025-09-02T15:15:58","date_gmt":"2025-09-02T15:15:58","guid":{"rendered":"https:\/\/www.africa-press.net\/cotedivoire\/politique\/jeunesse-pdci-soutient-cheick-tidjane-thiam-2025"},"modified":"2025-09-02T15:42:29","modified_gmt":"2025-09-02T15:42:29","slug":"jeunesse-pdci-soutient-cheick-tidjane-thiam-2025","status":"publish","type":"post","link":"https:\/\/www.africa-press.net\/cotedivoire\/politique\/jeunesse-pdci-soutient-cheick-tidjane-thiam-2025","title":{"rendered":"Jeunesse PDCI Soutient Cheick Tidjane Thiam 2025"},"content":{"rendered":"<p><span style=\"color: #ff6600\"><strong>Africa-Press &#8211; C\u00f4te d&rsquo;Ivoire. <\/strong><\/span>La jeunesse du Parti De\u0301mocratique de Co\u0302te d\u2019Ivoire (PDCI-RDA) est entre\u0301e de plain-pied dans l\u2019are\u0300ne politique a\u0300 travers une de\u0301claration vigoureuse rendue publique le samedi 30 aou\u0302t 2025 a\u0300 Abidjan. Dans un contexte national marque\u0301 par des tensions politiques, des arrestations de militants et une atmosphe\u0300re d\u2019incertitude a\u0300 l\u2019approche de la pre\u0301sidentielle, la JPDCI-RDA a choisi de hausser le ton pour interpeller l\u2019opinion nationale et internationale.<\/p>\n<p>Face aux journalistes, aux militants et aux sympathisants re\u0301unis pour l\u2019occasion, Valentin Kouassi, pre\u0301sident national de la JPDCI urbaine, a dresse\u0301 un tableau pre\u0301occupant de la situation socio-politique du pays. Selon lui, \u00ab les signaux en Co\u0302te d\u2019Ivoire sont inquie\u0301tants: des partis majeurs de l\u2019opposition tenus a\u0300 l\u2019e\u0301cart, des camarades emprisonne\u0301s pour leurs convictions et une jeunesse qui re\u0301clame davantage d\u2019inclusivite\u0301 et de transparence \u00bb. Pour la jeunesse du vieux parti, ce qui se joue aujourd\u2019hui de\u0301passe le cadre partisan et engage \u00ab l\u2019avenir de la de\u0301mocratie ivoirienne \u00bb.<\/p>\n<p>La de\u0301claration a e\u0301te\u0301 l\u2019occasion de re\u0301affirmer un soutien sans re\u0301serve au pre\u0301sident du PDCI-RDA, Cheick Tidjane Thiam, que la jeunesse pre\u0301sente comme le ve\u0301ritable he\u0301ritier politique d\u2019Houphoue\u0308t-Boigny et d\u2019Henri Konan Be\u0301die\u0301. E\u0301lu a\u0300 une e\u0301crasante majorite\u0301 lors des congre\u0300s extraordinaires de 2023 et confirme\u0301 par la convention du parti, Thiam incarne, selon ses jeunes partisans, a\u0300 la fois la continuite\u0301 historique et l\u2019espoir d\u2019un avenir meilleur. \u00ab Notre pre\u0301sident n\u2019est pas seulement le leader du PDCI, il est un repe\u0300re pour toute une nation \u00bb, a insiste\u0301 Valentin Kouassi, rappelant que la jeunesse se tient a\u0300 ses co\u0302te\u0301s pour relever les de\u0301fis du pays.<\/p>\n<p>Un autre point fort de cette de\u0301claration concerne la situation des militants du parti et de l\u2019opposition en ge\u0301ne\u0301ral, actuellement en de\u0301tention. La JPDCI-RDA de\u0301nonce ce qu\u2019elle conside\u0300re comme une atteinte aux liberte\u0301s fondamentales et un recul de\u0301mocratique dangereux. \u00ab Nos camarades emprisonne\u0301s ne sont pas des criminels mais des citoyens engage\u0301s dont le seul tort est d\u2019avoir cru en l\u2019ide\u0301al du PDCI-RDA \u00bb, a martele\u0301 le pre\u0301sident des jeunes. La jeunesse du parti exige donc leur libe\u0301ration imme\u0301diate et appelle les autorite\u0301s a\u0300 choisir la voie du de\u0301bat et du respect des droits pluto\u0302t que celle de la re\u0301pression.<\/p>\n<p>Mais au-dela\u0300 de la de\u0301nonciation, les jeunes ont tenu a\u0300 afficher leur de\u0301termination a\u0300 se mobiliser pour la bataille e\u0301lectorale a\u0300 venir. Apre\u0300s le de\u0301po\u0302t officiel de la candidature de Cheick Tidjane Thiam a\u0300 la Commission e\u0301lectorale inde\u0301pendante le 24 aou\u0302t dernier, la jeunesse annonce le lancement effectif d\u2019une pre\u0301campagne nationale. Elle sillonnera de\u0300s les prochains jours l\u2019ensemble du territoire pour pre\u0301senter aux populations, et en particulier aux jeunes, le projet de socie\u0301te\u0301 de leur candidat articule\u0301 autour de six grands axes. \u00ab Le PDCI-RDA est pre\u0302t a\u0300 porter l\u2019espoir et les ambitions de la jeunesse ivoirienne \u00bb, a de\u0301clare\u0301 Kouassi, appelant ses camarades a\u0300 la mobilisation.<\/p>\n<p>En conclusion, la JPDCI-RDA estime que l\u2019heure n\u2019est plus a\u0300 l\u2019attente mais a\u0300 l\u2019action. Elle appelle tous les jeunes, au-dela\u0300 me\u0302me des clivages politiques, a\u0300 s\u2019engager pour de\u0301fendre la de\u0301mocratie, pre\u0301server la paix et garantir une alternance cre\u0301dible. \u00ab Ensemble, faisons triompher la de\u0301mocratie et l\u2019alternance \u00bb, a lance\u0301 le pre\u0301sident des jeunes, galvanisant une assemble\u0301e acquise a\u0300 la cause.<\/p>\n<p>A\u0300 travers cette sortie, la jeunesse du PDCI-RDA envoie un message clair: elle refuse d\u2019e\u0302tre spectatrice des turbulences politiques actuelles et se positionne comme une force active, pre\u0302te a\u0300 de\u0301fendre ses convictions et a\u0300 accompagner son candidat, Cheick Tidjane Thiam, vers l\u2019e\u0301che\u0301ance pre\u0301sidentielle qui s\u2019annonce de\u0301cisive pour l\u2019avenir du pays.<\/p>\n<p><strong>Pour plus d&rsquo;informations et d&rsquo;analyses sur la <span style=\"color: #ff6600\">C\u00f4te d&rsquo;Ivoire<\/span>, suivez <span style=\"color: #ff6600\">Africa-Press<\/span><\/strong><\/p>\n","protected":false},"excerpt":{"rendered":"<p>Africa-Press &#8211; C\u00f4te d&rsquo;Ivoire. La jeunesse du Parti De\u0301mocratique de Co\u0302te d\u2019Ivoire (PDCI-RDA) est entre\u0301e de plain-pied dans l\u2019are\u0300ne politique a\u0300 travers une de\u0301claration vigoureuse rendue publique le samedi 30 aou\u0302t 2025 a\u0300 Abidjan. Dans un contexte national marque\u0301 par des tensions politiques, des arrestations de militants et une atmosphe\u0300re d\u2019incertitude a\u0300 l\u2019approche de la [&hellip;]<\/p>\n","protected":false},"author":82,"featured_media":104540,"comment_status":"open","ping_status":"closed","sticky":false,"template":"","format":"standard","meta":{"footnotes":""},"categories":[2,10],"tags":[30,422,29,423,4538,6086],"class_list":["post-104541","post","type-post","status-publish","format-standard","has-post-thumbnail","hentry","category-politique","category-toutes-les-actualites","tag-abidjan","tag-bedie","tag-cote-divoire","tag-pdci","tag-tidiane-thiam","tag-valentin-kouassi"],"yoast_head":"<!-- This site is optimized with the Yoast SEO Premium plugin v26.1 (Yoast SEO v27.0) - https:\/\/yoast.com\/product\/yoast-seo-premium-wordpress\/ -->\n<title>Jeunesse PDCI Soutient Cheick Tidjane Thiam 2025 - C\u00f4te d&#039;Ivoire<\/title>\n<meta name=\"description\" content=\"La jeunesse du Parti De\u0301mocratique de Co\u0302te d\u2019Ivoire (PDCI-RDA) est entre\u0301e de plain-pied dans l\u2019are\u0300ne politique a\u0300 tra ...\" \/>\n<meta name=\"robots\" content=\"index, follow, max-snippet:-1, max-image-preview:large, max-video-preview:-1\" \/>\n<link rel=\"canonical\" href=\"https:\/\/www.africa-press.net\/cotedivoire\/politique\/jeunesse-pdci-soutient-cheick-tidjane-thiam-2025\" \/>\n<meta property=\"og:locale\" content=\"fr_FR\" \/>\n<meta property=\"og:type\" content=\"article\" \/>\n<meta property=\"og:title\" content=\"Jeunesse PDCI Soutient Cheick Tidjane Thiam 2025\" \/>\n<meta property=\"og:description\" content=\"La jeunesse du Parti De\u0301mocratique de Co\u0302te d\u2019Ivoire (PDCI-RDA) est entre\u0301e de plain-pied dans l\u2019are\u0300ne politique a\u0300 tra ...\" \/>\n<meta property=\"og:url\" content=\"https:\/\/www.africa-press.net\/cotedivoire\/politique\/jeunesse-pdci-soutient-cheick-tidjane-thiam-2025\" \/>\n<meta property=\"og:site_name\" content=\"C\u00f4te d&#039;Ivoire\" \/>\n<meta property=\"article:published_time\" content=\"2025-09-02T15:15:58+00:00\" \/>\n<meta property=\"article:modified_time\" content=\"2025-09-02T15:42:29+00:00\" \/>\n<meta property=\"og:image\" content=\"https:\/\/static.africa-press.net\/cote\/sites\/43\/2025\/09\/sm_1756814998.59691.jpg\" \/>\n\t<meta property=\"og:image:width\" content=\"720\" \/>\n\t<meta property=\"og:image:height\" content=\"354\" \/>\n\t<meta property=\"og:image:type\" content=\"image\/jpeg\" \/>\n<meta name=\"author\" content=\"cfeditorfr\" \/>\n<meta name=\"twitter:card\" content=\"summary_large_image\" \/>\n<meta name=\"twitter:label1\" content=\"\u00c9crit par\" \/>\n\t<meta name=\"twitter:data1\" content=\"cfeditorfr\" \/>\n\t<meta name=\"twitter:label2\" content=\"Dur\u00e9e de lecture estim\u00e9e\" \/>\n\t<meta name=\"twitter:data2\" content=\"4 minutes\" \/>\n<script type=\"application\/ld+json\" class=\"yoast-schema-graph\">{\"@context\":\"https:\/\/schema.org\",\"@graph\":[{\"@type\":\"Article\",\"@id\":\"https:\/\/www.africa-press.net\/cotedivoire\/politique\/jeunesse-pdci-soutient-cheick-tidjane-thiam-2025#article\",\"isPartOf\":{\"@id\":\"https:\/\/www.africa-press.net\/cotedivoire\/politique\/jeunesse-pdci-soutient-cheick-tidjane-thiam-2025\"},\"author\":{\"name\":\"cfeditorfr\",\"@id\":\"https:\/\/www.africa-press.net\/cotedivoire\/#\/schema\/person\/2b1cf3cd81a31e3cd26889ca66d677f1\"},\"headline\":\"Jeunesse PDCI Soutient Cheick Tidjane Thiam 2025\",\"datePublished\":\"2025-09-02T15:15:58+00:00\",\"dateModified\":\"2025-09-02T15:42:29+00:00\",\"mainEntityOfPage\":{\"@id\":\"https:\/\/www.africa-press.net\/cotedivoire\/politique\/jeunesse-pdci-soutient-cheick-tidjane-thiam-2025\"},\"wordCount\":707,\"commentCount\":0,\"image\":{\"@id\":\"https:\/\/www.africa-press.net\/cotedivoire\/politique\/jeunesse-pdci-soutient-cheick-tidjane-thiam-2025#primaryimage\"},\"thumbnailUrl\":\"https:\/\/static.africa-press.net\/cote\/sites\/43\/2025\/09\/sm_1756814998.59691.jpg\",\"keywords\":[\"Abidjan\",\"B\u00e9di\u00e9\",\"C\u00d4TE D'IVOIRE\",\"Pdci\",\"Tidiane Thiam\",\"Valentin Kouassi\"],\"articleSection\":[\"Politique\",\"Toutes les actualit\u00e9s\"],\"inLanguage\":\"fr-FR\",\"potentialAction\":[{\"@type\":\"CommentAction\",\"name\":\"Comment\",\"target\":[\"https:\/\/www.africa-press.net\/cotedivoire\/politique\/jeunesse-pdci-soutient-cheick-tidjane-thiam-2025#respond\"]}]},{\"@type\":\"WebPage\",\"@id\":\"https:\/\/www.africa-press.net\/cotedivoire\/politique\/jeunesse-pdci-soutient-cheick-tidjane-thiam-2025\",\"url\":\"https:\/\/www.africa-press.net\/cotedivoire\/politique\/jeunesse-pdci-soutient-cheick-tidjane-thiam-2025\",\"name\":\"Jeunesse PDCI Soutient Cheick Tidjane Thiam 2025 - C\u00f4te d&#039;Ivoire\",\"isPartOf\":{\"@id\":\"https:\/\/www.africa-press.net\/cotedivoire\/#website\"},\"primaryImageOfPage\":{\"@id\":\"https:\/\/www.africa-press.net\/cotedivoire\/politique\/jeunesse-pdci-soutient-cheick-tidjane-thiam-2025#primaryimage\"},\"image\":{\"@id\":\"https:\/\/www.africa-press.net\/cotedivoire\/politique\/jeunesse-pdci-soutient-cheick-tidjane-thiam-2025#primaryimage\"},\"thumbnailUrl\":\"https:\/\/static.africa-press.net\/cote\/sites\/43\/2025\/09\/sm_1756814998.59691.jpg\",\"datePublished\":\"2025-09-02T15:15:58+00:00\",\"dateModified\":\"2025-09-02T15:42:29+00:00\",\"author\":{\"@id\":\"https:\/\/www.africa-press.net\/cotedivoire\/#\/schema\/person\/2b1cf3cd81a31e3cd26889ca66d677f1\"},\"description\":\"La jeunesse du Parti De\u0301mocratique de Co\u0302te d\u2019Ivoire (PDCI-RDA) est entre\u0301e de plain-pied dans l\u2019are\u0300ne politique a\u0300 tra ...\",\"breadcrumb\":{\"@id\":\"https:\/\/www.africa-press.net\/cotedivoire\/politique\/jeunesse-pdci-soutient-cheick-tidjane-thiam-2025#breadcrumb\"},\"inLanguage\":\"fr-FR\",\"potentialAction\":[{\"@type\":\"ReadAction\",\"target\":[\"https:\/\/www.africa-press.net\/cotedivoire\/politique\/jeunesse-pdci-soutient-cheick-tidjane-thiam-2025\"]}]},{\"@type\":\"ImageObject\",\"inLanguage\":\"fr-FR\",\"@id\":\"https:\/\/www.africa-press.net\/cotedivoire\/politique\/jeunesse-pdci-soutient-cheick-tidjane-thiam-2025#primaryimage\",\"url\":\"https:\/\/static.africa-press.net\/cote\/sites\/43\/2025\/09\/sm_1756814998.59691.jpg\",\"contentUrl\":\"https:\/\/static.africa-press.net\/cote\/sites\/43\/2025\/09\/sm_1756814998.59691.jpg\",\"width\":720,\"height\":354,\"caption\":\"Jeunesse PDCI Soutient Cheick Tidjane Thiam 2025\"},{\"@type\":\"BreadcrumbList\",\"@id\":\"https:\/\/www.africa-press.net\/cotedivoire\/politique\/jeunesse-pdci-soutient-cheick-tidjane-thiam-2025#breadcrumb\",\"itemListElement\":[{\"@type\":\"ListItem\",\"position\":1,\"name\":\"Accueil\",\"item\":\"https:\/\/www.africa-press.net\/cotedivoire\/\"},{\"@type\":\"ListItem\",\"position\":2,\"name\":\"Jeunesse PDCI Soutient Cheick Tidjane Thiam 2025\"}]},{\"@type\":\"WebSite\",\"@id\":\"https:\/\/www.africa-press.net\/cotedivoire\/#website\",\"url\":\"https:\/\/www.africa-press.net\/cotedivoire\/\",\"name\":\"C\u00f4te d&#039;Ivoire\",\"description\":\"Just another Africa News Agency Sites site\",\"potentialAction\":[{\"@type\":\"SearchAction\",\"target\":{\"@type\":\"EntryPoint\",\"urlTemplate\":\"https:\/\/www.africa-press.net\/cotedivoire\/?s={search_term_string}\"},\"query-input\":{\"@type\":\"PropertyValueSpecification\",\"valueRequired\":true,\"valueName\":\"search_term_string\"}}],\"inLanguage\":\"fr-FR\"},{\"@type\":\"Person\",\"@id\":\"https:\/\/www.africa-press.net\/cotedivoire\/#\/schema\/person\/2b1cf3cd81a31e3cd26889ca66d677f1\",\"name\":\"cfeditorfr\"}]}<\/script>\n<!-- \/ Yoast SEO Premium plugin. -->","yoast_head_json":{"title":"Jeunesse PDCI Soutient Cheick Tidjane Thiam 2025 - C\u00f4te d&#039;Ivoire","description":"La jeunesse du Parti De\u0301mocratique de Co\u0302te d\u2019Ivoire (PDCI-RDA) est entre\u0301e de plain-pied dans l\u2019are\u0300ne politique a\u0300 tra ...","robots":{"index":"index","follow":"follow","max-snippet":"max-snippet:-1","max-image-preview":"max-image-preview:large","max-video-preview":"max-video-preview:-1"},"canonical":"https:\/\/www.africa-press.net\/cotedivoire\/politique\/jeunesse-pdci-soutient-cheick-tidjane-thiam-2025","og_locale":"fr_FR","og_type":"article","og_title":"Jeunesse PDCI Soutient Cheick Tidjane Thiam 2025","og_description":"La jeunesse du Parti De\u0301mocratique de Co\u0302te d\u2019Ivoire (PDCI-RDA) est entre\u0301e de plain-pied dans l\u2019are\u0300ne politique a\u0300 tra ...","og_url":"https:\/\/www.africa-press.net\/cotedivoire\/politique\/jeunesse-pdci-soutient-cheick-tidjane-thiam-2025","og_site_name":"C\u00f4te d&#039;Ivoire","article_published_time":"2025-09-02T15:15:58+00:00","article_modified_time":"2025-09-02T15:42:29+00:00","og_image":[{"width":720,"height":354,"url":"https:\/\/static.africa-press.net\/cote\/sites\/43\/2025\/09\/sm_1756814998.59691.jpg","type":"image\/jpeg"}],"author":"cfeditorfr","twitter_card":"summary_large_image","twitter_misc":{"\u00c9crit par":"cfeditorfr","Dur\u00e9e de lecture estim\u00e9e":"4 minutes"},"schema":{"@context":"https:\/\/schema.org","@graph":[{"@type":"Article","@id":"https:\/\/www.africa-press.net\/cotedivoire\/politique\/jeunesse-pdci-soutient-cheick-tidjane-thiam-2025#article","isPartOf":{"@id":"https:\/\/www.africa-press.net\/cotedivoire\/politique\/jeunesse-pdci-soutient-cheick-tidjane-thiam-2025"},"author":{"name":"cfeditorfr","@id":"https:\/\/www.africa-press.net\/cotedivoire\/#\/schema\/person\/2b1cf3cd81a31e3cd26889ca66d677f1"},"headline":"Jeunesse PDCI Soutient Cheick Tidjane Thiam 2025","datePublished":"2025-09-02T15:15:58+00:00","dateModified":"2025-09-02T15:42:29+00:00","mainEntityOfPage":{"@id":"https:\/\/www.africa-press.net\/cotedivoire\/politique\/jeunesse-pdci-soutient-cheick-tidjane-thiam-2025"},"wordCount":707,"commentCount":0,"image":{"@id":"https:\/\/www.africa-press.net\/cotedivoire\/politique\/jeunesse-pdci-soutient-cheick-tidjane-thiam-2025#primaryimage"},"thumbnailUrl":"https:\/\/static.africa-press.net\/cote\/sites\/43\/2025\/09\/sm_1756814998.59691.jpg","keywords":["Abidjan","B\u00e9di\u00e9","C\u00d4TE D'IVOIRE","Pdci","Tidiane Thiam","Valentin Kouassi"],"articleSection":["Politique","Toutes les actualit\u00e9s"],"inLanguage":"fr-FR","potentialAction":[{"@type":"CommentAction","name":"Comment","target":["https:\/\/www.africa-press.net\/cotedivoire\/politique\/jeunesse-pdci-soutient-cheick-tidjane-thiam-2025#respond"]}]},{"@type":"WebPage","@id":"https:\/\/www.africa-press.net\/cotedivoire\/politique\/jeunesse-pdci-soutient-cheick-tidjane-thiam-2025","url":"https:\/\/www.africa-press.net\/cotedivoire\/politique\/jeunesse-pdci-soutient-cheick-tidjane-thiam-2025","name":"Jeunesse PDCI Soutient Cheick Tidjane Thiam 2025 - C\u00f4te d&#039;Ivoire","isPartOf":{"@id":"https:\/\/www.africa-press.net\/cotedivoire\/#website"},"primaryImageOfPage":{"@id":"https:\/\/www.africa-press.net\/cotedivoire\/politique\/jeunesse-pdci-soutient-cheick-tidjane-thiam-2025#primaryimage"},"image":{"@id":"https:\/\/www.africa-press.net\/cotedivoire\/politique\/jeunesse-pdci-soutient-cheick-tidjane-thiam-2025#primaryimage"},"thumbnailUrl":"https:\/\/static.africa-press.net\/cote\/sites\/43\/2025\/09\/sm_1756814998.59691.jpg","datePublished":"2025-09-02T15:15:58+00:00","dateModified":"2025-09-02T15:42:29+00:00","author":{"@id":"https:\/\/www.africa-press.net\/cotedivoire\/#\/schema\/person\/2b1cf3cd81a31e3cd26889ca66d677f1"},"description":"La jeunesse du Parti De\u0301mocratique de Co\u0302te d\u2019Ivoire (PDCI-RDA) est entre\u0301e de plain-pied dans l\u2019are\u0300ne politique a\u0300 tra ...","breadcrumb":{"@id":"https:\/\/www.africa-press.net\/cotedivoire\/politique\/jeunesse-pdci-soutient-cheick-tidjane-thiam-2025#breadcrumb"},"inLanguage":"fr-FR","potentialAction":[{"@type":"ReadAction","target":["https:\/\/www.africa-press.net\/cotedivoire\/politique\/jeunesse-pdci-soutient-cheick-tidjane-thiam-2025"]}]},{"@type":"ImageObject","inLanguage":"fr-FR","@id":"https:\/\/www.africa-press.net\/cotedivoire\/politique\/jeunesse-pdci-soutient-cheick-tidjane-thiam-2025#primaryimage","url":"https:\/\/static.africa-press.net\/cote\/sites\/43\/2025\/09\/sm_1756814998.59691.jpg","contentUrl":"https:\/\/static.africa-press.net\/cote\/sites\/43\/2025\/09\/sm_1756814998.59691.jpg","width":720,"height":354,"caption":"Jeunesse PDCI Soutient Cheick Tidjane Thiam 2025"},{"@type":"BreadcrumbList","@id":"https:\/\/www.africa-press.net\/cotedivoire\/politique\/jeunesse-pdci-soutient-cheick-tidjane-thiam-2025#breadcrumb","itemListElement":[{"@type":"ListItem","position":1,"name":"Accueil","item":"https:\/\/www.africa-press.net\/cotedivoire\/"},{"@type":"ListItem","position":2,"name":"Jeunesse PDCI Soutient Cheick Tidjane Thiam 2025"}]},{"@type":"WebSite","@id":"https:\/\/www.africa-press.net\/cotedivoire\/#website","url":"https:\/\/www.africa-press.net\/cotedivoire\/","name":"C\u00f4te d&#039;Ivoire","description":"Just another Africa News Agency Sites site","potentialAction":[{"@type":"SearchAction","target":{"@type":"EntryPoint","urlTemplate":"https:\/\/www.africa-press.net\/cotedivoire\/?s={search_term_string}"},"query-input":{"@type":"PropertyValueSpecification","valueRequired":true,"valueName":"search_term_string"}}],"inLanguage":"fr-FR"},{"@type":"Person","@id":"https:\/\/www.africa-press.net\/cotedivoire\/#\/schema\/person\/2b1cf3cd81a31e3cd26889ca66d677f1","name":"cfeditorfr"}]}},"_links":{"self":[{"href":"https:\/\/www.africa-press.net\/cotedivoire\/wp-json\/wp\/v2\/posts\/104541","targetHints":{"allow":["GET"]}}],"collection":[{"href":"https:\/\/www.africa-press.net\/cotedivoire\/wp-json\/wp\/v2\/posts"}],"about":[{"href":"https:\/\/www.africa-press.net\/cotedivoire\/wp-json\/wp\/v2\/types\/post"}],"author":[{"embeddable":true,"href":"https:\/\/www.africa-press.net\/cotedivoire\/wp-json\/wp\/v2\/users\/82"}],"replies":[{"embeddable":true,"href":"https:\/\/www.africa-press.net\/cotedivoire\/wp-json\/wp\/v2\/comments?post=104541"}],"version-history":[{"count":0,"href":"https:\/\/www.africa-press.net\/cotedivoire\/wp-json\/wp\/v2\/posts\/104541\/revisions"}],"wp:featuredmedia":[{"embeddable":true,"href":"https:\/\/www.africa-press.net\/cotedivoire\/wp-json\/wp\/v2\/media\/104540"}],"wp:attachment":[{"href":"https:\/\/www.africa-press.net\/cotedivoire\/wp-json\/wp\/v2\/media?parent=104541"}],"wp:term":[{"taxonomy":"category","embeddable":true,"href":"https:\/\/www.africa-press.net\/cotedivoire\/wp-json\/wp\/v2\/categories?post=104541"},{"taxonomy":"post_tag","embeddable":true,"href":"https:\/\/www.africa-press.net\/cotedivoire\/wp-json\/wp\/v2\/tags?post=104541"}],"curies":[{"name":"wp","href":"https:\/\/api.w.org\/{rel}","templated":true}]}}