{"id":104546,"date":"2025-09-02T15:16:51","date_gmt":"2025-09-02T15:16:51","guid":{"rendered":"https:\/\/www.africa-press.net\/cotedivoire\/politique\/bilan-de-loperation-verrou-322-contre-la-contrebande"},"modified":"2025-09-02T15:43:41","modified_gmt":"2025-09-02T15:43:41","slug":"bilan-de-loperation-verrou-322-contre-la-contrebande","status":"publish","type":"post","link":"https:\/\/www.africa-press.net\/cotedivoire\/economie\/bilan-de-loperation-verrou-322-contre-la-contrebande","title":{"rendered":"Bilan de l&rsquo;op\u00e9ration VERROU 322 contre la contrebande"},"content":{"rendered":"<p><span style=\"color: #ff6600\"><strong>Africa-Press &#8211; C\u00f4te d&rsquo;Ivoire. <\/strong><\/span>Les Forces de De\u0301fense et de Se\u0301curite\u0301 ont fait jeudi dernier le bilan partiel de l\u2019ope\u0301ration \u00ab VERROU 322 \u00bb qui vise a\u0300 lutter contre les contrebandes des produits agricoles.<\/p>\n<p>Lance\u0301e en octobre 2024, l\u2019ope\u0301ration \u00ab VERROU 322 \u00bb vise a\u0300 prote\u0301ger les filie\u0300res strate\u0301giques de la Co\u0302te d\u2019Ivoire que sont le cafe\u0301, le cacao, le coton et l\u2019anacarde contre la contrebande.<\/p>\n<p>Gra\u0302ce a\u0300 la mobilisation conjointe des Forces de De\u0301fense et de Se\u0301curite\u0301, des administrations partenaires et des acteurs agricoles, plusieurs re\u0301seaux ont e\u0301te\u0301 de\u0301mantele\u0301s, des axes de fuite mai\u0302trise\u0301s et les frontie\u0300res mieux se\u0301curise\u0301es.<\/p>\n<p>A cette occasion, les premiers re\u0301sultats de cette initiative ont e\u0301te\u0301 pre\u0301sente\u0301s, confirmant son efficacite\u0301 dans la lutte contre la contrebande des produits agricoles.<\/p>\n<p>Le de\u0301ploiement de cette ope\u0301ration a permis de se\u0301curiser les frontie\u0300res, d\u2019assainir les circuits de commercialisation et de soutenir la production nationale, en particulier dans les zones frontalie\u0300res et celles fortement expose\u0301es aux trafics.<\/p>\n<p>Cette dynamique renforce la confiance des acteurs agricoles et contribue a\u0300 la pre\u0301servation des inte\u0301re\u0302ts e\u0301conomiques strate\u0301giques de la Co\u0302te d\u2019Ivoire.<\/p>\n<p>Toutefois, la mise en \u0153uvre des recommandations issues des lec\u0327ons tire\u0301es et des difficulte\u0301s rencontre\u0301es viendra consolider les acquis de l\u2019ope\u0301ration et amplifier son impact. Elle contribuera durablement a\u0300 la se\u0301curisation des filie\u0300res sensibles et au de\u0301veloppement e\u0301conomique et social de la Nation, rele\u0300ve une note des Forces Arme\u0301es de Co\u0302te d\u2019Ivoire (FACI).<\/p>\n<p><strong>Pour plus d&rsquo;informations et d&rsquo;analyses sur la <span style=\"color: #ff6600\">C\u00f4te d&rsquo;Ivoire<\/span>, suivez <span style=\"color: #ff6600\">Africa-Press<\/span><\/strong><\/p>\n","protected":false},"excerpt":{"rendered":"<p>Africa-Press &#8211; C\u00f4te d&rsquo;Ivoire. Les Forces de De\u0301fense et de Se\u0301curite\u0301 ont fait jeudi dernier le bilan partiel de l\u2019ope\u0301ration \u00ab VERROU 322 \u00bb qui vise a\u0300 lutter contre les contrebandes des produits agricoles. Lance\u0301e en octobre 2024, l\u2019ope\u0301ration \u00ab VERROU 322 \u00bb vise a\u0300 prote\u0301ger les filie\u0300res strate\u0301giques de la Co\u0302te d\u2019Ivoire que sont [&hellip;]<\/p>\n","protected":false},"author":82,"featured_media":104545,"comment_status":"open","ping_status":"closed","sticky":false,"template":"","format":"standard","meta":{"footnotes":""},"categories":[3,10],"tags":[3948,2531,29,1152,4237,3951,16329],"class_list":["post-104546","post","type-post","status-publish","format-standard","has-post-thumbnail","hentry","category-economie","category-toutes-les-actualites","tag-agricoles","tag-contrebande","tag-cote-divoire","tag-faci","tag-fds","tag-produits","tag-verrou-322"],"yoast_head":"<!-- This site is optimized with the Yoast SEO Premium plugin v26.1 (Yoast SEO v27.0) - https:\/\/yoast.com\/product\/yoast-seo-premium-wordpress\/ -->\n<title>Bilan de l&#039;op\u00e9ration VERROU 322 contre la contrebande - C\u00f4te d&#039;Ivoire<\/title>\n<meta name=\"description\" content=\"Les Forces de De\u0301fense et de Se\u0301curite\u0301 ont fait jeudi dernier le bilan partiel de l\u2019ope\u0301ration \u00ab VERROU 322 \u00bb qui vise ...\" \/>\n<meta name=\"robots\" content=\"index, follow, max-snippet:-1, max-image-preview:large, max-video-preview:-1\" \/>\n<link rel=\"canonical\" href=\"https:\/\/www.africa-press.net\/cotedivoire\/economie\/bilan-de-loperation-verrou-322-contre-la-contrebande\" \/>\n<meta property=\"og:locale\" content=\"fr_FR\" \/>\n<meta property=\"og:type\" content=\"article\" \/>\n<meta property=\"og:title\" content=\"Bilan de l&#039;op\u00e9ration VERROU 322 contre la contrebande\" \/>\n<meta property=\"og:description\" content=\"Les Forces de De\u0301fense et de Se\u0301curite\u0301 ont fait jeudi dernier le bilan partiel de l\u2019ope\u0301ration \u00ab VERROU 322 \u00bb qui vise ...\" \/>\n<meta property=\"og:url\" content=\"https:\/\/www.africa-press.net\/cotedivoire\/economie\/bilan-de-loperation-verrou-322-contre-la-contrebande\" \/>\n<meta property=\"og:site_name\" content=\"C\u00f4te d&#039;Ivoire\" \/>\n<meta property=\"article:published_time\" content=\"2025-09-02T15:16:51+00:00\" \/>\n<meta property=\"article:modified_time\" content=\"2025-09-02T15:43:41+00:00\" \/>\n<meta property=\"og:image\" content=\"https:\/\/static.africa-press.net\/cote\/sites\/43\/2025\/09\/sm_1756815024.651098.jpg\" \/>\n\t<meta property=\"og:image:width\" content=\"720\" \/>\n\t<meta property=\"og:image:height\" content=\"452\" \/>\n\t<meta property=\"og:image:type\" content=\"image\/jpeg\" \/>\n<meta name=\"author\" content=\"cfeditorfr\" \/>\n<meta name=\"twitter:card\" content=\"summary_large_image\" \/>\n<meta name=\"twitter:label1\" content=\"\u00c9crit par\" \/>\n\t<meta name=\"twitter:data1\" content=\"cfeditorfr\" \/>\n\t<meta name=\"twitter:label2\" content=\"Dur\u00e9e de lecture estim\u00e9e\" \/>\n\t<meta name=\"twitter:data2\" content=\"2 minutes\" \/>\n<script type=\"application\/ld+json\" class=\"yoast-schema-graph\">{\"@context\":\"https:\/\/schema.org\",\"@graph\":[{\"@type\":\"Article\",\"@id\":\"https:\/\/www.africa-press.net\/cotedivoire\/economie\/bilan-de-loperation-verrou-322-contre-la-contrebande#article\",\"isPartOf\":{\"@id\":\"https:\/\/www.africa-press.net\/cotedivoire\/economie\/bilan-de-loperation-verrou-322-contre-la-contrebande\"},\"author\":{\"name\":\"cfeditorfr\",\"@id\":\"https:\/\/www.africa-press.net\/cotedivoire\/#\/schema\/person\/2b1cf3cd81a31e3cd26889ca66d677f1\"},\"headline\":\"Bilan de l&rsquo;op\u00e9ration VERROU 322 contre la contrebande\",\"datePublished\":\"2025-09-02T15:16:51+00:00\",\"dateModified\":\"2025-09-02T15:43:41+00:00\",\"mainEntityOfPage\":{\"@id\":\"https:\/\/www.africa-press.net\/cotedivoire\/economie\/bilan-de-loperation-verrou-322-contre-la-contrebande\"},\"wordCount\":308,\"commentCount\":0,\"image\":{\"@id\":\"https:\/\/www.africa-press.net\/cotedivoire\/economie\/bilan-de-loperation-verrou-322-contre-la-contrebande#primaryimage\"},\"thumbnailUrl\":\"https:\/\/static.africa-press.net\/cote\/sites\/43\/2025\/09\/sm_1756815024.651098.jpg\",\"keywords\":[\"agricoles\",\"contrebande\",\"C\u00d4TE D'IVOIRE\",\"Faci\",\"FDS\",\"produits\",\"Verrou 322\"],\"articleSection\":[\"\u00c9conomie\",\"Toutes les actualit\u00e9s\"],\"inLanguage\":\"fr-FR\",\"potentialAction\":[{\"@type\":\"CommentAction\",\"name\":\"Comment\",\"target\":[\"https:\/\/www.africa-press.net\/cotedivoire\/economie\/bilan-de-loperation-verrou-322-contre-la-contrebande#respond\"]}]},{\"@type\":\"WebPage\",\"@id\":\"https:\/\/www.africa-press.net\/cotedivoire\/economie\/bilan-de-loperation-verrou-322-contre-la-contrebande\",\"url\":\"https:\/\/www.africa-press.net\/cotedivoire\/economie\/bilan-de-loperation-verrou-322-contre-la-contrebande\",\"name\":\"Bilan de l'op\u00e9ration VERROU 322 contre la contrebande - C\u00f4te d&#039;Ivoire\",\"isPartOf\":{\"@id\":\"https:\/\/www.africa-press.net\/cotedivoire\/#website\"},\"primaryImageOfPage\":{\"@id\":\"https:\/\/www.africa-press.net\/cotedivoire\/economie\/bilan-de-loperation-verrou-322-contre-la-contrebande#primaryimage\"},\"image\":{\"@id\":\"https:\/\/www.africa-press.net\/cotedivoire\/economie\/bilan-de-loperation-verrou-322-contre-la-contrebande#primaryimage\"},\"thumbnailUrl\":\"https:\/\/static.africa-press.net\/cote\/sites\/43\/2025\/09\/sm_1756815024.651098.jpg\",\"datePublished\":\"2025-09-02T15:16:51+00:00\",\"dateModified\":\"2025-09-02T15:43:41+00:00\",\"author\":{\"@id\":\"https:\/\/www.africa-press.net\/cotedivoire\/#\/schema\/person\/2b1cf3cd81a31e3cd26889ca66d677f1\"},\"description\":\"Les Forces de De\u0301fense et de Se\u0301curite\u0301 ont fait jeudi dernier le bilan partiel de l\u2019ope\u0301ration \u00ab VERROU 322 \u00bb qui vise ...\",\"breadcrumb\":{\"@id\":\"https:\/\/www.africa-press.net\/cotedivoire\/economie\/bilan-de-loperation-verrou-322-contre-la-contrebande#breadcrumb\"},\"inLanguage\":\"fr-FR\",\"potentialAction\":[{\"@type\":\"ReadAction\",\"target\":[\"https:\/\/www.africa-press.net\/cotedivoire\/economie\/bilan-de-loperation-verrou-322-contre-la-contrebande\"]}]},{\"@type\":\"ImageObject\",\"inLanguage\":\"fr-FR\",\"@id\":\"https:\/\/www.africa-press.net\/cotedivoire\/economie\/bilan-de-loperation-verrou-322-contre-la-contrebande#primaryimage\",\"url\":\"https:\/\/static.africa-press.net\/cote\/sites\/43\/2025\/09\/sm_1756815024.651098.jpg\",\"contentUrl\":\"https:\/\/static.africa-press.net\/cote\/sites\/43\/2025\/09\/sm_1756815024.651098.jpg\",\"width\":720,\"height\":452,\"caption\":\"Bilan de l'op\u00e9ration VERROU 322 contre la contrebande\"},{\"@type\":\"BreadcrumbList\",\"@id\":\"https:\/\/www.africa-press.net\/cotedivoire\/economie\/bilan-de-loperation-verrou-322-contre-la-contrebande#breadcrumb\",\"itemListElement\":[{\"@type\":\"ListItem\",\"position\":1,\"name\":\"Accueil\",\"item\":\"https:\/\/www.africa-press.net\/cotedivoire\/\"},{\"@type\":\"ListItem\",\"position\":2,\"name\":\"Bilan de l&#8217;op\u00e9ration VERROU 322 contre la contrebande\"}]},{\"@type\":\"WebSite\",\"@id\":\"https:\/\/www.africa-press.net\/cotedivoire\/#website\",\"url\":\"https:\/\/www.africa-press.net\/cotedivoire\/\",\"name\":\"C\u00f4te d&#039;Ivoire\",\"description\":\"Just another Africa News Agency Sites site\",\"potentialAction\":[{\"@type\":\"SearchAction\",\"target\":{\"@type\":\"EntryPoint\",\"urlTemplate\":\"https:\/\/www.africa-press.net\/cotedivoire\/?s={search_term_string}\"},\"query-input\":{\"@type\":\"PropertyValueSpecification\",\"valueRequired\":true,\"valueName\":\"search_term_string\"}}],\"inLanguage\":\"fr-FR\"},{\"@type\":\"Person\",\"@id\":\"https:\/\/www.africa-press.net\/cotedivoire\/#\/schema\/person\/2b1cf3cd81a31e3cd26889ca66d677f1\",\"name\":\"cfeditorfr\"}]}<\/script>\n<!-- \/ Yoast SEO Premium plugin. -->","yoast_head_json":{"title":"Bilan de l'op\u00e9ration VERROU 322 contre la contrebande - C\u00f4te d&#039;Ivoire","description":"Les Forces de De\u0301fense et de Se\u0301curite\u0301 ont fait jeudi dernier le bilan partiel de l\u2019ope\u0301ration \u00ab VERROU 322 \u00bb qui vise ...","robots":{"index":"index","follow":"follow","max-snippet":"max-snippet:-1","max-image-preview":"max-image-preview:large","max-video-preview":"max-video-preview:-1"},"canonical":"https:\/\/www.africa-press.net\/cotedivoire\/economie\/bilan-de-loperation-verrou-322-contre-la-contrebande","og_locale":"fr_FR","og_type":"article","og_title":"Bilan de l'op\u00e9ration VERROU 322 contre la contrebande","og_description":"Les Forces de De\u0301fense et de Se\u0301curite\u0301 ont fait jeudi dernier le bilan partiel de l\u2019ope\u0301ration \u00ab VERROU 322 \u00bb qui vise ...","og_url":"https:\/\/www.africa-press.net\/cotedivoire\/economie\/bilan-de-loperation-verrou-322-contre-la-contrebande","og_site_name":"C\u00f4te d&#039;Ivoire","article_published_time":"2025-09-02T15:16:51+00:00","article_modified_time":"2025-09-02T15:43:41+00:00","og_image":[{"width":720,"height":452,"url":"https:\/\/static.africa-press.net\/cote\/sites\/43\/2025\/09\/sm_1756815024.651098.jpg","type":"image\/jpeg"}],"author":"cfeditorfr","twitter_card":"summary_large_image","twitter_misc":{"\u00c9crit par":"cfeditorfr","Dur\u00e9e de lecture estim\u00e9e":"2 minutes"},"schema":{"@context":"https:\/\/schema.org","@graph":[{"@type":"Article","@id":"https:\/\/www.africa-press.net\/cotedivoire\/economie\/bilan-de-loperation-verrou-322-contre-la-contrebande#article","isPartOf":{"@id":"https:\/\/www.africa-press.net\/cotedivoire\/economie\/bilan-de-loperation-verrou-322-contre-la-contrebande"},"author":{"name":"cfeditorfr","@id":"https:\/\/www.africa-press.net\/cotedivoire\/#\/schema\/person\/2b1cf3cd81a31e3cd26889ca66d677f1"},"headline":"Bilan de l&rsquo;op\u00e9ration VERROU 322 contre la contrebande","datePublished":"2025-09-02T15:16:51+00:00","dateModified":"2025-09-02T15:43:41+00:00","mainEntityOfPage":{"@id":"https:\/\/www.africa-press.net\/cotedivoire\/economie\/bilan-de-loperation-verrou-322-contre-la-contrebande"},"wordCount":308,"commentCount":0,"image":{"@id":"https:\/\/www.africa-press.net\/cotedivoire\/economie\/bilan-de-loperation-verrou-322-contre-la-contrebande#primaryimage"},"thumbnailUrl":"https:\/\/static.africa-press.net\/cote\/sites\/43\/2025\/09\/sm_1756815024.651098.jpg","keywords":["agricoles","contrebande","C\u00d4TE D'IVOIRE","Faci","FDS","produits","Verrou 322"],"articleSection":["\u00c9conomie","Toutes les actualit\u00e9s"],"inLanguage":"fr-FR","potentialAction":[{"@type":"CommentAction","name":"Comment","target":["https:\/\/www.africa-press.net\/cotedivoire\/economie\/bilan-de-loperation-verrou-322-contre-la-contrebande#respond"]}]},{"@type":"WebPage","@id":"https:\/\/www.africa-press.net\/cotedivoire\/economie\/bilan-de-loperation-verrou-322-contre-la-contrebande","url":"https:\/\/www.africa-press.net\/cotedivoire\/economie\/bilan-de-loperation-verrou-322-contre-la-contrebande","name":"Bilan de l'op\u00e9ration VERROU 322 contre la contrebande - C\u00f4te d&#039;Ivoire","isPartOf":{"@id":"https:\/\/www.africa-press.net\/cotedivoire\/#website"},"primaryImageOfPage":{"@id":"https:\/\/www.africa-press.net\/cotedivoire\/economie\/bilan-de-loperation-verrou-322-contre-la-contrebande#primaryimage"},"image":{"@id":"https:\/\/www.africa-press.net\/cotedivoire\/economie\/bilan-de-loperation-verrou-322-contre-la-contrebande#primaryimage"},"thumbnailUrl":"https:\/\/static.africa-press.net\/cote\/sites\/43\/2025\/09\/sm_1756815024.651098.jpg","datePublished":"2025-09-02T15:16:51+00:00","dateModified":"2025-09-02T15:43:41+00:00","author":{"@id":"https:\/\/www.africa-press.net\/cotedivoire\/#\/schema\/person\/2b1cf3cd81a31e3cd26889ca66d677f1"},"description":"Les Forces de De\u0301fense et de Se\u0301curite\u0301 ont fait jeudi dernier le bilan partiel de l\u2019ope\u0301ration \u00ab VERROU 322 \u00bb qui vise ...","breadcrumb":{"@id":"https:\/\/www.africa-press.net\/cotedivoire\/economie\/bilan-de-loperation-verrou-322-contre-la-contrebande#breadcrumb"},"inLanguage":"fr-FR","potentialAction":[{"@type":"ReadAction","target":["https:\/\/www.africa-press.net\/cotedivoire\/economie\/bilan-de-loperation-verrou-322-contre-la-contrebande"]}]},{"@type":"ImageObject","inLanguage":"fr-FR","@id":"https:\/\/www.africa-press.net\/cotedivoire\/economie\/bilan-de-loperation-verrou-322-contre-la-contrebande#primaryimage","url":"https:\/\/static.africa-press.net\/cote\/sites\/43\/2025\/09\/sm_1756815024.651098.jpg","contentUrl":"https:\/\/static.africa-press.net\/cote\/sites\/43\/2025\/09\/sm_1756815024.651098.jpg","width":720,"height":452,"caption":"Bilan de l'op\u00e9ration VERROU 322 contre la contrebande"},{"@type":"BreadcrumbList","@id":"https:\/\/www.africa-press.net\/cotedivoire\/economie\/bilan-de-loperation-verrou-322-contre-la-contrebande#breadcrumb","itemListElement":[{"@type":"ListItem","position":1,"name":"Accueil","item":"https:\/\/www.africa-press.net\/cotedivoire\/"},{"@type":"ListItem","position":2,"name":"Bilan de l&#8217;op\u00e9ration VERROU 322 contre la contrebande"}]},{"@type":"WebSite","@id":"https:\/\/www.africa-press.net\/cotedivoire\/#website","url":"https:\/\/www.africa-press.net\/cotedivoire\/","name":"C\u00f4te d&#039;Ivoire","description":"Just another Africa News Agency Sites site","potentialAction":[{"@type":"SearchAction","target":{"@type":"EntryPoint","urlTemplate":"https:\/\/www.africa-press.net\/cotedivoire\/?s={search_term_string}"},"query-input":{"@type":"PropertyValueSpecification","valueRequired":true,"valueName":"search_term_string"}}],"inLanguage":"fr-FR"},{"@type":"Person","@id":"https:\/\/www.africa-press.net\/cotedivoire\/#\/schema\/person\/2b1cf3cd81a31e3cd26889ca66d677f1","name":"cfeditorfr"}]}},"_links":{"self":[{"href":"https:\/\/www.africa-press.net\/cotedivoire\/wp-json\/wp\/v2\/posts\/104546","targetHints":{"allow":["GET"]}}],"collection":[{"href":"https:\/\/www.africa-press.net\/cotedivoire\/wp-json\/wp\/v2\/posts"}],"about":[{"href":"https:\/\/www.africa-press.net\/cotedivoire\/wp-json\/wp\/v2\/types\/post"}],"author":[{"embeddable":true,"href":"https:\/\/www.africa-press.net\/cotedivoire\/wp-json\/wp\/v2\/users\/82"}],"replies":[{"embeddable":true,"href":"https:\/\/www.africa-press.net\/cotedivoire\/wp-json\/wp\/v2\/comments?post=104546"}],"version-history":[{"count":0,"href":"https:\/\/www.africa-press.net\/cotedivoire\/wp-json\/wp\/v2\/posts\/104546\/revisions"}],"wp:featuredmedia":[{"embeddable":true,"href":"https:\/\/www.africa-press.net\/cotedivoire\/wp-json\/wp\/v2\/media\/104545"}],"wp:attachment":[{"href":"https:\/\/www.africa-press.net\/cotedivoire\/wp-json\/wp\/v2\/media?parent=104546"}],"wp:term":[{"taxonomy":"category","embeddable":true,"href":"https:\/\/www.africa-press.net\/cotedivoire\/wp-json\/wp\/v2\/categories?post=104546"},{"taxonomy":"post_tag","embeddable":true,"href":"https:\/\/www.africa-press.net\/cotedivoire\/wp-json\/wp\/v2\/tags?post=104546"}],"curies":[{"name":"wp","href":"https:\/\/api.w.org\/{rel}","templated":true}]}}