{"id":104655,"date":"2025-09-04T17:23:19","date_gmt":"2025-09-04T17:23:19","guid":{"rendered":"https:\/\/www.africa-press.net\/cotedivoire\/politique\/kouame-critique-la-candidature-douattara-pour-2025"},"modified":"2025-09-04T17:56:57","modified_gmt":"2025-09-04T17:56:57","slug":"kouame-critique-la-candidature-douattara-pour-2025","status":"publish","type":"post","link":"https:\/\/www.africa-press.net\/cotedivoire\/politique\/kouame-critique-la-candidature-douattara-pour-2025","title":{"rendered":"Kouam\u00e9 Critique la Candidature d&rsquo;Ouattara pour 2025"},"content":{"rendered":"<p><span style=\"color: #ff6600\"><strong>Africa-Press &#8211; C\u00f4te d&rsquo;Ivoire. <\/strong><\/span>A\u0300 52 jours du premier tour de l\u2019e\u0301lection pre\u0301sidentielle en Co\u0302te d\u2019Ivoire, le de\u0301bat autour de la candidature d\u2019Alassane Ouattara pour un nouveau mandat occupe certains dans les rangs de l&rsquo;opposition. Ce mercredi 3 septembre 2025, Me Faustin Kouame\u0301, ancien garde des sceaux et ministre de la Justice, a pris la parole lors d\u2019un point de presse a\u0300 Abidjan-Plateau pour e\u0301claircir sa position sur cette question cruciale.<\/p>\n<p>Devant les journalistes, cet avocat et docteur en droit a fonde\u0301 son argumentation sur le droit constitutionnel. Il a rappele\u0301 que la Constitution de la Co\u0302te d\u2019Ivoire, adopte\u0301e par re\u0301fe\u0301rendum le 1er aou\u0302t 2000, stipule a\u0300 son article 35 que: \u00ab Le Pre\u0301sident de la Re\u0301publique est e\u0301lu pour 5 ans au suffrage universel direct. Il n\u2019est re\u0301e\u0301ligible qu\u2019une fois. \u00bb<\/p>\n<p>Me Kouame\u0301 a pre\u0301cise\u0301 qu\u2019en de\u0301pit des nombreuses re\u0301formes constitutionnelles concernant le nombre, la dure\u0301e et les modalite\u0301s d\u2019exercice du mandat pre\u0301sidentiel, cette disposition a e\u0301te\u0301 maintenue \u00ab sans la moindre modification \u00bb. L\u2019article 55 de l\u2019actuelle Constitution, re\u0301fe\u0301rendaire du 18 novembre 2016, re\u0301affirme: \u00ab Le Pre\u0301sident de la Re\u0301publique est e\u0301lu pour 5 ans au suffrage universel direct et n\u2019est e\u0301ligible qu\u2019une seule fois. \u00bb<\/p>\n<p>Selon lui, il est clair que, malgre\u0301 les multiples re\u0301formes, \u00ab la disposition limitant le mandat pre\u0301sidentiel a\u0300 deux mandats successifs de cinq ans n\u2019a pas varie\u0301, me\u0302me d\u2019une virgule \u00bb.<\/p>\n<p>\u00ab En droit constitutionnel, le principe de la continuite\u0301 le\u0301gislative s\u2019applique, ce qui signifie qu\u2019en adoptant une nouvelle Constitution, toutes les dispositions ne sont pas ne\u0301cessairement nouvelles, et les anciennes continuent de s\u2019appliquer \u00bb, a-t-il explique\u0301.<\/p>\n<p>Me Kouame\u0301 a donc conclu que \u00ab le Pre\u0301sident en exercice, e\u0301lu en 2010 et re\u0301e\u0301lu en octobre 2015 selon l\u2019article 35 de la Constitution du 1er aou\u0302t 2000, ne pouvait pas briguer successivement un troisie\u0300me mandat en octobre 2020 \u00bb.<\/p>\n<p>\u00ab Ce troisie\u0300me mandat du pre\u0301sident en exercice, ille\u0301gal a\u0300 un \u0153il d\u2019hibou, est devenu constitutionnellement valide a\u0300 l\u2019oeil d\u2019e\u0301pervier et ce par application de la solution re\u0301serve\u0301e au conflit de lois dans le temps, car il y a eu le\u0301gitimation subse\u0301quente de la possession d\u2019e\u0301tat du Pre\u0301sident de la Re\u0301publique par toute la classe politique, le peuple et la communaute\u0301 internationale \u00bb, a-t-il de\u0301clare\u0301.<\/p>\n<p>Cependant, il estime que si le troisie\u0300me mandat d\u2019Alassane Ouattara est contestable, le quatrie\u0300me, pour lequel il a re\u0301cemment de\u0301clare\u0301 sa candidature pour le scrutin du 25 octobre, est tout aussi ille\u0301gal.<\/p>\n<p>Me Kouame\u0301 a critique\u0301 certaines impre\u0301cisions dans la re\u0301daction de la nouvelle Constitution, s\u2019interrogeant: \u00ab Pourquoi le Constituant de 2016, sachant qu\u2019un mandat e\u0301tait de\u0301ja\u0300 en cours depuis octobre 2015, n\u2019a-t-il pas re\u0301solu ce conflit? Pourquoi n\u2019a-t-il pas inte\u0301gre\u0301 une disposition claire comme celle de l\u2019article 101 de la Constitution du Rwanda, qui stipule qu\u2019\u00ab en aucun cas, nul ne peut exercer plus de deux mandats?\u00bb, s\u2019est-il interroge\u0301.<\/p>\n<p>Il a aussi de\u0301nonce\u0301 une vision me\u0301taphorique de la Re\u0301publique compare\u0301e a\u0300 une pendule, ou\u0300 certains pensent que la nouvelle Constitution de 2016 \u00ab remettrait les compteurs a\u0300 ze\u0301ro \u00bb pour tous. Cette image, selon lui, est se\u0301duisante mais dangereuse, car elle pourrait conduire a\u0300 des contournements constitutionnels, permettant ainsi un nombre illimite\u0301 de mandats.<\/p>\n<p>Concernant les candidatures de Laurent Gbagbo et Tidjane Thiam, malgre\u0301 leur radiation de la liste e\u0301lectorale, Me Kouame\u0301 a affirme\u0301: \u00ab Les pre\u0301sidents Laurent Gbagbo et Tidjane Thiam demeurent e\u0301ligibles, peu importe leur situation sur la liste e\u0301lectorale. Dans le syste\u0300me e\u0301lectoral ivoirien, voter est un droit facultatif, pas un devoir civique \u00bb. Pour lui, il est donc possible de ne pas e\u0302tre inscrit sur une liste e\u0301lectorale tout en restant candidat.<\/p>\n<p>Cette de\u0301claration souligne la complexite\u0301 du paysage politique ivoirien et la ne\u0301cessite\u0301 d\u2019un de\u0301bat approfondi sur les enjeux constitutionnels et e\u0301lectoraux mais si beaucoup d&rsquo;encre coule dans les rangs de l&rsquo;opposition contre la candidature d&rsquo;Alassane Ouattara, peu de forces a\u0300 ce jour se positionnent re\u0301ellement pour se mesurer a\u0300 lui dans les urnes.<\/p>\n<p><strong>Pour plus d&rsquo;informations et d&rsquo;analyses sur la <span style=\"color: #ff6600\">C\u00f4te d&rsquo;Ivoire<\/span>, suivez <span style=\"color: #ff6600\">Africa-Press<\/span><\/strong><\/p>\n","protected":false},"excerpt":{"rendered":"<p>Africa-Press &#8211; C\u00f4te d&rsquo;Ivoire. A\u0300 52 jours du premier tour de l\u2019e\u0301lection pre\u0301sidentielle en Co\u0302te d\u2019Ivoire, le de\u0301bat autour de la candidature d\u2019Alassane Ouattara pour un nouveau mandat occupe certains dans les rangs de l&rsquo;opposition. Ce mercredi 3 septembre 2025, Me Faustin Kouame\u0301, ancien garde des sceaux et ministre de la Justice, a pris la [&hellip;]<\/p>\n","protected":false},"author":82,"featured_media":104654,"comment_status":"open","ping_status":"closed","sticky":false,"template":"","format":"standard","meta":{"footnotes":""},"categories":[2,10],"tags":[18685,29,18688,18689,727,18687,18690,2358,18686],"class_list":["post-104655","post","type-post","status-publish","format-standard","has-post-thumbnail","hentry","category-politique","category-toutes-les-actualites","tag-4e-mandat","tag-cote-divoire","tag-ex-garde","tag-me-faustin-kouame","tag-ouattara","tag-pendule","tag-presidentiel-2025","tag-republique","tag-sceaux"],"yoast_head":"<!-- This site is optimized with the Yoast SEO Premium plugin v26.1 (Yoast SEO v27.0) - https:\/\/yoast.com\/product\/yoast-seo-premium-wordpress\/ -->\n<title>Kouam\u00e9 Critique la Candidature d&#039;Ouattara pour 2025 - C\u00f4te d&#039;Ivoire<\/title>\n<meta name=\"description\" content=\"A\u0300 52 jours du premier tour de l\u2019e\u0301lection pre\u0301sidentielle en Co\u0302te d\u2019Ivoire, le de\u0301bat autour de la candidature d\u2019Alass ...\" \/>\n<meta name=\"robots\" content=\"index, follow, max-snippet:-1, max-image-preview:large, max-video-preview:-1\" \/>\n<link rel=\"canonical\" href=\"https:\/\/www.africa-press.net\/cotedivoire\/politique\/kouame-critique-la-candidature-douattara-pour-2025\" \/>\n<meta property=\"og:locale\" content=\"fr_FR\" \/>\n<meta property=\"og:type\" content=\"article\" \/>\n<meta property=\"og:title\" content=\"Kouam\u00e9 Critique la Candidature d&#039;Ouattara pour 2025\" \/>\n<meta property=\"og:description\" content=\"A\u0300 52 jours du premier tour de l\u2019e\u0301lection pre\u0301sidentielle en Co\u0302te d\u2019Ivoire, le de\u0301bat autour de la candidature d\u2019Alass ...\" \/>\n<meta property=\"og:url\" content=\"https:\/\/www.africa-press.net\/cotedivoire\/politique\/kouame-critique-la-candidature-douattara-pour-2025\" \/>\n<meta property=\"og:site_name\" content=\"C\u00f4te d&#039;Ivoire\" \/>\n<meta property=\"article:published_time\" content=\"2025-09-04T17:23:19+00:00\" \/>\n<meta property=\"article:modified_time\" content=\"2025-09-04T17:56:57+00:00\" \/>\n<meta property=\"og:image\" content=\"https:\/\/static.africa-press.net\/cote\/sites\/43\/2025\/09\/sm_1756995985.568408.jpg\" \/>\n\t<meta property=\"og:image:width\" content=\"720\" \/>\n\t<meta property=\"og:image:height\" content=\"414\" \/>\n\t<meta property=\"og:image:type\" content=\"image\/jpeg\" \/>\n<meta name=\"author\" content=\"cfeditorfr\" \/>\n<meta name=\"twitter:card\" content=\"summary_large_image\" \/>\n<meta name=\"twitter:label1\" content=\"\u00c9crit par\" \/>\n\t<meta name=\"twitter:data1\" content=\"cfeditorfr\" \/>\n\t<meta name=\"twitter:label2\" content=\"Dur\u00e9e de lecture estim\u00e9e\" \/>\n\t<meta name=\"twitter:data2\" content=\"4 minutes\" \/>\n<script type=\"application\/ld+json\" class=\"yoast-schema-graph\">{\"@context\":\"https:\/\/schema.org\",\"@graph\":[{\"@type\":\"Article\",\"@id\":\"https:\/\/www.africa-press.net\/cotedivoire\/politique\/kouame-critique-la-candidature-douattara-pour-2025#article\",\"isPartOf\":{\"@id\":\"https:\/\/www.africa-press.net\/cotedivoire\/politique\/kouame-critique-la-candidature-douattara-pour-2025\"},\"author\":{\"name\":\"cfeditorfr\",\"@id\":\"https:\/\/www.africa-press.net\/cotedivoire\/#\/schema\/person\/2b1cf3cd81a31e3cd26889ca66d677f1\"},\"headline\":\"Kouam\u00e9 Critique la Candidature d&rsquo;Ouattara pour 2025\",\"datePublished\":\"2025-09-04T17:23:19+00:00\",\"dateModified\":\"2025-09-04T17:56:57+00:00\",\"mainEntityOfPage\":{\"@id\":\"https:\/\/www.africa-press.net\/cotedivoire\/politique\/kouame-critique-la-candidature-douattara-pour-2025\"},\"wordCount\":753,\"commentCount\":0,\"image\":{\"@id\":\"https:\/\/www.africa-press.net\/cotedivoire\/politique\/kouame-critique-la-candidature-douattara-pour-2025#primaryimage\"},\"thumbnailUrl\":\"https:\/\/static.africa-press.net\/cote\/sites\/43\/2025\/09\/sm_1756995985.568408.jpg\",\"keywords\":[\"4\u00e8 mandat\",\"C\u00d4TE D'IVOIRE\",\"ex-Garde\",\"Me Faustin Kouam\u00e9\",\"Ouattara\",\"pendule\",\"Pr\u00e9sidentiel 2025\",\"R\u00e9publique\",\"Sceaux\"],\"articleSection\":[\"Politique\",\"Toutes les actualit\u00e9s\"],\"inLanguage\":\"fr-FR\",\"potentialAction\":[{\"@type\":\"CommentAction\",\"name\":\"Comment\",\"target\":[\"https:\/\/www.africa-press.net\/cotedivoire\/politique\/kouame-critique-la-candidature-douattara-pour-2025#respond\"]}]},{\"@type\":\"WebPage\",\"@id\":\"https:\/\/www.africa-press.net\/cotedivoire\/politique\/kouame-critique-la-candidature-douattara-pour-2025\",\"url\":\"https:\/\/www.africa-press.net\/cotedivoire\/politique\/kouame-critique-la-candidature-douattara-pour-2025\",\"name\":\"Kouam\u00e9 Critique la Candidature d'Ouattara pour 2025 - C\u00f4te d&#039;Ivoire\",\"isPartOf\":{\"@id\":\"https:\/\/www.africa-press.net\/cotedivoire\/#website\"},\"primaryImageOfPage\":{\"@id\":\"https:\/\/www.africa-press.net\/cotedivoire\/politique\/kouame-critique-la-candidature-douattara-pour-2025#primaryimage\"},\"image\":{\"@id\":\"https:\/\/www.africa-press.net\/cotedivoire\/politique\/kouame-critique-la-candidature-douattara-pour-2025#primaryimage\"},\"thumbnailUrl\":\"https:\/\/static.africa-press.net\/cote\/sites\/43\/2025\/09\/sm_1756995985.568408.jpg\",\"datePublished\":\"2025-09-04T17:23:19+00:00\",\"dateModified\":\"2025-09-04T17:56:57+00:00\",\"author\":{\"@id\":\"https:\/\/www.africa-press.net\/cotedivoire\/#\/schema\/person\/2b1cf3cd81a31e3cd26889ca66d677f1\"},\"description\":\"A\u0300 52 jours du premier tour de l\u2019e\u0301lection pre\u0301sidentielle en Co\u0302te d\u2019Ivoire, le de\u0301bat autour de la candidature d\u2019Alass ...\",\"breadcrumb\":{\"@id\":\"https:\/\/www.africa-press.net\/cotedivoire\/politique\/kouame-critique-la-candidature-douattara-pour-2025#breadcrumb\"},\"inLanguage\":\"fr-FR\",\"potentialAction\":[{\"@type\":\"ReadAction\",\"target\":[\"https:\/\/www.africa-press.net\/cotedivoire\/politique\/kouame-critique-la-candidature-douattara-pour-2025\"]}]},{\"@type\":\"ImageObject\",\"inLanguage\":\"fr-FR\",\"@id\":\"https:\/\/www.africa-press.net\/cotedivoire\/politique\/kouame-critique-la-candidature-douattara-pour-2025#primaryimage\",\"url\":\"https:\/\/static.africa-press.net\/cote\/sites\/43\/2025\/09\/sm_1756995985.568408.jpg\",\"contentUrl\":\"https:\/\/static.africa-press.net\/cote\/sites\/43\/2025\/09\/sm_1756995985.568408.jpg\",\"width\":720,\"height\":414,\"caption\":\"Kouam\u00e9 Critique la Candidature d'Ouattara pour 2025\"},{\"@type\":\"BreadcrumbList\",\"@id\":\"https:\/\/www.africa-press.net\/cotedivoire\/politique\/kouame-critique-la-candidature-douattara-pour-2025#breadcrumb\",\"itemListElement\":[{\"@type\":\"ListItem\",\"position\":1,\"name\":\"Accueil\",\"item\":\"https:\/\/www.africa-press.net\/cotedivoire\/\"},{\"@type\":\"ListItem\",\"position\":2,\"name\":\"Kouam\u00e9 Critique la Candidature d&#8217;Ouattara pour 2025\"}]},{\"@type\":\"WebSite\",\"@id\":\"https:\/\/www.africa-press.net\/cotedivoire\/#website\",\"url\":\"https:\/\/www.africa-press.net\/cotedivoire\/\",\"name\":\"C\u00f4te d&#039;Ivoire\",\"description\":\"Just another Africa News Agency Sites site\",\"potentialAction\":[{\"@type\":\"SearchAction\",\"target\":{\"@type\":\"EntryPoint\",\"urlTemplate\":\"https:\/\/www.africa-press.net\/cotedivoire\/?s={search_term_string}\"},\"query-input\":{\"@type\":\"PropertyValueSpecification\",\"valueRequired\":true,\"valueName\":\"search_term_string\"}}],\"inLanguage\":\"fr-FR\"},{\"@type\":\"Person\",\"@id\":\"https:\/\/www.africa-press.net\/cotedivoire\/#\/schema\/person\/2b1cf3cd81a31e3cd26889ca66d677f1\",\"name\":\"cfeditorfr\"}]}<\/script>\n<!-- \/ Yoast SEO Premium plugin. -->","yoast_head_json":{"title":"Kouam\u00e9 Critique la Candidature d'Ouattara pour 2025 - C\u00f4te d&#039;Ivoire","description":"A\u0300 52 jours du premier tour de l\u2019e\u0301lection pre\u0301sidentielle en Co\u0302te d\u2019Ivoire, le de\u0301bat autour de la candidature d\u2019Alass ...","robots":{"index":"index","follow":"follow","max-snippet":"max-snippet:-1","max-image-preview":"max-image-preview:large","max-video-preview":"max-video-preview:-1"},"canonical":"https:\/\/www.africa-press.net\/cotedivoire\/politique\/kouame-critique-la-candidature-douattara-pour-2025","og_locale":"fr_FR","og_type":"article","og_title":"Kouam\u00e9 Critique la Candidature d'Ouattara pour 2025","og_description":"A\u0300 52 jours du premier tour de l\u2019e\u0301lection pre\u0301sidentielle en Co\u0302te d\u2019Ivoire, le de\u0301bat autour de la candidature d\u2019Alass ...","og_url":"https:\/\/www.africa-press.net\/cotedivoire\/politique\/kouame-critique-la-candidature-douattara-pour-2025","og_site_name":"C\u00f4te d&#039;Ivoire","article_published_time":"2025-09-04T17:23:19+00:00","article_modified_time":"2025-09-04T17:56:57+00:00","og_image":[{"width":720,"height":414,"url":"https:\/\/static.africa-press.net\/cote\/sites\/43\/2025\/09\/sm_1756995985.568408.jpg","type":"image\/jpeg"}],"author":"cfeditorfr","twitter_card":"summary_large_image","twitter_misc":{"\u00c9crit par":"cfeditorfr","Dur\u00e9e de lecture estim\u00e9e":"4 minutes"},"schema":{"@context":"https:\/\/schema.org","@graph":[{"@type":"Article","@id":"https:\/\/www.africa-press.net\/cotedivoire\/politique\/kouame-critique-la-candidature-douattara-pour-2025#article","isPartOf":{"@id":"https:\/\/www.africa-press.net\/cotedivoire\/politique\/kouame-critique-la-candidature-douattara-pour-2025"},"author":{"name":"cfeditorfr","@id":"https:\/\/www.africa-press.net\/cotedivoire\/#\/schema\/person\/2b1cf3cd81a31e3cd26889ca66d677f1"},"headline":"Kouam\u00e9 Critique la Candidature d&rsquo;Ouattara pour 2025","datePublished":"2025-09-04T17:23:19+00:00","dateModified":"2025-09-04T17:56:57+00:00","mainEntityOfPage":{"@id":"https:\/\/www.africa-press.net\/cotedivoire\/politique\/kouame-critique-la-candidature-douattara-pour-2025"},"wordCount":753,"commentCount":0,"image":{"@id":"https:\/\/www.africa-press.net\/cotedivoire\/politique\/kouame-critique-la-candidature-douattara-pour-2025#primaryimage"},"thumbnailUrl":"https:\/\/static.africa-press.net\/cote\/sites\/43\/2025\/09\/sm_1756995985.568408.jpg","keywords":["4\u00e8 mandat","C\u00d4TE D'IVOIRE","ex-Garde","Me Faustin Kouam\u00e9","Ouattara","pendule","Pr\u00e9sidentiel 2025","R\u00e9publique","Sceaux"],"articleSection":["Politique","Toutes les actualit\u00e9s"],"inLanguage":"fr-FR","potentialAction":[{"@type":"CommentAction","name":"Comment","target":["https:\/\/www.africa-press.net\/cotedivoire\/politique\/kouame-critique-la-candidature-douattara-pour-2025#respond"]}]},{"@type":"WebPage","@id":"https:\/\/www.africa-press.net\/cotedivoire\/politique\/kouame-critique-la-candidature-douattara-pour-2025","url":"https:\/\/www.africa-press.net\/cotedivoire\/politique\/kouame-critique-la-candidature-douattara-pour-2025","name":"Kouam\u00e9 Critique la Candidature d'Ouattara pour 2025 - C\u00f4te d&#039;Ivoire","isPartOf":{"@id":"https:\/\/www.africa-press.net\/cotedivoire\/#website"},"primaryImageOfPage":{"@id":"https:\/\/www.africa-press.net\/cotedivoire\/politique\/kouame-critique-la-candidature-douattara-pour-2025#primaryimage"},"image":{"@id":"https:\/\/www.africa-press.net\/cotedivoire\/politique\/kouame-critique-la-candidature-douattara-pour-2025#primaryimage"},"thumbnailUrl":"https:\/\/static.africa-press.net\/cote\/sites\/43\/2025\/09\/sm_1756995985.568408.jpg","datePublished":"2025-09-04T17:23:19+00:00","dateModified":"2025-09-04T17:56:57+00:00","author":{"@id":"https:\/\/www.africa-press.net\/cotedivoire\/#\/schema\/person\/2b1cf3cd81a31e3cd26889ca66d677f1"},"description":"A\u0300 52 jours du premier tour de l\u2019e\u0301lection pre\u0301sidentielle en Co\u0302te d\u2019Ivoire, le de\u0301bat autour de la candidature d\u2019Alass ...","breadcrumb":{"@id":"https:\/\/www.africa-press.net\/cotedivoire\/politique\/kouame-critique-la-candidature-douattara-pour-2025#breadcrumb"},"inLanguage":"fr-FR","potentialAction":[{"@type":"ReadAction","target":["https:\/\/www.africa-press.net\/cotedivoire\/politique\/kouame-critique-la-candidature-douattara-pour-2025"]}]},{"@type":"ImageObject","inLanguage":"fr-FR","@id":"https:\/\/www.africa-press.net\/cotedivoire\/politique\/kouame-critique-la-candidature-douattara-pour-2025#primaryimage","url":"https:\/\/static.africa-press.net\/cote\/sites\/43\/2025\/09\/sm_1756995985.568408.jpg","contentUrl":"https:\/\/static.africa-press.net\/cote\/sites\/43\/2025\/09\/sm_1756995985.568408.jpg","width":720,"height":414,"caption":"Kouam\u00e9 Critique la Candidature d'Ouattara pour 2025"},{"@type":"BreadcrumbList","@id":"https:\/\/www.africa-press.net\/cotedivoire\/politique\/kouame-critique-la-candidature-douattara-pour-2025#breadcrumb","itemListElement":[{"@type":"ListItem","position":1,"name":"Accueil","item":"https:\/\/www.africa-press.net\/cotedivoire\/"},{"@type":"ListItem","position":2,"name":"Kouam\u00e9 Critique la Candidature d&#8217;Ouattara pour 2025"}]},{"@type":"WebSite","@id":"https:\/\/www.africa-press.net\/cotedivoire\/#website","url":"https:\/\/www.africa-press.net\/cotedivoire\/","name":"C\u00f4te d&#039;Ivoire","description":"Just another Africa News Agency Sites site","potentialAction":[{"@type":"SearchAction","target":{"@type":"EntryPoint","urlTemplate":"https:\/\/www.africa-press.net\/cotedivoire\/?s={search_term_string}"},"query-input":{"@type":"PropertyValueSpecification","valueRequired":true,"valueName":"search_term_string"}}],"inLanguage":"fr-FR"},{"@type":"Person","@id":"https:\/\/www.africa-press.net\/cotedivoire\/#\/schema\/person\/2b1cf3cd81a31e3cd26889ca66d677f1","name":"cfeditorfr"}]}},"_links":{"self":[{"href":"https:\/\/www.africa-press.net\/cotedivoire\/wp-json\/wp\/v2\/posts\/104655","targetHints":{"allow":["GET"]}}],"collection":[{"href":"https:\/\/www.africa-press.net\/cotedivoire\/wp-json\/wp\/v2\/posts"}],"about":[{"href":"https:\/\/www.africa-press.net\/cotedivoire\/wp-json\/wp\/v2\/types\/post"}],"author":[{"embeddable":true,"href":"https:\/\/www.africa-press.net\/cotedivoire\/wp-json\/wp\/v2\/users\/82"}],"replies":[{"embeddable":true,"href":"https:\/\/www.africa-press.net\/cotedivoire\/wp-json\/wp\/v2\/comments?post=104655"}],"version-history":[{"count":0,"href":"https:\/\/www.africa-press.net\/cotedivoire\/wp-json\/wp\/v2\/posts\/104655\/revisions"}],"wp:featuredmedia":[{"embeddable":true,"href":"https:\/\/www.africa-press.net\/cotedivoire\/wp-json\/wp\/v2\/media\/104654"}],"wp:attachment":[{"href":"https:\/\/www.africa-press.net\/cotedivoire\/wp-json\/wp\/v2\/media?parent=104655"}],"wp:term":[{"taxonomy":"category","embeddable":true,"href":"https:\/\/www.africa-press.net\/cotedivoire\/wp-json\/wp\/v2\/categories?post=104655"},{"taxonomy":"post_tag","embeddable":true,"href":"https:\/\/www.africa-press.net\/cotedivoire\/wp-json\/wp\/v2\/tags?post=104655"}],"curies":[{"name":"wp","href":"https:\/\/api.w.org\/{rel}","templated":true}]}}