{"id":104748,"date":"2025-09-06T16:33:27","date_gmt":"2025-09-06T16:33:27","guid":{"rendered":"https:\/\/www.africa-press.net\/cotedivoire\/politique\/lutte-contre-la-fievre-de-lassa-a-abidjan-cedeao"},"modified":"2025-09-06T16:45:02","modified_gmt":"2025-09-06T16:45:02","slug":"lutte-contre-la-fievre-de-lassa-a-abidjan-cedeao","status":"publish","type":"post","link":"https:\/\/www.africa-press.net\/cotedivoire\/toutes-les-actualites\/lutte-contre-la-fievre-de-lassa-a-abidjan-cedeao","title":{"rendered":"Lutte contre la fi\u00e8vre de Lassa \u00e0 Abidjan CEDEAO"},"content":{"rendered":"<p><span style=\"color: #ff6600\"><strong>Africa-Press &#8211; C\u00f4te d&rsquo;Ivoire. <\/strong><\/span>La capitale e\u0301conomique de la Co\u0302te d\u2019Ivoire se pre\u0301pare a\u0300 accueillir, du 8 au 11 septembre 2025, la 2e Confe\u0301rence internationale de la CEDEAO sur la fie\u0300vre de Lassa (ELFIC 2025), un e\u0301ve\u0301nement de re\u0301fe\u0301rence dans la lutte contre cette maladie virale he\u0301morragique encore trop re\u0301pandue en Afrique de l\u2019Ouest.<\/p>\n<p>Organise\u0301e par l\u2019Organisation Ouest Africaine de la Sante\u0301 (OOAS), en partenariat avec plusieurs institutions nationales et internationales, cette rencontre de haut niveau rassemblera des scientifiques renomme\u0301s, chercheurs, de\u0301cideurs politiques, professionnels de la sante\u0301 publique et acteurs communautaires autour d\u2019un objectif commun: intensifier la riposte contre la fie\u0300vre de Lassa et les autres menaces e\u0301pide\u0301miques e\u0301mergentes.<\/p>\n<p>Place\u0301e sous le the\u0300me: \u00ab Au-dela\u0300 des frontie\u0300res: renforcer la coope\u0301ration re\u0301gionale pour combattre la fie\u0300vre de Lassa et les maladies infectieuses e\u0301mergentes \u00bb, la confe\u0301rence s\u2019ouvrira par une ce\u0301re\u0301monie inaugurale pre\u0301side\u0301e par le Premier Ministre ivoirien, Robert Beugre\u0301 Mambe\u0301.<\/p>\n<p>Pendant quatre jours, les participants e\u0301changeront autour de the\u0301matiques majeures a\u0300 travers des panels de haut niveau, des ateliers techniques, et des allocutions principales, portant notamment sur les dernie\u0300res avance\u0301es en matie\u0300re de vaccins et de diagnostics, l&rsquo;engagement communautaire et la pre\u0301paration locale, la surveillance e\u0301pide\u0301miologique et la coope\u0301ration transfrontalie\u0300re et les politiques de sante\u0301 pour une riposte durable.<\/p>\n<p>L\u2019un des moments forts d\u2019ELFIC 2025 sera un dialogue ministe\u0301riel de haut niveau, co-pre\u0301side\u0301 par le Directeur ge\u0301ne\u0301ral de l\u2019OOAS, Dr Melchior Athanase J. C. Ai\u0308ssi, le Ministre de la Sante\u0301 et de la Protection sociale du Nige\u0301ria, Pr. Muhammad Ali Pate, et le Ministre de la Sante\u0301 de Co\u0302te d\u2019Ivoire, Pierre N\u2019Gou Dimba.<\/p>\n<p>Ce dialogue vise a\u0300 aligner les priorite\u0301s re\u0301gionales pour la pre\u0301vention et la riposte efficaces aux e\u0301pide\u0301mies, tout en soutenant les pays les plus expose\u0301s.<\/p>\n<p>La fie\u0300vre de Lassa reste une menace majeure en Afrique de l\u2019Ouest. Elle cause des formes se\u0301ve\u0300res de la maladie dans environ 20 % des cas, avec des atteintes graves du foie, de la rate et des reins. L\u2019absence de vaccin homologue\u0301 ou de traitement antiviral approuve\u0301 accentue son impact socio-e\u0301conomique, notamment dans les zones rurales vulne\u0301rables.<\/p>\n<p>Pour le Dr Ai\u0308ssi, ELFIC 2025 est une opportunite\u0301 strate\u0301gique: \u00ab Cette confe\u0301rence est un appel a\u0300 l\u2019action pour relever les de\u0301fis persistants lie\u0301s a\u0300 la fie\u0300vre de Lassa, en faisant progresser la recherche, les diagnostics et les solutions dirige\u0301es par les communaute\u0301s, tout en renforc\u0327ant les strate\u0301gies de pre\u0301paration et de riposte face aux maladies zoonotiques. \u00bb<\/p>\n<p>En marge des panels scientifiques, ELFIC 2025 proposera, une exposition de solutions innovantes de\u0301veloppe\u0301es par des institutions de recherche, ONG et partenaires prive\u0301s, des sessions de re\u0301seautage pour favoriser la coope\u0301ration re\u0301gionale et internationale, et des discussions sur le financement durable de la riposte sanitaire.<\/p>\n<p>Parmi les partenaires attendus, figurent, l\u2019Organisation mondiale de la Sante\u0301 (OMS) la Banque mondiale, la Banque africaine de de\u0301veloppement (BAD), la Coalition pour les innovations en matie\u0300re de pre\u0301paration aux e\u0301pide\u0301mies (CEPI), la KfW (banque de de\u0301veloppement allemande), ainsi que plusieurs ministres de la Sante\u0301 des E\u0301tats membres de la CEDEAO.<\/p>\n<p>En re\u0301unissant science, politique et communaute\u0301, ELFIC 2025 s\u2019impose comme un tournant dans la lutte contre la fie\u0300vre de Lassa. Elle vise a\u0300 acce\u0301le\u0301rer la transition de la recherche vers des politiques de sante\u0301 publique concre\u0300tes, au service des populations les plus expose\u0301es.<\/p>\n<p><strong>Pour plus d&rsquo;informations et d&rsquo;analyses sur la <span style=\"color: #ff6600\">C\u00f4te d&rsquo;Ivoire<\/span>, suivez <span style=\"color: #ff6600\">Africa-Press<\/span><\/strong><\/p>\n","protected":false},"excerpt":{"rendered":"<p>Africa-Press &#8211; C\u00f4te d&rsquo;Ivoire. La capitale e\u0301conomique de la Co\u0302te d\u2019Ivoire se pre\u0301pare a\u0300 accueillir, du 8 au 11 septembre 2025, la 2e Confe\u0301rence internationale de la CEDEAO sur la fie\u0300vre de Lassa (ELFIC 2025), un e\u0301ve\u0301nement de re\u0301fe\u0301rence dans la lutte contre cette maladie virale he\u0301morragique encore trop re\u0301pandue en Afrique de l\u2019Ouest. Organise\u0301e [&hellip;]<\/p>\n","protected":false},"author":82,"featured_media":104747,"comment_status":"open","ping_status":"closed","sticky":false,"template":"","format":"standard","meta":{"footnotes":""},"categories":[21,10],"tags":[30,1150,29,18708,18707,4846,18706,3190,3554,1975,18648],"class_list":["post-104748","post","type-post","status-publish","format-standard","has-post-thumbnail","hentry","category-communaute","category-toutes-les-actualites","tag-abidjan","tag-cedeao","tag-cote-divoire","tag-elfic-2025","tag-epidemies","tag-fievre","tag-lassa","tag-medicale","tag-preparation","tag-recherche","tag-sante-publique"],"yoast_head":"<!-- This site is optimized with the Yoast SEO Premium plugin v26.1 (Yoast SEO v27.0) - https:\/\/yoast.com\/product\/yoast-seo-premium-wordpress\/ -->\n<title>Lutte contre la fi\u00e8vre de Lassa \u00e0 Abidjan CEDEAO - C\u00f4te d&#039;Ivoire<\/title>\n<meta name=\"description\" content=\"La capitale e\u0301conomique de la Co\u0302te d\u2019Ivoire se pre\u0301pare a\u0300 accueillir, du 8 au 11 septembre 2025, la 2e Confe\u0301rence int ...\" \/>\n<meta name=\"robots\" content=\"index, follow, max-snippet:-1, max-image-preview:large, max-video-preview:-1\" \/>\n<link rel=\"canonical\" href=\"https:\/\/www.africa-press.net\/cotedivoire\/toutes-les-actualites\/lutte-contre-la-fievre-de-lassa-a-abidjan-cedeao\" \/>\n<meta property=\"og:locale\" content=\"fr_FR\" \/>\n<meta property=\"og:type\" content=\"article\" \/>\n<meta property=\"og:title\" content=\"Lutte contre la fi\u00e8vre de Lassa \u00e0 Abidjan CEDEAO\" \/>\n<meta property=\"og:description\" content=\"La capitale e\u0301conomique de la Co\u0302te d\u2019Ivoire se pre\u0301pare a\u0300 accueillir, du 8 au 11 septembre 2025, la 2e Confe\u0301rence int ...\" \/>\n<meta property=\"og:url\" content=\"https:\/\/www.africa-press.net\/cotedivoire\/toutes-les-actualites\/lutte-contre-la-fievre-de-lassa-a-abidjan-cedeao\" \/>\n<meta property=\"og:site_name\" content=\"C\u00f4te d&#039;Ivoire\" \/>\n<meta property=\"article:published_time\" content=\"2025-09-06T16:33:27+00:00\" \/>\n<meta property=\"article:modified_time\" content=\"2025-09-06T16:45:02+00:00\" \/>\n<meta property=\"og:image\" content=\"https:\/\/static.africa-press.net\/cote\/sites\/43\/2025\/09\/sm_1757164463.532002.jpg\" \/>\n\t<meta property=\"og:image:width\" content=\"720\" \/>\n\t<meta property=\"og:image:height\" content=\"406\" \/>\n\t<meta property=\"og:image:type\" content=\"image\/jpeg\" \/>\n<meta name=\"author\" content=\"cfeditorfr\" \/>\n<meta name=\"twitter:card\" content=\"summary_large_image\" \/>\n<meta name=\"twitter:label1\" content=\"\u00c9crit par\" \/>\n\t<meta name=\"twitter:data1\" content=\"cfeditorfr\" \/>\n\t<meta name=\"twitter:label2\" content=\"Dur\u00e9e de lecture estim\u00e9e\" \/>\n\t<meta name=\"twitter:data2\" content=\"3 minutes\" \/>\n<script type=\"application\/ld+json\" class=\"yoast-schema-graph\">{\"@context\":\"https:\/\/schema.org\",\"@graph\":[{\"@type\":\"Article\",\"@id\":\"https:\/\/www.africa-press.net\/cotedivoire\/toutes-les-actualites\/lutte-contre-la-fievre-de-lassa-a-abidjan-cedeao#article\",\"isPartOf\":{\"@id\":\"https:\/\/www.africa-press.net\/cotedivoire\/toutes-les-actualites\/lutte-contre-la-fievre-de-lassa-a-abidjan-cedeao\"},\"author\":{\"name\":\"cfeditorfr\",\"@id\":\"https:\/\/www.africa-press.net\/cotedivoire\/#\/schema\/person\/2b1cf3cd81a31e3cd26889ca66d677f1\"},\"headline\":\"Lutte contre la fi\u00e8vre de Lassa \u00e0 Abidjan CEDEAO\",\"datePublished\":\"2025-09-06T16:33:27+00:00\",\"dateModified\":\"2025-09-06T16:45:02+00:00\",\"mainEntityOfPage\":{\"@id\":\"https:\/\/www.africa-press.net\/cotedivoire\/toutes-les-actualites\/lutte-contre-la-fievre-de-lassa-a-abidjan-cedeao\"},\"wordCount\":657,\"commentCount\":0,\"image\":{\"@id\":\"https:\/\/www.africa-press.net\/cotedivoire\/toutes-les-actualites\/lutte-contre-la-fievre-de-lassa-a-abidjan-cedeao#primaryimage\"},\"thumbnailUrl\":\"https:\/\/static.africa-press.net\/cote\/sites\/43\/2025\/09\/sm_1757164463.532002.jpg\",\"keywords\":[\"Abidjan\",\"CEDEAO\",\"C\u00d4TE D'IVOIRE\",\"ELFIC 2025\",\"\u00e9pid\u00e9mies\",\"fi\u00e8vre\",\"Lassa\",\"m\u00e9dicale\",\"pr\u00e9paration\",\"recherche\",\"sant\u00e9 publique\"],\"articleSection\":[\"Communaut\u00e9\",\"Toutes les actualit\u00e9s\"],\"inLanguage\":\"fr-FR\",\"potentialAction\":[{\"@type\":\"CommentAction\",\"name\":\"Comment\",\"target\":[\"https:\/\/www.africa-press.net\/cotedivoire\/toutes-les-actualites\/lutte-contre-la-fievre-de-lassa-a-abidjan-cedeao#respond\"]}]},{\"@type\":\"WebPage\",\"@id\":\"https:\/\/www.africa-press.net\/cotedivoire\/toutes-les-actualites\/lutte-contre-la-fievre-de-lassa-a-abidjan-cedeao\",\"url\":\"https:\/\/www.africa-press.net\/cotedivoire\/toutes-les-actualites\/lutte-contre-la-fievre-de-lassa-a-abidjan-cedeao\",\"name\":\"Lutte contre la fi\u00e8vre de Lassa \u00e0 Abidjan CEDEAO - C\u00f4te d&#039;Ivoire\",\"isPartOf\":{\"@id\":\"https:\/\/www.africa-press.net\/cotedivoire\/#website\"},\"primaryImageOfPage\":{\"@id\":\"https:\/\/www.africa-press.net\/cotedivoire\/toutes-les-actualites\/lutte-contre-la-fievre-de-lassa-a-abidjan-cedeao#primaryimage\"},\"image\":{\"@id\":\"https:\/\/www.africa-press.net\/cotedivoire\/toutes-les-actualites\/lutte-contre-la-fievre-de-lassa-a-abidjan-cedeao#primaryimage\"},\"thumbnailUrl\":\"https:\/\/static.africa-press.net\/cote\/sites\/43\/2025\/09\/sm_1757164463.532002.jpg\",\"datePublished\":\"2025-09-06T16:33:27+00:00\",\"dateModified\":\"2025-09-06T16:45:02+00:00\",\"author\":{\"@id\":\"https:\/\/www.africa-press.net\/cotedivoire\/#\/schema\/person\/2b1cf3cd81a31e3cd26889ca66d677f1\"},\"description\":\"La capitale e\u0301conomique de la Co\u0302te d\u2019Ivoire se pre\u0301pare a\u0300 accueillir, du 8 au 11 septembre 2025, la 2e Confe\u0301rence int ...\",\"breadcrumb\":{\"@id\":\"https:\/\/www.africa-press.net\/cotedivoire\/toutes-les-actualites\/lutte-contre-la-fievre-de-lassa-a-abidjan-cedeao#breadcrumb\"},\"inLanguage\":\"fr-FR\",\"potentialAction\":[{\"@type\":\"ReadAction\",\"target\":[\"https:\/\/www.africa-press.net\/cotedivoire\/toutes-les-actualites\/lutte-contre-la-fievre-de-lassa-a-abidjan-cedeao\"]}]},{\"@type\":\"ImageObject\",\"inLanguage\":\"fr-FR\",\"@id\":\"https:\/\/www.africa-press.net\/cotedivoire\/toutes-les-actualites\/lutte-contre-la-fievre-de-lassa-a-abidjan-cedeao#primaryimage\",\"url\":\"https:\/\/static.africa-press.net\/cote\/sites\/43\/2025\/09\/sm_1757164463.532002.jpg\",\"contentUrl\":\"https:\/\/static.africa-press.net\/cote\/sites\/43\/2025\/09\/sm_1757164463.532002.jpg\",\"width\":720,\"height\":406,\"caption\":\"Lutte contre la fi\u00e8vre de Lassa \u00e0 Abidjan CEDEAO\"},{\"@type\":\"BreadcrumbList\",\"@id\":\"https:\/\/www.africa-press.net\/cotedivoire\/toutes-les-actualites\/lutte-contre-la-fievre-de-lassa-a-abidjan-cedeao#breadcrumb\",\"itemListElement\":[{\"@type\":\"ListItem\",\"position\":1,\"name\":\"Accueil\",\"item\":\"https:\/\/www.africa-press.net\/cotedivoire\/\"},{\"@type\":\"ListItem\",\"position\":2,\"name\":\"Lutte contre la fi\u00e8vre de Lassa \u00e0 Abidjan CEDEAO\"}]},{\"@type\":\"WebSite\",\"@id\":\"https:\/\/www.africa-press.net\/cotedivoire\/#website\",\"url\":\"https:\/\/www.africa-press.net\/cotedivoire\/\",\"name\":\"C\u00f4te d&#039;Ivoire\",\"description\":\"Just another Africa News Agency Sites site\",\"potentialAction\":[{\"@type\":\"SearchAction\",\"target\":{\"@type\":\"EntryPoint\",\"urlTemplate\":\"https:\/\/www.africa-press.net\/cotedivoire\/?s={search_term_string}\"},\"query-input\":{\"@type\":\"PropertyValueSpecification\",\"valueRequired\":true,\"valueName\":\"search_term_string\"}}],\"inLanguage\":\"fr-FR\"},{\"@type\":\"Person\",\"@id\":\"https:\/\/www.africa-press.net\/cotedivoire\/#\/schema\/person\/2b1cf3cd81a31e3cd26889ca66d677f1\",\"name\":\"cfeditorfr\"}]}<\/script>\n<!-- \/ Yoast SEO Premium plugin. -->","yoast_head_json":{"title":"Lutte contre la fi\u00e8vre de Lassa \u00e0 Abidjan CEDEAO - C\u00f4te d&#039;Ivoire","description":"La capitale e\u0301conomique de la Co\u0302te d\u2019Ivoire se pre\u0301pare a\u0300 accueillir, du 8 au 11 septembre 2025, la 2e Confe\u0301rence int ...","robots":{"index":"index","follow":"follow","max-snippet":"max-snippet:-1","max-image-preview":"max-image-preview:large","max-video-preview":"max-video-preview:-1"},"canonical":"https:\/\/www.africa-press.net\/cotedivoire\/toutes-les-actualites\/lutte-contre-la-fievre-de-lassa-a-abidjan-cedeao","og_locale":"fr_FR","og_type":"article","og_title":"Lutte contre la fi\u00e8vre de Lassa \u00e0 Abidjan CEDEAO","og_description":"La capitale e\u0301conomique de la Co\u0302te d\u2019Ivoire se pre\u0301pare a\u0300 accueillir, du 8 au 11 septembre 2025, la 2e Confe\u0301rence int ...","og_url":"https:\/\/www.africa-press.net\/cotedivoire\/toutes-les-actualites\/lutte-contre-la-fievre-de-lassa-a-abidjan-cedeao","og_site_name":"C\u00f4te d&#039;Ivoire","article_published_time":"2025-09-06T16:33:27+00:00","article_modified_time":"2025-09-06T16:45:02+00:00","og_image":[{"width":720,"height":406,"url":"https:\/\/static.africa-press.net\/cote\/sites\/43\/2025\/09\/sm_1757164463.532002.jpg","type":"image\/jpeg"}],"author":"cfeditorfr","twitter_card":"summary_large_image","twitter_misc":{"\u00c9crit par":"cfeditorfr","Dur\u00e9e de lecture estim\u00e9e":"3 minutes"},"schema":{"@context":"https:\/\/schema.org","@graph":[{"@type":"Article","@id":"https:\/\/www.africa-press.net\/cotedivoire\/toutes-les-actualites\/lutte-contre-la-fievre-de-lassa-a-abidjan-cedeao#article","isPartOf":{"@id":"https:\/\/www.africa-press.net\/cotedivoire\/toutes-les-actualites\/lutte-contre-la-fievre-de-lassa-a-abidjan-cedeao"},"author":{"name":"cfeditorfr","@id":"https:\/\/www.africa-press.net\/cotedivoire\/#\/schema\/person\/2b1cf3cd81a31e3cd26889ca66d677f1"},"headline":"Lutte contre la fi\u00e8vre de Lassa \u00e0 Abidjan CEDEAO","datePublished":"2025-09-06T16:33:27+00:00","dateModified":"2025-09-06T16:45:02+00:00","mainEntityOfPage":{"@id":"https:\/\/www.africa-press.net\/cotedivoire\/toutes-les-actualites\/lutte-contre-la-fievre-de-lassa-a-abidjan-cedeao"},"wordCount":657,"commentCount":0,"image":{"@id":"https:\/\/www.africa-press.net\/cotedivoire\/toutes-les-actualites\/lutte-contre-la-fievre-de-lassa-a-abidjan-cedeao#primaryimage"},"thumbnailUrl":"https:\/\/static.africa-press.net\/cote\/sites\/43\/2025\/09\/sm_1757164463.532002.jpg","keywords":["Abidjan","CEDEAO","C\u00d4TE D'IVOIRE","ELFIC 2025","\u00e9pid\u00e9mies","fi\u00e8vre","Lassa","m\u00e9dicale","pr\u00e9paration","recherche","sant\u00e9 publique"],"articleSection":["Communaut\u00e9","Toutes les actualit\u00e9s"],"inLanguage":"fr-FR","potentialAction":[{"@type":"CommentAction","name":"Comment","target":["https:\/\/www.africa-press.net\/cotedivoire\/toutes-les-actualites\/lutte-contre-la-fievre-de-lassa-a-abidjan-cedeao#respond"]}]},{"@type":"WebPage","@id":"https:\/\/www.africa-press.net\/cotedivoire\/toutes-les-actualites\/lutte-contre-la-fievre-de-lassa-a-abidjan-cedeao","url":"https:\/\/www.africa-press.net\/cotedivoire\/toutes-les-actualites\/lutte-contre-la-fievre-de-lassa-a-abidjan-cedeao","name":"Lutte contre la fi\u00e8vre de Lassa \u00e0 Abidjan CEDEAO - C\u00f4te d&#039;Ivoire","isPartOf":{"@id":"https:\/\/www.africa-press.net\/cotedivoire\/#website"},"primaryImageOfPage":{"@id":"https:\/\/www.africa-press.net\/cotedivoire\/toutes-les-actualites\/lutte-contre-la-fievre-de-lassa-a-abidjan-cedeao#primaryimage"},"image":{"@id":"https:\/\/www.africa-press.net\/cotedivoire\/toutes-les-actualites\/lutte-contre-la-fievre-de-lassa-a-abidjan-cedeao#primaryimage"},"thumbnailUrl":"https:\/\/static.africa-press.net\/cote\/sites\/43\/2025\/09\/sm_1757164463.532002.jpg","datePublished":"2025-09-06T16:33:27+00:00","dateModified":"2025-09-06T16:45:02+00:00","author":{"@id":"https:\/\/www.africa-press.net\/cotedivoire\/#\/schema\/person\/2b1cf3cd81a31e3cd26889ca66d677f1"},"description":"La capitale e\u0301conomique de la Co\u0302te d\u2019Ivoire se pre\u0301pare a\u0300 accueillir, du 8 au 11 septembre 2025, la 2e Confe\u0301rence int ...","breadcrumb":{"@id":"https:\/\/www.africa-press.net\/cotedivoire\/toutes-les-actualites\/lutte-contre-la-fievre-de-lassa-a-abidjan-cedeao#breadcrumb"},"inLanguage":"fr-FR","potentialAction":[{"@type":"ReadAction","target":["https:\/\/www.africa-press.net\/cotedivoire\/toutes-les-actualites\/lutte-contre-la-fievre-de-lassa-a-abidjan-cedeao"]}]},{"@type":"ImageObject","inLanguage":"fr-FR","@id":"https:\/\/www.africa-press.net\/cotedivoire\/toutes-les-actualites\/lutte-contre-la-fievre-de-lassa-a-abidjan-cedeao#primaryimage","url":"https:\/\/static.africa-press.net\/cote\/sites\/43\/2025\/09\/sm_1757164463.532002.jpg","contentUrl":"https:\/\/static.africa-press.net\/cote\/sites\/43\/2025\/09\/sm_1757164463.532002.jpg","width":720,"height":406,"caption":"Lutte contre la fi\u00e8vre de Lassa \u00e0 Abidjan CEDEAO"},{"@type":"BreadcrumbList","@id":"https:\/\/www.africa-press.net\/cotedivoire\/toutes-les-actualites\/lutte-contre-la-fievre-de-lassa-a-abidjan-cedeao#breadcrumb","itemListElement":[{"@type":"ListItem","position":1,"name":"Accueil","item":"https:\/\/www.africa-press.net\/cotedivoire\/"},{"@type":"ListItem","position":2,"name":"Lutte contre la fi\u00e8vre de Lassa \u00e0 Abidjan CEDEAO"}]},{"@type":"WebSite","@id":"https:\/\/www.africa-press.net\/cotedivoire\/#website","url":"https:\/\/www.africa-press.net\/cotedivoire\/","name":"C\u00f4te d&#039;Ivoire","description":"Just another Africa News Agency Sites site","potentialAction":[{"@type":"SearchAction","target":{"@type":"EntryPoint","urlTemplate":"https:\/\/www.africa-press.net\/cotedivoire\/?s={search_term_string}"},"query-input":{"@type":"PropertyValueSpecification","valueRequired":true,"valueName":"search_term_string"}}],"inLanguage":"fr-FR"},{"@type":"Person","@id":"https:\/\/www.africa-press.net\/cotedivoire\/#\/schema\/person\/2b1cf3cd81a31e3cd26889ca66d677f1","name":"cfeditorfr"}]}},"_links":{"self":[{"href":"https:\/\/www.africa-press.net\/cotedivoire\/wp-json\/wp\/v2\/posts\/104748","targetHints":{"allow":["GET"]}}],"collection":[{"href":"https:\/\/www.africa-press.net\/cotedivoire\/wp-json\/wp\/v2\/posts"}],"about":[{"href":"https:\/\/www.africa-press.net\/cotedivoire\/wp-json\/wp\/v2\/types\/post"}],"author":[{"embeddable":true,"href":"https:\/\/www.africa-press.net\/cotedivoire\/wp-json\/wp\/v2\/users\/82"}],"replies":[{"embeddable":true,"href":"https:\/\/www.africa-press.net\/cotedivoire\/wp-json\/wp\/v2\/comments?post=104748"}],"version-history":[{"count":0,"href":"https:\/\/www.africa-press.net\/cotedivoire\/wp-json\/wp\/v2\/posts\/104748\/revisions"}],"wp:featuredmedia":[{"embeddable":true,"href":"https:\/\/www.africa-press.net\/cotedivoire\/wp-json\/wp\/v2\/media\/104747"}],"wp:attachment":[{"href":"https:\/\/www.africa-press.net\/cotedivoire\/wp-json\/wp\/v2\/media?parent=104748"}],"wp:term":[{"taxonomy":"category","embeddable":true,"href":"https:\/\/www.africa-press.net\/cotedivoire\/wp-json\/wp\/v2\/categories?post=104748"},{"taxonomy":"post_tag","embeddable":true,"href":"https:\/\/www.africa-press.net\/cotedivoire\/wp-json\/wp\/v2\/tags?post=104748"}],"curies":[{"name":"wp","href":"https:\/\/api.w.org\/{rel}","templated":true}]}}