{"id":10482,"date":"2021-07-28T15:34:35","date_gmt":"2021-07-28T15:34:35","guid":{"rendered":"https:\/\/www.africa-press.net\/cotedivoire\/?p=10482"},"modified":"2021-07-28T15:30:57","modified_gmt":"2021-07-28T15:30:57","slug":"cote-divoire-alassane-ouattara-et-laurent-gbagbo-une-rencontre-fraternelle","status":"publish","type":"post","link":"https:\/\/www.africa-press.net\/cotedivoire\/dossiers\/cote-divoire-alassane-ouattara-et-laurent-gbagbo-une-rencontre-fraternelle","title":{"rendered":"C\u00f4te d\u2019Ivoire : Alassane Ouattara et Laurent Gbagbo, une rencontre \u00ab\u00a0fraternelle\u00a0\u00bb"},"content":{"rendered":"<p><span style=\"color: #ff6600\"><strong><a href=\"https:\/\/www.africa-press.net\/\">Africa-Press<\/a> &#8211; <a href=\"https:\/\/www.africa-press.net\/cotedivoire\">C\u00f4te d&rsquo;Ivoire<\/a>. <\/strong><\/span>Alassane Ouattara a re\u00e7u son pr\u00e9d\u00e9cesseur \u00e0 la pr\u00e9sidence le 27 juillet. Les deux hommes, qui ne s\u2019\u00e9taient pas revus depuis dix ans ont appel\u00e9 les Ivoiriens \u00e0 la r\u00e9conciliation.<\/p>\n<p>Lorsque Laurent Gbagbo descend de la voiture, Alassane Ouattara l\u2019attend sur le perron. Il salue celui qu\u2019il appelle affectueusement son \u00ab jeune fr\u00e8re \u00bb. Les deux hommes se font une accolade, puis, main dans la main, se dirigent vers la salle d\u2019audience du petit palais. L\u2019ambiance est chaleureuse, les visages souriants. C\u2019est la premi\u00e8re fois depuis le 25 novembre 2010, lors du d\u00e9bat pr\u00e9sidentiel avant le second tour, que les deux hommes se revoient. L\u00e0 aussi, ils s\u2019\u00e9taient donn\u00e9 une accolade pour se dire au revoir.<\/p>\n<p><b>T\u00eate \u00e0 t\u00eate<\/b><\/p>\n<p>Dans la salle d\u2019audience, des proches des deux hommes attendent. Alassane Ouattara s\u2019est entour\u00e9 de Fid\u00e8le Sarassoro, son directeur de cabinet, Ibrahima Ciss\u00e9 Bacongo, nomm\u00e9 cette semaine ministre-conseiller sp\u00e9cial du pr\u00e9sident, charg\u00e9 des affaires politiques, et d\u2019Adama Bictogo, secr\u00e9taire ex\u00e9cutif du Rassemblement des houphou\u00ebtistes pour la d\u00e9mocratie et la paix (RHDP).<\/p>\n<p>Laurent Gbagbo \u00e9tait quant \u00e0 lui accompagn\u00e9 d\u2019Assoa Adou, secr\u00e9taire g\u00e9n\u00e9ral de la branche dissidente du Front populaire ivoirien (FPI), de Hubert Oulaye, de Georges Armand Ou\u00e9gnin, de Narcisse Kuyo T\u00e9a et de son m\u00e9decin, le Dr Christophe Bl\u00e9.<\/p>\n<p>Apr\u00e8s quelques \u00e9changes, les deux \u00e9quipes se sont retir\u00e9es pour laisser les deux pr\u00e9sidents en t\u00eate \u00e0 t\u00eate. Les discussions ont dur\u00e9 pr\u00e8s d\u2019une heure. Alassane Ouattara et son h\u00f4te du jour se sont ensuite dirig\u00e9s vers le perron pour faire une d\u00e9claration \u00e0 la presse. Toujours souriants et complices, les deux hommes se sont m\u00eame taquin\u00e9s devant les cam\u00e9ras. Face \u00e0 un Laurent Gbagbo s\u2019\u00e9tonnant du fait qu\u2019il y ait autant de journalistes, Alassane Ouattara lui r\u00e9pond, \u00ab c\u2019est \u00e0 cause de toi, Laurent \u00bb. Et les deux hommes de rire \u00e0 l\u2019unisson.<\/p>\n<p><b>La question des prisonniers<\/b><\/p>\n<p>\u00ab Je suis venu rendre visite au pr\u00e9sident Alassane Ouattara, que je connais depuis longtemps. On a parl\u00e9 fraternellement, amicalement et je suis tr\u00e8s heureux parce que c\u2019\u00e9tait tr\u00e8s d\u00e9tendu. Je suis fier de cela. J\u2019ai souhait\u00e9 que nous puissions avoir ce genre d\u2019entretiens qui d\u00e9tendent l\u2019atmosph\u00e8re dans le pays \u00bb, a confi\u00e9 Laurent Gbagbo. \u00ab J\u2019ai insist\u00e9 sur les prisonniers qui ont \u00e9t\u00e9 arr\u00eat\u00e9s au moment de la crise de 2010-2011 et qui sont encore en prison. J\u2019ai dit au pr\u00e9sident, et vous serez d\u2019accord avec moi, j\u2019\u00e9tais leur chef de file : moi je suis dehors aujourd\u2019hui, et eux ils sont en prison. J\u2019aimerais que le pr\u00e9sident fasse tout ce qu\u2019il peut pour les lib\u00e9rer \u00bb, a-t-il insist\u00e9.<\/p>\n<p>Nous avons parl\u00e9 de la paix pour notre pays Apr\u00e8s les \u00e9lections de 2010, le pays avait \u00e9t\u00e9 plong\u00e9 dans une crise, faisant pr\u00e8s de 3000 morts. Rentr\u00e9 le 17 juin apr\u00e8s son acquittement d\u00e9finitif par la CPI, Laurent Gbagbo s\u2019est montr\u00e9 critique ces derni\u00e8res semaines envers son successeur. Il a notamment appel\u00e9 \u00e0 \u00ab respecter les textes \u00bb, en r\u00e9f\u00e9rence \u00e0 la r\u00e9\u00e9lection en 2020 de Alassane Ouattara pour un troisi\u00e8me mandat controvers\u00e9.<\/p>\n<p>Mais cette rencontre entre les deux principaux protagonistes suscite de l\u2019espoir, d\u2019autant qu\u2019ils ont chacun soulign\u00e9 leur volont\u00e9 d\u2019aller de l\u2019avant. \u00ab Nous avons parl\u00e9 de la paix pour notre pays. De la n\u00e9cessit\u00e9 de renforcer la coh\u00e9sion nationale et de continuer de renforcer la r\u00e9conciliation \u00bb, a pour sa part d\u00e9clar\u00e9 Alassane Ouattara, qui a \u00e9galement pr\u00e9sent\u00e9 ses condol\u00e9ances \u00e0 Laurent Gbagbo, dont les parents sont d\u00e9c\u00e9d\u00e9s alors qu\u2019il \u00e9tait \u00e0 la CPI.<\/p>\n<p>\u00ab Nous sommes convenus de nous revoir de temps en temps. Certainement apr\u00e8s le mois d\u2019ao\u00fbt, pour continuer cet entretien et associer, le moment venu, d\u2019autres personnes. Il est important que les uns et les autres comprennent que nous avons d\u00e9cid\u00e9 qu\u2019il est important de r\u00e9tablir la confiance et de faire en sorte que les Ivoiriens se r\u00e9concilient, si c\u2019est cela le terme. Qu\u2019ils se fassent confiance, \u00e9galement. Les \u00e9v\u00e9nements ont \u00e9t\u00e9 douloureux. Il y a eu trop de morts. Nous devons avoir cela derri\u00e8re nous et travailler sur l\u2019avenir, la coh\u00e9sion, la r\u00e9conciliation \u00bb, a-t-il ajout\u00e9.<\/p>\n","protected":false},"excerpt":{"rendered":"<p>Africa-Press &#8211; C\u00f4te d&rsquo;Ivoire. Alassane Ouattara a re\u00e7u son pr\u00e9d\u00e9cesseur \u00e0 la pr\u00e9sidence le 27 juillet. Les deux hommes, qui ne s\u2019\u00e9taient pas revus depuis dix ans ont appel\u00e9 les Ivoiriens \u00e0 la r\u00e9conciliation. Lorsque Laurent Gbagbo descend de la voiture, Alassane Ouattara l\u2019attend sur le perron. Il salue celui qu\u2019il appelle affectueusement son \u00ab [&hellip;]<\/p>\n","protected":false},"author":82,"featured_media":10481,"comment_status":"open","ping_status":"closed","sticky":false,"template":"","format":"standard","meta":{"footnotes":""},"categories":[7,11,20,10],"tags":[56,63,29],"class_list":["post-10482","post","type-post","status-publish","format-standard","has-post-thumbnail","hentry","category-dossiers","category-homepage-french","category-top-nouvelles","category-toutes-les-actualites","tag-africa-press","tag-africa-press-cote-divoire","tag-cote-divoire"],"yoast_head":"<!-- This site is optimized with the Yoast SEO Premium plugin v26.1 (Yoast SEO v27.0) - https:\/\/yoast.com\/product\/yoast-seo-premium-wordpress\/ -->\n<title>C\u00f4te d\u2019Ivoire : Alassane Ouattara et Laurent Gbagbo, une rencontre \u00ab\u00a0fraternelle\u00a0\u00bb - C\u00f4te d&#039;Ivoire<\/title>\n<meta name=\"description\" content=\"Alassane Ouattara a re\u00e7u son pr\u00e9d\u00e9cesseur \u00e0 la pr\u00e9sidence le 27 juillet. Les deux hommes, qui ne s\u2019\u00e9taient pas revus dep ...\" \/>\n<meta name=\"robots\" content=\"index, follow, max-snippet:-1, max-image-preview:large, max-video-preview:-1\" \/>\n<link rel=\"canonical\" href=\"https:\/\/www.africa-press.net\/cotedivoire\/dossiers\/cote-divoire-alassane-ouattara-et-laurent-gbagbo-une-rencontre-fraternelle\" \/>\n<meta property=\"og:locale\" content=\"fr_FR\" \/>\n<meta property=\"og:type\" content=\"article\" \/>\n<meta property=\"og:title\" content=\"C\u00f4te d\u2019Ivoire : Alassane Ouattara et Laurent Gbagbo, une rencontre \u00ab\u00a0fraternelle\u00a0\u00bb\" \/>\n<meta property=\"og:description\" content=\"Alassane Ouattara a re\u00e7u son pr\u00e9d\u00e9cesseur \u00e0 la pr\u00e9sidence le 27 juillet. Les deux hommes, qui ne s\u2019\u00e9taient pas revus dep ...\" \/>\n<meta property=\"og:url\" content=\"https:\/\/www.africa-press.net\/cotedivoire\/dossiers\/cote-divoire-alassane-ouattara-et-laurent-gbagbo-une-rencontre-fraternelle\" \/>\n<meta property=\"og:site_name\" content=\"C\u00f4te d&#039;Ivoire\" \/>\n<meta property=\"article:published_time\" content=\"2021-07-28T15:34:35+00:00\" \/>\n<meta property=\"og:image\" content=\"https:\/\/static.africa-press.net\/cote\/sites\/43\/2021\/07\/img-6101780f265d7.jpg\" \/>\n\t<meta property=\"og:image:width\" content=\"720\" \/>\n\t<meta property=\"og:image:height\" content=\"360\" \/>\n\t<meta property=\"og:image:type\" content=\"image\/jpeg\" \/>\n<meta name=\"author\" content=\"cfeditorfr\" \/>\n<meta name=\"twitter:card\" content=\"summary_large_image\" \/>\n<meta name=\"twitter:label1\" content=\"\u00c9crit par\" \/>\n\t<meta name=\"twitter:data1\" content=\"cfeditorfr\" \/>\n\t<meta name=\"twitter:label2\" content=\"Dur\u00e9e de lecture estim\u00e9e\" \/>\n\t<meta name=\"twitter:data2\" content=\"4 minutes\" \/>\n<script type=\"application\/ld+json\" class=\"yoast-schema-graph\">{\"@context\":\"https:\/\/schema.org\",\"@graph\":[{\"@type\":\"Article\",\"@id\":\"https:\/\/www.africa-press.net\/cotedivoire\/dossiers\/cote-divoire-alassane-ouattara-et-laurent-gbagbo-une-rencontre-fraternelle#article\",\"isPartOf\":{\"@id\":\"https:\/\/www.africa-press.net\/cotedivoire\/dossiers\/cote-divoire-alassane-ouattara-et-laurent-gbagbo-une-rencontre-fraternelle\"},\"author\":{\"name\":\"cfeditorfr\",\"@id\":\"https:\/\/www.africa-press.net\/cotedivoire\/#\/schema\/person\/2b1cf3cd81a31e3cd26889ca66d677f1\"},\"headline\":\"C\u00f4te d\u2019Ivoire : Alassane Ouattara et Laurent Gbagbo, une rencontre \u00ab\u00a0fraternelle\u00a0\u00bb\",\"datePublished\":\"2021-07-28T15:34:35+00:00\",\"mainEntityOfPage\":{\"@id\":\"https:\/\/www.africa-press.net\/cotedivoire\/dossiers\/cote-divoire-alassane-ouattara-et-laurent-gbagbo-une-rencontre-fraternelle\"},\"wordCount\":770,\"commentCount\":0,\"image\":{\"@id\":\"https:\/\/www.africa-press.net\/cotedivoire\/dossiers\/cote-divoire-alassane-ouattara-et-laurent-gbagbo-une-rencontre-fraternelle#primaryimage\"},\"thumbnailUrl\":\"https:\/\/static.africa-press.net\/cote\/sites\/43\/2021\/07\/img-6101780f265d7.jpg\",\"keywords\":[\"Africa Press\",\"Africa Press-C\u00f4te d'Ivoire\",\"C\u00d4TE D'IVOIRE\"],\"articleSection\":[\"Dossiers\",\"homepage-french\",\"Top Nouvelles\",\"Toutes les actualit\u00e9s\"],\"inLanguage\":\"fr-FR\",\"potentialAction\":[{\"@type\":\"CommentAction\",\"name\":\"Comment\",\"target\":[\"https:\/\/www.africa-press.net\/cotedivoire\/dossiers\/cote-divoire-alassane-ouattara-et-laurent-gbagbo-une-rencontre-fraternelle#respond\"]}]},{\"@type\":\"WebPage\",\"@id\":\"https:\/\/www.africa-press.net\/cotedivoire\/dossiers\/cote-divoire-alassane-ouattara-et-laurent-gbagbo-une-rencontre-fraternelle\",\"url\":\"https:\/\/www.africa-press.net\/cotedivoire\/dossiers\/cote-divoire-alassane-ouattara-et-laurent-gbagbo-une-rencontre-fraternelle\",\"name\":\"C\u00f4te d\u2019Ivoire : Alassane Ouattara et Laurent Gbagbo, une rencontre \u00ab\u00a0fraternelle\u00a0\u00bb - C\u00f4te d&#039;Ivoire\",\"isPartOf\":{\"@id\":\"https:\/\/www.africa-press.net\/cotedivoire\/#website\"},\"primaryImageOfPage\":{\"@id\":\"https:\/\/www.africa-press.net\/cotedivoire\/dossiers\/cote-divoire-alassane-ouattara-et-laurent-gbagbo-une-rencontre-fraternelle#primaryimage\"},\"image\":{\"@id\":\"https:\/\/www.africa-press.net\/cotedivoire\/dossiers\/cote-divoire-alassane-ouattara-et-laurent-gbagbo-une-rencontre-fraternelle#primaryimage\"},\"thumbnailUrl\":\"https:\/\/static.africa-press.net\/cote\/sites\/43\/2021\/07\/img-6101780f265d7.jpg\",\"datePublished\":\"2021-07-28T15:34:35+00:00\",\"author\":{\"@id\":\"https:\/\/www.africa-press.net\/cotedivoire\/#\/schema\/person\/2b1cf3cd81a31e3cd26889ca66d677f1\"},\"description\":\"Alassane Ouattara a re\u00e7u son pr\u00e9d\u00e9cesseur \u00e0 la pr\u00e9sidence le 27 juillet. Les deux hommes, qui ne s\u2019\u00e9taient pas revus dep ...\",\"breadcrumb\":{\"@id\":\"https:\/\/www.africa-press.net\/cotedivoire\/dossiers\/cote-divoire-alassane-ouattara-et-laurent-gbagbo-une-rencontre-fraternelle#breadcrumb\"},\"inLanguage\":\"fr-FR\",\"potentialAction\":[{\"@type\":\"ReadAction\",\"target\":[\"https:\/\/www.africa-press.net\/cotedivoire\/dossiers\/cote-divoire-alassane-ouattara-et-laurent-gbagbo-une-rencontre-fraternelle\"]}]},{\"@type\":\"ImageObject\",\"inLanguage\":\"fr-FR\",\"@id\":\"https:\/\/www.africa-press.net\/cotedivoire\/dossiers\/cote-divoire-alassane-ouattara-et-laurent-gbagbo-une-rencontre-fraternelle#primaryimage\",\"url\":\"https:\/\/static.africa-press.net\/cote\/sites\/43\/2021\/07\/img-6101780f265d7.jpg\",\"contentUrl\":\"https:\/\/static.africa-press.net\/cote\/sites\/43\/2021\/07\/img-6101780f265d7.jpg\",\"width\":720,\"height\":360,\"caption\":\"C\u00f4te d\u2019Ivoire : Alassane Ouattara et Laurent Gbagbo, une rencontre \u00ab\u00a0fraternelle\u00a0\u00bb\"},{\"@type\":\"BreadcrumbList\",\"@id\":\"https:\/\/www.africa-press.net\/cotedivoire\/dossiers\/cote-divoire-alassane-ouattara-et-laurent-gbagbo-une-rencontre-fraternelle#breadcrumb\",\"itemListElement\":[{\"@type\":\"ListItem\",\"position\":1,\"name\":\"Accueil\",\"item\":\"https:\/\/www.africa-press.net\/cotedivoire\/\"},{\"@type\":\"ListItem\",\"position\":2,\"name\":\"C\u00f4te d\u2019Ivoire : Alassane Ouattara et Laurent Gbagbo, une rencontre \u00ab\u00a0fraternelle\u00a0\u00bb\"}]},{\"@type\":\"WebSite\",\"@id\":\"https:\/\/www.africa-press.net\/cotedivoire\/#website\",\"url\":\"https:\/\/www.africa-press.net\/cotedivoire\/\",\"name\":\"C\u00f4te d&#039;Ivoire\",\"description\":\"Just another Africa News Agency Sites site\",\"potentialAction\":[{\"@type\":\"SearchAction\",\"target\":{\"@type\":\"EntryPoint\",\"urlTemplate\":\"https:\/\/www.africa-press.net\/cotedivoire\/?s={search_term_string}\"},\"query-input\":{\"@type\":\"PropertyValueSpecification\",\"valueRequired\":true,\"valueName\":\"search_term_string\"}}],\"inLanguage\":\"fr-FR\"},{\"@type\":\"Person\",\"@id\":\"https:\/\/www.africa-press.net\/cotedivoire\/#\/schema\/person\/2b1cf3cd81a31e3cd26889ca66d677f1\",\"name\":\"cfeditorfr\"}]}<\/script>\n<!-- \/ Yoast SEO Premium plugin. -->","yoast_head_json":{"title":"C\u00f4te d\u2019Ivoire : Alassane Ouattara et Laurent Gbagbo, une rencontre \u00ab\u00a0fraternelle\u00a0\u00bb - C\u00f4te d&#039;Ivoire","description":"Alassane Ouattara a re\u00e7u son pr\u00e9d\u00e9cesseur \u00e0 la pr\u00e9sidence le 27 juillet. Les deux hommes, qui ne s\u2019\u00e9taient pas revus dep ...","robots":{"index":"index","follow":"follow","max-snippet":"max-snippet:-1","max-image-preview":"max-image-preview:large","max-video-preview":"max-video-preview:-1"},"canonical":"https:\/\/www.africa-press.net\/cotedivoire\/dossiers\/cote-divoire-alassane-ouattara-et-laurent-gbagbo-une-rencontre-fraternelle","og_locale":"fr_FR","og_type":"article","og_title":"C\u00f4te d\u2019Ivoire : Alassane Ouattara et Laurent Gbagbo, une rencontre \u00ab\u00a0fraternelle\u00a0\u00bb","og_description":"Alassane Ouattara a re\u00e7u son pr\u00e9d\u00e9cesseur \u00e0 la pr\u00e9sidence le 27 juillet. Les deux hommes, qui ne s\u2019\u00e9taient pas revus dep ...","og_url":"https:\/\/www.africa-press.net\/cotedivoire\/dossiers\/cote-divoire-alassane-ouattara-et-laurent-gbagbo-une-rencontre-fraternelle","og_site_name":"C\u00f4te d&#039;Ivoire","article_published_time":"2021-07-28T15:34:35+00:00","og_image":[{"width":720,"height":360,"url":"https:\/\/static.africa-press.net\/cote\/sites\/43\/2021\/07\/img-6101780f265d7.jpg","type":"image\/jpeg"}],"author":"cfeditorfr","twitter_card":"summary_large_image","twitter_misc":{"\u00c9crit par":"cfeditorfr","Dur\u00e9e de lecture estim\u00e9e":"4 minutes"},"schema":{"@context":"https:\/\/schema.org","@graph":[{"@type":"Article","@id":"https:\/\/www.africa-press.net\/cotedivoire\/dossiers\/cote-divoire-alassane-ouattara-et-laurent-gbagbo-une-rencontre-fraternelle#article","isPartOf":{"@id":"https:\/\/www.africa-press.net\/cotedivoire\/dossiers\/cote-divoire-alassane-ouattara-et-laurent-gbagbo-une-rencontre-fraternelle"},"author":{"name":"cfeditorfr","@id":"https:\/\/www.africa-press.net\/cotedivoire\/#\/schema\/person\/2b1cf3cd81a31e3cd26889ca66d677f1"},"headline":"C\u00f4te d\u2019Ivoire : Alassane Ouattara et Laurent Gbagbo, une rencontre \u00ab\u00a0fraternelle\u00a0\u00bb","datePublished":"2021-07-28T15:34:35+00:00","mainEntityOfPage":{"@id":"https:\/\/www.africa-press.net\/cotedivoire\/dossiers\/cote-divoire-alassane-ouattara-et-laurent-gbagbo-une-rencontre-fraternelle"},"wordCount":770,"commentCount":0,"image":{"@id":"https:\/\/www.africa-press.net\/cotedivoire\/dossiers\/cote-divoire-alassane-ouattara-et-laurent-gbagbo-une-rencontre-fraternelle#primaryimage"},"thumbnailUrl":"https:\/\/static.africa-press.net\/cote\/sites\/43\/2021\/07\/img-6101780f265d7.jpg","keywords":["Africa Press","Africa Press-C\u00f4te d'Ivoire","C\u00d4TE D'IVOIRE"],"articleSection":["Dossiers","homepage-french","Top Nouvelles","Toutes les actualit\u00e9s"],"inLanguage":"fr-FR","potentialAction":[{"@type":"CommentAction","name":"Comment","target":["https:\/\/www.africa-press.net\/cotedivoire\/dossiers\/cote-divoire-alassane-ouattara-et-laurent-gbagbo-une-rencontre-fraternelle#respond"]}]},{"@type":"WebPage","@id":"https:\/\/www.africa-press.net\/cotedivoire\/dossiers\/cote-divoire-alassane-ouattara-et-laurent-gbagbo-une-rencontre-fraternelle","url":"https:\/\/www.africa-press.net\/cotedivoire\/dossiers\/cote-divoire-alassane-ouattara-et-laurent-gbagbo-une-rencontre-fraternelle","name":"C\u00f4te d\u2019Ivoire : Alassane Ouattara et Laurent Gbagbo, une rencontre \u00ab\u00a0fraternelle\u00a0\u00bb - C\u00f4te d&#039;Ivoire","isPartOf":{"@id":"https:\/\/www.africa-press.net\/cotedivoire\/#website"},"primaryImageOfPage":{"@id":"https:\/\/www.africa-press.net\/cotedivoire\/dossiers\/cote-divoire-alassane-ouattara-et-laurent-gbagbo-une-rencontre-fraternelle#primaryimage"},"image":{"@id":"https:\/\/www.africa-press.net\/cotedivoire\/dossiers\/cote-divoire-alassane-ouattara-et-laurent-gbagbo-une-rencontre-fraternelle#primaryimage"},"thumbnailUrl":"https:\/\/static.africa-press.net\/cote\/sites\/43\/2021\/07\/img-6101780f265d7.jpg","datePublished":"2021-07-28T15:34:35+00:00","author":{"@id":"https:\/\/www.africa-press.net\/cotedivoire\/#\/schema\/person\/2b1cf3cd81a31e3cd26889ca66d677f1"},"description":"Alassane Ouattara a re\u00e7u son pr\u00e9d\u00e9cesseur \u00e0 la pr\u00e9sidence le 27 juillet. Les deux hommes, qui ne s\u2019\u00e9taient pas revus dep ...","breadcrumb":{"@id":"https:\/\/www.africa-press.net\/cotedivoire\/dossiers\/cote-divoire-alassane-ouattara-et-laurent-gbagbo-une-rencontre-fraternelle#breadcrumb"},"inLanguage":"fr-FR","potentialAction":[{"@type":"ReadAction","target":["https:\/\/www.africa-press.net\/cotedivoire\/dossiers\/cote-divoire-alassane-ouattara-et-laurent-gbagbo-une-rencontre-fraternelle"]}]},{"@type":"ImageObject","inLanguage":"fr-FR","@id":"https:\/\/www.africa-press.net\/cotedivoire\/dossiers\/cote-divoire-alassane-ouattara-et-laurent-gbagbo-une-rencontre-fraternelle#primaryimage","url":"https:\/\/static.africa-press.net\/cote\/sites\/43\/2021\/07\/img-6101780f265d7.jpg","contentUrl":"https:\/\/static.africa-press.net\/cote\/sites\/43\/2021\/07\/img-6101780f265d7.jpg","width":720,"height":360,"caption":"C\u00f4te d\u2019Ivoire : Alassane Ouattara et Laurent Gbagbo, une rencontre \u00ab\u00a0fraternelle\u00a0\u00bb"},{"@type":"BreadcrumbList","@id":"https:\/\/www.africa-press.net\/cotedivoire\/dossiers\/cote-divoire-alassane-ouattara-et-laurent-gbagbo-une-rencontre-fraternelle#breadcrumb","itemListElement":[{"@type":"ListItem","position":1,"name":"Accueil","item":"https:\/\/www.africa-press.net\/cotedivoire\/"},{"@type":"ListItem","position":2,"name":"C\u00f4te d\u2019Ivoire : Alassane Ouattara et Laurent Gbagbo, une rencontre \u00ab\u00a0fraternelle\u00a0\u00bb"}]},{"@type":"WebSite","@id":"https:\/\/www.africa-press.net\/cotedivoire\/#website","url":"https:\/\/www.africa-press.net\/cotedivoire\/","name":"C\u00f4te d&#039;Ivoire","description":"Just another Africa News Agency Sites site","potentialAction":[{"@type":"SearchAction","target":{"@type":"EntryPoint","urlTemplate":"https:\/\/www.africa-press.net\/cotedivoire\/?s={search_term_string}"},"query-input":{"@type":"PropertyValueSpecification","valueRequired":true,"valueName":"search_term_string"}}],"inLanguage":"fr-FR"},{"@type":"Person","@id":"https:\/\/www.africa-press.net\/cotedivoire\/#\/schema\/person\/2b1cf3cd81a31e3cd26889ca66d677f1","name":"cfeditorfr"}]}},"_links":{"self":[{"href":"https:\/\/www.africa-press.net\/cotedivoire\/wp-json\/wp\/v2\/posts\/10482","targetHints":{"allow":["GET"]}}],"collection":[{"href":"https:\/\/www.africa-press.net\/cotedivoire\/wp-json\/wp\/v2\/posts"}],"about":[{"href":"https:\/\/www.africa-press.net\/cotedivoire\/wp-json\/wp\/v2\/types\/post"}],"author":[{"embeddable":true,"href":"https:\/\/www.africa-press.net\/cotedivoire\/wp-json\/wp\/v2\/users\/82"}],"replies":[{"embeddable":true,"href":"https:\/\/www.africa-press.net\/cotedivoire\/wp-json\/wp\/v2\/comments?post=10482"}],"version-history":[{"count":0,"href":"https:\/\/www.africa-press.net\/cotedivoire\/wp-json\/wp\/v2\/posts\/10482\/revisions"}],"wp:featuredmedia":[{"embeddable":true,"href":"https:\/\/www.africa-press.net\/cotedivoire\/wp-json\/wp\/v2\/media\/10481"}],"wp:attachment":[{"href":"https:\/\/www.africa-press.net\/cotedivoire\/wp-json\/wp\/v2\/media?parent=10482"}],"wp:term":[{"taxonomy":"category","embeddable":true,"href":"https:\/\/www.africa-press.net\/cotedivoire\/wp-json\/wp\/v2\/categories?post=10482"},{"taxonomy":"post_tag","embeddable":true,"href":"https:\/\/www.africa-press.net\/cotedivoire\/wp-json\/wp\/v2\/tags?post=10482"}],"curies":[{"name":"wp","href":"https:\/\/api.w.org\/{rel}","templated":true}]}}