{"id":10485,"date":"2021-07-28T15:43:18","date_gmt":"2021-07-28T15:43:18","guid":{"rendered":"https:\/\/www.africa-press.net\/cotedivoire\/?p=10485"},"modified":"2021-07-28T20:36:24","modified_gmt":"2021-07-28T20:36:24","slug":"cote-divoire-pourquoi-ibrahim-cisse-bacongo-revient-aux-affaires","status":"publish","type":"post","link":"https:\/\/www.africa-press.net\/cotedivoire\/politique\/cote-divoire-pourquoi-ibrahim-cisse-bacongo-revient-aux-affaires","title":{"rendered":"pourquoi Ibrahim Ciss\u00e9 Bacongo revient aux affaires"},"content":{"rendered":"<p><span style=\"color: #ff6600\"><strong><a href=\"https:\/\/www.africa-press.net\/\">Africa-Press<\/a> &#8211; <a href=\"https:\/\/www.africa-press.net\/cotedivoire\">C\u00f4te d&rsquo;Ivoire<\/a>. <\/strong><\/span>\u00c0 la surprise g\u00e9n\u00e9rale, Alassane Ouattara a nomm\u00e9 ce cacique du r\u00e9gime conseiller sp\u00e9cial charg\u00e9 des affaires politiques avec rang de ministre. <b>Ibrahim Ciss\u00e9 Bacongo<\/b><\/p>\n<p>r\u00e9int\u00e8gre le cabinet pr\u00e9sidentiel aux fonctions qu\u2019il avait quitt\u00e9es lors du remaniement gouvernemental du 6 avril dernier. Le maire de Koumassi devient le deuxi\u00e8me ministre conseiller sp\u00e9cial, apr\u00e8s Ally Coulibaly, nomm\u00e9 en juin. Le pr\u00e9sident Alassane Ouattara l\u2019a re\u00e7u pour le briefer sur ses nouvelles missions.<\/p>\n<p><b>\u00a0<\/b><\/p>\n","protected":false},"excerpt":{"rendered":"<p>Africa-Press &#8211; C\u00f4te d&rsquo;Ivoire. \u00c0 la surprise g\u00e9n\u00e9rale, Alassane Ouattara a nomm\u00e9 ce cacique du r\u00e9gime conseiller sp\u00e9cial charg\u00e9 des affaires politiques avec rang de ministre. Ibrahim Ciss\u00e9 Bacongo r\u00e9int\u00e8gre le cabinet pr\u00e9sidentiel aux fonctions qu\u2019il avait quitt\u00e9es lors du remaniement gouvernemental du 6 avril dernier. Le maire de Koumassi devient le deuxi\u00e8me ministre conseiller [&hellip;]<\/p>\n","protected":false},"author":82,"featured_media":10484,"comment_status":"open","ping_status":"closed","sticky":false,"template":"","format":"standard","meta":{"footnotes":""},"categories":[11,2,20,10],"tags":[56,63,29],"class_list":["post-10485","post","type-post","status-publish","format-standard","has-post-thumbnail","hentry","category-homepage-french","category-politique","category-top-nouvelles","category-toutes-les-actualites","tag-africa-press","tag-africa-press-cote-divoire","tag-cote-divoire"],"yoast_head":"<!-- This site is optimized with the Yoast SEO Premium plugin v26.1 (Yoast SEO v27.0) - https:\/\/yoast.com\/product\/yoast-seo-premium-wordpress\/ -->\n<title>pourquoi Ibrahim Ciss\u00e9 Bacongo revient aux affaires - C\u00f4te d&#039;Ivoire<\/title>\n<meta name=\"description\" content=\"\u00c0 la surprise g\u00e9n\u00e9rale, Alassane Ouattara a nomm\u00e9 ce cacique du r\u00e9gime conseiller sp\u00e9cial charg\u00e9 des affaires politiques ...\" \/>\n<meta name=\"robots\" content=\"index, follow, max-snippet:-1, max-image-preview:large, max-video-preview:-1\" \/>\n<link rel=\"canonical\" href=\"https:\/\/www.africa-press.net\/cotedivoire\/politique\/cote-divoire-pourquoi-ibrahim-cisse-bacongo-revient-aux-affaires\" \/>\n<meta property=\"og:locale\" content=\"fr_FR\" \/>\n<meta property=\"og:type\" content=\"article\" \/>\n<meta property=\"og:title\" content=\"pourquoi Ibrahim Ciss\u00e9 Bacongo revient aux affaires\" \/>\n<meta property=\"og:description\" content=\"\u00c0 la surprise g\u00e9n\u00e9rale, Alassane Ouattara a nomm\u00e9 ce cacique du r\u00e9gime conseiller sp\u00e9cial charg\u00e9 des affaires politiques ...\" \/>\n<meta property=\"og:url\" content=\"https:\/\/www.africa-press.net\/cotedivoire\/politique\/cote-divoire-pourquoi-ibrahim-cisse-bacongo-revient-aux-affaires\" \/>\n<meta property=\"og:site_name\" content=\"C\u00f4te d&#039;Ivoire\" \/>\n<meta property=\"article:published_time\" content=\"2021-07-28T15:43:18+00:00\" \/>\n<meta property=\"article:modified_time\" content=\"2021-07-28T20:36:24+00:00\" \/>\n<meta property=\"og:image\" content=\"https:\/\/static.africa-press.net\/cote\/sites\/43\/2021\/07\/img-6101783a71a8f.jpg\" \/>\n\t<meta property=\"og:image:width\" content=\"720\" \/>\n\t<meta property=\"og:image:height\" content=\"360\" \/>\n\t<meta property=\"og:image:type\" content=\"image\/jpeg\" \/>\n<meta name=\"author\" content=\"cfeditorfr\" \/>\n<meta name=\"twitter:card\" content=\"summary_large_image\" \/>\n<meta name=\"twitter:label1\" content=\"\u00c9crit par\" \/>\n\t<meta name=\"twitter:data1\" content=\"cfeditorfr\" \/>\n\t<meta name=\"twitter:label2\" content=\"Dur\u00e9e de lecture estim\u00e9e\" \/>\n\t<meta name=\"twitter:data2\" content=\"1 minute\" \/>\n<script type=\"application\/ld+json\" class=\"yoast-schema-graph\">{\"@context\":\"https:\/\/schema.org\",\"@graph\":[{\"@type\":\"Article\",\"@id\":\"https:\/\/www.africa-press.net\/cotedivoire\/politique\/cote-divoire-pourquoi-ibrahim-cisse-bacongo-revient-aux-affaires#article\",\"isPartOf\":{\"@id\":\"https:\/\/www.africa-press.net\/cotedivoire\/politique\/cote-divoire-pourquoi-ibrahim-cisse-bacongo-revient-aux-affaires\"},\"author\":{\"name\":\"cfeditorfr\",\"@id\":\"https:\/\/www.africa-press.net\/cotedivoire\/#\/schema\/person\/2b1cf3cd81a31e3cd26889ca66d677f1\"},\"headline\":\"pourquoi Ibrahim Ciss\u00e9 Bacongo revient aux affaires\",\"datePublished\":\"2021-07-28T15:43:18+00:00\",\"dateModified\":\"2021-07-28T20:36:24+00:00\",\"mainEntityOfPage\":{\"@id\":\"https:\/\/www.africa-press.net\/cotedivoire\/politique\/cote-divoire-pourquoi-ibrahim-cisse-bacongo-revient-aux-affaires\"},\"wordCount\":97,\"commentCount\":0,\"image\":{\"@id\":\"https:\/\/www.africa-press.net\/cotedivoire\/politique\/cote-divoire-pourquoi-ibrahim-cisse-bacongo-revient-aux-affaires#primaryimage\"},\"thumbnailUrl\":\"https:\/\/static.africa-press.net\/cote\/sites\/43\/2021\/07\/img-6101783a71a8f.jpg\",\"keywords\":[\"Africa Press\",\"Africa Press-C\u00f4te d'Ivoire\",\"C\u00d4TE D'IVOIRE\"],\"articleSection\":[\"homepage-french\",\"Politique\",\"Top Nouvelles\",\"Toutes les actualit\u00e9s\"],\"inLanguage\":\"fr-FR\",\"potentialAction\":[{\"@type\":\"CommentAction\",\"name\":\"Comment\",\"target\":[\"https:\/\/www.africa-press.net\/cotedivoire\/politique\/cote-divoire-pourquoi-ibrahim-cisse-bacongo-revient-aux-affaires#respond\"]}]},{\"@type\":\"WebPage\",\"@id\":\"https:\/\/www.africa-press.net\/cotedivoire\/politique\/cote-divoire-pourquoi-ibrahim-cisse-bacongo-revient-aux-affaires\",\"url\":\"https:\/\/www.africa-press.net\/cotedivoire\/politique\/cote-divoire-pourquoi-ibrahim-cisse-bacongo-revient-aux-affaires\",\"name\":\"pourquoi Ibrahim Ciss\u00e9 Bacongo revient aux affaires - C\u00f4te d&#039;Ivoire\",\"isPartOf\":{\"@id\":\"https:\/\/www.africa-press.net\/cotedivoire\/#website\"},\"primaryImageOfPage\":{\"@id\":\"https:\/\/www.africa-press.net\/cotedivoire\/politique\/cote-divoire-pourquoi-ibrahim-cisse-bacongo-revient-aux-affaires#primaryimage\"},\"image\":{\"@id\":\"https:\/\/www.africa-press.net\/cotedivoire\/politique\/cote-divoire-pourquoi-ibrahim-cisse-bacongo-revient-aux-affaires#primaryimage\"},\"thumbnailUrl\":\"https:\/\/static.africa-press.net\/cote\/sites\/43\/2021\/07\/img-6101783a71a8f.jpg\",\"datePublished\":\"2021-07-28T15:43:18+00:00\",\"dateModified\":\"2021-07-28T20:36:24+00:00\",\"author\":{\"@id\":\"https:\/\/www.africa-press.net\/cotedivoire\/#\/schema\/person\/2b1cf3cd81a31e3cd26889ca66d677f1\"},\"description\":\"\u00c0 la surprise g\u00e9n\u00e9rale, Alassane Ouattara a nomm\u00e9 ce cacique du r\u00e9gime conseiller sp\u00e9cial charg\u00e9 des affaires politiques ...\",\"breadcrumb\":{\"@id\":\"https:\/\/www.africa-press.net\/cotedivoire\/politique\/cote-divoire-pourquoi-ibrahim-cisse-bacongo-revient-aux-affaires#breadcrumb\"},\"inLanguage\":\"fr-FR\",\"potentialAction\":[{\"@type\":\"ReadAction\",\"target\":[\"https:\/\/www.africa-press.net\/cotedivoire\/politique\/cote-divoire-pourquoi-ibrahim-cisse-bacongo-revient-aux-affaires\"]}]},{\"@type\":\"ImageObject\",\"inLanguage\":\"fr-FR\",\"@id\":\"https:\/\/www.africa-press.net\/cotedivoire\/politique\/cote-divoire-pourquoi-ibrahim-cisse-bacongo-revient-aux-affaires#primaryimage\",\"url\":\"https:\/\/static.africa-press.net\/cote\/sites\/43\/2021\/07\/img-6101783a71a8f.jpg\",\"contentUrl\":\"https:\/\/static.africa-press.net\/cote\/sites\/43\/2021\/07\/img-6101783a71a8f.jpg\",\"width\":720,\"height\":360,\"caption\":\"C\u00f4te d\u2019Ivoire : pourquoi Ibrahim Ciss\u00e9 Bacongo revient aux affaires\"},{\"@type\":\"BreadcrumbList\",\"@id\":\"https:\/\/www.africa-press.net\/cotedivoire\/politique\/cote-divoire-pourquoi-ibrahim-cisse-bacongo-revient-aux-affaires#breadcrumb\",\"itemListElement\":[{\"@type\":\"ListItem\",\"position\":1,\"name\":\"Accueil\",\"item\":\"https:\/\/www.africa-press.net\/cotedivoire\/\"},{\"@type\":\"ListItem\",\"position\":2,\"name\":\"pourquoi Ibrahim Ciss\u00e9 Bacongo revient aux affaires\"}]},{\"@type\":\"WebSite\",\"@id\":\"https:\/\/www.africa-press.net\/cotedivoire\/#website\",\"url\":\"https:\/\/www.africa-press.net\/cotedivoire\/\",\"name\":\"C\u00f4te d&#039;Ivoire\",\"description\":\"Just another Africa News Agency Sites site\",\"potentialAction\":[{\"@type\":\"SearchAction\",\"target\":{\"@type\":\"EntryPoint\",\"urlTemplate\":\"https:\/\/www.africa-press.net\/cotedivoire\/?s={search_term_string}\"},\"query-input\":{\"@type\":\"PropertyValueSpecification\",\"valueRequired\":true,\"valueName\":\"search_term_string\"}}],\"inLanguage\":\"fr-FR\"},{\"@type\":\"Person\",\"@id\":\"https:\/\/www.africa-press.net\/cotedivoire\/#\/schema\/person\/2b1cf3cd81a31e3cd26889ca66d677f1\",\"name\":\"cfeditorfr\"}]}<\/script>\n<!-- \/ Yoast SEO Premium plugin. -->","yoast_head_json":{"title":"pourquoi Ibrahim Ciss\u00e9 Bacongo revient aux affaires - C\u00f4te d&#039;Ivoire","description":"\u00c0 la surprise g\u00e9n\u00e9rale, Alassane Ouattara a nomm\u00e9 ce cacique du r\u00e9gime conseiller sp\u00e9cial charg\u00e9 des affaires politiques ...","robots":{"index":"index","follow":"follow","max-snippet":"max-snippet:-1","max-image-preview":"max-image-preview:large","max-video-preview":"max-video-preview:-1"},"canonical":"https:\/\/www.africa-press.net\/cotedivoire\/politique\/cote-divoire-pourquoi-ibrahim-cisse-bacongo-revient-aux-affaires","og_locale":"fr_FR","og_type":"article","og_title":"pourquoi Ibrahim Ciss\u00e9 Bacongo revient aux affaires","og_description":"\u00c0 la surprise g\u00e9n\u00e9rale, Alassane Ouattara a nomm\u00e9 ce cacique du r\u00e9gime conseiller sp\u00e9cial charg\u00e9 des affaires politiques ...","og_url":"https:\/\/www.africa-press.net\/cotedivoire\/politique\/cote-divoire-pourquoi-ibrahim-cisse-bacongo-revient-aux-affaires","og_site_name":"C\u00f4te d&#039;Ivoire","article_published_time":"2021-07-28T15:43:18+00:00","article_modified_time":"2021-07-28T20:36:24+00:00","og_image":[{"width":720,"height":360,"url":"https:\/\/static.africa-press.net\/cote\/sites\/43\/2021\/07\/img-6101783a71a8f.jpg","type":"image\/jpeg"}],"author":"cfeditorfr","twitter_card":"summary_large_image","twitter_misc":{"\u00c9crit par":"cfeditorfr","Dur\u00e9e de lecture estim\u00e9e":"1 minute"},"schema":{"@context":"https:\/\/schema.org","@graph":[{"@type":"Article","@id":"https:\/\/www.africa-press.net\/cotedivoire\/politique\/cote-divoire-pourquoi-ibrahim-cisse-bacongo-revient-aux-affaires#article","isPartOf":{"@id":"https:\/\/www.africa-press.net\/cotedivoire\/politique\/cote-divoire-pourquoi-ibrahim-cisse-bacongo-revient-aux-affaires"},"author":{"name":"cfeditorfr","@id":"https:\/\/www.africa-press.net\/cotedivoire\/#\/schema\/person\/2b1cf3cd81a31e3cd26889ca66d677f1"},"headline":"pourquoi Ibrahim Ciss\u00e9 Bacongo revient aux affaires","datePublished":"2021-07-28T15:43:18+00:00","dateModified":"2021-07-28T20:36:24+00:00","mainEntityOfPage":{"@id":"https:\/\/www.africa-press.net\/cotedivoire\/politique\/cote-divoire-pourquoi-ibrahim-cisse-bacongo-revient-aux-affaires"},"wordCount":97,"commentCount":0,"image":{"@id":"https:\/\/www.africa-press.net\/cotedivoire\/politique\/cote-divoire-pourquoi-ibrahim-cisse-bacongo-revient-aux-affaires#primaryimage"},"thumbnailUrl":"https:\/\/static.africa-press.net\/cote\/sites\/43\/2021\/07\/img-6101783a71a8f.jpg","keywords":["Africa Press","Africa Press-C\u00f4te d'Ivoire","C\u00d4TE D'IVOIRE"],"articleSection":["homepage-french","Politique","Top Nouvelles","Toutes les actualit\u00e9s"],"inLanguage":"fr-FR","potentialAction":[{"@type":"CommentAction","name":"Comment","target":["https:\/\/www.africa-press.net\/cotedivoire\/politique\/cote-divoire-pourquoi-ibrahim-cisse-bacongo-revient-aux-affaires#respond"]}]},{"@type":"WebPage","@id":"https:\/\/www.africa-press.net\/cotedivoire\/politique\/cote-divoire-pourquoi-ibrahim-cisse-bacongo-revient-aux-affaires","url":"https:\/\/www.africa-press.net\/cotedivoire\/politique\/cote-divoire-pourquoi-ibrahim-cisse-bacongo-revient-aux-affaires","name":"pourquoi Ibrahim Ciss\u00e9 Bacongo revient aux affaires - C\u00f4te d&#039;Ivoire","isPartOf":{"@id":"https:\/\/www.africa-press.net\/cotedivoire\/#website"},"primaryImageOfPage":{"@id":"https:\/\/www.africa-press.net\/cotedivoire\/politique\/cote-divoire-pourquoi-ibrahim-cisse-bacongo-revient-aux-affaires#primaryimage"},"image":{"@id":"https:\/\/www.africa-press.net\/cotedivoire\/politique\/cote-divoire-pourquoi-ibrahim-cisse-bacongo-revient-aux-affaires#primaryimage"},"thumbnailUrl":"https:\/\/static.africa-press.net\/cote\/sites\/43\/2021\/07\/img-6101783a71a8f.jpg","datePublished":"2021-07-28T15:43:18+00:00","dateModified":"2021-07-28T20:36:24+00:00","author":{"@id":"https:\/\/www.africa-press.net\/cotedivoire\/#\/schema\/person\/2b1cf3cd81a31e3cd26889ca66d677f1"},"description":"\u00c0 la surprise g\u00e9n\u00e9rale, Alassane Ouattara a nomm\u00e9 ce cacique du r\u00e9gime conseiller sp\u00e9cial charg\u00e9 des affaires politiques ...","breadcrumb":{"@id":"https:\/\/www.africa-press.net\/cotedivoire\/politique\/cote-divoire-pourquoi-ibrahim-cisse-bacongo-revient-aux-affaires#breadcrumb"},"inLanguage":"fr-FR","potentialAction":[{"@type":"ReadAction","target":["https:\/\/www.africa-press.net\/cotedivoire\/politique\/cote-divoire-pourquoi-ibrahim-cisse-bacongo-revient-aux-affaires"]}]},{"@type":"ImageObject","inLanguage":"fr-FR","@id":"https:\/\/www.africa-press.net\/cotedivoire\/politique\/cote-divoire-pourquoi-ibrahim-cisse-bacongo-revient-aux-affaires#primaryimage","url":"https:\/\/static.africa-press.net\/cote\/sites\/43\/2021\/07\/img-6101783a71a8f.jpg","contentUrl":"https:\/\/static.africa-press.net\/cote\/sites\/43\/2021\/07\/img-6101783a71a8f.jpg","width":720,"height":360,"caption":"C\u00f4te d\u2019Ivoire : pourquoi Ibrahim Ciss\u00e9 Bacongo revient aux affaires"},{"@type":"BreadcrumbList","@id":"https:\/\/www.africa-press.net\/cotedivoire\/politique\/cote-divoire-pourquoi-ibrahim-cisse-bacongo-revient-aux-affaires#breadcrumb","itemListElement":[{"@type":"ListItem","position":1,"name":"Accueil","item":"https:\/\/www.africa-press.net\/cotedivoire\/"},{"@type":"ListItem","position":2,"name":"pourquoi Ibrahim Ciss\u00e9 Bacongo revient aux affaires"}]},{"@type":"WebSite","@id":"https:\/\/www.africa-press.net\/cotedivoire\/#website","url":"https:\/\/www.africa-press.net\/cotedivoire\/","name":"C\u00f4te d&#039;Ivoire","description":"Just another Africa News Agency Sites site","potentialAction":[{"@type":"SearchAction","target":{"@type":"EntryPoint","urlTemplate":"https:\/\/www.africa-press.net\/cotedivoire\/?s={search_term_string}"},"query-input":{"@type":"PropertyValueSpecification","valueRequired":true,"valueName":"search_term_string"}}],"inLanguage":"fr-FR"},{"@type":"Person","@id":"https:\/\/www.africa-press.net\/cotedivoire\/#\/schema\/person\/2b1cf3cd81a31e3cd26889ca66d677f1","name":"cfeditorfr"}]}},"_links":{"self":[{"href":"https:\/\/www.africa-press.net\/cotedivoire\/wp-json\/wp\/v2\/posts\/10485","targetHints":{"allow":["GET"]}}],"collection":[{"href":"https:\/\/www.africa-press.net\/cotedivoire\/wp-json\/wp\/v2\/posts"}],"about":[{"href":"https:\/\/www.africa-press.net\/cotedivoire\/wp-json\/wp\/v2\/types\/post"}],"author":[{"embeddable":true,"href":"https:\/\/www.africa-press.net\/cotedivoire\/wp-json\/wp\/v2\/users\/82"}],"replies":[{"embeddable":true,"href":"https:\/\/www.africa-press.net\/cotedivoire\/wp-json\/wp\/v2\/comments?post=10485"}],"version-history":[{"count":0,"href":"https:\/\/www.africa-press.net\/cotedivoire\/wp-json\/wp\/v2\/posts\/10485\/revisions"}],"wp:featuredmedia":[{"embeddable":true,"href":"https:\/\/www.africa-press.net\/cotedivoire\/wp-json\/wp\/v2\/media\/10484"}],"wp:attachment":[{"href":"https:\/\/www.africa-press.net\/cotedivoire\/wp-json\/wp\/v2\/media?parent=10485"}],"wp:term":[{"taxonomy":"category","embeddable":true,"href":"https:\/\/www.africa-press.net\/cotedivoire\/wp-json\/wp\/v2\/categories?post=10485"},{"taxonomy":"post_tag","embeddable":true,"href":"https:\/\/www.africa-press.net\/cotedivoire\/wp-json\/wp\/v2\/tags?post=10485"}],"curies":[{"name":"wp","href":"https:\/\/api.w.org\/{rel}","templated":true}]}}