{"id":104861,"date":"2025-09-08T17:54:58","date_gmt":"2025-09-08T17:54:58","guid":{"rendered":"https:\/\/www.africa-press.net\/cotedivoire\/politique\/diene-keita-en-visite-officielle-a-abidjan"},"modified":"2025-09-08T18:14:42","modified_gmt":"2025-09-08T18:14:42","slug":"diene-keita-en-visite-officielle-a-abidjan","status":"publish","type":"post","link":"https:\/\/www.africa-press.net\/cotedivoire\/politique\/diene-keita-en-visite-officielle-a-abidjan","title":{"rendered":"Diene Keita En Visite Officielle \u00e0 Abidjan"},"content":{"rendered":"<p><span style=\"color: #ff6600\"><strong>Africa-Press &#8211; C\u00f4te d&rsquo;Ivoire. <\/strong><\/span>La Sous-Secre\u0301taire ge\u0301ne\u0301rale des Nations Unies, Diene Keita et Directrice Exe\u0301cutive de l&rsquo;agence des Nations Unies charge\u0301e de la sante\u0301 sexuelle et reproductive (UNFPA), est annonce\u0301e en visite officielle en Co\u0302te d\u2019Ivoire du 06 au 12 septembre 2025.<\/p>\n<p>Nous apprenons que, cette mission de haut niveau vise a\u0300 renforcer le partenariat strate\u0301gique entre l\u2019UNFPA et la Co\u0302te d\u2019Ivoire, autour des priorite\u0301s essentielles dont la sante\u0301 et des droits sexuels et reproductifs, de l\u2019e\u0301galite\u0301 des sexes et du de\u0301veloppement durable.<\/p>\n<p>Au cours de son se\u0301jour, Diene Keita rencontrera des autorite\u0301s ivoiriennes ; le pre\u0301sident de la Banque Africaine de De\u0301veloppement (BAD), pour e\u0301changer sur les synergies et les opportunite\u0301s de coope\u0301ration et de mobilisation de ressources en faveur de la jeunesse, de la sante\u0301 maternelle, autonomisation des femmes et e\u0301galite\u0301 des genres, centralite\u0301 de la population, statistiques de\u0301mographiques et de\u0301veloppement inclusif.<\/p>\n<p>Elle e\u0301changera e\u0301galement avec les partenaires au de\u0301veloppement base\u0301s en Co\u0302te d\u2019ivoire , pour partager les perspectives de collaboration multisectorielle autour des priorite\u0301s strate\u0301giques du pays et de l\u2019UNFPA.<\/p>\n<p>Aussi la Sous-secre\u0301taire des Nations unies effectuera des visites terrain avec plusieurs e\u0301tapes de la Nouvelle Pharmacie de Sante\u0301 Publique, afin de constater les initiatives pour ame\u0301liorer l\u2019acce\u0300s aux produits de sante\u0301 reproductive.<\/p>\n<p>Ensuite, elle ira a\u0300 la de\u0301couverte du Centre d\u2019excellence de l\u2019INFAS, pour observer les innovations dans la formation des sages-femmes et du personnel de sante\u0301. Enfin, elle e\u0301changera avec des femmes et des jeunes, afin d\u2019e\u0301couter leurs aspirations et de renforcer leur participation aux politiques et programmes de de\u0301veloppement.<\/p>\n<p>Diene Keita devient le sixie\u0300me directeur exe\u0301cutif du Fonds des Nations Unies pour la population (FNUAP), occupant le rang de secre\u0301taire ge\u0301ne\u0301ral adjoint.<\/p>\n<p>Elle apporte plus de 30 ans d\u2019expe\u0301rience en leadership dans le de\u0301veloppement international, y compris des postes ministe\u0301riels et de haut niveau au sein des Nations Unies a\u0300 travers l\u2019Afrique.<\/p>\n<p>Diene Keita, de Guine\u0301e, a e\u0301te\u0301 nomme\u0301e ces derniers jours, Directrice exe\u0301cutive du Fonds des Nations Unies pour la population (FNUAP) par le Secre\u0301taire ge\u0301ne\u0301ral des Nations Unies, Anto\u0301nio Guterres.<\/p>\n<p><strong>Pour plus d&rsquo;informations et d&rsquo;analyses sur la <span style=\"color: #ff6600\">C\u00f4te d&rsquo;Ivoire<\/span>, suivez <span style=\"color: #ff6600\">Africa-Press<\/span><\/strong><\/p>\n","protected":false},"excerpt":{"rendered":"<p>Africa-Press &#8211; C\u00f4te d&rsquo;Ivoire. La Sous-Secre\u0301taire ge\u0301ne\u0301rale des Nations Unies, Diene Keita et Directrice Exe\u0301cutive de l&rsquo;agence des Nations Unies charge\u0301e de la sante\u0301 sexuelle et reproductive (UNFPA), est annonce\u0301e en visite officielle en Co\u0302te d\u2019Ivoire du 06 au 12 septembre 2025. Nous apprenons que, cette mission de haut niveau vise a\u0300 renforcer le partenariat [&hellip;]<\/p>\n","protected":false},"author":82,"featured_media":104860,"comment_status":"open","ping_status":"closed","sticky":false,"template":"","format":"standard","meta":{"footnotes":""},"categories":[2,10],"tags":[30,5500,29,18725,2333],"class_list":["post-104861","post","type-post","status-publish","format-standard","has-post-thumbnail","hentry","category-politique","category-toutes-les-actualites","tag-abidjan","tag-antonio-guterres","tag-cote-divoire","tag-diene-keita","tag-unfpa"],"yoast_head":"<!-- This site is optimized with the Yoast SEO Premium plugin v26.1 (Yoast SEO v27.0) - https:\/\/yoast.com\/product\/yoast-seo-premium-wordpress\/ -->\n<title>Diene Keita En Visite Officielle \u00e0 Abidjan - C\u00f4te d&#039;Ivoire<\/title>\n<meta name=\"description\" content=\"La Sous-Secre\u0301taire ge\u0301ne\u0301rale des Nations Unies, Diene Keita et Directrice Exe\u0301cutive de l&#039;agence des Nations Unies cha ...\" \/>\n<meta name=\"robots\" content=\"index, follow, max-snippet:-1, max-image-preview:large, max-video-preview:-1\" \/>\n<link rel=\"canonical\" href=\"https:\/\/www.africa-press.net\/cotedivoire\/politique\/diene-keita-en-visite-officielle-a-abidjan\" \/>\n<meta property=\"og:locale\" content=\"fr_FR\" \/>\n<meta property=\"og:type\" content=\"article\" \/>\n<meta property=\"og:title\" content=\"Diene Keita En Visite Officielle \u00e0 Abidjan\" \/>\n<meta property=\"og:description\" content=\"La Sous-Secre\u0301taire ge\u0301ne\u0301rale des Nations Unies, Diene Keita et Directrice Exe\u0301cutive de l&#039;agence des Nations Unies cha ...\" \/>\n<meta property=\"og:url\" content=\"https:\/\/www.africa-press.net\/cotedivoire\/politique\/diene-keita-en-visite-officielle-a-abidjan\" \/>\n<meta property=\"og:site_name\" content=\"C\u00f4te d&#039;Ivoire\" \/>\n<meta property=\"article:published_time\" content=\"2025-09-08T17:54:58+00:00\" \/>\n<meta property=\"article:modified_time\" content=\"2025-09-08T18:14:42+00:00\" \/>\n<meta property=\"og:image\" content=\"https:\/\/static.africa-press.net\/cote\/sites\/43\/2025\/09\/sm_1757342652.457519.jpg\" \/>\n\t<meta property=\"og:image:width\" content=\"720\" \/>\n\t<meta property=\"og:image:height\" content=\"349\" \/>\n\t<meta property=\"og:image:type\" content=\"image\/jpeg\" \/>\n<meta name=\"author\" content=\"cfeditorfr\" \/>\n<meta name=\"twitter:card\" content=\"summary_large_image\" \/>\n<meta name=\"twitter:label1\" content=\"\u00c9crit par\" \/>\n\t<meta name=\"twitter:data1\" content=\"cfeditorfr\" \/>\n\t<meta name=\"twitter:label2\" content=\"Dur\u00e9e de lecture estim\u00e9e\" \/>\n\t<meta name=\"twitter:data2\" content=\"2 minutes\" \/>\n<script type=\"application\/ld+json\" class=\"yoast-schema-graph\">{\"@context\":\"https:\/\/schema.org\",\"@graph\":[{\"@type\":\"Article\",\"@id\":\"https:\/\/www.africa-press.net\/cotedivoire\/politique\/diene-keita-en-visite-officielle-a-abidjan#article\",\"isPartOf\":{\"@id\":\"https:\/\/www.africa-press.net\/cotedivoire\/politique\/diene-keita-en-visite-officielle-a-abidjan\"},\"author\":{\"name\":\"cfeditorfr\",\"@id\":\"https:\/\/www.africa-press.net\/cotedivoire\/#\/schema\/person\/2b1cf3cd81a31e3cd26889ca66d677f1\"},\"headline\":\"Diene Keita En Visite Officielle \u00e0 Abidjan\",\"datePublished\":\"2025-09-08T17:54:58+00:00\",\"dateModified\":\"2025-09-08T18:14:42+00:00\",\"mainEntityOfPage\":{\"@id\":\"https:\/\/www.africa-press.net\/cotedivoire\/politique\/diene-keita-en-visite-officielle-a-abidjan\"},\"wordCount\":421,\"commentCount\":0,\"image\":{\"@id\":\"https:\/\/www.africa-press.net\/cotedivoire\/politique\/diene-keita-en-visite-officielle-a-abidjan#primaryimage\"},\"thumbnailUrl\":\"https:\/\/static.africa-press.net\/cote\/sites\/43\/2025\/09\/sm_1757342652.457519.jpg\",\"keywords\":[\"Abidjan\",\"Antonio Guterres\",\"C\u00d4TE D'IVOIRE\",\"Diene Keita\",\"UNFPA\"],\"articleSection\":[\"Politique\",\"Toutes les actualit\u00e9s\"],\"inLanguage\":\"fr-FR\",\"potentialAction\":[{\"@type\":\"CommentAction\",\"name\":\"Comment\",\"target\":[\"https:\/\/www.africa-press.net\/cotedivoire\/politique\/diene-keita-en-visite-officielle-a-abidjan#respond\"]}]},{\"@type\":\"WebPage\",\"@id\":\"https:\/\/www.africa-press.net\/cotedivoire\/politique\/diene-keita-en-visite-officielle-a-abidjan\",\"url\":\"https:\/\/www.africa-press.net\/cotedivoire\/politique\/diene-keita-en-visite-officielle-a-abidjan\",\"name\":\"Diene Keita En Visite Officielle \u00e0 Abidjan - C\u00f4te d&#039;Ivoire\",\"isPartOf\":{\"@id\":\"https:\/\/www.africa-press.net\/cotedivoire\/#website\"},\"primaryImageOfPage\":{\"@id\":\"https:\/\/www.africa-press.net\/cotedivoire\/politique\/diene-keita-en-visite-officielle-a-abidjan#primaryimage\"},\"image\":{\"@id\":\"https:\/\/www.africa-press.net\/cotedivoire\/politique\/diene-keita-en-visite-officielle-a-abidjan#primaryimage\"},\"thumbnailUrl\":\"https:\/\/static.africa-press.net\/cote\/sites\/43\/2025\/09\/sm_1757342652.457519.jpg\",\"datePublished\":\"2025-09-08T17:54:58+00:00\",\"dateModified\":\"2025-09-08T18:14:42+00:00\",\"author\":{\"@id\":\"https:\/\/www.africa-press.net\/cotedivoire\/#\/schema\/person\/2b1cf3cd81a31e3cd26889ca66d677f1\"},\"description\":\"La Sous-Secre\u0301taire ge\u0301ne\u0301rale des Nations Unies, Diene Keita et Directrice Exe\u0301cutive de l'agence des Nations Unies cha ...\",\"breadcrumb\":{\"@id\":\"https:\/\/www.africa-press.net\/cotedivoire\/politique\/diene-keita-en-visite-officielle-a-abidjan#breadcrumb\"},\"inLanguage\":\"fr-FR\",\"potentialAction\":[{\"@type\":\"ReadAction\",\"target\":[\"https:\/\/www.africa-press.net\/cotedivoire\/politique\/diene-keita-en-visite-officielle-a-abidjan\"]}]},{\"@type\":\"ImageObject\",\"inLanguage\":\"fr-FR\",\"@id\":\"https:\/\/www.africa-press.net\/cotedivoire\/politique\/diene-keita-en-visite-officielle-a-abidjan#primaryimage\",\"url\":\"https:\/\/static.africa-press.net\/cote\/sites\/43\/2025\/09\/sm_1757342652.457519.jpg\",\"contentUrl\":\"https:\/\/static.africa-press.net\/cote\/sites\/43\/2025\/09\/sm_1757342652.457519.jpg\",\"width\":720,\"height\":349,\"caption\":\"Diene Keita En Visite Officielle \u00e0 Abidjan\"},{\"@type\":\"BreadcrumbList\",\"@id\":\"https:\/\/www.africa-press.net\/cotedivoire\/politique\/diene-keita-en-visite-officielle-a-abidjan#breadcrumb\",\"itemListElement\":[{\"@type\":\"ListItem\",\"position\":1,\"name\":\"Accueil\",\"item\":\"https:\/\/www.africa-press.net\/cotedivoire\/\"},{\"@type\":\"ListItem\",\"position\":2,\"name\":\"Diene Keita En Visite Officielle \u00e0 Abidjan\"}]},{\"@type\":\"WebSite\",\"@id\":\"https:\/\/www.africa-press.net\/cotedivoire\/#website\",\"url\":\"https:\/\/www.africa-press.net\/cotedivoire\/\",\"name\":\"C\u00f4te d&#039;Ivoire\",\"description\":\"Just another Africa News Agency Sites site\",\"potentialAction\":[{\"@type\":\"SearchAction\",\"target\":{\"@type\":\"EntryPoint\",\"urlTemplate\":\"https:\/\/www.africa-press.net\/cotedivoire\/?s={search_term_string}\"},\"query-input\":{\"@type\":\"PropertyValueSpecification\",\"valueRequired\":true,\"valueName\":\"search_term_string\"}}],\"inLanguage\":\"fr-FR\"},{\"@type\":\"Person\",\"@id\":\"https:\/\/www.africa-press.net\/cotedivoire\/#\/schema\/person\/2b1cf3cd81a31e3cd26889ca66d677f1\",\"name\":\"cfeditorfr\"}]}<\/script>\n<!-- \/ Yoast SEO Premium plugin. -->","yoast_head_json":{"title":"Diene Keita En Visite Officielle \u00e0 Abidjan - C\u00f4te d&#039;Ivoire","description":"La Sous-Secre\u0301taire ge\u0301ne\u0301rale des Nations Unies, Diene Keita et Directrice Exe\u0301cutive de l'agence des Nations Unies cha ...","robots":{"index":"index","follow":"follow","max-snippet":"max-snippet:-1","max-image-preview":"max-image-preview:large","max-video-preview":"max-video-preview:-1"},"canonical":"https:\/\/www.africa-press.net\/cotedivoire\/politique\/diene-keita-en-visite-officielle-a-abidjan","og_locale":"fr_FR","og_type":"article","og_title":"Diene Keita En Visite Officielle \u00e0 Abidjan","og_description":"La Sous-Secre\u0301taire ge\u0301ne\u0301rale des Nations Unies, Diene Keita et Directrice Exe\u0301cutive de l'agence des Nations Unies cha ...","og_url":"https:\/\/www.africa-press.net\/cotedivoire\/politique\/diene-keita-en-visite-officielle-a-abidjan","og_site_name":"C\u00f4te d&#039;Ivoire","article_published_time":"2025-09-08T17:54:58+00:00","article_modified_time":"2025-09-08T18:14:42+00:00","og_image":[{"width":720,"height":349,"url":"https:\/\/static.africa-press.net\/cote\/sites\/43\/2025\/09\/sm_1757342652.457519.jpg","type":"image\/jpeg"}],"author":"cfeditorfr","twitter_card":"summary_large_image","twitter_misc":{"\u00c9crit par":"cfeditorfr","Dur\u00e9e de lecture estim\u00e9e":"2 minutes"},"schema":{"@context":"https:\/\/schema.org","@graph":[{"@type":"Article","@id":"https:\/\/www.africa-press.net\/cotedivoire\/politique\/diene-keita-en-visite-officielle-a-abidjan#article","isPartOf":{"@id":"https:\/\/www.africa-press.net\/cotedivoire\/politique\/diene-keita-en-visite-officielle-a-abidjan"},"author":{"name":"cfeditorfr","@id":"https:\/\/www.africa-press.net\/cotedivoire\/#\/schema\/person\/2b1cf3cd81a31e3cd26889ca66d677f1"},"headline":"Diene Keita En Visite Officielle \u00e0 Abidjan","datePublished":"2025-09-08T17:54:58+00:00","dateModified":"2025-09-08T18:14:42+00:00","mainEntityOfPage":{"@id":"https:\/\/www.africa-press.net\/cotedivoire\/politique\/diene-keita-en-visite-officielle-a-abidjan"},"wordCount":421,"commentCount":0,"image":{"@id":"https:\/\/www.africa-press.net\/cotedivoire\/politique\/diene-keita-en-visite-officielle-a-abidjan#primaryimage"},"thumbnailUrl":"https:\/\/static.africa-press.net\/cote\/sites\/43\/2025\/09\/sm_1757342652.457519.jpg","keywords":["Abidjan","Antonio Guterres","C\u00d4TE D'IVOIRE","Diene Keita","UNFPA"],"articleSection":["Politique","Toutes les actualit\u00e9s"],"inLanguage":"fr-FR","potentialAction":[{"@type":"CommentAction","name":"Comment","target":["https:\/\/www.africa-press.net\/cotedivoire\/politique\/diene-keita-en-visite-officielle-a-abidjan#respond"]}]},{"@type":"WebPage","@id":"https:\/\/www.africa-press.net\/cotedivoire\/politique\/diene-keita-en-visite-officielle-a-abidjan","url":"https:\/\/www.africa-press.net\/cotedivoire\/politique\/diene-keita-en-visite-officielle-a-abidjan","name":"Diene Keita En Visite Officielle \u00e0 Abidjan - C\u00f4te d&#039;Ivoire","isPartOf":{"@id":"https:\/\/www.africa-press.net\/cotedivoire\/#website"},"primaryImageOfPage":{"@id":"https:\/\/www.africa-press.net\/cotedivoire\/politique\/diene-keita-en-visite-officielle-a-abidjan#primaryimage"},"image":{"@id":"https:\/\/www.africa-press.net\/cotedivoire\/politique\/diene-keita-en-visite-officielle-a-abidjan#primaryimage"},"thumbnailUrl":"https:\/\/static.africa-press.net\/cote\/sites\/43\/2025\/09\/sm_1757342652.457519.jpg","datePublished":"2025-09-08T17:54:58+00:00","dateModified":"2025-09-08T18:14:42+00:00","author":{"@id":"https:\/\/www.africa-press.net\/cotedivoire\/#\/schema\/person\/2b1cf3cd81a31e3cd26889ca66d677f1"},"description":"La Sous-Secre\u0301taire ge\u0301ne\u0301rale des Nations Unies, Diene Keita et Directrice Exe\u0301cutive de l'agence des Nations Unies cha ...","breadcrumb":{"@id":"https:\/\/www.africa-press.net\/cotedivoire\/politique\/diene-keita-en-visite-officielle-a-abidjan#breadcrumb"},"inLanguage":"fr-FR","potentialAction":[{"@type":"ReadAction","target":["https:\/\/www.africa-press.net\/cotedivoire\/politique\/diene-keita-en-visite-officielle-a-abidjan"]}]},{"@type":"ImageObject","inLanguage":"fr-FR","@id":"https:\/\/www.africa-press.net\/cotedivoire\/politique\/diene-keita-en-visite-officielle-a-abidjan#primaryimage","url":"https:\/\/static.africa-press.net\/cote\/sites\/43\/2025\/09\/sm_1757342652.457519.jpg","contentUrl":"https:\/\/static.africa-press.net\/cote\/sites\/43\/2025\/09\/sm_1757342652.457519.jpg","width":720,"height":349,"caption":"Diene Keita En Visite Officielle \u00e0 Abidjan"},{"@type":"BreadcrumbList","@id":"https:\/\/www.africa-press.net\/cotedivoire\/politique\/diene-keita-en-visite-officielle-a-abidjan#breadcrumb","itemListElement":[{"@type":"ListItem","position":1,"name":"Accueil","item":"https:\/\/www.africa-press.net\/cotedivoire\/"},{"@type":"ListItem","position":2,"name":"Diene Keita En Visite Officielle \u00e0 Abidjan"}]},{"@type":"WebSite","@id":"https:\/\/www.africa-press.net\/cotedivoire\/#website","url":"https:\/\/www.africa-press.net\/cotedivoire\/","name":"C\u00f4te d&#039;Ivoire","description":"Just another Africa News Agency Sites site","potentialAction":[{"@type":"SearchAction","target":{"@type":"EntryPoint","urlTemplate":"https:\/\/www.africa-press.net\/cotedivoire\/?s={search_term_string}"},"query-input":{"@type":"PropertyValueSpecification","valueRequired":true,"valueName":"search_term_string"}}],"inLanguage":"fr-FR"},{"@type":"Person","@id":"https:\/\/www.africa-press.net\/cotedivoire\/#\/schema\/person\/2b1cf3cd81a31e3cd26889ca66d677f1","name":"cfeditorfr"}]}},"_links":{"self":[{"href":"https:\/\/www.africa-press.net\/cotedivoire\/wp-json\/wp\/v2\/posts\/104861","targetHints":{"allow":["GET"]}}],"collection":[{"href":"https:\/\/www.africa-press.net\/cotedivoire\/wp-json\/wp\/v2\/posts"}],"about":[{"href":"https:\/\/www.africa-press.net\/cotedivoire\/wp-json\/wp\/v2\/types\/post"}],"author":[{"embeddable":true,"href":"https:\/\/www.africa-press.net\/cotedivoire\/wp-json\/wp\/v2\/users\/82"}],"replies":[{"embeddable":true,"href":"https:\/\/www.africa-press.net\/cotedivoire\/wp-json\/wp\/v2\/comments?post=104861"}],"version-history":[{"count":0,"href":"https:\/\/www.africa-press.net\/cotedivoire\/wp-json\/wp\/v2\/posts\/104861\/revisions"}],"wp:featuredmedia":[{"embeddable":true,"href":"https:\/\/www.africa-press.net\/cotedivoire\/wp-json\/wp\/v2\/media\/104860"}],"wp:attachment":[{"href":"https:\/\/www.africa-press.net\/cotedivoire\/wp-json\/wp\/v2\/media?parent=104861"}],"wp:term":[{"taxonomy":"category","embeddable":true,"href":"https:\/\/www.africa-press.net\/cotedivoire\/wp-json\/wp\/v2\/categories?post=104861"},{"taxonomy":"post_tag","embeddable":true,"href":"https:\/\/www.africa-press.net\/cotedivoire\/wp-json\/wp\/v2\/tags?post=104861"}],"curies":[{"name":"wp","href":"https:\/\/api.w.org\/{rel}","templated":true}]}}