{"id":10488,"date":"2021-07-28T15:51:01","date_gmt":"2021-07-28T15:51:01","guid":{"rendered":"https:\/\/www.africa-press.net\/cotedivoire\/?p=10488"},"modified":"2021-07-28T20:36:34","modified_gmt":"2021-07-28T20:36:34","slug":"cote-divoire-patrick-achi-les-ambitions-dun-equilibriste","status":"publish","type":"post","link":"https:\/\/www.africa-press.net\/cotedivoire\/politique\/cote-divoire-patrick-achi-les-ambitions-dun-equilibriste","title":{"rendered":"Patrick Achi, les ambitions d\u2019un \u00e9quilibriste"},"content":{"rendered":"<p><span style=\"color: #ff6600\"><strong><a href=\"https:\/\/www.africa-press.net\/\">Africa-Press<\/a> &#8211; <a href=\"https:\/\/www.africa-press.net\/cotedivoire\">C\u00f4te d&rsquo;Ivoire<\/a>. <\/strong><\/span>Propuls\u00e9 sur le devant de la sc\u00e8ne apr\u00e8s le d\u00e9c\u00e8s d\u2019Hamed Bakayoko, le Premier ministre doit convaincre qu\u2019il est l\u2019homme de la situation. Une mission compliqu\u00e9e pour un technocrate discret, qui s\u2019av\u00e8re plus politique \u2013 et sans doute plus ambitieux \u2013 qu\u2019il n\u2019y paraissait.<\/p>\n<p>Cette nuit-l\u00e0, un vent de panique souffle sur la lagune \u00c9bri\u00e9. Des chancelleries du Plateau aux villas minist\u00e9rielles cossues de Cocody, les t\u00e9l\u00e9phones ne cessent de vibrer. Comment est-ce possible ? Apr\u00e8s les d\u00e9c\u00e8s brutaux d\u2019Amadou Gon Coulibaly et d\u2019Hamed Bakayoko en neuf mois, voil\u00e0 que leur successeur, Patrick Achi, est \u00e0 son tour \u00e9vacu\u00e9 en urgence vers Paris. En cette soir\u00e9e du 10 mai, l\u2019\u00e9tat de sant\u00e9 du Premier ministre fait craindre \u00e0 certains une sinistre r\u00e9p\u00e9tition de l\u2019histoire. Op\u00e9r\u00e9 quelques jours plus t\u00f4t de polypes intestinaux, voil\u00e0 48 heures que sa situation se d\u00e9grade et qu\u2019il perd du sang. Pour Alassane Ouattara, hors de question de prendre le moindre risque. Il fait embarquer son collaborateur \u00e0 bord d\u2019un Gulfstream de la flotte pr\u00e9sidentielle, en compagnie de son \u00e9pouse et de son m\u00e9decin personnel. Arriv\u00e9 au petit matin, il est directement transf\u00e9r\u00e9 \u00e0 l\u2019h\u00f4pital am\u00e9ricain de Paris, \u00e0 Neuilly-sur-Seine.<\/p>\n<p>Apr\u00e8s quatre jours de convalescence, Achi va nettement mieux. L\u2019heure est venue de rentrer, pour couper court aux folles rumeurs abidjanaises. Aux journalistes pr\u00e9sents \u00e0 l\u2019a\u00e9roport international F\u00e9lix Houphou\u00ebt-Boigny pour son retour, il d\u00e9clare : \u00ab Je me sens tr\u00e8s bien. Je suis revenu en pleine forme pour reprendre le travail. \u00bb Depuis, le chef du gouvernement n\u2019a plus connu d\u2019alerte de sant\u00e9. Ni quitt\u00e9 son poste \u00e0 la primature, o\u00f9 il a pass\u00e9 le cap symbolique des 100 premiers jours fin juin. \u00ab Le pire job de la terre \u00bb, l\u00e2che, sourire pinc\u00e9, un diplomate \u00e9tranger.<\/p>\n<p><b>\u00a0<\/b><\/p>\n","protected":false},"excerpt":{"rendered":"<p>Africa-Press &#8211; C\u00f4te d&rsquo;Ivoire. Propuls\u00e9 sur le devant de la sc\u00e8ne apr\u00e8s le d\u00e9c\u00e8s d\u2019Hamed Bakayoko, le Premier ministre doit convaincre qu\u2019il est l\u2019homme de la situation. Une mission compliqu\u00e9e pour un technocrate discret, qui s\u2019av\u00e8re plus politique \u2013 et sans doute plus ambitieux \u2013 qu\u2019il n\u2019y paraissait. Cette nuit-l\u00e0, un vent de panique souffle [&hellip;]<\/p>\n","protected":false},"author":82,"featured_media":10487,"comment_status":"open","ping_status":"closed","sticky":false,"template":"","format":"standard","meta":{"footnotes":""},"categories":[11,2,20,10],"tags":[56,63,29],"class_list":["post-10488","post","type-post","status-publish","format-standard","has-post-thumbnail","hentry","category-homepage-french","category-politique","category-top-nouvelles","category-toutes-les-actualites","tag-africa-press","tag-africa-press-cote-divoire","tag-cote-divoire"],"yoast_head":"<!-- This site is optimized with the Yoast SEO Premium plugin v26.1 (Yoast SEO v27.0) - https:\/\/yoast.com\/product\/yoast-seo-premium-wordpress\/ -->\n<title>Patrick Achi, les ambitions d\u2019un \u00e9quilibriste - C\u00f4te d&#039;Ivoire<\/title>\n<meta name=\"description\" content=\"Propuls\u00e9 sur le devant de la sc\u00e8ne apr\u00e8s le d\u00e9c\u00e8s d\u2019Hamed Bakayoko, le Premier ministre doit convaincre qu\u2019il est l\u2019homm ...\" \/>\n<meta name=\"robots\" content=\"index, follow, max-snippet:-1, max-image-preview:large, max-video-preview:-1\" \/>\n<link rel=\"canonical\" href=\"https:\/\/www.africa-press.net\/cotedivoire\/politique\/cote-divoire-patrick-achi-les-ambitions-dun-equilibriste\" \/>\n<meta property=\"og:locale\" content=\"fr_FR\" \/>\n<meta property=\"og:type\" content=\"article\" \/>\n<meta property=\"og:title\" content=\"Patrick Achi, les ambitions d\u2019un \u00e9quilibriste\" \/>\n<meta property=\"og:description\" content=\"Propuls\u00e9 sur le devant de la sc\u00e8ne apr\u00e8s le d\u00e9c\u00e8s d\u2019Hamed Bakayoko, le Premier ministre doit convaincre qu\u2019il est l\u2019homm ...\" \/>\n<meta property=\"og:url\" content=\"https:\/\/www.africa-press.net\/cotedivoire\/politique\/cote-divoire-patrick-achi-les-ambitions-dun-equilibriste\" \/>\n<meta property=\"og:site_name\" content=\"C\u00f4te d&#039;Ivoire\" \/>\n<meta property=\"article:published_time\" content=\"2021-07-28T15:51:01+00:00\" \/>\n<meta property=\"article:modified_time\" content=\"2021-07-28T20:36:34+00:00\" \/>\n<meta property=\"og:image\" content=\"https:\/\/static.africa-press.net\/cote\/sites\/43\/2021\/07\/img-610178659e272.jpg\" \/>\n\t<meta property=\"og:image:width\" content=\"720\" \/>\n\t<meta property=\"og:image:height\" content=\"360\" \/>\n\t<meta property=\"og:image:type\" content=\"image\/jpeg\" \/>\n<meta name=\"author\" content=\"cfeditorfr\" \/>\n<meta name=\"twitter:card\" content=\"summary_large_image\" \/>\n<meta name=\"twitter:label1\" content=\"\u00c9crit par\" \/>\n\t<meta name=\"twitter:data1\" content=\"cfeditorfr\" \/>\n\t<meta name=\"twitter:label2\" content=\"Dur\u00e9e de lecture estim\u00e9e\" \/>\n\t<meta name=\"twitter:data2\" content=\"2 minutes\" \/>\n<script type=\"application\/ld+json\" class=\"yoast-schema-graph\">{\"@context\":\"https:\/\/schema.org\",\"@graph\":[{\"@type\":\"Article\",\"@id\":\"https:\/\/www.africa-press.net\/cotedivoire\/politique\/cote-divoire-patrick-achi-les-ambitions-dun-equilibriste#article\",\"isPartOf\":{\"@id\":\"https:\/\/www.africa-press.net\/cotedivoire\/politique\/cote-divoire-patrick-achi-les-ambitions-dun-equilibriste\"},\"author\":{\"name\":\"cfeditorfr\",\"@id\":\"https:\/\/www.africa-press.net\/cotedivoire\/#\/schema\/person\/2b1cf3cd81a31e3cd26889ca66d677f1\"},\"headline\":\"Patrick Achi, les ambitions d\u2019un \u00e9quilibriste\",\"datePublished\":\"2021-07-28T15:51:01+00:00\",\"dateModified\":\"2021-07-28T20:36:34+00:00\",\"mainEntityOfPage\":{\"@id\":\"https:\/\/www.africa-press.net\/cotedivoire\/politique\/cote-divoire-patrick-achi-les-ambitions-dun-equilibriste\"},\"wordCount\":334,\"commentCount\":0,\"image\":{\"@id\":\"https:\/\/www.africa-press.net\/cotedivoire\/politique\/cote-divoire-patrick-achi-les-ambitions-dun-equilibriste#primaryimage\"},\"thumbnailUrl\":\"https:\/\/static.africa-press.net\/cote\/sites\/43\/2021\/07\/img-610178659e272.jpg\",\"keywords\":[\"Africa Press\",\"Africa Press-C\u00f4te d'Ivoire\",\"C\u00d4TE D'IVOIRE\"],\"articleSection\":[\"homepage-french\",\"Politique\",\"Top Nouvelles\",\"Toutes les actualit\u00e9s\"],\"inLanguage\":\"fr-FR\",\"potentialAction\":[{\"@type\":\"CommentAction\",\"name\":\"Comment\",\"target\":[\"https:\/\/www.africa-press.net\/cotedivoire\/politique\/cote-divoire-patrick-achi-les-ambitions-dun-equilibriste#respond\"]}]},{\"@type\":\"WebPage\",\"@id\":\"https:\/\/www.africa-press.net\/cotedivoire\/politique\/cote-divoire-patrick-achi-les-ambitions-dun-equilibriste\",\"url\":\"https:\/\/www.africa-press.net\/cotedivoire\/politique\/cote-divoire-patrick-achi-les-ambitions-dun-equilibriste\",\"name\":\"Patrick Achi, les ambitions d\u2019un \u00e9quilibriste - C\u00f4te d&#039;Ivoire\",\"isPartOf\":{\"@id\":\"https:\/\/www.africa-press.net\/cotedivoire\/#website\"},\"primaryImageOfPage\":{\"@id\":\"https:\/\/www.africa-press.net\/cotedivoire\/politique\/cote-divoire-patrick-achi-les-ambitions-dun-equilibriste#primaryimage\"},\"image\":{\"@id\":\"https:\/\/www.africa-press.net\/cotedivoire\/politique\/cote-divoire-patrick-achi-les-ambitions-dun-equilibriste#primaryimage\"},\"thumbnailUrl\":\"https:\/\/static.africa-press.net\/cote\/sites\/43\/2021\/07\/img-610178659e272.jpg\",\"datePublished\":\"2021-07-28T15:51:01+00:00\",\"dateModified\":\"2021-07-28T20:36:34+00:00\",\"author\":{\"@id\":\"https:\/\/www.africa-press.net\/cotedivoire\/#\/schema\/person\/2b1cf3cd81a31e3cd26889ca66d677f1\"},\"description\":\"Propuls\u00e9 sur le devant de la sc\u00e8ne apr\u00e8s le d\u00e9c\u00e8s d\u2019Hamed Bakayoko, le Premier ministre doit convaincre qu\u2019il est l\u2019homm ...\",\"breadcrumb\":{\"@id\":\"https:\/\/www.africa-press.net\/cotedivoire\/politique\/cote-divoire-patrick-achi-les-ambitions-dun-equilibriste#breadcrumb\"},\"inLanguage\":\"fr-FR\",\"potentialAction\":[{\"@type\":\"ReadAction\",\"target\":[\"https:\/\/www.africa-press.net\/cotedivoire\/politique\/cote-divoire-patrick-achi-les-ambitions-dun-equilibriste\"]}]},{\"@type\":\"ImageObject\",\"inLanguage\":\"fr-FR\",\"@id\":\"https:\/\/www.africa-press.net\/cotedivoire\/politique\/cote-divoire-patrick-achi-les-ambitions-dun-equilibriste#primaryimage\",\"url\":\"https:\/\/static.africa-press.net\/cote\/sites\/43\/2021\/07\/img-610178659e272.jpg\",\"contentUrl\":\"https:\/\/static.africa-press.net\/cote\/sites\/43\/2021\/07\/img-610178659e272.jpg\",\"width\":720,\"height\":360,\"caption\":\"C\u00f4te d\u2019Ivoire : Patrick Achi, les ambitions d\u2019un \u00e9quilibriste\"},{\"@type\":\"BreadcrumbList\",\"@id\":\"https:\/\/www.africa-press.net\/cotedivoire\/politique\/cote-divoire-patrick-achi-les-ambitions-dun-equilibriste#breadcrumb\",\"itemListElement\":[{\"@type\":\"ListItem\",\"position\":1,\"name\":\"Accueil\",\"item\":\"https:\/\/www.africa-press.net\/cotedivoire\/\"},{\"@type\":\"ListItem\",\"position\":2,\"name\":\"Patrick Achi, les ambitions d\u2019un \u00e9quilibriste\"}]},{\"@type\":\"WebSite\",\"@id\":\"https:\/\/www.africa-press.net\/cotedivoire\/#website\",\"url\":\"https:\/\/www.africa-press.net\/cotedivoire\/\",\"name\":\"C\u00f4te d&#039;Ivoire\",\"description\":\"Just another Africa News Agency Sites site\",\"potentialAction\":[{\"@type\":\"SearchAction\",\"target\":{\"@type\":\"EntryPoint\",\"urlTemplate\":\"https:\/\/www.africa-press.net\/cotedivoire\/?s={search_term_string}\"},\"query-input\":{\"@type\":\"PropertyValueSpecification\",\"valueRequired\":true,\"valueName\":\"search_term_string\"}}],\"inLanguage\":\"fr-FR\"},{\"@type\":\"Person\",\"@id\":\"https:\/\/www.africa-press.net\/cotedivoire\/#\/schema\/person\/2b1cf3cd81a31e3cd26889ca66d677f1\",\"name\":\"cfeditorfr\"}]}<\/script>\n<!-- \/ Yoast SEO Premium plugin. -->","yoast_head_json":{"title":"Patrick Achi, les ambitions d\u2019un \u00e9quilibriste - C\u00f4te d&#039;Ivoire","description":"Propuls\u00e9 sur le devant de la sc\u00e8ne apr\u00e8s le d\u00e9c\u00e8s d\u2019Hamed Bakayoko, le Premier ministre doit convaincre qu\u2019il est l\u2019homm ...","robots":{"index":"index","follow":"follow","max-snippet":"max-snippet:-1","max-image-preview":"max-image-preview:large","max-video-preview":"max-video-preview:-1"},"canonical":"https:\/\/www.africa-press.net\/cotedivoire\/politique\/cote-divoire-patrick-achi-les-ambitions-dun-equilibriste","og_locale":"fr_FR","og_type":"article","og_title":"Patrick Achi, les ambitions d\u2019un \u00e9quilibriste","og_description":"Propuls\u00e9 sur le devant de la sc\u00e8ne apr\u00e8s le d\u00e9c\u00e8s d\u2019Hamed Bakayoko, le Premier ministre doit convaincre qu\u2019il est l\u2019homm ...","og_url":"https:\/\/www.africa-press.net\/cotedivoire\/politique\/cote-divoire-patrick-achi-les-ambitions-dun-equilibriste","og_site_name":"C\u00f4te d&#039;Ivoire","article_published_time":"2021-07-28T15:51:01+00:00","article_modified_time":"2021-07-28T20:36:34+00:00","og_image":[{"width":720,"height":360,"url":"https:\/\/static.africa-press.net\/cote\/sites\/43\/2021\/07\/img-610178659e272.jpg","type":"image\/jpeg"}],"author":"cfeditorfr","twitter_card":"summary_large_image","twitter_misc":{"\u00c9crit par":"cfeditorfr","Dur\u00e9e de lecture estim\u00e9e":"2 minutes"},"schema":{"@context":"https:\/\/schema.org","@graph":[{"@type":"Article","@id":"https:\/\/www.africa-press.net\/cotedivoire\/politique\/cote-divoire-patrick-achi-les-ambitions-dun-equilibriste#article","isPartOf":{"@id":"https:\/\/www.africa-press.net\/cotedivoire\/politique\/cote-divoire-patrick-achi-les-ambitions-dun-equilibriste"},"author":{"name":"cfeditorfr","@id":"https:\/\/www.africa-press.net\/cotedivoire\/#\/schema\/person\/2b1cf3cd81a31e3cd26889ca66d677f1"},"headline":"Patrick Achi, les ambitions d\u2019un \u00e9quilibriste","datePublished":"2021-07-28T15:51:01+00:00","dateModified":"2021-07-28T20:36:34+00:00","mainEntityOfPage":{"@id":"https:\/\/www.africa-press.net\/cotedivoire\/politique\/cote-divoire-patrick-achi-les-ambitions-dun-equilibriste"},"wordCount":334,"commentCount":0,"image":{"@id":"https:\/\/www.africa-press.net\/cotedivoire\/politique\/cote-divoire-patrick-achi-les-ambitions-dun-equilibriste#primaryimage"},"thumbnailUrl":"https:\/\/static.africa-press.net\/cote\/sites\/43\/2021\/07\/img-610178659e272.jpg","keywords":["Africa Press","Africa Press-C\u00f4te d'Ivoire","C\u00d4TE D'IVOIRE"],"articleSection":["homepage-french","Politique","Top Nouvelles","Toutes les actualit\u00e9s"],"inLanguage":"fr-FR","potentialAction":[{"@type":"CommentAction","name":"Comment","target":["https:\/\/www.africa-press.net\/cotedivoire\/politique\/cote-divoire-patrick-achi-les-ambitions-dun-equilibriste#respond"]}]},{"@type":"WebPage","@id":"https:\/\/www.africa-press.net\/cotedivoire\/politique\/cote-divoire-patrick-achi-les-ambitions-dun-equilibriste","url":"https:\/\/www.africa-press.net\/cotedivoire\/politique\/cote-divoire-patrick-achi-les-ambitions-dun-equilibriste","name":"Patrick Achi, les ambitions d\u2019un \u00e9quilibriste - C\u00f4te d&#039;Ivoire","isPartOf":{"@id":"https:\/\/www.africa-press.net\/cotedivoire\/#website"},"primaryImageOfPage":{"@id":"https:\/\/www.africa-press.net\/cotedivoire\/politique\/cote-divoire-patrick-achi-les-ambitions-dun-equilibriste#primaryimage"},"image":{"@id":"https:\/\/www.africa-press.net\/cotedivoire\/politique\/cote-divoire-patrick-achi-les-ambitions-dun-equilibriste#primaryimage"},"thumbnailUrl":"https:\/\/static.africa-press.net\/cote\/sites\/43\/2021\/07\/img-610178659e272.jpg","datePublished":"2021-07-28T15:51:01+00:00","dateModified":"2021-07-28T20:36:34+00:00","author":{"@id":"https:\/\/www.africa-press.net\/cotedivoire\/#\/schema\/person\/2b1cf3cd81a31e3cd26889ca66d677f1"},"description":"Propuls\u00e9 sur le devant de la sc\u00e8ne apr\u00e8s le d\u00e9c\u00e8s d\u2019Hamed Bakayoko, le Premier ministre doit convaincre qu\u2019il est l\u2019homm ...","breadcrumb":{"@id":"https:\/\/www.africa-press.net\/cotedivoire\/politique\/cote-divoire-patrick-achi-les-ambitions-dun-equilibriste#breadcrumb"},"inLanguage":"fr-FR","potentialAction":[{"@type":"ReadAction","target":["https:\/\/www.africa-press.net\/cotedivoire\/politique\/cote-divoire-patrick-achi-les-ambitions-dun-equilibriste"]}]},{"@type":"ImageObject","inLanguage":"fr-FR","@id":"https:\/\/www.africa-press.net\/cotedivoire\/politique\/cote-divoire-patrick-achi-les-ambitions-dun-equilibriste#primaryimage","url":"https:\/\/static.africa-press.net\/cote\/sites\/43\/2021\/07\/img-610178659e272.jpg","contentUrl":"https:\/\/static.africa-press.net\/cote\/sites\/43\/2021\/07\/img-610178659e272.jpg","width":720,"height":360,"caption":"C\u00f4te d\u2019Ivoire : Patrick Achi, les ambitions d\u2019un \u00e9quilibriste"},{"@type":"BreadcrumbList","@id":"https:\/\/www.africa-press.net\/cotedivoire\/politique\/cote-divoire-patrick-achi-les-ambitions-dun-equilibriste#breadcrumb","itemListElement":[{"@type":"ListItem","position":1,"name":"Accueil","item":"https:\/\/www.africa-press.net\/cotedivoire\/"},{"@type":"ListItem","position":2,"name":"Patrick Achi, les ambitions d\u2019un \u00e9quilibriste"}]},{"@type":"WebSite","@id":"https:\/\/www.africa-press.net\/cotedivoire\/#website","url":"https:\/\/www.africa-press.net\/cotedivoire\/","name":"C\u00f4te d&#039;Ivoire","description":"Just another Africa News Agency Sites site","potentialAction":[{"@type":"SearchAction","target":{"@type":"EntryPoint","urlTemplate":"https:\/\/www.africa-press.net\/cotedivoire\/?s={search_term_string}"},"query-input":{"@type":"PropertyValueSpecification","valueRequired":true,"valueName":"search_term_string"}}],"inLanguage":"fr-FR"},{"@type":"Person","@id":"https:\/\/www.africa-press.net\/cotedivoire\/#\/schema\/person\/2b1cf3cd81a31e3cd26889ca66d677f1","name":"cfeditorfr"}]}},"_links":{"self":[{"href":"https:\/\/www.africa-press.net\/cotedivoire\/wp-json\/wp\/v2\/posts\/10488","targetHints":{"allow":["GET"]}}],"collection":[{"href":"https:\/\/www.africa-press.net\/cotedivoire\/wp-json\/wp\/v2\/posts"}],"about":[{"href":"https:\/\/www.africa-press.net\/cotedivoire\/wp-json\/wp\/v2\/types\/post"}],"author":[{"embeddable":true,"href":"https:\/\/www.africa-press.net\/cotedivoire\/wp-json\/wp\/v2\/users\/82"}],"replies":[{"embeddable":true,"href":"https:\/\/www.africa-press.net\/cotedivoire\/wp-json\/wp\/v2\/comments?post=10488"}],"version-history":[{"count":0,"href":"https:\/\/www.africa-press.net\/cotedivoire\/wp-json\/wp\/v2\/posts\/10488\/revisions"}],"wp:featuredmedia":[{"embeddable":true,"href":"https:\/\/www.africa-press.net\/cotedivoire\/wp-json\/wp\/v2\/media\/10487"}],"wp:attachment":[{"href":"https:\/\/www.africa-press.net\/cotedivoire\/wp-json\/wp\/v2\/media?parent=10488"}],"wp:term":[{"taxonomy":"category","embeddable":true,"href":"https:\/\/www.africa-press.net\/cotedivoire\/wp-json\/wp\/v2\/categories?post=10488"},{"taxonomy":"post_tag","embeddable":true,"href":"https:\/\/www.africa-press.net\/cotedivoire\/wp-json\/wp\/v2\/tags?post=10488"}],"curies":[{"name":"wp","href":"https:\/\/api.w.org\/{rel}","templated":true}]}}