{"id":10491,"date":"2021-07-28T15:54:39","date_gmt":"2021-07-28T15:54:39","guid":{"rendered":"https:\/\/www.africa-press.net\/cotedivoire\/?p=10491"},"modified":"2021-07-28T20:36:43","modified_gmt":"2021-07-28T20:36:43","slug":"ouattara-nomme-bacongo-conseiller-special-en-charge-des-questions-politiques-avec-rang-de-ministre-2","status":"publish","type":"post","link":"https:\/\/www.africa-press.net\/cotedivoire\/politique\/ouattara-nomme-bacongo-conseiller-special-en-charge-des-questions-politiques-avec-rang-de-ministre-2","title":{"rendered":"Ouattara nomme Bacongo conseiller sp\u00e9cial en charge des questions politiques avec rang de ministre"},"content":{"rendered":"<p><span style=\"color: #ff6600\"><strong><a href=\"https:\/\/www.africa-press.net\/\">Africa-Press<\/a> &#8211; <a href=\"https:\/\/www.africa-press.net\/cotedivoire\">C\u00f4te d&rsquo;Ivoire<\/a>. <\/strong><\/span>A la veille de sa rencontre avec Laurent Gbagbo, le pr\u00e9sident ivoirien Alassane Ouattara nomme Ciss\u00e9 Bacongo conseiller sp\u00e9cial en charge des questions politiques.<\/p>\n<p>Le d\u00e9cret annon\u00e7ant la nouvelle a \u00e9t\u00e9 rendue publique ce 26 juillet 2021. L\u2019ancien ministre de l\u2019Enseignement sup\u00e9rieur, actuellement d\u00e9put\u00e9 maire de Koumassi, sera l\u2019interlocuteur politique du chef de l\u2019Etat ivoirien dans un contexte politique o\u00f9 la question de la r\u00e9conciliation se trouve \u00eatre au c\u0153ur des discours de l\u2019ensemble des hommes politiques.<\/p>\n<p>Ciss\u00e9 Bacongo, autrefois conseiller juridique d\u2019Alassane Ouattara, arborera d\u00e9sormais la veste de conseiller politique. De ce fait, il sera celui qui qui amorcera le dialogue avec plusieurs acteurs politiques en vue d\u2019instaurer un climat de confiance et d\u2019apaisement dans le microcosme politique ivoirien.<\/p>\n<p>R\u00e9put\u00e9 homme de compromis, de dialogue et de consensus, le d\u00e9put\u00e9 de Koumassi est d\u00e9j\u00e0 engag\u00e9 souterrainement dans la voie du dialogue informel avec plusieurs acteurs politiques pr\u00e9sents sur le territoire et hors du territoire \u00e0 travers divers canaux.<\/p>\n<p>&nbsp;<\/p>\n","protected":false},"excerpt":{"rendered":"<p>Africa-Press &#8211; C\u00f4te d&rsquo;Ivoire. A la veille de sa rencontre avec Laurent Gbagbo, le pr\u00e9sident ivoirien Alassane Ouattara nomme Ciss\u00e9 Bacongo conseiller sp\u00e9cial en charge des questions politiques. Le d\u00e9cret annon\u00e7ant la nouvelle a \u00e9t\u00e9 rendue publique ce 26 juillet 2021. L\u2019ancien ministre de l\u2019Enseignement sup\u00e9rieur, actuellement d\u00e9put\u00e9 maire de Koumassi, sera l\u2019interlocuteur politique du [&hellip;]<\/p>\n","protected":false},"author":82,"featured_media":10490,"comment_status":"open","ping_status":"closed","sticky":false,"template":"","format":"standard","meta":{"footnotes":""},"categories":[11,2,10],"tags":[56,63,29],"class_list":["post-10491","post","type-post","status-publish","format-standard","has-post-thumbnail","hentry","category-homepage-french","category-politique","category-toutes-les-actualites","tag-africa-press","tag-africa-press-cote-divoire","tag-cote-divoire"],"yoast_head":"<!-- This site is optimized with the Yoast SEO Premium plugin v26.1 (Yoast SEO v27.0) - https:\/\/yoast.com\/product\/yoast-seo-premium-wordpress\/ -->\n<title>Ouattara nomme Bacongo conseiller sp\u00e9cial en charge des questions politiques avec rang de ministre - C\u00f4te d&#039;Ivoire<\/title>\n<meta name=\"description\" content=\"A la veille de sa rencontre avec Laurent Gbagbo, le pr\u00e9sident ivoirien Alassane Ouattara nomme Ciss\u00e9 Bacongo conseiller ...\" \/>\n<meta name=\"robots\" content=\"index, follow, max-snippet:-1, max-image-preview:large, max-video-preview:-1\" \/>\n<link rel=\"canonical\" href=\"https:\/\/www.africa-press.net\/cotedivoire\/politique\/ouattara-nomme-bacongo-conseiller-special-en-charge-des-questions-politiques-avec-rang-de-ministre-2\" \/>\n<meta property=\"og:locale\" content=\"fr_FR\" \/>\n<meta property=\"og:type\" content=\"article\" \/>\n<meta property=\"og:title\" content=\"Ouattara nomme Bacongo conseiller sp\u00e9cial en charge des questions politiques avec rang de ministre\" \/>\n<meta property=\"og:description\" content=\"A la veille de sa rencontre avec Laurent Gbagbo, le pr\u00e9sident ivoirien Alassane Ouattara nomme Ciss\u00e9 Bacongo conseiller ...\" \/>\n<meta property=\"og:url\" content=\"https:\/\/www.africa-press.net\/cotedivoire\/politique\/ouattara-nomme-bacongo-conseiller-special-en-charge-des-questions-politiques-avec-rang-de-ministre-2\" \/>\n<meta property=\"og:site_name\" content=\"C\u00f4te d&#039;Ivoire\" \/>\n<meta property=\"article:published_time\" content=\"2021-07-28T15:54:39+00:00\" \/>\n<meta property=\"article:modified_time\" content=\"2021-07-28T20:36:43+00:00\" \/>\n<meta property=\"og:image\" content=\"https:\/\/static.africa-press.net\/cote\/sites\/43\/2021\/07\/img-6101788a2f474.jpg\" \/>\n\t<meta property=\"og:image:width\" content=\"1500\" \/>\n\t<meta property=\"og:image:height\" content=\"500\" \/>\n\t<meta property=\"og:image:type\" content=\"image\/jpeg\" \/>\n<meta name=\"author\" content=\"cfeditorfr\" \/>\n<meta name=\"twitter:card\" content=\"summary_large_image\" \/>\n<meta name=\"twitter:label1\" content=\"\u00c9crit par\" \/>\n\t<meta name=\"twitter:data1\" content=\"cfeditorfr\" \/>\n\t<meta name=\"twitter:label2\" content=\"Dur\u00e9e de lecture estim\u00e9e\" \/>\n\t<meta name=\"twitter:data2\" content=\"1 minute\" \/>\n<script type=\"application\/ld+json\" class=\"yoast-schema-graph\">{\"@context\":\"https:\/\/schema.org\",\"@graph\":[{\"@type\":\"Article\",\"@id\":\"https:\/\/www.africa-press.net\/cotedivoire\/politique\/ouattara-nomme-bacongo-conseiller-special-en-charge-des-questions-politiques-avec-rang-de-ministre-2#article\",\"isPartOf\":{\"@id\":\"https:\/\/www.africa-press.net\/cotedivoire\/politique\/ouattara-nomme-bacongo-conseiller-special-en-charge-des-questions-politiques-avec-rang-de-ministre-2\"},\"author\":{\"name\":\"cfeditorfr\",\"@id\":\"https:\/\/www.africa-press.net\/cotedivoire\/#\/schema\/person\/2b1cf3cd81a31e3cd26889ca66d677f1\"},\"headline\":\"Ouattara nomme Bacongo conseiller sp\u00e9cial en charge des questions politiques avec rang de ministre\",\"datePublished\":\"2021-07-28T15:54:39+00:00\",\"dateModified\":\"2021-07-28T20:36:43+00:00\",\"mainEntityOfPage\":{\"@id\":\"https:\/\/www.africa-press.net\/cotedivoire\/politique\/ouattara-nomme-bacongo-conseiller-special-en-charge-des-questions-politiques-avec-rang-de-ministre-2\"},\"wordCount\":199,\"commentCount\":0,\"image\":{\"@id\":\"https:\/\/www.africa-press.net\/cotedivoire\/politique\/ouattara-nomme-bacongo-conseiller-special-en-charge-des-questions-politiques-avec-rang-de-ministre-2#primaryimage\"},\"thumbnailUrl\":\"https:\/\/static.africa-press.net\/cote\/sites\/43\/2021\/07\/img-6101788a2f474.jpg\",\"keywords\":[\"Africa Press\",\"Africa Press-C\u00f4te d'Ivoire\",\"C\u00d4TE D'IVOIRE\"],\"articleSection\":[\"homepage-french\",\"Politique\",\"Toutes les actualit\u00e9s\"],\"inLanguage\":\"fr-FR\",\"potentialAction\":[{\"@type\":\"CommentAction\",\"name\":\"Comment\",\"target\":[\"https:\/\/www.africa-press.net\/cotedivoire\/politique\/ouattara-nomme-bacongo-conseiller-special-en-charge-des-questions-politiques-avec-rang-de-ministre-2#respond\"]}]},{\"@type\":\"WebPage\",\"@id\":\"https:\/\/www.africa-press.net\/cotedivoire\/politique\/ouattara-nomme-bacongo-conseiller-special-en-charge-des-questions-politiques-avec-rang-de-ministre-2\",\"url\":\"https:\/\/www.africa-press.net\/cotedivoire\/politique\/ouattara-nomme-bacongo-conseiller-special-en-charge-des-questions-politiques-avec-rang-de-ministre-2\",\"name\":\"Ouattara nomme Bacongo conseiller sp\u00e9cial en charge des questions politiques avec rang de ministre - C\u00f4te d&#039;Ivoire\",\"isPartOf\":{\"@id\":\"https:\/\/www.africa-press.net\/cotedivoire\/#website\"},\"primaryImageOfPage\":{\"@id\":\"https:\/\/www.africa-press.net\/cotedivoire\/politique\/ouattara-nomme-bacongo-conseiller-special-en-charge-des-questions-politiques-avec-rang-de-ministre-2#primaryimage\"},\"image\":{\"@id\":\"https:\/\/www.africa-press.net\/cotedivoire\/politique\/ouattara-nomme-bacongo-conseiller-special-en-charge-des-questions-politiques-avec-rang-de-ministre-2#primaryimage\"},\"thumbnailUrl\":\"https:\/\/static.africa-press.net\/cote\/sites\/43\/2021\/07\/img-6101788a2f474.jpg\",\"datePublished\":\"2021-07-28T15:54:39+00:00\",\"dateModified\":\"2021-07-28T20:36:43+00:00\",\"author\":{\"@id\":\"https:\/\/www.africa-press.net\/cotedivoire\/#\/schema\/person\/2b1cf3cd81a31e3cd26889ca66d677f1\"},\"description\":\"A la veille de sa rencontre avec Laurent Gbagbo, le pr\u00e9sident ivoirien Alassane Ouattara nomme Ciss\u00e9 Bacongo conseiller ...\",\"breadcrumb\":{\"@id\":\"https:\/\/www.africa-press.net\/cotedivoire\/politique\/ouattara-nomme-bacongo-conseiller-special-en-charge-des-questions-politiques-avec-rang-de-ministre-2#breadcrumb\"},\"inLanguage\":\"fr-FR\",\"potentialAction\":[{\"@type\":\"ReadAction\",\"target\":[\"https:\/\/www.africa-press.net\/cotedivoire\/politique\/ouattara-nomme-bacongo-conseiller-special-en-charge-des-questions-politiques-avec-rang-de-ministre-2\"]}]},{\"@type\":\"ImageObject\",\"inLanguage\":\"fr-FR\",\"@id\":\"https:\/\/www.africa-press.net\/cotedivoire\/politique\/ouattara-nomme-bacongo-conseiller-special-en-charge-des-questions-politiques-avec-rang-de-ministre-2#primaryimage\",\"url\":\"https:\/\/static.africa-press.net\/cote\/sites\/43\/2021\/07\/img-6101788a2f474.jpg\",\"contentUrl\":\"https:\/\/static.africa-press.net\/cote\/sites\/43\/2021\/07\/img-6101788a2f474.jpg\",\"width\":1500,\"height\":500,\"caption\":\"Ouattara nomme Bacongo conseiller sp\u00e9cial en charge des questions politiques avec rang de ministre\"},{\"@type\":\"BreadcrumbList\",\"@id\":\"https:\/\/www.africa-press.net\/cotedivoire\/politique\/ouattara-nomme-bacongo-conseiller-special-en-charge-des-questions-politiques-avec-rang-de-ministre-2#breadcrumb\",\"itemListElement\":[{\"@type\":\"ListItem\",\"position\":1,\"name\":\"Accueil\",\"item\":\"https:\/\/www.africa-press.net\/cotedivoire\/\"},{\"@type\":\"ListItem\",\"position\":2,\"name\":\"Ouattara nomme Bacongo conseiller sp\u00e9cial en charge des questions politiques avec rang de ministre\"}]},{\"@type\":\"WebSite\",\"@id\":\"https:\/\/www.africa-press.net\/cotedivoire\/#website\",\"url\":\"https:\/\/www.africa-press.net\/cotedivoire\/\",\"name\":\"C\u00f4te d&#039;Ivoire\",\"description\":\"Just another Africa News Agency Sites site\",\"potentialAction\":[{\"@type\":\"SearchAction\",\"target\":{\"@type\":\"EntryPoint\",\"urlTemplate\":\"https:\/\/www.africa-press.net\/cotedivoire\/?s={search_term_string}\"},\"query-input\":{\"@type\":\"PropertyValueSpecification\",\"valueRequired\":true,\"valueName\":\"search_term_string\"}}],\"inLanguage\":\"fr-FR\"},{\"@type\":\"Person\",\"@id\":\"https:\/\/www.africa-press.net\/cotedivoire\/#\/schema\/person\/2b1cf3cd81a31e3cd26889ca66d677f1\",\"name\":\"cfeditorfr\"}]}<\/script>\n<!-- \/ Yoast SEO Premium plugin. -->","yoast_head_json":{"title":"Ouattara nomme Bacongo conseiller sp\u00e9cial en charge des questions politiques avec rang de ministre - C\u00f4te d&#039;Ivoire","description":"A la veille de sa rencontre avec Laurent Gbagbo, le pr\u00e9sident ivoirien Alassane Ouattara nomme Ciss\u00e9 Bacongo conseiller ...","robots":{"index":"index","follow":"follow","max-snippet":"max-snippet:-1","max-image-preview":"max-image-preview:large","max-video-preview":"max-video-preview:-1"},"canonical":"https:\/\/www.africa-press.net\/cotedivoire\/politique\/ouattara-nomme-bacongo-conseiller-special-en-charge-des-questions-politiques-avec-rang-de-ministre-2","og_locale":"fr_FR","og_type":"article","og_title":"Ouattara nomme Bacongo conseiller sp\u00e9cial en charge des questions politiques avec rang de ministre","og_description":"A la veille de sa rencontre avec Laurent Gbagbo, le pr\u00e9sident ivoirien Alassane Ouattara nomme Ciss\u00e9 Bacongo conseiller ...","og_url":"https:\/\/www.africa-press.net\/cotedivoire\/politique\/ouattara-nomme-bacongo-conseiller-special-en-charge-des-questions-politiques-avec-rang-de-ministre-2","og_site_name":"C\u00f4te d&#039;Ivoire","article_published_time":"2021-07-28T15:54:39+00:00","article_modified_time":"2021-07-28T20:36:43+00:00","og_image":[{"width":1500,"height":500,"url":"https:\/\/static.africa-press.net\/cote\/sites\/43\/2021\/07\/img-6101788a2f474.jpg","type":"image\/jpeg"}],"author":"cfeditorfr","twitter_card":"summary_large_image","twitter_misc":{"\u00c9crit par":"cfeditorfr","Dur\u00e9e de lecture estim\u00e9e":"1 minute"},"schema":{"@context":"https:\/\/schema.org","@graph":[{"@type":"Article","@id":"https:\/\/www.africa-press.net\/cotedivoire\/politique\/ouattara-nomme-bacongo-conseiller-special-en-charge-des-questions-politiques-avec-rang-de-ministre-2#article","isPartOf":{"@id":"https:\/\/www.africa-press.net\/cotedivoire\/politique\/ouattara-nomme-bacongo-conseiller-special-en-charge-des-questions-politiques-avec-rang-de-ministre-2"},"author":{"name":"cfeditorfr","@id":"https:\/\/www.africa-press.net\/cotedivoire\/#\/schema\/person\/2b1cf3cd81a31e3cd26889ca66d677f1"},"headline":"Ouattara nomme Bacongo conseiller sp\u00e9cial en charge des questions politiques avec rang de ministre","datePublished":"2021-07-28T15:54:39+00:00","dateModified":"2021-07-28T20:36:43+00:00","mainEntityOfPage":{"@id":"https:\/\/www.africa-press.net\/cotedivoire\/politique\/ouattara-nomme-bacongo-conseiller-special-en-charge-des-questions-politiques-avec-rang-de-ministre-2"},"wordCount":199,"commentCount":0,"image":{"@id":"https:\/\/www.africa-press.net\/cotedivoire\/politique\/ouattara-nomme-bacongo-conseiller-special-en-charge-des-questions-politiques-avec-rang-de-ministre-2#primaryimage"},"thumbnailUrl":"https:\/\/static.africa-press.net\/cote\/sites\/43\/2021\/07\/img-6101788a2f474.jpg","keywords":["Africa Press","Africa Press-C\u00f4te d'Ivoire","C\u00d4TE D'IVOIRE"],"articleSection":["homepage-french","Politique","Toutes les actualit\u00e9s"],"inLanguage":"fr-FR","potentialAction":[{"@type":"CommentAction","name":"Comment","target":["https:\/\/www.africa-press.net\/cotedivoire\/politique\/ouattara-nomme-bacongo-conseiller-special-en-charge-des-questions-politiques-avec-rang-de-ministre-2#respond"]}]},{"@type":"WebPage","@id":"https:\/\/www.africa-press.net\/cotedivoire\/politique\/ouattara-nomme-bacongo-conseiller-special-en-charge-des-questions-politiques-avec-rang-de-ministre-2","url":"https:\/\/www.africa-press.net\/cotedivoire\/politique\/ouattara-nomme-bacongo-conseiller-special-en-charge-des-questions-politiques-avec-rang-de-ministre-2","name":"Ouattara nomme Bacongo conseiller sp\u00e9cial en charge des questions politiques avec rang de ministre - C\u00f4te d&#039;Ivoire","isPartOf":{"@id":"https:\/\/www.africa-press.net\/cotedivoire\/#website"},"primaryImageOfPage":{"@id":"https:\/\/www.africa-press.net\/cotedivoire\/politique\/ouattara-nomme-bacongo-conseiller-special-en-charge-des-questions-politiques-avec-rang-de-ministre-2#primaryimage"},"image":{"@id":"https:\/\/www.africa-press.net\/cotedivoire\/politique\/ouattara-nomme-bacongo-conseiller-special-en-charge-des-questions-politiques-avec-rang-de-ministre-2#primaryimage"},"thumbnailUrl":"https:\/\/static.africa-press.net\/cote\/sites\/43\/2021\/07\/img-6101788a2f474.jpg","datePublished":"2021-07-28T15:54:39+00:00","dateModified":"2021-07-28T20:36:43+00:00","author":{"@id":"https:\/\/www.africa-press.net\/cotedivoire\/#\/schema\/person\/2b1cf3cd81a31e3cd26889ca66d677f1"},"description":"A la veille de sa rencontre avec Laurent Gbagbo, le pr\u00e9sident ivoirien Alassane Ouattara nomme Ciss\u00e9 Bacongo conseiller ...","breadcrumb":{"@id":"https:\/\/www.africa-press.net\/cotedivoire\/politique\/ouattara-nomme-bacongo-conseiller-special-en-charge-des-questions-politiques-avec-rang-de-ministre-2#breadcrumb"},"inLanguage":"fr-FR","potentialAction":[{"@type":"ReadAction","target":["https:\/\/www.africa-press.net\/cotedivoire\/politique\/ouattara-nomme-bacongo-conseiller-special-en-charge-des-questions-politiques-avec-rang-de-ministre-2"]}]},{"@type":"ImageObject","inLanguage":"fr-FR","@id":"https:\/\/www.africa-press.net\/cotedivoire\/politique\/ouattara-nomme-bacongo-conseiller-special-en-charge-des-questions-politiques-avec-rang-de-ministre-2#primaryimage","url":"https:\/\/static.africa-press.net\/cote\/sites\/43\/2021\/07\/img-6101788a2f474.jpg","contentUrl":"https:\/\/static.africa-press.net\/cote\/sites\/43\/2021\/07\/img-6101788a2f474.jpg","width":1500,"height":500,"caption":"Ouattara nomme Bacongo conseiller sp\u00e9cial en charge des questions politiques avec rang de ministre"},{"@type":"BreadcrumbList","@id":"https:\/\/www.africa-press.net\/cotedivoire\/politique\/ouattara-nomme-bacongo-conseiller-special-en-charge-des-questions-politiques-avec-rang-de-ministre-2#breadcrumb","itemListElement":[{"@type":"ListItem","position":1,"name":"Accueil","item":"https:\/\/www.africa-press.net\/cotedivoire\/"},{"@type":"ListItem","position":2,"name":"Ouattara nomme Bacongo conseiller sp\u00e9cial en charge des questions politiques avec rang de ministre"}]},{"@type":"WebSite","@id":"https:\/\/www.africa-press.net\/cotedivoire\/#website","url":"https:\/\/www.africa-press.net\/cotedivoire\/","name":"C\u00f4te d&#039;Ivoire","description":"Just another Africa News Agency Sites site","potentialAction":[{"@type":"SearchAction","target":{"@type":"EntryPoint","urlTemplate":"https:\/\/www.africa-press.net\/cotedivoire\/?s={search_term_string}"},"query-input":{"@type":"PropertyValueSpecification","valueRequired":true,"valueName":"search_term_string"}}],"inLanguage":"fr-FR"},{"@type":"Person","@id":"https:\/\/www.africa-press.net\/cotedivoire\/#\/schema\/person\/2b1cf3cd81a31e3cd26889ca66d677f1","name":"cfeditorfr"}]}},"_links":{"self":[{"href":"https:\/\/www.africa-press.net\/cotedivoire\/wp-json\/wp\/v2\/posts\/10491","targetHints":{"allow":["GET"]}}],"collection":[{"href":"https:\/\/www.africa-press.net\/cotedivoire\/wp-json\/wp\/v2\/posts"}],"about":[{"href":"https:\/\/www.africa-press.net\/cotedivoire\/wp-json\/wp\/v2\/types\/post"}],"author":[{"embeddable":true,"href":"https:\/\/www.africa-press.net\/cotedivoire\/wp-json\/wp\/v2\/users\/82"}],"replies":[{"embeddable":true,"href":"https:\/\/www.africa-press.net\/cotedivoire\/wp-json\/wp\/v2\/comments?post=10491"}],"version-history":[{"count":0,"href":"https:\/\/www.africa-press.net\/cotedivoire\/wp-json\/wp\/v2\/posts\/10491\/revisions"}],"wp:featuredmedia":[{"embeddable":true,"href":"https:\/\/www.africa-press.net\/cotedivoire\/wp-json\/wp\/v2\/media\/10490"}],"wp:attachment":[{"href":"https:\/\/www.africa-press.net\/cotedivoire\/wp-json\/wp\/v2\/media?parent=10491"}],"wp:term":[{"taxonomy":"category","embeddable":true,"href":"https:\/\/www.africa-press.net\/cotedivoire\/wp-json\/wp\/v2\/categories?post=10491"},{"taxonomy":"post_tag","embeddable":true,"href":"https:\/\/www.africa-press.net\/cotedivoire\/wp-json\/wp\/v2\/tags?post=10491"}],"curies":[{"name":"wp","href":"https:\/\/api.w.org\/{rel}","templated":true}]}}