{"id":104919,"date":"2025-09-09T17:22:13","date_gmt":"2025-09-09T17:22:13","guid":{"rendered":"https:\/\/www.africa-press.net\/cotedivoire\/politique\/2eme-conference-internationale-sur-la-fievre-de-lassa"},"modified":"2025-09-09T17:26:55","modified_gmt":"2025-09-09T17:26:55","slug":"2eme-conference-internationale-sur-la-fievre-de-lassa","status":"publish","type":"post","link":"https:\/\/www.africa-press.net\/cotedivoire\/toutes-les-actualites\/2eme-conference-internationale-sur-la-fievre-de-lassa","title":{"rendered":"2\u00e8me Conf\u00e9rence Internationale Sur La Fi\u00e8vre De Lassa"},"content":{"rendered":"<p><span style=\"color: #ff6600\"><strong>Africa-Press &#8211; C\u00f4te d&rsquo;Ivoire. <\/strong><\/span>La capitale e\u0301conomique ivoirienne abrite, du 8 au 11 septembre, la 2e Confe\u0301rence internationale de la CEDEAO consacre\u0301e a\u0300 la lutte contre la fie\u0300vre de Lassa, une maladie virale qui demeure un ve\u0301ritable casse-te\u0302te de sante\u0301 publique en Afrique de l\u2019Ouest.<\/p>\n<p>Scientifiques, chercheurs, de\u0301cideurs politiques et acteurs de la sante\u0301 publique venus du monde entier y croisent leurs expertises autour du the\u0300me: \u00ab Au-dela\u0300 des frontie\u0300res: renforcer la coope\u0301ration re\u0301gionale pour lutter contre la fie\u0300vre de Lassa et les maladies infectieuses e\u0301mergentes \u00bb.<\/p>\n<p>Place\u0301e sous la pre\u0301sidence du Premier ministre ivoirien, Robert Beugre\u0301 Mambe\u0301, la ce\u0301re\u0301monie d\u2019ouverture a donne\u0301 le ton: l\u2019Afrique de l\u2019Ouest ne peut plus se permettre de subir les e\u0301pide\u0301mies a\u0300 re\u0301pe\u0301tition sans renforcer sa solidarite\u0301 et sa capacite\u0301 d\u2019action.<\/p>\n<p>\u00ab Je voudrais exprimer, au nom du Pre\u0301sident Alassane Ouattara, la profonde reconnaissance de l\u2019E\u0301tat de Co\u0302te d\u2019Ivoire a\u0300 la CEDEAO pour avoir choisi Abidjan pour abriter cette grande activite\u0301 \u00bb, a de\u0301clare\u0301 le chef du gouvernement, visiblement e\u0301mu par la forte participation internationale.<\/p>\n<p>Conscient de la gravite\u0301 de la situation, Mambe\u0301 a dresse\u0301 un tableau alarmant: plus de 65 e\u0301pide\u0301mies enregistre\u0301es en Afrique depuis avril 2025, dont le chole\u0301ra, qui a cause\u0301 plus de 6 000 de\u0301ce\u0300s. La fie\u0300vre de Lassa, a\u0300 elle seule, provoque chaque anne\u0301e 300 000 infections et 5 000 morts dans la re\u0301gion.<\/p>\n<p>\u00ab Individuellement, les pays peuvent bien faire, mais collectivement, ils peuvent e\u0302tre excellents \u00bb, a martele\u0301 le Premier ministre, appelant a\u0300 une riposte commune et vigoureuse.<\/p>\n<p>Il a e\u0301galement salue\u0301 le ro\u0302le de l\u2019Organisation Ouest-Africaine de la Sante\u0301 (OOAS), cheville ouvrie\u0300re de la confe\u0301rence, qui, malgre\u0301 des ressources financie\u0300res limite\u0301es, multiplie les initiatives pour renforcer la pre\u0301vention, la pre\u0301paration et la re\u0301ponse face aux urgences sanitaires.<\/p>\n<p>Le ministre ivoirien de la Sante\u0301, Pierre Dimba, avait auparavant insiste\u0301 sur la ne\u0301cessite\u0301 d\u2019une approche scientifique et multisectorielle.<\/p>\n<p>\u00ab Les travaux devront e\u0302tre empreints de rigueur scientifique et d\u2019un esprit de collaboration. Les recommandations qui en de\u0301couleront orienteront nos politiques nationales et re\u0301gionales \u00bb, a-t-il affirme\u0301 devant un parterre de chercheurs et de ministres de la Sante\u0301 de la CEDEAO.<\/p>\n<p>Pour Pierre Dimba, les piliers de la lutte sont clairs: surveillance transfrontalie\u0300re, re\u0301ponse rapide, innovations technologiques, y compris les vaccins, engagement communautaire et strate\u0301gie de financement.<\/p>\n<p>Il a rappele\u0301 que la Co\u0302te d\u2019Ivoire, bien que relativement e\u0301pargne\u0301e, reste expose\u0301e.<\/p>\n<p>\u00ab La fie\u0300vre de Lassa a e\u0301te\u0301 identifie\u0301e comme une menace sanitaire a\u0300 haut risque \u00bb, a-t-il averti, en citant les flambe\u0301es meurtrie\u0300res de 2024 dans la sous-re\u0301gion.<\/p>\n<p>Face a\u0300 ce danger, le pays a renforce\u0301 ses capacite\u0301s: mise en place de centres d\u2019ope\u0301rations d\u2019urgence dans 10 po\u0302les re\u0301gionaux, ame\u0301lioration de la de\u0301tection et de la re\u0301ponse, e\u0301laboration d\u2019un plan d\u2019action national de se\u0301curite\u0301 sanitaire pour la pe\u0301riode 2024-2028. Autant de mesures salue\u0301es par les partenaires internationaux, dont l\u2019OMS et la Banque mondiale, pre\u0301sents a\u0300 Abidjan.<\/p>\n<p>Au-dela\u0300 des chiffres et des discours, l\u2019enjeu est vital: transformer les re\u0301sultats de la recherche en actions concre\u0300tes pour soulager les populations.<\/p>\n<p>\u00ab Je fonde beaucoup d\u2019espoir sur les conclusions de vos travaux \u00bb, a confie\u0301 Pierre Dimba, avant de lancer un appel vibrant a\u0300 la mobilisation collective.<\/p>\n<p>En accueillant ELFIC 2025, Abidjan veut montrer que la Co\u0302te d\u2019Ivoire prend toute sa place dans la bataille contre les e\u0301pide\u0301mies.<\/p>\n<p>La re\u0301ussite de cette confe\u0301rence de\u0301pendra de\u0301sormais de la capacite\u0301 des E\u0301tats, chercheurs et partenaires a\u0300 passer des intentions aux actes.<\/p>\n<p><strong>Pour plus d&rsquo;informations et d&rsquo;analyses sur la <span style=\"color: #ff6600\">C\u00f4te d&rsquo;Ivoire<\/span>, suivez <span style=\"color: #ff6600\">Africa-Press<\/span><\/strong><\/p>\n","protected":false},"excerpt":{"rendered":"<p>Africa-Press &#8211; C\u00f4te d&rsquo;Ivoire. La capitale e\u0301conomique ivoirienne abrite, du 8 au 11 septembre, la 2e Confe\u0301rence internationale de la CEDEAO consacre\u0301e a\u0300 la lutte contre la fie\u0300vre de Lassa, une maladie virale qui demeure un ve\u0301ritable casse-te\u0302te de sante\u0301 publique en Afrique de l\u2019Ouest. Scientifiques, chercheurs, de\u0301cideurs politiques et acteurs de la sante\u0301 publique [&hellip;]<\/p>\n","protected":false},"author":82,"featured_media":104917,"comment_status":"open","ping_status":"closed","sticky":false,"template":"","format":"standard","meta":{"footnotes":""},"categories":[21,10],"tags":[30,2399,1150,29,18708,414,18737,622,18736],"class_list":["post-104919","post","type-post","status-publish","format-standard","has-post-thumbnail","hentry","category-communaute","category-toutes-les-actualites","tag-abidjan","tag-beugre-mambe","tag-cedeao","tag-cote-divoire","tag-elfic-2025","tag-oms","tag-ooas","tag-pierre-dimba","tag-securite-sanitaire"],"yoast_head":"<!-- This site is optimized with the Yoast SEO Premium plugin v26.1 (Yoast SEO v27.0) - https:\/\/yoast.com\/product\/yoast-seo-premium-wordpress\/ -->\n<title>2\u00e8me Conf\u00e9rence Internationale Sur La Fi\u00e8vre De Lassa - C\u00f4te d&#039;Ivoire<\/title>\n<meta name=\"description\" content=\"La capitale e\u0301conomique ivoirienne abrite, du 8 au 11 septembre, la 2e Confe\u0301rence internationale de la CEDEAO consacre\u0301 ...\" \/>\n<meta name=\"robots\" content=\"index, follow, max-snippet:-1, max-image-preview:large, max-video-preview:-1\" \/>\n<link rel=\"canonical\" href=\"https:\/\/www.africa-press.net\/cotedivoire\/toutes-les-actualites\/2eme-conference-internationale-sur-la-fievre-de-lassa\" \/>\n<meta property=\"og:locale\" content=\"fr_FR\" \/>\n<meta property=\"og:type\" content=\"article\" \/>\n<meta property=\"og:title\" content=\"2\u00e8me Conf\u00e9rence Internationale Sur La Fi\u00e8vre De Lassa\" \/>\n<meta property=\"og:description\" content=\"La capitale e\u0301conomique ivoirienne abrite, du 8 au 11 septembre, la 2e Confe\u0301rence internationale de la CEDEAO consacre\u0301 ...\" \/>\n<meta property=\"og:url\" content=\"https:\/\/www.africa-press.net\/cotedivoire\/toutes-les-actualites\/2eme-conference-internationale-sur-la-fievre-de-lassa\" \/>\n<meta property=\"og:site_name\" content=\"C\u00f4te d&#039;Ivoire\" \/>\n<meta property=\"article:published_time\" content=\"2025-09-09T17:22:13+00:00\" \/>\n<meta property=\"article:modified_time\" content=\"2025-09-09T17:26:55+00:00\" \/>\n<meta property=\"og:image\" content=\"https:\/\/static.africa-press.net\/cote\/sites\/43\/2025\/09\/sm_1757426177.977679.jpg\" \/>\n\t<meta property=\"og:image:width\" content=\"720\" \/>\n\t<meta property=\"og:image:height\" content=\"506\" \/>\n\t<meta property=\"og:image:type\" content=\"image\/jpeg\" \/>\n<meta name=\"author\" content=\"cfeditorfr\" \/>\n<meta name=\"twitter:card\" content=\"summary_large_image\" \/>\n<meta name=\"twitter:label1\" content=\"\u00c9crit par\" \/>\n\t<meta name=\"twitter:data1\" content=\"cfeditorfr\" \/>\n\t<meta name=\"twitter:label2\" content=\"Dur\u00e9e de lecture estim\u00e9e\" \/>\n\t<meta name=\"twitter:data2\" content=\"3 minutes\" \/>\n<script type=\"application\/ld+json\" class=\"yoast-schema-graph\">{\"@context\":\"https:\/\/schema.org\",\"@graph\":[{\"@type\":\"Article\",\"@id\":\"https:\/\/www.africa-press.net\/cotedivoire\/toutes-les-actualites\/2eme-conference-internationale-sur-la-fievre-de-lassa#article\",\"isPartOf\":{\"@id\":\"https:\/\/www.africa-press.net\/cotedivoire\/toutes-les-actualites\/2eme-conference-internationale-sur-la-fievre-de-lassa\"},\"author\":{\"name\":\"cfeditorfr\",\"@id\":\"https:\/\/www.africa-press.net\/cotedivoire\/#\/schema\/person\/2b1cf3cd81a31e3cd26889ca66d677f1\"},\"headline\":\"2\u00e8me Conf\u00e9rence Internationale Sur La Fi\u00e8vre De Lassa\",\"datePublished\":\"2025-09-09T17:22:13+00:00\",\"dateModified\":\"2025-09-09T17:26:55+00:00\",\"mainEntityOfPage\":{\"@id\":\"https:\/\/www.africa-press.net\/cotedivoire\/toutes-les-actualites\/2eme-conference-internationale-sur-la-fievre-de-lassa\"},\"wordCount\":672,\"commentCount\":0,\"image\":{\"@id\":\"https:\/\/www.africa-press.net\/cotedivoire\/toutes-les-actualites\/2eme-conference-internationale-sur-la-fievre-de-lassa#primaryimage\"},\"thumbnailUrl\":\"https:\/\/static.africa-press.net\/cote\/sites\/43\/2025\/09\/sm_1757426177.977679.jpg\",\"keywords\":[\"Abidjan\",\"Beugr\u00e9 Mamb\u00e9\",\"CEDEAO\",\"C\u00d4TE D'IVOIRE\",\"ELFIC 2025\",\"OMS\",\"OOAS\",\"Pierre Dimba\",\"s\u00e9curit\u00e9 sanitaire\"],\"articleSection\":[\"Communaut\u00e9\",\"Toutes les actualit\u00e9s\"],\"inLanguage\":\"fr-FR\",\"potentialAction\":[{\"@type\":\"CommentAction\",\"name\":\"Comment\",\"target\":[\"https:\/\/www.africa-press.net\/cotedivoire\/toutes-les-actualites\/2eme-conference-internationale-sur-la-fievre-de-lassa#respond\"]}]},{\"@type\":\"WebPage\",\"@id\":\"https:\/\/www.africa-press.net\/cotedivoire\/toutes-les-actualites\/2eme-conference-internationale-sur-la-fievre-de-lassa\",\"url\":\"https:\/\/www.africa-press.net\/cotedivoire\/toutes-les-actualites\/2eme-conference-internationale-sur-la-fievre-de-lassa\",\"name\":\"2\u00e8me Conf\u00e9rence Internationale Sur La Fi\u00e8vre De Lassa - C\u00f4te d&#039;Ivoire\",\"isPartOf\":{\"@id\":\"https:\/\/www.africa-press.net\/cotedivoire\/#website\"},\"primaryImageOfPage\":{\"@id\":\"https:\/\/www.africa-press.net\/cotedivoire\/toutes-les-actualites\/2eme-conference-internationale-sur-la-fievre-de-lassa#primaryimage\"},\"image\":{\"@id\":\"https:\/\/www.africa-press.net\/cotedivoire\/toutes-les-actualites\/2eme-conference-internationale-sur-la-fievre-de-lassa#primaryimage\"},\"thumbnailUrl\":\"https:\/\/static.africa-press.net\/cote\/sites\/43\/2025\/09\/sm_1757426177.977679.jpg\",\"datePublished\":\"2025-09-09T17:22:13+00:00\",\"dateModified\":\"2025-09-09T17:26:55+00:00\",\"author\":{\"@id\":\"https:\/\/www.africa-press.net\/cotedivoire\/#\/schema\/person\/2b1cf3cd81a31e3cd26889ca66d677f1\"},\"description\":\"La capitale e\u0301conomique ivoirienne abrite, du 8 au 11 septembre, la 2e Confe\u0301rence internationale de la CEDEAO consacre\u0301 ...\",\"breadcrumb\":{\"@id\":\"https:\/\/www.africa-press.net\/cotedivoire\/toutes-les-actualites\/2eme-conference-internationale-sur-la-fievre-de-lassa#breadcrumb\"},\"inLanguage\":\"fr-FR\",\"potentialAction\":[{\"@type\":\"ReadAction\",\"target\":[\"https:\/\/www.africa-press.net\/cotedivoire\/toutes-les-actualites\/2eme-conference-internationale-sur-la-fievre-de-lassa\"]}]},{\"@type\":\"ImageObject\",\"inLanguage\":\"fr-FR\",\"@id\":\"https:\/\/www.africa-press.net\/cotedivoire\/toutes-les-actualites\/2eme-conference-internationale-sur-la-fievre-de-lassa#primaryimage\",\"url\":\"https:\/\/static.africa-press.net\/cote\/sites\/43\/2025\/09\/sm_1757426177.977679.jpg\",\"contentUrl\":\"https:\/\/static.africa-press.net\/cote\/sites\/43\/2025\/09\/sm_1757426177.977679.jpg\",\"width\":720,\"height\":506,\"caption\":\"2\u00e8me Conf\u00e9rence Internationale Sur La Fi\u00e8vre De Lassa\"},{\"@type\":\"BreadcrumbList\",\"@id\":\"https:\/\/www.africa-press.net\/cotedivoire\/toutes-les-actualites\/2eme-conference-internationale-sur-la-fievre-de-lassa#breadcrumb\",\"itemListElement\":[{\"@type\":\"ListItem\",\"position\":1,\"name\":\"Accueil\",\"item\":\"https:\/\/www.africa-press.net\/cotedivoire\/\"},{\"@type\":\"ListItem\",\"position\":2,\"name\":\"2\u00e8me Conf\u00e9rence Internationale Sur La Fi\u00e8vre De Lassa\"}]},{\"@type\":\"WebSite\",\"@id\":\"https:\/\/www.africa-press.net\/cotedivoire\/#website\",\"url\":\"https:\/\/www.africa-press.net\/cotedivoire\/\",\"name\":\"C\u00f4te d&#039;Ivoire\",\"description\":\"Just another Africa News Agency Sites site\",\"potentialAction\":[{\"@type\":\"SearchAction\",\"target\":{\"@type\":\"EntryPoint\",\"urlTemplate\":\"https:\/\/www.africa-press.net\/cotedivoire\/?s={search_term_string}\"},\"query-input\":{\"@type\":\"PropertyValueSpecification\",\"valueRequired\":true,\"valueName\":\"search_term_string\"}}],\"inLanguage\":\"fr-FR\"},{\"@type\":\"Person\",\"@id\":\"https:\/\/www.africa-press.net\/cotedivoire\/#\/schema\/person\/2b1cf3cd81a31e3cd26889ca66d677f1\",\"name\":\"cfeditorfr\"}]}<\/script>\n<!-- \/ Yoast SEO Premium plugin. -->","yoast_head_json":{"title":"2\u00e8me Conf\u00e9rence Internationale Sur La Fi\u00e8vre De Lassa - C\u00f4te d&#039;Ivoire","description":"La capitale e\u0301conomique ivoirienne abrite, du 8 au 11 septembre, la 2e Confe\u0301rence internationale de la CEDEAO consacre\u0301 ...","robots":{"index":"index","follow":"follow","max-snippet":"max-snippet:-1","max-image-preview":"max-image-preview:large","max-video-preview":"max-video-preview:-1"},"canonical":"https:\/\/www.africa-press.net\/cotedivoire\/toutes-les-actualites\/2eme-conference-internationale-sur-la-fievre-de-lassa","og_locale":"fr_FR","og_type":"article","og_title":"2\u00e8me Conf\u00e9rence Internationale Sur La Fi\u00e8vre De Lassa","og_description":"La capitale e\u0301conomique ivoirienne abrite, du 8 au 11 septembre, la 2e Confe\u0301rence internationale de la CEDEAO consacre\u0301 ...","og_url":"https:\/\/www.africa-press.net\/cotedivoire\/toutes-les-actualites\/2eme-conference-internationale-sur-la-fievre-de-lassa","og_site_name":"C\u00f4te d&#039;Ivoire","article_published_time":"2025-09-09T17:22:13+00:00","article_modified_time":"2025-09-09T17:26:55+00:00","og_image":[{"width":720,"height":506,"url":"https:\/\/static.africa-press.net\/cote\/sites\/43\/2025\/09\/sm_1757426177.977679.jpg","type":"image\/jpeg"}],"author":"cfeditorfr","twitter_card":"summary_large_image","twitter_misc":{"\u00c9crit par":"cfeditorfr","Dur\u00e9e de lecture estim\u00e9e":"3 minutes"},"schema":{"@context":"https:\/\/schema.org","@graph":[{"@type":"Article","@id":"https:\/\/www.africa-press.net\/cotedivoire\/toutes-les-actualites\/2eme-conference-internationale-sur-la-fievre-de-lassa#article","isPartOf":{"@id":"https:\/\/www.africa-press.net\/cotedivoire\/toutes-les-actualites\/2eme-conference-internationale-sur-la-fievre-de-lassa"},"author":{"name":"cfeditorfr","@id":"https:\/\/www.africa-press.net\/cotedivoire\/#\/schema\/person\/2b1cf3cd81a31e3cd26889ca66d677f1"},"headline":"2\u00e8me Conf\u00e9rence Internationale Sur La Fi\u00e8vre De Lassa","datePublished":"2025-09-09T17:22:13+00:00","dateModified":"2025-09-09T17:26:55+00:00","mainEntityOfPage":{"@id":"https:\/\/www.africa-press.net\/cotedivoire\/toutes-les-actualites\/2eme-conference-internationale-sur-la-fievre-de-lassa"},"wordCount":672,"commentCount":0,"image":{"@id":"https:\/\/www.africa-press.net\/cotedivoire\/toutes-les-actualites\/2eme-conference-internationale-sur-la-fievre-de-lassa#primaryimage"},"thumbnailUrl":"https:\/\/static.africa-press.net\/cote\/sites\/43\/2025\/09\/sm_1757426177.977679.jpg","keywords":["Abidjan","Beugr\u00e9 Mamb\u00e9","CEDEAO","C\u00d4TE D'IVOIRE","ELFIC 2025","OMS","OOAS","Pierre Dimba","s\u00e9curit\u00e9 sanitaire"],"articleSection":["Communaut\u00e9","Toutes les actualit\u00e9s"],"inLanguage":"fr-FR","potentialAction":[{"@type":"CommentAction","name":"Comment","target":["https:\/\/www.africa-press.net\/cotedivoire\/toutes-les-actualites\/2eme-conference-internationale-sur-la-fievre-de-lassa#respond"]}]},{"@type":"WebPage","@id":"https:\/\/www.africa-press.net\/cotedivoire\/toutes-les-actualites\/2eme-conference-internationale-sur-la-fievre-de-lassa","url":"https:\/\/www.africa-press.net\/cotedivoire\/toutes-les-actualites\/2eme-conference-internationale-sur-la-fievre-de-lassa","name":"2\u00e8me Conf\u00e9rence Internationale Sur La Fi\u00e8vre De Lassa - C\u00f4te d&#039;Ivoire","isPartOf":{"@id":"https:\/\/www.africa-press.net\/cotedivoire\/#website"},"primaryImageOfPage":{"@id":"https:\/\/www.africa-press.net\/cotedivoire\/toutes-les-actualites\/2eme-conference-internationale-sur-la-fievre-de-lassa#primaryimage"},"image":{"@id":"https:\/\/www.africa-press.net\/cotedivoire\/toutes-les-actualites\/2eme-conference-internationale-sur-la-fievre-de-lassa#primaryimage"},"thumbnailUrl":"https:\/\/static.africa-press.net\/cote\/sites\/43\/2025\/09\/sm_1757426177.977679.jpg","datePublished":"2025-09-09T17:22:13+00:00","dateModified":"2025-09-09T17:26:55+00:00","author":{"@id":"https:\/\/www.africa-press.net\/cotedivoire\/#\/schema\/person\/2b1cf3cd81a31e3cd26889ca66d677f1"},"description":"La capitale e\u0301conomique ivoirienne abrite, du 8 au 11 septembre, la 2e Confe\u0301rence internationale de la CEDEAO consacre\u0301 ...","breadcrumb":{"@id":"https:\/\/www.africa-press.net\/cotedivoire\/toutes-les-actualites\/2eme-conference-internationale-sur-la-fievre-de-lassa#breadcrumb"},"inLanguage":"fr-FR","potentialAction":[{"@type":"ReadAction","target":["https:\/\/www.africa-press.net\/cotedivoire\/toutes-les-actualites\/2eme-conference-internationale-sur-la-fievre-de-lassa"]}]},{"@type":"ImageObject","inLanguage":"fr-FR","@id":"https:\/\/www.africa-press.net\/cotedivoire\/toutes-les-actualites\/2eme-conference-internationale-sur-la-fievre-de-lassa#primaryimage","url":"https:\/\/static.africa-press.net\/cote\/sites\/43\/2025\/09\/sm_1757426177.977679.jpg","contentUrl":"https:\/\/static.africa-press.net\/cote\/sites\/43\/2025\/09\/sm_1757426177.977679.jpg","width":720,"height":506,"caption":"2\u00e8me Conf\u00e9rence Internationale Sur La Fi\u00e8vre De Lassa"},{"@type":"BreadcrumbList","@id":"https:\/\/www.africa-press.net\/cotedivoire\/toutes-les-actualites\/2eme-conference-internationale-sur-la-fievre-de-lassa#breadcrumb","itemListElement":[{"@type":"ListItem","position":1,"name":"Accueil","item":"https:\/\/www.africa-press.net\/cotedivoire\/"},{"@type":"ListItem","position":2,"name":"2\u00e8me Conf\u00e9rence Internationale Sur La Fi\u00e8vre De Lassa"}]},{"@type":"WebSite","@id":"https:\/\/www.africa-press.net\/cotedivoire\/#website","url":"https:\/\/www.africa-press.net\/cotedivoire\/","name":"C\u00f4te d&#039;Ivoire","description":"Just another Africa News Agency Sites site","potentialAction":[{"@type":"SearchAction","target":{"@type":"EntryPoint","urlTemplate":"https:\/\/www.africa-press.net\/cotedivoire\/?s={search_term_string}"},"query-input":{"@type":"PropertyValueSpecification","valueRequired":true,"valueName":"search_term_string"}}],"inLanguage":"fr-FR"},{"@type":"Person","@id":"https:\/\/www.africa-press.net\/cotedivoire\/#\/schema\/person\/2b1cf3cd81a31e3cd26889ca66d677f1","name":"cfeditorfr"}]}},"_links":{"self":[{"href":"https:\/\/www.africa-press.net\/cotedivoire\/wp-json\/wp\/v2\/posts\/104919","targetHints":{"allow":["GET"]}}],"collection":[{"href":"https:\/\/www.africa-press.net\/cotedivoire\/wp-json\/wp\/v2\/posts"}],"about":[{"href":"https:\/\/www.africa-press.net\/cotedivoire\/wp-json\/wp\/v2\/types\/post"}],"author":[{"embeddable":true,"href":"https:\/\/www.africa-press.net\/cotedivoire\/wp-json\/wp\/v2\/users\/82"}],"replies":[{"embeddable":true,"href":"https:\/\/www.africa-press.net\/cotedivoire\/wp-json\/wp\/v2\/comments?post=104919"}],"version-history":[{"count":0,"href":"https:\/\/www.africa-press.net\/cotedivoire\/wp-json\/wp\/v2\/posts\/104919\/revisions"}],"wp:featuredmedia":[{"embeddable":true,"href":"https:\/\/www.africa-press.net\/cotedivoire\/wp-json\/wp\/v2\/media\/104917"}],"wp:attachment":[{"href":"https:\/\/www.africa-press.net\/cotedivoire\/wp-json\/wp\/v2\/media?parent=104919"}],"wp:term":[{"taxonomy":"category","embeddable":true,"href":"https:\/\/www.africa-press.net\/cotedivoire\/wp-json\/wp\/v2\/categories?post=104919"},{"taxonomy":"post_tag","embeddable":true,"href":"https:\/\/www.africa-press.net\/cotedivoire\/wp-json\/wp\/v2\/tags?post=104919"}],"curies":[{"name":"wp","href":"https:\/\/api.w.org\/{rel}","templated":true}]}}