{"id":104968,"date":"2025-09-10T16:36:03","date_gmt":"2025-09-10T16:36:03","guid":{"rendered":"https:\/\/www.africa-press.net\/cotedivoire\/politique\/pdci-rda-denonce-ecart-injuste-de-tidjane-thiam"},"modified":"2025-09-10T16:58:40","modified_gmt":"2025-09-10T16:58:40","slug":"pdci-rda-denonce-ecart-injuste-de-tidjane-thiam","status":"publish","type":"post","link":"https:\/\/www.africa-press.net\/cotedivoire\/parties\/pdci-rda-denonce-ecart-injuste-de-tidjane-thiam","title":{"rendered":"PDCI-RDA D\u00e9nonce \u00c9cart Injuste de Tidjane Thiam"},"content":{"rendered":"<p><span style=\"color: #ff6600\"><strong>Africa-Press &#8211; C\u00f4te d&rsquo;Ivoire. <\/strong><\/span>La de\u0301cision du Conseil constitutionnel de rejeter la candidature de Tidjane Thiam a\u0300 l\u2019e\u0301lection pre\u0301sidentielle du 25 octobre 2025 a suscite\u0301 une vive indignation au sein du Parti de\u0301mocratique de Co\u0302te d\u2019Ivoire \u2013 Rassemblement de\u0301mocratique africain (PDCI-RDA). Pour la formation politique fonde\u0301e par Fe\u0301lix Houphoue\u0308t-Boigny, cette de\u0301cision constitue non seulement une atteinte grave au droit des e\u0301lecteurs d\u2019exprimer leur choix, mais aussi un coup porte\u0301 a\u0300 l\u2019alternance pacifique dont le pays a tant besoin.<\/p>\n<p>Le lundi 8 septembre, le Conseil constitutionnel a publie\u0301 la liste officielle des candidats retenus, e\u0301cartant l\u2019ancien banquier international au motif de sa radiation judiciaire de la liste e\u0301lectorale. Une de\u0301cision que le PDCI-RDA juge incompre\u0301hensible, car selon lui, toutes les pie\u0300ces exige\u0301es avaient e\u0301te\u0301 fournies en bonne et due forme. Face a\u0300 ce revers, le parti a imme\u0301diatement re\u0301ite\u0301re\u0301 son soutien total et sans condition a\u0300 son pre\u0301sident, estimant qu\u2019il reste la figure la plus cre\u0301dible pour incarner l\u2019espoir d\u2019un ve\u0301ritable changement de\u0301mocratique.<\/p>\n<p>Le rejet de Tidjane Thiam intervient dans un contexte politique ou\u0300 d\u2019autres figures de l\u2019opposition, dont l\u2019ex-pre\u0301sident Laurent Gbagbo, ont e\u0301galement e\u0301te\u0301 recale\u0301es pour diverses raisons. Le PDCI-RDA y voit une de\u0301rive dangereuse qui fragilise le processus e\u0301lectoral et qui risque de raviver les tensions dans un pays encore marque\u0301 par ses crises passe\u0301es. Dans sa de\u0301claration sont copie est parvenue a\u0300 KOACI, le parti n\u2019a pas manque\u0301 d\u2019appeler la communaute\u0301 nationale et internationale a\u0300 mesurer la gravite\u0301 de la situation et a\u0300 encourager le dialogue inclusif pour e\u0301viter a\u0300 la Co\u0302te d\u2019Ivoire un nouvel e\u0301pisode d\u2019instabilite\u0301.<\/p>\n<p>En de\u0301nonc\u0327ant cette exclusion, le PDCI-RDA estime que c\u2019est la seule ve\u0301ritable alternative pacifique qui vient d\u2019e\u0302tre sacrifie\u0301e, celle de l\u2019alternance de\u0301mocratique par les urnes.<\/p>\n<p>Le parti appelle ses militants, ainsi que tous les Ivoiriens attache\u0301s a\u0300 la paix et a\u0300 la justice, a\u0300 demeurer mobilise\u0301s et de\u0301termine\u0301s afin que triomphent la de\u0301mocratie et l\u2019E\u0301tat de droit.<\/p>\n<p><strong>Pour plus d&rsquo;informations et d&rsquo;analyses sur la <span style=\"color: #ff6600\">C\u00f4te d&rsquo;Ivoire<\/span>, suivez <span style=\"color: #ff6600\">Africa-Press<\/span><\/strong><\/p>\n","protected":false},"excerpt":{"rendered":"<p>Africa-Press &#8211; C\u00f4te d&rsquo;Ivoire. La de\u0301cision du Conseil constitutionnel de rejeter la candidature de Tidjane Thiam a\u0300 l\u2019e\u0301lection pre\u0301sidentielle du 25 octobre 2025 a suscite\u0301 une vive indignation au sein du Parti de\u0301mocratique de Co\u0302te d\u2019Ivoire \u2013 Rassemblement de\u0301mocratique africain (PDCI-RDA). Pour la formation politique fonde\u0301e par Fe\u0301lix Houphoue\u0308t-Boigny, cette de\u0301cision constitue non seulement une [&hellip;]<\/p>\n","protected":false},"author":82,"featured_media":104967,"comment_status":"open","ping_status":"closed","sticky":false,"template":"","format":"standard","meta":{"footnotes":""},"categories":[4,10],"tags":[29,320,423,1547],"class_list":["post-104968","post","type-post","status-publish","format-standard","has-post-thumbnail","hentry","category-parties","category-toutes-les-actualites","tag-cote-divoire","tag-gbagbo","tag-pdci","tag-thiam"],"yoast_head":"<!-- This site is optimized with the Yoast SEO Premium plugin v26.1 (Yoast SEO v27.0) - https:\/\/yoast.com\/product\/yoast-seo-premium-wordpress\/ -->\n<title>PDCI-RDA D\u00e9nonce \u00c9cart Injuste de Tidjane Thiam - C\u00f4te d&#039;Ivoire<\/title>\n<meta name=\"description\" content=\"La de\u0301cision du Conseil constitutionnel de rejeter la candidature de Tidjane Thiam a\u0300 l\u2019e\u0301lection pre\u0301sidentielle du 25 ...\" \/>\n<meta name=\"robots\" content=\"index, follow, max-snippet:-1, max-image-preview:large, max-video-preview:-1\" \/>\n<link rel=\"canonical\" href=\"https:\/\/www.africa-press.net\/cotedivoire\/parties\/pdci-rda-denonce-ecart-injuste-de-tidjane-thiam\" \/>\n<meta property=\"og:locale\" content=\"fr_FR\" \/>\n<meta property=\"og:type\" content=\"article\" \/>\n<meta property=\"og:title\" content=\"PDCI-RDA D\u00e9nonce \u00c9cart Injuste de Tidjane Thiam\" \/>\n<meta property=\"og:description\" content=\"La de\u0301cision du Conseil constitutionnel de rejeter la candidature de Tidjane Thiam a\u0300 l\u2019e\u0301lection pre\u0301sidentielle du 25 ...\" \/>\n<meta property=\"og:url\" content=\"https:\/\/www.africa-press.net\/cotedivoire\/parties\/pdci-rda-denonce-ecart-injuste-de-tidjane-thiam\" \/>\n<meta property=\"og:site_name\" content=\"C\u00f4te d&#039;Ivoire\" \/>\n<meta property=\"article:published_time\" content=\"2025-09-10T16:36:03+00:00\" \/>\n<meta property=\"article:modified_time\" content=\"2025-09-10T16:58:40+00:00\" \/>\n<meta property=\"og:image\" content=\"https:\/\/static.africa-press.net\/cote\/sites\/43\/2025\/09\/sm_1757510902.21249.jpg\" \/>\n\t<meta property=\"og:image:width\" content=\"720\" \/>\n\t<meta property=\"og:image:height\" content=\"506\" \/>\n\t<meta property=\"og:image:type\" content=\"image\/jpeg\" \/>\n<meta name=\"author\" content=\"cfeditorfr\" \/>\n<meta name=\"twitter:card\" content=\"summary_large_image\" \/>\n<meta name=\"twitter:label1\" content=\"\u00c9crit par\" \/>\n\t<meta name=\"twitter:data1\" content=\"cfeditorfr\" \/>\n\t<meta name=\"twitter:label2\" content=\"Dur\u00e9e de lecture estim\u00e9e\" \/>\n\t<meta name=\"twitter:data2\" content=\"2 minutes\" \/>\n<script type=\"application\/ld+json\" class=\"yoast-schema-graph\">{\"@context\":\"https:\/\/schema.org\",\"@graph\":[{\"@type\":\"Article\",\"@id\":\"https:\/\/www.africa-press.net\/cotedivoire\/parties\/pdci-rda-denonce-ecart-injuste-de-tidjane-thiam#article\",\"isPartOf\":{\"@id\":\"https:\/\/www.africa-press.net\/cotedivoire\/parties\/pdci-rda-denonce-ecart-injuste-de-tidjane-thiam\"},\"author\":{\"name\":\"cfeditorfr\",\"@id\":\"https:\/\/www.africa-press.net\/cotedivoire\/#\/schema\/person\/2b1cf3cd81a31e3cd26889ca66d677f1\"},\"headline\":\"PDCI-RDA D\u00e9nonce \u00c9cart Injuste de Tidjane Thiam\",\"datePublished\":\"2025-09-10T16:36:03+00:00\",\"dateModified\":\"2025-09-10T16:58:40+00:00\",\"mainEntityOfPage\":{\"@id\":\"https:\/\/www.africa-press.net\/cotedivoire\/parties\/pdci-rda-denonce-ecart-injuste-de-tidjane-thiam\"},\"wordCount\":404,\"commentCount\":0,\"image\":{\"@id\":\"https:\/\/www.africa-press.net\/cotedivoire\/parties\/pdci-rda-denonce-ecart-injuste-de-tidjane-thiam#primaryimage\"},\"thumbnailUrl\":\"https:\/\/static.africa-press.net\/cote\/sites\/43\/2025\/09\/sm_1757510902.21249.jpg\",\"keywords\":[\"C\u00d4TE D'IVOIRE\",\"Gbagbo\",\"Pdci\",\"Thiam\"],\"articleSection\":[\"Parties\",\"Toutes les actualit\u00e9s\"],\"inLanguage\":\"fr-FR\",\"potentialAction\":[{\"@type\":\"CommentAction\",\"name\":\"Comment\",\"target\":[\"https:\/\/www.africa-press.net\/cotedivoire\/parties\/pdci-rda-denonce-ecart-injuste-de-tidjane-thiam#respond\"]}]},{\"@type\":\"WebPage\",\"@id\":\"https:\/\/www.africa-press.net\/cotedivoire\/parties\/pdci-rda-denonce-ecart-injuste-de-tidjane-thiam\",\"url\":\"https:\/\/www.africa-press.net\/cotedivoire\/parties\/pdci-rda-denonce-ecart-injuste-de-tidjane-thiam\",\"name\":\"PDCI-RDA D\u00e9nonce \u00c9cart Injuste de Tidjane Thiam - C\u00f4te d&#039;Ivoire\",\"isPartOf\":{\"@id\":\"https:\/\/www.africa-press.net\/cotedivoire\/#website\"},\"primaryImageOfPage\":{\"@id\":\"https:\/\/www.africa-press.net\/cotedivoire\/parties\/pdci-rda-denonce-ecart-injuste-de-tidjane-thiam#primaryimage\"},\"image\":{\"@id\":\"https:\/\/www.africa-press.net\/cotedivoire\/parties\/pdci-rda-denonce-ecart-injuste-de-tidjane-thiam#primaryimage\"},\"thumbnailUrl\":\"https:\/\/static.africa-press.net\/cote\/sites\/43\/2025\/09\/sm_1757510902.21249.jpg\",\"datePublished\":\"2025-09-10T16:36:03+00:00\",\"dateModified\":\"2025-09-10T16:58:40+00:00\",\"author\":{\"@id\":\"https:\/\/www.africa-press.net\/cotedivoire\/#\/schema\/person\/2b1cf3cd81a31e3cd26889ca66d677f1\"},\"description\":\"La de\u0301cision du Conseil constitutionnel de rejeter la candidature de Tidjane Thiam a\u0300 l\u2019e\u0301lection pre\u0301sidentielle du 25 ...\",\"breadcrumb\":{\"@id\":\"https:\/\/www.africa-press.net\/cotedivoire\/parties\/pdci-rda-denonce-ecart-injuste-de-tidjane-thiam#breadcrumb\"},\"inLanguage\":\"fr-FR\",\"potentialAction\":[{\"@type\":\"ReadAction\",\"target\":[\"https:\/\/www.africa-press.net\/cotedivoire\/parties\/pdci-rda-denonce-ecart-injuste-de-tidjane-thiam\"]}]},{\"@type\":\"ImageObject\",\"inLanguage\":\"fr-FR\",\"@id\":\"https:\/\/www.africa-press.net\/cotedivoire\/parties\/pdci-rda-denonce-ecart-injuste-de-tidjane-thiam#primaryimage\",\"url\":\"https:\/\/static.africa-press.net\/cote\/sites\/43\/2025\/09\/sm_1757510902.21249.jpg\",\"contentUrl\":\"https:\/\/static.africa-press.net\/cote\/sites\/43\/2025\/09\/sm_1757510902.21249.jpg\",\"width\":720,\"height\":506,\"caption\":\"PDCI-RDA D\u00e9nonce \u00c9cart Injuste de Tidjane Thiam\"},{\"@type\":\"BreadcrumbList\",\"@id\":\"https:\/\/www.africa-press.net\/cotedivoire\/parties\/pdci-rda-denonce-ecart-injuste-de-tidjane-thiam#breadcrumb\",\"itemListElement\":[{\"@type\":\"ListItem\",\"position\":1,\"name\":\"Accueil\",\"item\":\"https:\/\/www.africa-press.net\/cotedivoire\/\"},{\"@type\":\"ListItem\",\"position\":2,\"name\":\"PDCI-RDA D\u00e9nonce \u00c9cart Injuste de Tidjane Thiam\"}]},{\"@type\":\"WebSite\",\"@id\":\"https:\/\/www.africa-press.net\/cotedivoire\/#website\",\"url\":\"https:\/\/www.africa-press.net\/cotedivoire\/\",\"name\":\"C\u00f4te d&#039;Ivoire\",\"description\":\"Just another Africa News Agency Sites site\",\"potentialAction\":[{\"@type\":\"SearchAction\",\"target\":{\"@type\":\"EntryPoint\",\"urlTemplate\":\"https:\/\/www.africa-press.net\/cotedivoire\/?s={search_term_string}\"},\"query-input\":{\"@type\":\"PropertyValueSpecification\",\"valueRequired\":true,\"valueName\":\"search_term_string\"}}],\"inLanguage\":\"fr-FR\"},{\"@type\":\"Person\",\"@id\":\"https:\/\/www.africa-press.net\/cotedivoire\/#\/schema\/person\/2b1cf3cd81a31e3cd26889ca66d677f1\",\"name\":\"cfeditorfr\"}]}<\/script>\n<!-- \/ Yoast SEO Premium plugin. -->","yoast_head_json":{"title":"PDCI-RDA D\u00e9nonce \u00c9cart Injuste de Tidjane Thiam - C\u00f4te d&#039;Ivoire","description":"La de\u0301cision du Conseil constitutionnel de rejeter la candidature de Tidjane Thiam a\u0300 l\u2019e\u0301lection pre\u0301sidentielle du 25 ...","robots":{"index":"index","follow":"follow","max-snippet":"max-snippet:-1","max-image-preview":"max-image-preview:large","max-video-preview":"max-video-preview:-1"},"canonical":"https:\/\/www.africa-press.net\/cotedivoire\/parties\/pdci-rda-denonce-ecart-injuste-de-tidjane-thiam","og_locale":"fr_FR","og_type":"article","og_title":"PDCI-RDA D\u00e9nonce \u00c9cart Injuste de Tidjane Thiam","og_description":"La de\u0301cision du Conseil constitutionnel de rejeter la candidature de Tidjane Thiam a\u0300 l\u2019e\u0301lection pre\u0301sidentielle du 25 ...","og_url":"https:\/\/www.africa-press.net\/cotedivoire\/parties\/pdci-rda-denonce-ecart-injuste-de-tidjane-thiam","og_site_name":"C\u00f4te d&#039;Ivoire","article_published_time":"2025-09-10T16:36:03+00:00","article_modified_time":"2025-09-10T16:58:40+00:00","og_image":[{"width":720,"height":506,"url":"https:\/\/static.africa-press.net\/cote\/sites\/43\/2025\/09\/sm_1757510902.21249.jpg","type":"image\/jpeg"}],"author":"cfeditorfr","twitter_card":"summary_large_image","twitter_misc":{"\u00c9crit par":"cfeditorfr","Dur\u00e9e de lecture estim\u00e9e":"2 minutes"},"schema":{"@context":"https:\/\/schema.org","@graph":[{"@type":"Article","@id":"https:\/\/www.africa-press.net\/cotedivoire\/parties\/pdci-rda-denonce-ecart-injuste-de-tidjane-thiam#article","isPartOf":{"@id":"https:\/\/www.africa-press.net\/cotedivoire\/parties\/pdci-rda-denonce-ecart-injuste-de-tidjane-thiam"},"author":{"name":"cfeditorfr","@id":"https:\/\/www.africa-press.net\/cotedivoire\/#\/schema\/person\/2b1cf3cd81a31e3cd26889ca66d677f1"},"headline":"PDCI-RDA D\u00e9nonce \u00c9cart Injuste de Tidjane Thiam","datePublished":"2025-09-10T16:36:03+00:00","dateModified":"2025-09-10T16:58:40+00:00","mainEntityOfPage":{"@id":"https:\/\/www.africa-press.net\/cotedivoire\/parties\/pdci-rda-denonce-ecart-injuste-de-tidjane-thiam"},"wordCount":404,"commentCount":0,"image":{"@id":"https:\/\/www.africa-press.net\/cotedivoire\/parties\/pdci-rda-denonce-ecart-injuste-de-tidjane-thiam#primaryimage"},"thumbnailUrl":"https:\/\/static.africa-press.net\/cote\/sites\/43\/2025\/09\/sm_1757510902.21249.jpg","keywords":["C\u00d4TE D'IVOIRE","Gbagbo","Pdci","Thiam"],"articleSection":["Parties","Toutes les actualit\u00e9s"],"inLanguage":"fr-FR","potentialAction":[{"@type":"CommentAction","name":"Comment","target":["https:\/\/www.africa-press.net\/cotedivoire\/parties\/pdci-rda-denonce-ecart-injuste-de-tidjane-thiam#respond"]}]},{"@type":"WebPage","@id":"https:\/\/www.africa-press.net\/cotedivoire\/parties\/pdci-rda-denonce-ecart-injuste-de-tidjane-thiam","url":"https:\/\/www.africa-press.net\/cotedivoire\/parties\/pdci-rda-denonce-ecart-injuste-de-tidjane-thiam","name":"PDCI-RDA D\u00e9nonce \u00c9cart Injuste de Tidjane Thiam - C\u00f4te d&#039;Ivoire","isPartOf":{"@id":"https:\/\/www.africa-press.net\/cotedivoire\/#website"},"primaryImageOfPage":{"@id":"https:\/\/www.africa-press.net\/cotedivoire\/parties\/pdci-rda-denonce-ecart-injuste-de-tidjane-thiam#primaryimage"},"image":{"@id":"https:\/\/www.africa-press.net\/cotedivoire\/parties\/pdci-rda-denonce-ecart-injuste-de-tidjane-thiam#primaryimage"},"thumbnailUrl":"https:\/\/static.africa-press.net\/cote\/sites\/43\/2025\/09\/sm_1757510902.21249.jpg","datePublished":"2025-09-10T16:36:03+00:00","dateModified":"2025-09-10T16:58:40+00:00","author":{"@id":"https:\/\/www.africa-press.net\/cotedivoire\/#\/schema\/person\/2b1cf3cd81a31e3cd26889ca66d677f1"},"description":"La de\u0301cision du Conseil constitutionnel de rejeter la candidature de Tidjane Thiam a\u0300 l\u2019e\u0301lection pre\u0301sidentielle du 25 ...","breadcrumb":{"@id":"https:\/\/www.africa-press.net\/cotedivoire\/parties\/pdci-rda-denonce-ecart-injuste-de-tidjane-thiam#breadcrumb"},"inLanguage":"fr-FR","potentialAction":[{"@type":"ReadAction","target":["https:\/\/www.africa-press.net\/cotedivoire\/parties\/pdci-rda-denonce-ecart-injuste-de-tidjane-thiam"]}]},{"@type":"ImageObject","inLanguage":"fr-FR","@id":"https:\/\/www.africa-press.net\/cotedivoire\/parties\/pdci-rda-denonce-ecart-injuste-de-tidjane-thiam#primaryimage","url":"https:\/\/static.africa-press.net\/cote\/sites\/43\/2025\/09\/sm_1757510902.21249.jpg","contentUrl":"https:\/\/static.africa-press.net\/cote\/sites\/43\/2025\/09\/sm_1757510902.21249.jpg","width":720,"height":506,"caption":"PDCI-RDA D\u00e9nonce \u00c9cart Injuste de Tidjane Thiam"},{"@type":"BreadcrumbList","@id":"https:\/\/www.africa-press.net\/cotedivoire\/parties\/pdci-rda-denonce-ecart-injuste-de-tidjane-thiam#breadcrumb","itemListElement":[{"@type":"ListItem","position":1,"name":"Accueil","item":"https:\/\/www.africa-press.net\/cotedivoire\/"},{"@type":"ListItem","position":2,"name":"PDCI-RDA D\u00e9nonce \u00c9cart Injuste de Tidjane Thiam"}]},{"@type":"WebSite","@id":"https:\/\/www.africa-press.net\/cotedivoire\/#website","url":"https:\/\/www.africa-press.net\/cotedivoire\/","name":"C\u00f4te d&#039;Ivoire","description":"Just another Africa News Agency Sites site","potentialAction":[{"@type":"SearchAction","target":{"@type":"EntryPoint","urlTemplate":"https:\/\/www.africa-press.net\/cotedivoire\/?s={search_term_string}"},"query-input":{"@type":"PropertyValueSpecification","valueRequired":true,"valueName":"search_term_string"}}],"inLanguage":"fr-FR"},{"@type":"Person","@id":"https:\/\/www.africa-press.net\/cotedivoire\/#\/schema\/person\/2b1cf3cd81a31e3cd26889ca66d677f1","name":"cfeditorfr"}]}},"_links":{"self":[{"href":"https:\/\/www.africa-press.net\/cotedivoire\/wp-json\/wp\/v2\/posts\/104968","targetHints":{"allow":["GET"]}}],"collection":[{"href":"https:\/\/www.africa-press.net\/cotedivoire\/wp-json\/wp\/v2\/posts"}],"about":[{"href":"https:\/\/www.africa-press.net\/cotedivoire\/wp-json\/wp\/v2\/types\/post"}],"author":[{"embeddable":true,"href":"https:\/\/www.africa-press.net\/cotedivoire\/wp-json\/wp\/v2\/users\/82"}],"replies":[{"embeddable":true,"href":"https:\/\/www.africa-press.net\/cotedivoire\/wp-json\/wp\/v2\/comments?post=104968"}],"version-history":[{"count":0,"href":"https:\/\/www.africa-press.net\/cotedivoire\/wp-json\/wp\/v2\/posts\/104968\/revisions"}],"wp:featuredmedia":[{"embeddable":true,"href":"https:\/\/www.africa-press.net\/cotedivoire\/wp-json\/wp\/v2\/media\/104967"}],"wp:attachment":[{"href":"https:\/\/www.africa-press.net\/cotedivoire\/wp-json\/wp\/v2\/media?parent=104968"}],"wp:term":[{"taxonomy":"category","embeddable":true,"href":"https:\/\/www.africa-press.net\/cotedivoire\/wp-json\/wp\/v2\/categories?post=104968"},{"taxonomy":"post_tag","embeddable":true,"href":"https:\/\/www.africa-press.net\/cotedivoire\/wp-json\/wp\/v2\/tags?post=104968"}],"curies":[{"name":"wp","href":"https:\/\/api.w.org\/{rel}","templated":true}]}}