{"id":10497,"date":"2021-07-28T16:12:48","date_gmt":"2021-07-28T16:12:48","guid":{"rendered":"https:\/\/www.africa-press.net\/cotedivoire\/?p=10497"},"modified":"2021-07-28T20:37:01","modified_gmt":"2021-07-28T20:37:01","slug":"le-volume-des-echanges-entre-la-cote-divoire-et-le-burkina-franchit-la-barre-des-350-milliards-de-fcfa","status":"publish","type":"post","link":"https:\/\/www.africa-press.net\/cotedivoire\/economie\/le-volume-des-echanges-entre-la-cote-divoire-et-le-burkina-franchit-la-barre-des-350-milliards-de-fcfa","title":{"rendered":"Le volume des \u00e9changes entre la C\u00f4te d\u2019Ivoire et le Burkina franchit la barre des 350 milliards de fcfa"},"content":{"rendered":"<p><span style=\"color: #ff6600\"><strong><a href=\"https:\/\/www.africa-press.net\/\">Africa-Press<\/a> &#8211; <a href=\"https:\/\/www.africa-press.net\/cotedivoire\">C\u00f4te d&rsquo;Ivoire<\/a>. <\/strong><\/span>Le pr\u00e9sident burkinab\u00e8 Roch Marc Christian Kabor\u00e9 (gauche), en compagnie de son homologue ivoirien Alassane Ouattara, le 29 janvier 2016 \u00e0 Addis-Abeba en marge du 26e sommet de l\u2019UA. Service presse pr\u00e9sidence ivoirienne<\/p>\n<p>Les \u00e9changes commerciaux entre la C\u00f4te d\u2019Ivoire et le Burkina Faso, qui avaient connu une hausse de 20% en 2017 (233 milliards Fcfa), ont progress\u00e9 de 36% pour se situer \u00e0 348 milliards Fcfa en 2018. \u00c0 ce jour, le volume des \u00e9changes a atteint le cap de 350 milliards Fcfa, annonce faite en marge du 9e Trait\u00e9 d\u2019amiti\u00e9 et de coop\u00e9ration (Tac) entre les deux pays, qui sera cl\u00f4tur\u00e9 par un Conseil de ministres conjoint.<\/p>\n<p>Vieilles de plus de 50 ans, les relations entre les deux pays se sont renforc\u00e9es ces derni\u00e8res ann\u00e9es \u00e0 travers plusieurs instruments dont le Tac, qui vise \u00e0 \u00ab consolider les relations privil\u00e9gi\u00e9es de fraternit\u00e9 et de coop\u00e9ration dans les grands domaines d\u2019int\u00e9r\u00eat commun, notamment politique, socio-\u00e9conomique, culturel, scientifique, judiciaire, de d\u00e9fense, de s\u00e9curit\u00e9, d\u2019environnement et de droit humain \u00bb.<\/p>\n<p>Les travaux pr\u00e9liminaires avaient d\u00e9j\u00e0 d\u00e9marr\u00e9 depuis la semaine derni\u00e8re entre les minist\u00e8res techniques de ce Tac avant le Conseil des ministres conjoints. L\u2019ordre du jour des travaux a port\u00e9 sur la circulation des biens et des personnes. \u00ab Il s\u2019agit de travailler \u00e0 faire en sorte que les populations puissent effectivement circuler librement de part et d\u2019autre en \u00e9vitant toutes les tracasseries qui sont v\u00e9cues par les populations \u00bb, a soulign\u00e9 Nombr\u00e9 Abasse, directeur de la l\u00e9gislation et de la coop\u00e9ration judiciaire au minist\u00e8re burkinab\u00e8 de la Justice, des droits humains et de la promotion civique.<\/p>\n<p>Le Pr\u00e9sident Alassane Ouattara re\u00e7oit en audience, dans la mi-journ\u00e9e, le Premier ministre du Burkina Faso, Christophe Joseph Dabir\u00e9, pr\u00e9sent \u00e0 cet effet. En ce qui concerne la Conf\u00e9rence au Sommet des Chefs d\u2019\u00c9tat, pr\u00e9sid\u00e9e par les Chefs d\u2019Etat Alassane Ouattara de C\u00f4te d\u2019Ivoire et Roch Marc Christian Kabor\u00e9 du Burkina Faso, elle aura lieu \u00e0 une date ult\u00e9rieure.<\/p>\n<p>&nbsp;<\/p>\n","protected":false},"excerpt":{"rendered":"<p>Africa-Press &#8211; C\u00f4te d&rsquo;Ivoire. Le pr\u00e9sident burkinab\u00e8 Roch Marc Christian Kabor\u00e9 (gauche), en compagnie de son homologue ivoirien Alassane Ouattara, le 29 janvier 2016 \u00e0 Addis-Abeba en marge du 26e sommet de l\u2019UA. Service presse pr\u00e9sidence ivoirienne Les \u00e9changes commerciaux entre la C\u00f4te d\u2019Ivoire et le Burkina Faso, qui avaient connu une hausse de 20% [&hellip;]<\/p>\n","protected":false},"author":82,"featured_media":10496,"comment_status":"open","ping_status":"closed","sticky":false,"template":"","format":"standard","meta":{"footnotes":""},"categories":[3,11,20,10],"tags":[56,63,29],"class_list":["post-10497","post","type-post","status-publish","format-standard","has-post-thumbnail","hentry","category-economie","category-homepage-french","category-top-nouvelles","category-toutes-les-actualites","tag-africa-press","tag-africa-press-cote-divoire","tag-cote-divoire"],"yoast_head":"<!-- This site is optimized with the Yoast SEO Premium plugin v26.1 (Yoast SEO v27.0) - https:\/\/yoast.com\/product\/yoast-seo-premium-wordpress\/ -->\n<title>Le volume des \u00e9changes entre la C\u00f4te d\u2019Ivoire et le Burkina franchit la barre des 350 milliards de fcfa - C\u00f4te d&#039;Ivoire<\/title>\n<meta name=\"description\" content=\"Par Issouf Kamgate Le pr\u00e9sident burkinab\u00e8 Roch Marc Christian Kabor\u00e9 (gauche), en compagnie de son homologue ivoirien A ...\" \/>\n<meta name=\"robots\" content=\"index, follow, max-snippet:-1, max-image-preview:large, max-video-preview:-1\" \/>\n<link rel=\"canonical\" href=\"https:\/\/www.africa-press.net\/cotedivoire\/economie\/le-volume-des-echanges-entre-la-cote-divoire-et-le-burkina-franchit-la-barre-des-350-milliards-de-fcfa\" \/>\n<meta property=\"og:locale\" content=\"fr_FR\" \/>\n<meta property=\"og:type\" content=\"article\" \/>\n<meta property=\"og:title\" content=\"Le volume des \u00e9changes entre la C\u00f4te d\u2019Ivoire et le Burkina franchit la barre des 350 milliards de fcfa\" \/>\n<meta property=\"og:description\" content=\"Par Issouf Kamgate Le pr\u00e9sident burkinab\u00e8 Roch Marc Christian Kabor\u00e9 (gauche), en compagnie de son homologue ivoirien A ...\" \/>\n<meta property=\"og:url\" content=\"https:\/\/www.africa-press.net\/cotedivoire\/economie\/le-volume-des-echanges-entre-la-cote-divoire-et-le-burkina-franchit-la-barre-des-350-milliards-de-fcfa\" \/>\n<meta property=\"og:site_name\" content=\"C\u00f4te d&#039;Ivoire\" \/>\n<meta property=\"article:published_time\" content=\"2021-07-28T16:12:48+00:00\" \/>\n<meta property=\"article:modified_time\" content=\"2021-07-28T20:37:01+00:00\" \/>\n<meta property=\"og:image\" content=\"https:\/\/static.africa-press.net\/cote\/sites\/43\/2021\/07\/img-610178cf17ecf.jpg\" \/>\n\t<meta property=\"og:image:width\" content=\"1225\" \/>\n\t<meta property=\"og:image:height\" content=\"568\" \/>\n\t<meta property=\"og:image:type\" content=\"image\/jpeg\" \/>\n<meta name=\"author\" content=\"cfeditorfr\" \/>\n<meta name=\"twitter:card\" content=\"summary_large_image\" \/>\n<meta name=\"twitter:label1\" content=\"\u00c9crit par\" \/>\n\t<meta name=\"twitter:data1\" content=\"cfeditorfr\" \/>\n\t<meta name=\"twitter:label2\" content=\"Dur\u00e9e de lecture estim\u00e9e\" \/>\n\t<meta name=\"twitter:data2\" content=\"2 minutes\" \/>\n<script type=\"application\/ld+json\" class=\"yoast-schema-graph\">{\"@context\":\"https:\/\/schema.org\",\"@graph\":[{\"@type\":\"Article\",\"@id\":\"https:\/\/www.africa-press.net\/cotedivoire\/economie\/le-volume-des-echanges-entre-la-cote-divoire-et-le-burkina-franchit-la-barre-des-350-milliards-de-fcfa#article\",\"isPartOf\":{\"@id\":\"https:\/\/www.africa-press.net\/cotedivoire\/economie\/le-volume-des-echanges-entre-la-cote-divoire-et-le-burkina-franchit-la-barre-des-350-milliards-de-fcfa\"},\"author\":{\"name\":\"cfeditorfr\",\"@id\":\"https:\/\/www.africa-press.net\/cotedivoire\/#\/schema\/person\/2b1cf3cd81a31e3cd26889ca66d677f1\"},\"headline\":\"Le volume des \u00e9changes entre la C\u00f4te d\u2019Ivoire et le Burkina franchit la barre des 350 milliards de fcfa\",\"datePublished\":\"2021-07-28T16:12:48+00:00\",\"dateModified\":\"2021-07-28T20:37:01+00:00\",\"mainEntityOfPage\":{\"@id\":\"https:\/\/www.africa-press.net\/cotedivoire\/economie\/le-volume-des-echanges-entre-la-cote-divoire-et-le-burkina-franchit-la-barre-des-350-milliards-de-fcfa\"},\"wordCount\":375,\"commentCount\":0,\"image\":{\"@id\":\"https:\/\/www.africa-press.net\/cotedivoire\/economie\/le-volume-des-echanges-entre-la-cote-divoire-et-le-burkina-franchit-la-barre-des-350-milliards-de-fcfa#primaryimage\"},\"thumbnailUrl\":\"https:\/\/static.africa-press.net\/cote\/sites\/43\/2021\/07\/img-610178cf17ecf.jpg\",\"keywords\":[\"Africa Press\",\"Africa Press-C\u00f4te d'Ivoire\",\"C\u00d4TE D'IVOIRE\"],\"articleSection\":[\"\u00c9conomie\",\"homepage-french\",\"Top Nouvelles\",\"Toutes les actualit\u00e9s\"],\"inLanguage\":\"fr-FR\",\"potentialAction\":[{\"@type\":\"CommentAction\",\"name\":\"Comment\",\"target\":[\"https:\/\/www.africa-press.net\/cotedivoire\/economie\/le-volume-des-echanges-entre-la-cote-divoire-et-le-burkina-franchit-la-barre-des-350-milliards-de-fcfa#respond\"]}]},{\"@type\":\"WebPage\",\"@id\":\"https:\/\/www.africa-press.net\/cotedivoire\/economie\/le-volume-des-echanges-entre-la-cote-divoire-et-le-burkina-franchit-la-barre-des-350-milliards-de-fcfa\",\"url\":\"https:\/\/www.africa-press.net\/cotedivoire\/economie\/le-volume-des-echanges-entre-la-cote-divoire-et-le-burkina-franchit-la-barre-des-350-milliards-de-fcfa\",\"name\":\"Le volume des \u00e9changes entre la C\u00f4te d\u2019Ivoire et le Burkina franchit la barre des 350 milliards de fcfa - C\u00f4te d&#039;Ivoire\",\"isPartOf\":{\"@id\":\"https:\/\/www.africa-press.net\/cotedivoire\/#website\"},\"primaryImageOfPage\":{\"@id\":\"https:\/\/www.africa-press.net\/cotedivoire\/economie\/le-volume-des-echanges-entre-la-cote-divoire-et-le-burkina-franchit-la-barre-des-350-milliards-de-fcfa#primaryimage\"},\"image\":{\"@id\":\"https:\/\/www.africa-press.net\/cotedivoire\/economie\/le-volume-des-echanges-entre-la-cote-divoire-et-le-burkina-franchit-la-barre-des-350-milliards-de-fcfa#primaryimage\"},\"thumbnailUrl\":\"https:\/\/static.africa-press.net\/cote\/sites\/43\/2021\/07\/img-610178cf17ecf.jpg\",\"datePublished\":\"2021-07-28T16:12:48+00:00\",\"dateModified\":\"2021-07-28T20:37:01+00:00\",\"author\":{\"@id\":\"https:\/\/www.africa-press.net\/cotedivoire\/#\/schema\/person\/2b1cf3cd81a31e3cd26889ca66d677f1\"},\"description\":\"Par Issouf Kamgate Le pr\u00e9sident burkinab\u00e8 Roch Marc Christian Kabor\u00e9 (gauche), en compagnie de son homologue ivoirien A ...\",\"breadcrumb\":{\"@id\":\"https:\/\/www.africa-press.net\/cotedivoire\/economie\/le-volume-des-echanges-entre-la-cote-divoire-et-le-burkina-franchit-la-barre-des-350-milliards-de-fcfa#breadcrumb\"},\"inLanguage\":\"fr-FR\",\"potentialAction\":[{\"@type\":\"ReadAction\",\"target\":[\"https:\/\/www.africa-press.net\/cotedivoire\/economie\/le-volume-des-echanges-entre-la-cote-divoire-et-le-burkina-franchit-la-barre-des-350-milliards-de-fcfa\"]}]},{\"@type\":\"ImageObject\",\"inLanguage\":\"fr-FR\",\"@id\":\"https:\/\/www.africa-press.net\/cotedivoire\/economie\/le-volume-des-echanges-entre-la-cote-divoire-et-le-burkina-franchit-la-barre-des-350-milliards-de-fcfa#primaryimage\",\"url\":\"https:\/\/static.africa-press.net\/cote\/sites\/43\/2021\/07\/img-610178cf17ecf.jpg\",\"contentUrl\":\"https:\/\/static.africa-press.net\/cote\/sites\/43\/2021\/07\/img-610178cf17ecf.jpg\",\"width\":1225,\"height\":568,\"caption\":\"Le volume des \u00e9changes entre la C\u00f4te d\u2019Ivoire et le Burkina franchit la barre des 350 milliards de fcfa\"},{\"@type\":\"BreadcrumbList\",\"@id\":\"https:\/\/www.africa-press.net\/cotedivoire\/economie\/le-volume-des-echanges-entre-la-cote-divoire-et-le-burkina-franchit-la-barre-des-350-milliards-de-fcfa#breadcrumb\",\"itemListElement\":[{\"@type\":\"ListItem\",\"position\":1,\"name\":\"Accueil\",\"item\":\"https:\/\/www.africa-press.net\/cotedivoire\/\"},{\"@type\":\"ListItem\",\"position\":2,\"name\":\"Le volume des \u00e9changes entre la C\u00f4te d\u2019Ivoire et le Burkina franchit la barre des 350 milliards de fcfa\"}]},{\"@type\":\"WebSite\",\"@id\":\"https:\/\/www.africa-press.net\/cotedivoire\/#website\",\"url\":\"https:\/\/www.africa-press.net\/cotedivoire\/\",\"name\":\"C\u00f4te d&#039;Ivoire\",\"description\":\"Just another Africa News Agency Sites site\",\"potentialAction\":[{\"@type\":\"SearchAction\",\"target\":{\"@type\":\"EntryPoint\",\"urlTemplate\":\"https:\/\/www.africa-press.net\/cotedivoire\/?s={search_term_string}\"},\"query-input\":{\"@type\":\"PropertyValueSpecification\",\"valueRequired\":true,\"valueName\":\"search_term_string\"}}],\"inLanguage\":\"fr-FR\"},{\"@type\":\"Person\",\"@id\":\"https:\/\/www.africa-press.net\/cotedivoire\/#\/schema\/person\/2b1cf3cd81a31e3cd26889ca66d677f1\",\"name\":\"cfeditorfr\"}]}<\/script>\n<!-- \/ Yoast SEO Premium plugin. -->","yoast_head_json":{"title":"Le volume des \u00e9changes entre la C\u00f4te d\u2019Ivoire et le Burkina franchit la barre des 350 milliards de fcfa - C\u00f4te d&#039;Ivoire","description":"Par Issouf Kamgate Le pr\u00e9sident burkinab\u00e8 Roch Marc Christian Kabor\u00e9 (gauche), en compagnie de son homologue ivoirien A ...","robots":{"index":"index","follow":"follow","max-snippet":"max-snippet:-1","max-image-preview":"max-image-preview:large","max-video-preview":"max-video-preview:-1"},"canonical":"https:\/\/www.africa-press.net\/cotedivoire\/economie\/le-volume-des-echanges-entre-la-cote-divoire-et-le-burkina-franchit-la-barre-des-350-milliards-de-fcfa","og_locale":"fr_FR","og_type":"article","og_title":"Le volume des \u00e9changes entre la C\u00f4te d\u2019Ivoire et le Burkina franchit la barre des 350 milliards de fcfa","og_description":"Par Issouf Kamgate Le pr\u00e9sident burkinab\u00e8 Roch Marc Christian Kabor\u00e9 (gauche), en compagnie de son homologue ivoirien A ...","og_url":"https:\/\/www.africa-press.net\/cotedivoire\/economie\/le-volume-des-echanges-entre-la-cote-divoire-et-le-burkina-franchit-la-barre-des-350-milliards-de-fcfa","og_site_name":"C\u00f4te d&#039;Ivoire","article_published_time":"2021-07-28T16:12:48+00:00","article_modified_time":"2021-07-28T20:37:01+00:00","og_image":[{"width":1225,"height":568,"url":"https:\/\/static.africa-press.net\/cote\/sites\/43\/2021\/07\/img-610178cf17ecf.jpg","type":"image\/jpeg"}],"author":"cfeditorfr","twitter_card":"summary_large_image","twitter_misc":{"\u00c9crit par":"cfeditorfr","Dur\u00e9e de lecture estim\u00e9e":"2 minutes"},"schema":{"@context":"https:\/\/schema.org","@graph":[{"@type":"Article","@id":"https:\/\/www.africa-press.net\/cotedivoire\/economie\/le-volume-des-echanges-entre-la-cote-divoire-et-le-burkina-franchit-la-barre-des-350-milliards-de-fcfa#article","isPartOf":{"@id":"https:\/\/www.africa-press.net\/cotedivoire\/economie\/le-volume-des-echanges-entre-la-cote-divoire-et-le-burkina-franchit-la-barre-des-350-milliards-de-fcfa"},"author":{"name":"cfeditorfr","@id":"https:\/\/www.africa-press.net\/cotedivoire\/#\/schema\/person\/2b1cf3cd81a31e3cd26889ca66d677f1"},"headline":"Le volume des \u00e9changes entre la C\u00f4te d\u2019Ivoire et le Burkina franchit la barre des 350 milliards de fcfa","datePublished":"2021-07-28T16:12:48+00:00","dateModified":"2021-07-28T20:37:01+00:00","mainEntityOfPage":{"@id":"https:\/\/www.africa-press.net\/cotedivoire\/economie\/le-volume-des-echanges-entre-la-cote-divoire-et-le-burkina-franchit-la-barre-des-350-milliards-de-fcfa"},"wordCount":375,"commentCount":0,"image":{"@id":"https:\/\/www.africa-press.net\/cotedivoire\/economie\/le-volume-des-echanges-entre-la-cote-divoire-et-le-burkina-franchit-la-barre-des-350-milliards-de-fcfa#primaryimage"},"thumbnailUrl":"https:\/\/static.africa-press.net\/cote\/sites\/43\/2021\/07\/img-610178cf17ecf.jpg","keywords":["Africa Press","Africa Press-C\u00f4te d'Ivoire","C\u00d4TE D'IVOIRE"],"articleSection":["\u00c9conomie","homepage-french","Top Nouvelles","Toutes les actualit\u00e9s"],"inLanguage":"fr-FR","potentialAction":[{"@type":"CommentAction","name":"Comment","target":["https:\/\/www.africa-press.net\/cotedivoire\/economie\/le-volume-des-echanges-entre-la-cote-divoire-et-le-burkina-franchit-la-barre-des-350-milliards-de-fcfa#respond"]}]},{"@type":"WebPage","@id":"https:\/\/www.africa-press.net\/cotedivoire\/economie\/le-volume-des-echanges-entre-la-cote-divoire-et-le-burkina-franchit-la-barre-des-350-milliards-de-fcfa","url":"https:\/\/www.africa-press.net\/cotedivoire\/economie\/le-volume-des-echanges-entre-la-cote-divoire-et-le-burkina-franchit-la-barre-des-350-milliards-de-fcfa","name":"Le volume des \u00e9changes entre la C\u00f4te d\u2019Ivoire et le Burkina franchit la barre des 350 milliards de fcfa - C\u00f4te d&#039;Ivoire","isPartOf":{"@id":"https:\/\/www.africa-press.net\/cotedivoire\/#website"},"primaryImageOfPage":{"@id":"https:\/\/www.africa-press.net\/cotedivoire\/economie\/le-volume-des-echanges-entre-la-cote-divoire-et-le-burkina-franchit-la-barre-des-350-milliards-de-fcfa#primaryimage"},"image":{"@id":"https:\/\/www.africa-press.net\/cotedivoire\/economie\/le-volume-des-echanges-entre-la-cote-divoire-et-le-burkina-franchit-la-barre-des-350-milliards-de-fcfa#primaryimage"},"thumbnailUrl":"https:\/\/static.africa-press.net\/cote\/sites\/43\/2021\/07\/img-610178cf17ecf.jpg","datePublished":"2021-07-28T16:12:48+00:00","dateModified":"2021-07-28T20:37:01+00:00","author":{"@id":"https:\/\/www.africa-press.net\/cotedivoire\/#\/schema\/person\/2b1cf3cd81a31e3cd26889ca66d677f1"},"description":"Par Issouf Kamgate Le pr\u00e9sident burkinab\u00e8 Roch Marc Christian Kabor\u00e9 (gauche), en compagnie de son homologue ivoirien A ...","breadcrumb":{"@id":"https:\/\/www.africa-press.net\/cotedivoire\/economie\/le-volume-des-echanges-entre-la-cote-divoire-et-le-burkina-franchit-la-barre-des-350-milliards-de-fcfa#breadcrumb"},"inLanguage":"fr-FR","potentialAction":[{"@type":"ReadAction","target":["https:\/\/www.africa-press.net\/cotedivoire\/economie\/le-volume-des-echanges-entre-la-cote-divoire-et-le-burkina-franchit-la-barre-des-350-milliards-de-fcfa"]}]},{"@type":"ImageObject","inLanguage":"fr-FR","@id":"https:\/\/www.africa-press.net\/cotedivoire\/economie\/le-volume-des-echanges-entre-la-cote-divoire-et-le-burkina-franchit-la-barre-des-350-milliards-de-fcfa#primaryimage","url":"https:\/\/static.africa-press.net\/cote\/sites\/43\/2021\/07\/img-610178cf17ecf.jpg","contentUrl":"https:\/\/static.africa-press.net\/cote\/sites\/43\/2021\/07\/img-610178cf17ecf.jpg","width":1225,"height":568,"caption":"Le volume des \u00e9changes entre la C\u00f4te d\u2019Ivoire et le Burkina franchit la barre des 350 milliards de fcfa"},{"@type":"BreadcrumbList","@id":"https:\/\/www.africa-press.net\/cotedivoire\/economie\/le-volume-des-echanges-entre-la-cote-divoire-et-le-burkina-franchit-la-barre-des-350-milliards-de-fcfa#breadcrumb","itemListElement":[{"@type":"ListItem","position":1,"name":"Accueil","item":"https:\/\/www.africa-press.net\/cotedivoire\/"},{"@type":"ListItem","position":2,"name":"Le volume des \u00e9changes entre la C\u00f4te d\u2019Ivoire et le Burkina franchit la barre des 350 milliards de fcfa"}]},{"@type":"WebSite","@id":"https:\/\/www.africa-press.net\/cotedivoire\/#website","url":"https:\/\/www.africa-press.net\/cotedivoire\/","name":"C\u00f4te d&#039;Ivoire","description":"Just another Africa News Agency Sites site","potentialAction":[{"@type":"SearchAction","target":{"@type":"EntryPoint","urlTemplate":"https:\/\/www.africa-press.net\/cotedivoire\/?s={search_term_string}"},"query-input":{"@type":"PropertyValueSpecification","valueRequired":true,"valueName":"search_term_string"}}],"inLanguage":"fr-FR"},{"@type":"Person","@id":"https:\/\/www.africa-press.net\/cotedivoire\/#\/schema\/person\/2b1cf3cd81a31e3cd26889ca66d677f1","name":"cfeditorfr"}]}},"_links":{"self":[{"href":"https:\/\/www.africa-press.net\/cotedivoire\/wp-json\/wp\/v2\/posts\/10497","targetHints":{"allow":["GET"]}}],"collection":[{"href":"https:\/\/www.africa-press.net\/cotedivoire\/wp-json\/wp\/v2\/posts"}],"about":[{"href":"https:\/\/www.africa-press.net\/cotedivoire\/wp-json\/wp\/v2\/types\/post"}],"author":[{"embeddable":true,"href":"https:\/\/www.africa-press.net\/cotedivoire\/wp-json\/wp\/v2\/users\/82"}],"replies":[{"embeddable":true,"href":"https:\/\/www.africa-press.net\/cotedivoire\/wp-json\/wp\/v2\/comments?post=10497"}],"version-history":[{"count":0,"href":"https:\/\/www.africa-press.net\/cotedivoire\/wp-json\/wp\/v2\/posts\/10497\/revisions"}],"wp:featuredmedia":[{"embeddable":true,"href":"https:\/\/www.africa-press.net\/cotedivoire\/wp-json\/wp\/v2\/media\/10496"}],"wp:attachment":[{"href":"https:\/\/www.africa-press.net\/cotedivoire\/wp-json\/wp\/v2\/media?parent=10497"}],"wp:term":[{"taxonomy":"category","embeddable":true,"href":"https:\/\/www.africa-press.net\/cotedivoire\/wp-json\/wp\/v2\/categories?post=10497"},{"taxonomy":"post_tag","embeddable":true,"href":"https:\/\/www.africa-press.net\/cotedivoire\/wp-json\/wp\/v2\/tags?post=10497"}],"curies":[{"name":"wp","href":"https:\/\/api.w.org\/{rel}","templated":true}]}}