{"id":104970,"date":"2025-09-10T16:36:36","date_gmt":"2025-09-10T16:36:36","guid":{"rendered":"https:\/\/www.africa-press.net\/cotedivoire\/politique\/bouake-lancement-du-programme-c2d-culture-par-remarck"},"modified":"2025-09-10T16:58:54","modified_gmt":"2025-09-10T16:58:54","slug":"bouake-lancement-du-programme-c2d-culture-par-remarck","status":"publish","type":"post","link":"https:\/\/www.africa-press.net\/cotedivoire\/culture-et-art\/bouake-lancement-du-programme-c2d-culture-par-remarck","title":{"rendered":"Bouak\u00e9 Lancement du Programme C2D Culture par Remarck"},"content":{"rendered":"<p><span style=\"color: #ff6600\"><strong>Africa-Press &#8211; C\u00f4te d&rsquo;Ivoire. <\/strong><\/span>En visite a\u0300 Bouake\u0301, capitale de la re\u0301gion de Gbe\u0302ke\u0302, la ministre de la Culture et de la Francophonie, Franc\u0327oise Remarck, a proce\u0301de\u0301 ce lundi 08 septembre 2025 au lancement du programme C2D Culture au Centre Culturel Jacques Aka de Bouake\u0301. A\u0300 cette occasion, elle a de\u0301voile\u0301 un ambitieux projet de transformation du Centre Culturel, destine\u0301 a\u0300 devenir un ve\u0301ritable po\u0302le culturel multifonctionnel.<\/p>\n<p>Le futur centre culturel se veut un espace innovant et complet, compose\u0301 de plusieurs infrastructures majeures, notamment un hall de spectacle,<\/p>\n<p>un village des arts, une bibliothe\u0300que, des incubateurs culturels, et un auditorium moderne.<\/p>\n<p>Avec un investissement de plus de 5 milliards de francs cfa, ce projet est pre\u0301sente\u0301 comme un mode\u0300le pilote destine\u0301 a\u0300 e\u0302tre re\u0301plique\u0301 dans d\u2019autres re\u0301gions du pays, afin de stimuler une dynamique culturelle et e\u0301conomique durable a\u0300 l\u2019e\u0301chelle nationale.<\/p>\n<p>Parmi les partenariats strate\u0301giques annonce\u0301s, celui avec Majestic Cine\u0301ma, permettra a\u0300 Bouake\u0301 de be\u0301ne\u0301ficier d\u2019une salle de projection ultra-moderne, e\u0301quipe\u0301e des dernie\u0300res technologies audiovisuelles. Une avance\u0301e significative pour la ville, qui offrira de\u0301sormais une expe\u0301rience cine\u0301matographique de haut niveau, comparable a\u0300 celle des grandes me\u0301tropoles.<\/p>\n<p>\u00ab C\u2019est un message fort, qui re\u0301affirme notre ambition de faire de la Co\u0302te d\u2019Ivoire une ve\u0301ritable terre de tournages et un hub culturel de re\u0301fe\u0301rence en Afrique&#8230;\u00bb, a de\u0301clare\u0301 la ministre.<\/p>\n<p>La transformation des infrastructures culturelles, porte\u0301e par le programme C2D Culture, s\u2019inscrit dans la vision du gouvernement de rapprocher la culture des citoyens, de soutenir la cre\u0301ation artistique, et de faire des industries culturelles et cre\u0301atives un levier de de\u0301veloppement.<\/p>\n<p><strong>Pour plus d&rsquo;informations et d&rsquo;analyses sur la <span style=\"color: #ff6600\">C\u00f4te d&rsquo;Ivoire<\/span>, suivez <span style=\"color: #ff6600\">Africa-Press<\/span><\/strong><\/p>\n","protected":false},"excerpt":{"rendered":"<p>Africa-Press &#8211; C\u00f4te d&rsquo;Ivoire. En visite a\u0300 Bouake\u0301, capitale de la re\u0301gion de Gbe\u0302ke\u0302, la ministre de la Culture et de la Francophonie, Franc\u0327oise Remarck, a proce\u0301de\u0301 ce lundi 08 septembre 2025 au lancement du programme C2D Culture au Centre Culturel Jacques Aka de Bouake\u0301. A\u0300 cette occasion, elle a de\u0301voile\u0301 un ambitieux projet de [&hellip;]<\/p>\n","protected":false},"author":82,"featured_media":104969,"comment_status":"open","ping_status":"closed","sticky":false,"template":"","format":"standard","meta":{"footnotes":""},"categories":[5,10],"tags":[366,18743,18744,29,7826],"class_list":["post-104970","post","type-post","status-publish","format-standard","has-post-thumbnail","hentry","category-culture-et-art","category-toutes-les-actualites","tag-bouake","tag-c2d-culture","tag-centre-culturel-jacques-aka","tag-cote-divoire","tag-francoise-remarck"],"yoast_head":"<!-- This site is optimized with the Yoast SEO Premium plugin v26.1 (Yoast SEO v27.0) - https:\/\/yoast.com\/product\/yoast-seo-premium-wordpress\/ -->\n<title>Bouak\u00e9 Lancement du Programme C2D Culture par Remarck - C\u00f4te d&#039;Ivoire<\/title>\n<meta name=\"description\" content=\"En visite a\u0300 Bouake\u0301, capitale de la re\u0301gion de Gbe\u0302ke\u0302, la ministre de la Culture et de la Francophonie, Franc\u0327oise Rem ...\" \/>\n<meta name=\"robots\" content=\"index, follow, max-snippet:-1, max-image-preview:large, max-video-preview:-1\" \/>\n<link rel=\"canonical\" href=\"https:\/\/www.africa-press.net\/cotedivoire\/culture-et-art\/bouake-lancement-du-programme-c2d-culture-par-remarck\" \/>\n<meta property=\"og:locale\" content=\"fr_FR\" \/>\n<meta property=\"og:type\" content=\"article\" \/>\n<meta property=\"og:title\" content=\"Bouak\u00e9 Lancement du Programme C2D Culture par Remarck\" \/>\n<meta property=\"og:description\" content=\"En visite a\u0300 Bouake\u0301, capitale de la re\u0301gion de Gbe\u0302ke\u0302, la ministre de la Culture et de la Francophonie, Franc\u0327oise Rem ...\" \/>\n<meta property=\"og:url\" content=\"https:\/\/www.africa-press.net\/cotedivoire\/culture-et-art\/bouake-lancement-du-programme-c2d-culture-par-remarck\" \/>\n<meta property=\"og:site_name\" content=\"C\u00f4te d&#039;Ivoire\" \/>\n<meta property=\"article:published_time\" content=\"2025-09-10T16:36:36+00:00\" \/>\n<meta property=\"article:modified_time\" content=\"2025-09-10T16:58:54+00:00\" \/>\n<meta property=\"og:image\" content=\"https:\/\/static.africa-press.net\/cote\/sites\/43\/2025\/09\/sm_1757510917.129168.jpg\" \/>\n\t<meta property=\"og:image:width\" content=\"720\" \/>\n\t<meta property=\"og:image:height\" content=\"480\" \/>\n\t<meta property=\"og:image:type\" content=\"image\/jpeg\" \/>\n<meta name=\"author\" content=\"cfeditorfr\" \/>\n<meta name=\"twitter:card\" content=\"summary_large_image\" \/>\n<meta name=\"twitter:label1\" content=\"\u00c9crit par\" \/>\n\t<meta name=\"twitter:data1\" content=\"cfeditorfr\" \/>\n\t<meta name=\"twitter:label2\" content=\"Dur\u00e9e de lecture estim\u00e9e\" \/>\n\t<meta name=\"twitter:data2\" content=\"2 minutes\" \/>\n<script type=\"application\/ld+json\" class=\"yoast-schema-graph\">{\"@context\":\"https:\/\/schema.org\",\"@graph\":[{\"@type\":\"Article\",\"@id\":\"https:\/\/www.africa-press.net\/cotedivoire\/culture-et-art\/bouake-lancement-du-programme-c2d-culture-par-remarck#article\",\"isPartOf\":{\"@id\":\"https:\/\/www.africa-press.net\/cotedivoire\/culture-et-art\/bouake-lancement-du-programme-c2d-culture-par-remarck\"},\"author\":{\"name\":\"cfeditorfr\",\"@id\":\"https:\/\/www.africa-press.net\/cotedivoire\/#\/schema\/person\/2b1cf3cd81a31e3cd26889ca66d677f1\"},\"headline\":\"Bouak\u00e9 Lancement du Programme C2D Culture par Remarck\",\"datePublished\":\"2025-09-10T16:36:36+00:00\",\"dateModified\":\"2025-09-10T16:58:54+00:00\",\"mainEntityOfPage\":{\"@id\":\"https:\/\/www.africa-press.net\/cotedivoire\/culture-et-art\/bouake-lancement-du-programme-c2d-culture-par-remarck\"},\"wordCount\":326,\"commentCount\":0,\"image\":{\"@id\":\"https:\/\/www.africa-press.net\/cotedivoire\/culture-et-art\/bouake-lancement-du-programme-c2d-culture-par-remarck#primaryimage\"},\"thumbnailUrl\":\"https:\/\/static.africa-press.net\/cote\/sites\/43\/2025\/09\/sm_1757510917.129168.jpg\",\"keywords\":[\"Bouak\u00e9\",\"C2D Culture\",\"Centre Culturel Jacques Aka\",\"C\u00d4TE D'IVOIRE\",\"Fran\u00e7oise Remarck\"],\"articleSection\":[\"Culture et Art\",\"Toutes les actualit\u00e9s\"],\"inLanguage\":\"fr-FR\",\"potentialAction\":[{\"@type\":\"CommentAction\",\"name\":\"Comment\",\"target\":[\"https:\/\/www.africa-press.net\/cotedivoire\/culture-et-art\/bouake-lancement-du-programme-c2d-culture-par-remarck#respond\"]}]},{\"@type\":\"WebPage\",\"@id\":\"https:\/\/www.africa-press.net\/cotedivoire\/culture-et-art\/bouake-lancement-du-programme-c2d-culture-par-remarck\",\"url\":\"https:\/\/www.africa-press.net\/cotedivoire\/culture-et-art\/bouake-lancement-du-programme-c2d-culture-par-remarck\",\"name\":\"Bouak\u00e9 Lancement du Programme C2D Culture par Remarck - C\u00f4te d&#039;Ivoire\",\"isPartOf\":{\"@id\":\"https:\/\/www.africa-press.net\/cotedivoire\/#website\"},\"primaryImageOfPage\":{\"@id\":\"https:\/\/www.africa-press.net\/cotedivoire\/culture-et-art\/bouake-lancement-du-programme-c2d-culture-par-remarck#primaryimage\"},\"image\":{\"@id\":\"https:\/\/www.africa-press.net\/cotedivoire\/culture-et-art\/bouake-lancement-du-programme-c2d-culture-par-remarck#primaryimage\"},\"thumbnailUrl\":\"https:\/\/static.africa-press.net\/cote\/sites\/43\/2025\/09\/sm_1757510917.129168.jpg\",\"datePublished\":\"2025-09-10T16:36:36+00:00\",\"dateModified\":\"2025-09-10T16:58:54+00:00\",\"author\":{\"@id\":\"https:\/\/www.africa-press.net\/cotedivoire\/#\/schema\/person\/2b1cf3cd81a31e3cd26889ca66d677f1\"},\"description\":\"En visite a\u0300 Bouake\u0301, capitale de la re\u0301gion de Gbe\u0302ke\u0302, la ministre de la Culture et de la Francophonie, Franc\u0327oise Rem ...\",\"breadcrumb\":{\"@id\":\"https:\/\/www.africa-press.net\/cotedivoire\/culture-et-art\/bouake-lancement-du-programme-c2d-culture-par-remarck#breadcrumb\"},\"inLanguage\":\"fr-FR\",\"potentialAction\":[{\"@type\":\"ReadAction\",\"target\":[\"https:\/\/www.africa-press.net\/cotedivoire\/culture-et-art\/bouake-lancement-du-programme-c2d-culture-par-remarck\"]}]},{\"@type\":\"ImageObject\",\"inLanguage\":\"fr-FR\",\"@id\":\"https:\/\/www.africa-press.net\/cotedivoire\/culture-et-art\/bouake-lancement-du-programme-c2d-culture-par-remarck#primaryimage\",\"url\":\"https:\/\/static.africa-press.net\/cote\/sites\/43\/2025\/09\/sm_1757510917.129168.jpg\",\"contentUrl\":\"https:\/\/static.africa-press.net\/cote\/sites\/43\/2025\/09\/sm_1757510917.129168.jpg\",\"width\":720,\"height\":480,\"caption\":\"Bouak\u00e9 Lancement du Programme C2D Culture par Remarck\"},{\"@type\":\"BreadcrumbList\",\"@id\":\"https:\/\/www.africa-press.net\/cotedivoire\/culture-et-art\/bouake-lancement-du-programme-c2d-culture-par-remarck#breadcrumb\",\"itemListElement\":[{\"@type\":\"ListItem\",\"position\":1,\"name\":\"Accueil\",\"item\":\"https:\/\/www.africa-press.net\/cotedivoire\/\"},{\"@type\":\"ListItem\",\"position\":2,\"name\":\"Bouak\u00e9 Lancement du Programme C2D Culture par Remarck\"}]},{\"@type\":\"WebSite\",\"@id\":\"https:\/\/www.africa-press.net\/cotedivoire\/#website\",\"url\":\"https:\/\/www.africa-press.net\/cotedivoire\/\",\"name\":\"C\u00f4te d&#039;Ivoire\",\"description\":\"Just another Africa News Agency Sites site\",\"potentialAction\":[{\"@type\":\"SearchAction\",\"target\":{\"@type\":\"EntryPoint\",\"urlTemplate\":\"https:\/\/www.africa-press.net\/cotedivoire\/?s={search_term_string}\"},\"query-input\":{\"@type\":\"PropertyValueSpecification\",\"valueRequired\":true,\"valueName\":\"search_term_string\"}}],\"inLanguage\":\"fr-FR\"},{\"@type\":\"Person\",\"@id\":\"https:\/\/www.africa-press.net\/cotedivoire\/#\/schema\/person\/2b1cf3cd81a31e3cd26889ca66d677f1\",\"name\":\"cfeditorfr\"}]}<\/script>\n<!-- \/ Yoast SEO Premium plugin. -->","yoast_head_json":{"title":"Bouak\u00e9 Lancement du Programme C2D Culture par Remarck - C\u00f4te d&#039;Ivoire","description":"En visite a\u0300 Bouake\u0301, capitale de la re\u0301gion de Gbe\u0302ke\u0302, la ministre de la Culture et de la Francophonie, Franc\u0327oise Rem ...","robots":{"index":"index","follow":"follow","max-snippet":"max-snippet:-1","max-image-preview":"max-image-preview:large","max-video-preview":"max-video-preview:-1"},"canonical":"https:\/\/www.africa-press.net\/cotedivoire\/culture-et-art\/bouake-lancement-du-programme-c2d-culture-par-remarck","og_locale":"fr_FR","og_type":"article","og_title":"Bouak\u00e9 Lancement du Programme C2D Culture par Remarck","og_description":"En visite a\u0300 Bouake\u0301, capitale de la re\u0301gion de Gbe\u0302ke\u0302, la ministre de la Culture et de la Francophonie, Franc\u0327oise Rem ...","og_url":"https:\/\/www.africa-press.net\/cotedivoire\/culture-et-art\/bouake-lancement-du-programme-c2d-culture-par-remarck","og_site_name":"C\u00f4te d&#039;Ivoire","article_published_time":"2025-09-10T16:36:36+00:00","article_modified_time":"2025-09-10T16:58:54+00:00","og_image":[{"width":720,"height":480,"url":"https:\/\/static.africa-press.net\/cote\/sites\/43\/2025\/09\/sm_1757510917.129168.jpg","type":"image\/jpeg"}],"author":"cfeditorfr","twitter_card":"summary_large_image","twitter_misc":{"\u00c9crit par":"cfeditorfr","Dur\u00e9e de lecture estim\u00e9e":"2 minutes"},"schema":{"@context":"https:\/\/schema.org","@graph":[{"@type":"Article","@id":"https:\/\/www.africa-press.net\/cotedivoire\/culture-et-art\/bouake-lancement-du-programme-c2d-culture-par-remarck#article","isPartOf":{"@id":"https:\/\/www.africa-press.net\/cotedivoire\/culture-et-art\/bouake-lancement-du-programme-c2d-culture-par-remarck"},"author":{"name":"cfeditorfr","@id":"https:\/\/www.africa-press.net\/cotedivoire\/#\/schema\/person\/2b1cf3cd81a31e3cd26889ca66d677f1"},"headline":"Bouak\u00e9 Lancement du Programme C2D Culture par Remarck","datePublished":"2025-09-10T16:36:36+00:00","dateModified":"2025-09-10T16:58:54+00:00","mainEntityOfPage":{"@id":"https:\/\/www.africa-press.net\/cotedivoire\/culture-et-art\/bouake-lancement-du-programme-c2d-culture-par-remarck"},"wordCount":326,"commentCount":0,"image":{"@id":"https:\/\/www.africa-press.net\/cotedivoire\/culture-et-art\/bouake-lancement-du-programme-c2d-culture-par-remarck#primaryimage"},"thumbnailUrl":"https:\/\/static.africa-press.net\/cote\/sites\/43\/2025\/09\/sm_1757510917.129168.jpg","keywords":["Bouak\u00e9","C2D Culture","Centre Culturel Jacques Aka","C\u00d4TE D'IVOIRE","Fran\u00e7oise Remarck"],"articleSection":["Culture et Art","Toutes les actualit\u00e9s"],"inLanguage":"fr-FR","potentialAction":[{"@type":"CommentAction","name":"Comment","target":["https:\/\/www.africa-press.net\/cotedivoire\/culture-et-art\/bouake-lancement-du-programme-c2d-culture-par-remarck#respond"]}]},{"@type":"WebPage","@id":"https:\/\/www.africa-press.net\/cotedivoire\/culture-et-art\/bouake-lancement-du-programme-c2d-culture-par-remarck","url":"https:\/\/www.africa-press.net\/cotedivoire\/culture-et-art\/bouake-lancement-du-programme-c2d-culture-par-remarck","name":"Bouak\u00e9 Lancement du Programme C2D Culture par Remarck - C\u00f4te d&#039;Ivoire","isPartOf":{"@id":"https:\/\/www.africa-press.net\/cotedivoire\/#website"},"primaryImageOfPage":{"@id":"https:\/\/www.africa-press.net\/cotedivoire\/culture-et-art\/bouake-lancement-du-programme-c2d-culture-par-remarck#primaryimage"},"image":{"@id":"https:\/\/www.africa-press.net\/cotedivoire\/culture-et-art\/bouake-lancement-du-programme-c2d-culture-par-remarck#primaryimage"},"thumbnailUrl":"https:\/\/static.africa-press.net\/cote\/sites\/43\/2025\/09\/sm_1757510917.129168.jpg","datePublished":"2025-09-10T16:36:36+00:00","dateModified":"2025-09-10T16:58:54+00:00","author":{"@id":"https:\/\/www.africa-press.net\/cotedivoire\/#\/schema\/person\/2b1cf3cd81a31e3cd26889ca66d677f1"},"description":"En visite a\u0300 Bouake\u0301, capitale de la re\u0301gion de Gbe\u0302ke\u0302, la ministre de la Culture et de la Francophonie, Franc\u0327oise Rem ...","breadcrumb":{"@id":"https:\/\/www.africa-press.net\/cotedivoire\/culture-et-art\/bouake-lancement-du-programme-c2d-culture-par-remarck#breadcrumb"},"inLanguage":"fr-FR","potentialAction":[{"@type":"ReadAction","target":["https:\/\/www.africa-press.net\/cotedivoire\/culture-et-art\/bouake-lancement-du-programme-c2d-culture-par-remarck"]}]},{"@type":"ImageObject","inLanguage":"fr-FR","@id":"https:\/\/www.africa-press.net\/cotedivoire\/culture-et-art\/bouake-lancement-du-programme-c2d-culture-par-remarck#primaryimage","url":"https:\/\/static.africa-press.net\/cote\/sites\/43\/2025\/09\/sm_1757510917.129168.jpg","contentUrl":"https:\/\/static.africa-press.net\/cote\/sites\/43\/2025\/09\/sm_1757510917.129168.jpg","width":720,"height":480,"caption":"Bouak\u00e9 Lancement du Programme C2D Culture par Remarck"},{"@type":"BreadcrumbList","@id":"https:\/\/www.africa-press.net\/cotedivoire\/culture-et-art\/bouake-lancement-du-programme-c2d-culture-par-remarck#breadcrumb","itemListElement":[{"@type":"ListItem","position":1,"name":"Accueil","item":"https:\/\/www.africa-press.net\/cotedivoire\/"},{"@type":"ListItem","position":2,"name":"Bouak\u00e9 Lancement du Programme C2D Culture par Remarck"}]},{"@type":"WebSite","@id":"https:\/\/www.africa-press.net\/cotedivoire\/#website","url":"https:\/\/www.africa-press.net\/cotedivoire\/","name":"C\u00f4te d&#039;Ivoire","description":"Just another Africa News Agency Sites site","potentialAction":[{"@type":"SearchAction","target":{"@type":"EntryPoint","urlTemplate":"https:\/\/www.africa-press.net\/cotedivoire\/?s={search_term_string}"},"query-input":{"@type":"PropertyValueSpecification","valueRequired":true,"valueName":"search_term_string"}}],"inLanguage":"fr-FR"},{"@type":"Person","@id":"https:\/\/www.africa-press.net\/cotedivoire\/#\/schema\/person\/2b1cf3cd81a31e3cd26889ca66d677f1","name":"cfeditorfr"}]}},"_links":{"self":[{"href":"https:\/\/www.africa-press.net\/cotedivoire\/wp-json\/wp\/v2\/posts\/104970","targetHints":{"allow":["GET"]}}],"collection":[{"href":"https:\/\/www.africa-press.net\/cotedivoire\/wp-json\/wp\/v2\/posts"}],"about":[{"href":"https:\/\/www.africa-press.net\/cotedivoire\/wp-json\/wp\/v2\/types\/post"}],"author":[{"embeddable":true,"href":"https:\/\/www.africa-press.net\/cotedivoire\/wp-json\/wp\/v2\/users\/82"}],"replies":[{"embeddable":true,"href":"https:\/\/www.africa-press.net\/cotedivoire\/wp-json\/wp\/v2\/comments?post=104970"}],"version-history":[{"count":0,"href":"https:\/\/www.africa-press.net\/cotedivoire\/wp-json\/wp\/v2\/posts\/104970\/revisions"}],"wp:featuredmedia":[{"embeddable":true,"href":"https:\/\/www.africa-press.net\/cotedivoire\/wp-json\/wp\/v2\/media\/104969"}],"wp:attachment":[{"href":"https:\/\/www.africa-press.net\/cotedivoire\/wp-json\/wp\/v2\/media?parent=104970"}],"wp:term":[{"taxonomy":"category","embeddable":true,"href":"https:\/\/www.africa-press.net\/cotedivoire\/wp-json\/wp\/v2\/categories?post=104970"},{"taxonomy":"post_tag","embeddable":true,"href":"https:\/\/www.africa-press.net\/cotedivoire\/wp-json\/wp\/v2\/tags?post=104970"}],"curies":[{"name":"wp","href":"https:\/\/api.w.org\/{rel}","templated":true}]}}