{"id":10503,"date":"2021-07-28T16:24:54","date_gmt":"2021-07-28T16:24:54","guid":{"rendered":"https:\/\/www.africa-press.net\/cotedivoire\/?p=10503"},"modified":"2021-07-28T20:37:19","modified_gmt":"2021-07-28T20:37:19","slug":"ouverture-a-abidjan-dune-formation-sur-la-desinformation","status":"publish","type":"post","link":"https:\/\/www.africa-press.net\/cotedivoire\/culture-et-art\/ouverture-a-abidjan-dune-formation-sur-la-desinformation","title":{"rendered":"Ouverture \u00e0 Abidjan d\u2019une formation sur la d\u00e9sinformation"},"content":{"rendered":"<p><span style=\"color: #ff6600\"><strong><a href=\"https:\/\/www.africa-press.net\/\">Africa-Press<\/a> &#8211; <a href=\"https:\/\/www.africa-press.net\/cotedivoire\">C\u00f4te d&rsquo;Ivoire<\/a>. <\/strong><\/span>Un s\u00e9minaire de formation sur la d\u00e9sinformation s\u2019est ouvert ce mardi 27 juillet 2020 dans l\u2019amphith\u00e9\u00e2tre de l\u2019espace am\u00e9ricain de l\u2019universit\u00e9 F\u00e9lix Houphouet-Boigny d\u2019Abidjan, avec la participation de plusieurs journalistes de la presse en ligne de C\u00f4te d\u2019Ivoire.<\/p>\n<p>Cette formation sur les fake news (fausses informations) initi\u00e9e par l\u2019Ambassade des Etats-Unis en C\u00f4te d\u2019Ivoire se d\u00e9roule sous le th\u00e8me, \u00abIdentifier et lutter contre la d\u00e9sinformation\u00bb.<\/p>\n<p>A l\u2019entame des travaux, Mme Joann Lockard, Charg\u00e9e d\u2019affaires \u00e0 l\u2019Ambassade des Etats-Unis, a soulign\u00e9 l\u2019importance de cette s formation dans un contexte o\u00f9 le ph\u00e9nom\u00e8ne des fake news avec son corolaire de cons\u00e9quences d\u00e9sastreuses.<\/p>\n<p>Cette formation pr\u00e9vue pour se tenir les 27 et 28 juillet, sera une occasion pour les participants de se former sur l\u2019identification et la d\u00e9mystification de la d\u00e9sinformation, la m\u00e9sinformation, l\u2019intox et l\u2019infox ainsi que sur le fact checking pour \u00e9tablir une source centrale de v\u00e9rification des faits.<\/p>\n<p>Notons qu\u2019au-del\u00e0 des fake news, dix types de nouvelles trompeuses sont au menu de cette formation. Il s\u2019agit notamment de la propagande, du pi\u00e8ge \u00e0 clic, du contenu sponsoris\u00e9, de la satire, de l\u2019erreur, du parti pris, de la th\u00e9orie du complot, de la pseudoscience, du contenu trompeur, du contenu trafiqu\u00e9.<\/p>\n<p>Cette formation est dispens\u00e9e par Linda Hervieux, journaliste et photographe am\u00e9ricaine qui a travaill\u00e9 entre autres pour le New York Times, l\u2019International Herald Tribute, le New York Daily et le Daily Beast.<\/p>\n<p>&nbsp;<\/p>\n","protected":false},"excerpt":{"rendered":"<p>Africa-Press &#8211; C\u00f4te d&rsquo;Ivoire. Un s\u00e9minaire de formation sur la d\u00e9sinformation s\u2019est ouvert ce mardi 27 juillet 2020 dans l\u2019amphith\u00e9\u00e2tre de l\u2019espace am\u00e9ricain de l\u2019universit\u00e9 F\u00e9lix Houphouet-Boigny d\u2019Abidjan, avec la participation de plusieurs journalistes de la presse en ligne de C\u00f4te d\u2019Ivoire. Cette formation sur les fake news (fausses informations) initi\u00e9e par l\u2019Ambassade des Etats-Unis [&hellip;]<\/p>\n","protected":false},"author":82,"featured_media":10502,"comment_status":"open","ping_status":"closed","sticky":false,"template":"","format":"standard","meta":{"footnotes":""},"categories":[5,11,10],"tags":[56,63,29],"class_list":["post-10503","post","type-post","status-publish","format-standard","has-post-thumbnail","hentry","category-culture-et-art","category-homepage-french","category-toutes-les-actualites","tag-africa-press","tag-africa-press-cote-divoire","tag-cote-divoire"],"yoast_head":"<!-- This site is optimized with the Yoast SEO Premium plugin v26.1 (Yoast SEO v27.0) - https:\/\/yoast.com\/product\/yoast-seo-premium-wordpress\/ -->\n<title>Ouverture \u00e0 Abidjan d\u2019une formation sur la d\u00e9sinformation - C\u00f4te d&#039;Ivoire<\/title>\n<meta name=\"description\" content=\"Un s\u00e9minaire de formation sur la d\u00e9sinformation s\u2019est ouvert ce mardi 27 juillet 2020 dans l\u2019amphith\u00e9\u00e2tre de l\u2019espace am ...\" \/>\n<meta name=\"robots\" content=\"index, follow, max-snippet:-1, max-image-preview:large, max-video-preview:-1\" \/>\n<link rel=\"canonical\" href=\"https:\/\/www.africa-press.net\/cotedivoire\/culture-et-art\/ouverture-a-abidjan-dune-formation-sur-la-desinformation\" \/>\n<meta property=\"og:locale\" content=\"fr_FR\" \/>\n<meta property=\"og:type\" content=\"article\" \/>\n<meta property=\"og:title\" content=\"Ouverture \u00e0 Abidjan d\u2019une formation sur la d\u00e9sinformation\" \/>\n<meta property=\"og:description\" content=\"Un s\u00e9minaire de formation sur la d\u00e9sinformation s\u2019est ouvert ce mardi 27 juillet 2020 dans l\u2019amphith\u00e9\u00e2tre de l\u2019espace am ...\" \/>\n<meta property=\"og:url\" content=\"https:\/\/www.africa-press.net\/cotedivoire\/culture-et-art\/ouverture-a-abidjan-dune-formation-sur-la-desinformation\" \/>\n<meta property=\"og:site_name\" content=\"C\u00f4te d&#039;Ivoire\" \/>\n<meta property=\"article:published_time\" content=\"2021-07-28T16:24:54+00:00\" \/>\n<meta property=\"article:modified_time\" content=\"2021-07-28T20:37:19+00:00\" \/>\n<meta property=\"og:image\" content=\"https:\/\/static.africa-press.net\/cote\/sites\/43\/2021\/07\/img-61017910c3059.jpg\" \/>\n\t<meta property=\"og:image:width\" content=\"1024\" \/>\n\t<meta property=\"og:image:height\" content=\"768\" \/>\n\t<meta property=\"og:image:type\" content=\"image\/jpeg\" \/>\n<meta name=\"author\" content=\"cfeditorfr\" \/>\n<meta name=\"twitter:card\" content=\"summary_large_image\" \/>\n<meta name=\"twitter:label1\" content=\"\u00c9crit par\" \/>\n\t<meta name=\"twitter:data1\" content=\"cfeditorfr\" \/>\n\t<meta name=\"twitter:label2\" content=\"Dur\u00e9e de lecture estim\u00e9e\" \/>\n\t<meta name=\"twitter:data2\" content=\"1 minute\" \/>\n<script type=\"application\/ld+json\" class=\"yoast-schema-graph\">{\"@context\":\"https:\/\/schema.org\",\"@graph\":[{\"@type\":\"Article\",\"@id\":\"https:\/\/www.africa-press.net\/cotedivoire\/culture-et-art\/ouverture-a-abidjan-dune-formation-sur-la-desinformation#article\",\"isPartOf\":{\"@id\":\"https:\/\/www.africa-press.net\/cotedivoire\/culture-et-art\/ouverture-a-abidjan-dune-formation-sur-la-desinformation\"},\"author\":{\"name\":\"cfeditorfr\",\"@id\":\"https:\/\/www.africa-press.net\/cotedivoire\/#\/schema\/person\/2b1cf3cd81a31e3cd26889ca66d677f1\"},\"headline\":\"Ouverture \u00e0 Abidjan d\u2019une formation sur la d\u00e9sinformation\",\"datePublished\":\"2021-07-28T16:24:54+00:00\",\"dateModified\":\"2021-07-28T20:37:19+00:00\",\"mainEntityOfPage\":{\"@id\":\"https:\/\/www.africa-press.net\/cotedivoire\/culture-et-art\/ouverture-a-abidjan-dune-formation-sur-la-desinformation\"},\"wordCount\":285,\"commentCount\":0,\"image\":{\"@id\":\"https:\/\/www.africa-press.net\/cotedivoire\/culture-et-art\/ouverture-a-abidjan-dune-formation-sur-la-desinformation#primaryimage\"},\"thumbnailUrl\":\"https:\/\/static.africa-press.net\/cote\/sites\/43\/2021\/07\/img-61017910c3059.jpg\",\"keywords\":[\"Africa Press\",\"Africa Press-C\u00f4te d'Ivoire\",\"C\u00d4TE D'IVOIRE\"],\"articleSection\":[\"Culture et Art\",\"homepage-french\",\"Toutes les actualit\u00e9s\"],\"inLanguage\":\"fr-FR\",\"potentialAction\":[{\"@type\":\"CommentAction\",\"name\":\"Comment\",\"target\":[\"https:\/\/www.africa-press.net\/cotedivoire\/culture-et-art\/ouverture-a-abidjan-dune-formation-sur-la-desinformation#respond\"]}]},{\"@type\":\"WebPage\",\"@id\":\"https:\/\/www.africa-press.net\/cotedivoire\/culture-et-art\/ouverture-a-abidjan-dune-formation-sur-la-desinformation\",\"url\":\"https:\/\/www.africa-press.net\/cotedivoire\/culture-et-art\/ouverture-a-abidjan-dune-formation-sur-la-desinformation\",\"name\":\"Ouverture \u00e0 Abidjan d\u2019une formation sur la d\u00e9sinformation - C\u00f4te d&#039;Ivoire\",\"isPartOf\":{\"@id\":\"https:\/\/www.africa-press.net\/cotedivoire\/#website\"},\"primaryImageOfPage\":{\"@id\":\"https:\/\/www.africa-press.net\/cotedivoire\/culture-et-art\/ouverture-a-abidjan-dune-formation-sur-la-desinformation#primaryimage\"},\"image\":{\"@id\":\"https:\/\/www.africa-press.net\/cotedivoire\/culture-et-art\/ouverture-a-abidjan-dune-formation-sur-la-desinformation#primaryimage\"},\"thumbnailUrl\":\"https:\/\/static.africa-press.net\/cote\/sites\/43\/2021\/07\/img-61017910c3059.jpg\",\"datePublished\":\"2021-07-28T16:24:54+00:00\",\"dateModified\":\"2021-07-28T20:37:19+00:00\",\"author\":{\"@id\":\"https:\/\/www.africa-press.net\/cotedivoire\/#\/schema\/person\/2b1cf3cd81a31e3cd26889ca66d677f1\"},\"description\":\"Un s\u00e9minaire de formation sur la d\u00e9sinformation s\u2019est ouvert ce mardi 27 juillet 2020 dans l\u2019amphith\u00e9\u00e2tre de l\u2019espace am ...\",\"breadcrumb\":{\"@id\":\"https:\/\/www.africa-press.net\/cotedivoire\/culture-et-art\/ouverture-a-abidjan-dune-formation-sur-la-desinformation#breadcrumb\"},\"inLanguage\":\"fr-FR\",\"potentialAction\":[{\"@type\":\"ReadAction\",\"target\":[\"https:\/\/www.africa-press.net\/cotedivoire\/culture-et-art\/ouverture-a-abidjan-dune-formation-sur-la-desinformation\"]}]},{\"@type\":\"ImageObject\",\"inLanguage\":\"fr-FR\",\"@id\":\"https:\/\/www.africa-press.net\/cotedivoire\/culture-et-art\/ouverture-a-abidjan-dune-formation-sur-la-desinformation#primaryimage\",\"url\":\"https:\/\/static.africa-press.net\/cote\/sites\/43\/2021\/07\/img-61017910c3059.jpg\",\"contentUrl\":\"https:\/\/static.africa-press.net\/cote\/sites\/43\/2021\/07\/img-61017910c3059.jpg\",\"width\":1024,\"height\":768,\"caption\":\"Ouverture \u00e0 Abidjan d\u2019une formation sur la d\u00e9sinformation\"},{\"@type\":\"BreadcrumbList\",\"@id\":\"https:\/\/www.africa-press.net\/cotedivoire\/culture-et-art\/ouverture-a-abidjan-dune-formation-sur-la-desinformation#breadcrumb\",\"itemListElement\":[{\"@type\":\"ListItem\",\"position\":1,\"name\":\"Accueil\",\"item\":\"https:\/\/www.africa-press.net\/cotedivoire\/\"},{\"@type\":\"ListItem\",\"position\":2,\"name\":\"Ouverture \u00e0 Abidjan d\u2019une formation sur la d\u00e9sinformation\"}]},{\"@type\":\"WebSite\",\"@id\":\"https:\/\/www.africa-press.net\/cotedivoire\/#website\",\"url\":\"https:\/\/www.africa-press.net\/cotedivoire\/\",\"name\":\"C\u00f4te d&#039;Ivoire\",\"description\":\"Just another Africa News Agency Sites site\",\"potentialAction\":[{\"@type\":\"SearchAction\",\"target\":{\"@type\":\"EntryPoint\",\"urlTemplate\":\"https:\/\/www.africa-press.net\/cotedivoire\/?s={search_term_string}\"},\"query-input\":{\"@type\":\"PropertyValueSpecification\",\"valueRequired\":true,\"valueName\":\"search_term_string\"}}],\"inLanguage\":\"fr-FR\"},{\"@type\":\"Person\",\"@id\":\"https:\/\/www.africa-press.net\/cotedivoire\/#\/schema\/person\/2b1cf3cd81a31e3cd26889ca66d677f1\",\"name\":\"cfeditorfr\"}]}<\/script>\n<!-- \/ Yoast SEO Premium plugin. -->","yoast_head_json":{"title":"Ouverture \u00e0 Abidjan d\u2019une formation sur la d\u00e9sinformation - C\u00f4te d&#039;Ivoire","description":"Un s\u00e9minaire de formation sur la d\u00e9sinformation s\u2019est ouvert ce mardi 27 juillet 2020 dans l\u2019amphith\u00e9\u00e2tre de l\u2019espace am ...","robots":{"index":"index","follow":"follow","max-snippet":"max-snippet:-1","max-image-preview":"max-image-preview:large","max-video-preview":"max-video-preview:-1"},"canonical":"https:\/\/www.africa-press.net\/cotedivoire\/culture-et-art\/ouverture-a-abidjan-dune-formation-sur-la-desinformation","og_locale":"fr_FR","og_type":"article","og_title":"Ouverture \u00e0 Abidjan d\u2019une formation sur la d\u00e9sinformation","og_description":"Un s\u00e9minaire de formation sur la d\u00e9sinformation s\u2019est ouvert ce mardi 27 juillet 2020 dans l\u2019amphith\u00e9\u00e2tre de l\u2019espace am ...","og_url":"https:\/\/www.africa-press.net\/cotedivoire\/culture-et-art\/ouverture-a-abidjan-dune-formation-sur-la-desinformation","og_site_name":"C\u00f4te d&#039;Ivoire","article_published_time":"2021-07-28T16:24:54+00:00","article_modified_time":"2021-07-28T20:37:19+00:00","og_image":[{"width":1024,"height":768,"url":"https:\/\/static.africa-press.net\/cote\/sites\/43\/2021\/07\/img-61017910c3059.jpg","type":"image\/jpeg"}],"author":"cfeditorfr","twitter_card":"summary_large_image","twitter_misc":{"\u00c9crit par":"cfeditorfr","Dur\u00e9e de lecture estim\u00e9e":"1 minute"},"schema":{"@context":"https:\/\/schema.org","@graph":[{"@type":"Article","@id":"https:\/\/www.africa-press.net\/cotedivoire\/culture-et-art\/ouverture-a-abidjan-dune-formation-sur-la-desinformation#article","isPartOf":{"@id":"https:\/\/www.africa-press.net\/cotedivoire\/culture-et-art\/ouverture-a-abidjan-dune-formation-sur-la-desinformation"},"author":{"name":"cfeditorfr","@id":"https:\/\/www.africa-press.net\/cotedivoire\/#\/schema\/person\/2b1cf3cd81a31e3cd26889ca66d677f1"},"headline":"Ouverture \u00e0 Abidjan d\u2019une formation sur la d\u00e9sinformation","datePublished":"2021-07-28T16:24:54+00:00","dateModified":"2021-07-28T20:37:19+00:00","mainEntityOfPage":{"@id":"https:\/\/www.africa-press.net\/cotedivoire\/culture-et-art\/ouverture-a-abidjan-dune-formation-sur-la-desinformation"},"wordCount":285,"commentCount":0,"image":{"@id":"https:\/\/www.africa-press.net\/cotedivoire\/culture-et-art\/ouverture-a-abidjan-dune-formation-sur-la-desinformation#primaryimage"},"thumbnailUrl":"https:\/\/static.africa-press.net\/cote\/sites\/43\/2021\/07\/img-61017910c3059.jpg","keywords":["Africa Press","Africa Press-C\u00f4te d'Ivoire","C\u00d4TE D'IVOIRE"],"articleSection":["Culture et Art","homepage-french","Toutes les actualit\u00e9s"],"inLanguage":"fr-FR","potentialAction":[{"@type":"CommentAction","name":"Comment","target":["https:\/\/www.africa-press.net\/cotedivoire\/culture-et-art\/ouverture-a-abidjan-dune-formation-sur-la-desinformation#respond"]}]},{"@type":"WebPage","@id":"https:\/\/www.africa-press.net\/cotedivoire\/culture-et-art\/ouverture-a-abidjan-dune-formation-sur-la-desinformation","url":"https:\/\/www.africa-press.net\/cotedivoire\/culture-et-art\/ouverture-a-abidjan-dune-formation-sur-la-desinformation","name":"Ouverture \u00e0 Abidjan d\u2019une formation sur la d\u00e9sinformation - C\u00f4te d&#039;Ivoire","isPartOf":{"@id":"https:\/\/www.africa-press.net\/cotedivoire\/#website"},"primaryImageOfPage":{"@id":"https:\/\/www.africa-press.net\/cotedivoire\/culture-et-art\/ouverture-a-abidjan-dune-formation-sur-la-desinformation#primaryimage"},"image":{"@id":"https:\/\/www.africa-press.net\/cotedivoire\/culture-et-art\/ouverture-a-abidjan-dune-formation-sur-la-desinformation#primaryimage"},"thumbnailUrl":"https:\/\/static.africa-press.net\/cote\/sites\/43\/2021\/07\/img-61017910c3059.jpg","datePublished":"2021-07-28T16:24:54+00:00","dateModified":"2021-07-28T20:37:19+00:00","author":{"@id":"https:\/\/www.africa-press.net\/cotedivoire\/#\/schema\/person\/2b1cf3cd81a31e3cd26889ca66d677f1"},"description":"Un s\u00e9minaire de formation sur la d\u00e9sinformation s\u2019est ouvert ce mardi 27 juillet 2020 dans l\u2019amphith\u00e9\u00e2tre de l\u2019espace am ...","breadcrumb":{"@id":"https:\/\/www.africa-press.net\/cotedivoire\/culture-et-art\/ouverture-a-abidjan-dune-formation-sur-la-desinformation#breadcrumb"},"inLanguage":"fr-FR","potentialAction":[{"@type":"ReadAction","target":["https:\/\/www.africa-press.net\/cotedivoire\/culture-et-art\/ouverture-a-abidjan-dune-formation-sur-la-desinformation"]}]},{"@type":"ImageObject","inLanguage":"fr-FR","@id":"https:\/\/www.africa-press.net\/cotedivoire\/culture-et-art\/ouverture-a-abidjan-dune-formation-sur-la-desinformation#primaryimage","url":"https:\/\/static.africa-press.net\/cote\/sites\/43\/2021\/07\/img-61017910c3059.jpg","contentUrl":"https:\/\/static.africa-press.net\/cote\/sites\/43\/2021\/07\/img-61017910c3059.jpg","width":1024,"height":768,"caption":"Ouverture \u00e0 Abidjan d\u2019une formation sur la d\u00e9sinformation"},{"@type":"BreadcrumbList","@id":"https:\/\/www.africa-press.net\/cotedivoire\/culture-et-art\/ouverture-a-abidjan-dune-formation-sur-la-desinformation#breadcrumb","itemListElement":[{"@type":"ListItem","position":1,"name":"Accueil","item":"https:\/\/www.africa-press.net\/cotedivoire\/"},{"@type":"ListItem","position":2,"name":"Ouverture \u00e0 Abidjan d\u2019une formation sur la d\u00e9sinformation"}]},{"@type":"WebSite","@id":"https:\/\/www.africa-press.net\/cotedivoire\/#website","url":"https:\/\/www.africa-press.net\/cotedivoire\/","name":"C\u00f4te d&#039;Ivoire","description":"Just another Africa News Agency Sites site","potentialAction":[{"@type":"SearchAction","target":{"@type":"EntryPoint","urlTemplate":"https:\/\/www.africa-press.net\/cotedivoire\/?s={search_term_string}"},"query-input":{"@type":"PropertyValueSpecification","valueRequired":true,"valueName":"search_term_string"}}],"inLanguage":"fr-FR"},{"@type":"Person","@id":"https:\/\/www.africa-press.net\/cotedivoire\/#\/schema\/person\/2b1cf3cd81a31e3cd26889ca66d677f1","name":"cfeditorfr"}]}},"_links":{"self":[{"href":"https:\/\/www.africa-press.net\/cotedivoire\/wp-json\/wp\/v2\/posts\/10503","targetHints":{"allow":["GET"]}}],"collection":[{"href":"https:\/\/www.africa-press.net\/cotedivoire\/wp-json\/wp\/v2\/posts"}],"about":[{"href":"https:\/\/www.africa-press.net\/cotedivoire\/wp-json\/wp\/v2\/types\/post"}],"author":[{"embeddable":true,"href":"https:\/\/www.africa-press.net\/cotedivoire\/wp-json\/wp\/v2\/users\/82"}],"replies":[{"embeddable":true,"href":"https:\/\/www.africa-press.net\/cotedivoire\/wp-json\/wp\/v2\/comments?post=10503"}],"version-history":[{"count":0,"href":"https:\/\/www.africa-press.net\/cotedivoire\/wp-json\/wp\/v2\/posts\/10503\/revisions"}],"wp:featuredmedia":[{"embeddable":true,"href":"https:\/\/www.africa-press.net\/cotedivoire\/wp-json\/wp\/v2\/media\/10502"}],"wp:attachment":[{"href":"https:\/\/www.africa-press.net\/cotedivoire\/wp-json\/wp\/v2\/media?parent=10503"}],"wp:term":[{"taxonomy":"category","embeddable":true,"href":"https:\/\/www.africa-press.net\/cotedivoire\/wp-json\/wp\/v2\/categories?post=10503"},{"taxonomy":"post_tag","embeddable":true,"href":"https:\/\/www.africa-press.net\/cotedivoire\/wp-json\/wp\/v2\/tags?post=10503"}],"curies":[{"name":"wp","href":"https:\/\/api.w.org\/{rel}","templated":true}]}}