{"id":10506,"date":"2021-07-28T16:32:30","date_gmt":"2021-07-28T16:32:30","guid":{"rendered":"https:\/\/www.africa-press.net\/cotedivoire\/?p=10506"},"modified":"2021-07-28T20:37:31","modified_gmt":"2021-07-28T20:37:31","slug":"en-cote-divoire-lespoir-dune-reconciliation-avec-la-rencontre-entre-alassane-ouattara-et-laurent-gbagbo-2","status":"publish","type":"post","link":"https:\/\/www.africa-press.net\/cotedivoire\/dossiers\/en-cote-divoire-lespoir-dune-reconciliation-avec-la-rencontre-entre-alassane-ouattara-et-laurent-gbagbo-2","title":{"rendered":"l\u2019espoir d\u2019une r\u00e9conciliation avec la rencontre entre Alassane Ouattara et Laurent Gbagbo"},"content":{"rendered":"<p><span style=\"color: #ff6600\"><strong><a href=\"https:\/\/www.africa-press.net\/\">Africa-Press<\/a> &#8211; <a href=\"https:\/\/www.africa-press.net\/cotedivoire\">C\u00f4te d&rsquo;Ivoire<\/a>. <\/strong><\/span>Leur derni\u00e8re poign\u00e9e de main remonte \u00e0 plus de dix ans : le pr\u00e9sident ivoirien Alassane Ouattara et son pr\u00e9d\u00e9cesseur Laurent Gbagbo doivent se rencontrer ce mardi 27 juillet, une premi\u00e8re depuis leur duel \u00e0 l\u2019\u00e9lection pr\u00e9sidentielle de 2010 qui avait d\u00e9bouch\u00e9 sur une violente crise.<\/p>\n<p>Apr\u00e8s un premier contact t\u00e9l\u00e9phonique au d\u00e9but du mois de juillet, ce face-\u00e0-face pr\u00e9vu au palais pr\u00e9sidentiel \u00e0 Abidjan devrait constituer un geste de plus vers l\u2019apaisement de la vie politique en C\u00f4te d\u2019Ivoire, dans la continuit\u00e9 du retour de M. Gbagbo dans le pays le 17 juin.<\/p>\n<p><b>\u00ab Laurent Gbagbo est dans un esprit d\u2019ouverture, de dialogue et de r\u00e9conciliation \u00bb<\/b><\/p>\n<p>, assure \u00e0 l\u2019AFP Franck Anderson Kouassi, porte-parole du Front populaire ivoirien (FPI), le parti de M. Gbagbo. \u00ab Il ne peut pas exclure quelle que rencontre que ce soit avec un acteur majeur de la politique, cela va dans la droite ligne de notre disposition d\u2019esprit que de rencontrer le pr\u00e9sident Ouattara \u00bb, 79 ans, ajoute-t-il.<\/p>\n<p><b>\u00ab C\u2019est une visite de courtoisie \u00e0 son a\u00een\u00e9<\/b><\/p>\n<p>(\u2026) si cela peut permettre de d\u00e9crisper l\u2019atmosph\u00e8re politique, tant mieux \u00bb, a comment\u00e9 de son c\u00f4t\u00e9 Justin Katinan Kon\u00e9, porte-parole de M. Gbagbo, 76 ans, appelant toutefois \u00ab \u00e0 ne pas donner plus de relief \u00e0 cette rencontre qu\u2019elle n\u2019en a \u00bb. \u00ab Il n\u2019y a jamais eu d\u2019interruption du dialogue dans notre pays et il se poursuivra parce que telle est la volont\u00e9 du gouvernement \u00bb, a estim\u00e9 le porte-parole du gouvernement Amadou Coulibaly.<\/p>\n<p><b>\u00ab Divergences abyssales \u00bb<\/b><\/p>\n<p>Depuis le retour de Laurent Gbagbo, acquitt\u00e9 par la justice internationale de crimes contre l\u2019humanit\u00e9, le mot r\u00e9conciliation est sur toutes les l\u00e8vres. Elle n\u2019est pourtant pas \u00e9vidente, tant l\u2019histoire entre les deux hommes reste intimement marqu\u00e9e par les violences post-\u00e9lectorales de 2010-2011. Cette crise n\u00e9e du refus de M. Gbagbo, au pouvoir depuis 2000, de reconna\u00eetre sa d\u00e9faite \u00e0 la pr\u00e9sidentielle face \u00e0 Alassane Ouattara a fait plus de 3 000 morts.<\/p>\n<p>D\u00e9finitivement acquitt\u00e9 par la Cour p\u00e9nale internationale (CPI), Laurent Gbagbo a pu rentrer en C\u00f4te d\u2019Ivoire gr\u00e2ce au feu vert de son ancien rival, toujours au nom de la \u00ab r\u00e9conciliation nationale \u00bb.<\/p>\n<p>Le gouvernement avait \u00e9galement laiss\u00e9 entendre qu\u2019il ne ferait pas appliquer la condamnation de M. Gbagbo \u00e0 vingt ans de prison pour le \u00ab braquage \u00bb de la Banque centrale des Etats d\u2019Afrique de l\u2019Ouest (BCEAO) pendant les \u00e9v\u00e9nements de 2010-2011.<\/p>\n<p><b>\u00ab Les deux protagonistes de la crise vont se rencontrer, ce n\u2019est pas totalement anodin ! La rencontre ne va pas effacer les divergences abyssales entre eux, mais c\u2019est une \u00e9volution de cette relation : le face-\u00e0-face est une reprise de parole en direct \u00bb<\/b><\/p>\n<p>, souligne l\u2019analyste politique Rodrigue Kon\u00e9 \u00e0 l\u2019AFP.<\/p>\n<p><b>\u00ab Respecter les textes \u00bb<\/b><\/p>\n<p>Selon lui, le camp du pr\u00e9sident en exercice \u00ab interpr\u00e8te cette rencontre comme une reconnaissance de la l\u00e9gitimit\u00e9 et de la l\u00e9galit\u00e9 d\u2019Alassane Ouattara par Laurent Gbabgo. De fa\u00e7on aussi visible et officielle cela n\u2019avait pas encore \u00e9t\u00e9 act\u00e9. C\u2019est symboliquement tr\u00e8s important \u00bb.<\/p>\n<p>Difficile cependant d\u2019imaginer Laurent Gbagbo rester discret dans le jeu politique ivoirien. Depuis son retour, il s\u2019est d\u00e9j\u00e0 affirm\u00e9 comme un opposant politique de premier plan \u00e0 Alassane Ouattara.<\/p>\n<p>Tr\u00e8s vite, il \u00e9tait all\u00e9 rencontrer Henri Konan B\u00e9di\u00e9, un autre ancien pr\u00e9sident, d\u00e9sormais poids lourd de l\u2019opposition et il n\u2019avait pas manqu\u00e9 d\u2019\u00e9gratigner M. Ouattara. Il l\u2019avait notamment appel\u00e9 \u00e0 \u00ab respecter les textes \u00bb, en r\u00e9f\u00e9rence \u00e0 sa r\u00e9\u00e9lection en 2020 pour un troisi\u00e8me mandat controvers\u00e9, au cours d\u2019une pr\u00e9sidentielle boycott\u00e9e par l\u2019opposition qui jugeait ce nouveau mandat inconstitutionnel.<\/p>\n","protected":false},"excerpt":{"rendered":"<p>Africa-Press &#8211; C\u00f4te d&rsquo;Ivoire. Leur derni\u00e8re poign\u00e9e de main remonte \u00e0 plus de dix ans : le pr\u00e9sident ivoirien Alassane Ouattara et son pr\u00e9d\u00e9cesseur Laurent Gbagbo doivent se rencontrer ce mardi 27 juillet, une premi\u00e8re depuis leur duel \u00e0 l\u2019\u00e9lection pr\u00e9sidentielle de 2010 qui avait d\u00e9bouch\u00e9 sur une violente crise. Apr\u00e8s un premier contact t\u00e9l\u00e9phonique [&hellip;]<\/p>\n","protected":false},"author":82,"featured_media":10505,"comment_status":"open","ping_status":"closed","sticky":false,"template":"","format":"standard","meta":{"footnotes":""},"categories":[7,11,10],"tags":[56,63,29],"class_list":["post-10506","post","type-post","status-publish","format-standard","has-post-thumbnail","hentry","category-dossiers","category-homepage-french","category-toutes-les-actualites","tag-africa-press","tag-africa-press-cote-divoire","tag-cote-divoire"],"yoast_head":"<!-- This site is optimized with the Yoast SEO Premium plugin v26.1 (Yoast SEO v27.0) - https:\/\/yoast.com\/product\/yoast-seo-premium-wordpress\/ -->\n<title>l\u2019espoir d\u2019une r\u00e9conciliation avec la rencontre entre Alassane Ouattara et Laurent Gbagbo - C\u00f4te d&#039;Ivoire<\/title>\n<meta name=\"description\" content=\"Leur derni\u00e8re poign\u00e9e de main remonte \u00e0 plus de dix ans : le pr\u00e9sident ivoirien Alassane Ouattara et son pr\u00e9d\u00e9cesseur La ...\" \/>\n<meta name=\"robots\" content=\"index, follow, max-snippet:-1, max-image-preview:large, max-video-preview:-1\" \/>\n<link rel=\"canonical\" href=\"https:\/\/www.africa-press.net\/cotedivoire\/dossiers\/en-cote-divoire-lespoir-dune-reconciliation-avec-la-rencontre-entre-alassane-ouattara-et-laurent-gbagbo-2\" \/>\n<meta property=\"og:locale\" content=\"fr_FR\" \/>\n<meta property=\"og:type\" content=\"article\" \/>\n<meta property=\"og:title\" content=\"l\u2019espoir d\u2019une r\u00e9conciliation avec la rencontre entre Alassane Ouattara et Laurent Gbagbo\" \/>\n<meta property=\"og:description\" content=\"Leur derni\u00e8re poign\u00e9e de main remonte \u00e0 plus de dix ans : le pr\u00e9sident ivoirien Alassane Ouattara et son pr\u00e9d\u00e9cesseur La ...\" \/>\n<meta property=\"og:url\" content=\"https:\/\/www.africa-press.net\/cotedivoire\/dossiers\/en-cote-divoire-lespoir-dune-reconciliation-avec-la-rencontre-entre-alassane-ouattara-et-laurent-gbagbo-2\" \/>\n<meta property=\"og:site_name\" content=\"C\u00f4te d&#039;Ivoire\" \/>\n<meta property=\"article:published_time\" content=\"2021-07-28T16:32:30+00:00\" \/>\n<meta property=\"article:modified_time\" content=\"2021-07-28T20:37:31+00:00\" \/>\n<meta property=\"og:image\" content=\"https:\/\/static.africa-press.net\/cote\/sites\/43\/2021\/07\/img-61017935117f5.jpg\" \/>\n\t<meta property=\"og:image:width\" content=\"1440\" \/>\n\t<meta property=\"og:image:height\" content=\"720\" \/>\n\t<meta property=\"og:image:type\" content=\"image\/jpeg\" \/>\n<meta name=\"author\" content=\"cfeditorfr\" \/>\n<meta name=\"twitter:card\" content=\"summary_large_image\" \/>\n<meta name=\"twitter:label1\" content=\"\u00c9crit par\" \/>\n\t<meta name=\"twitter:data1\" content=\"cfeditorfr\" \/>\n\t<meta name=\"twitter:label2\" content=\"Dur\u00e9e de lecture estim\u00e9e\" \/>\n\t<meta name=\"twitter:data2\" content=\"3 minutes\" \/>\n<script type=\"application\/ld+json\" class=\"yoast-schema-graph\">{\"@context\":\"https:\/\/schema.org\",\"@graph\":[{\"@type\":\"Article\",\"@id\":\"https:\/\/www.africa-press.net\/cotedivoire\/dossiers\/en-cote-divoire-lespoir-dune-reconciliation-avec-la-rencontre-entre-alassane-ouattara-et-laurent-gbagbo-2#article\",\"isPartOf\":{\"@id\":\"https:\/\/www.africa-press.net\/cotedivoire\/dossiers\/en-cote-divoire-lespoir-dune-reconciliation-avec-la-rencontre-entre-alassane-ouattara-et-laurent-gbagbo-2\"},\"author\":{\"name\":\"cfeditorfr\",\"@id\":\"https:\/\/www.africa-press.net\/cotedivoire\/#\/schema\/person\/2b1cf3cd81a31e3cd26889ca66d677f1\"},\"headline\":\"l\u2019espoir d\u2019une r\u00e9conciliation avec la rencontre entre Alassane Ouattara et Laurent Gbagbo\",\"datePublished\":\"2021-07-28T16:32:30+00:00\",\"dateModified\":\"2021-07-28T20:37:31+00:00\",\"mainEntityOfPage\":{\"@id\":\"https:\/\/www.africa-press.net\/cotedivoire\/dossiers\/en-cote-divoire-lespoir-dune-reconciliation-avec-la-rencontre-entre-alassane-ouattara-et-laurent-gbagbo-2\"},\"wordCount\":649,\"commentCount\":0,\"image\":{\"@id\":\"https:\/\/www.africa-press.net\/cotedivoire\/dossiers\/en-cote-divoire-lespoir-dune-reconciliation-avec-la-rencontre-entre-alassane-ouattara-et-laurent-gbagbo-2#primaryimage\"},\"thumbnailUrl\":\"https:\/\/static.africa-press.net\/cote\/sites\/43\/2021\/07\/img-61017935117f5.jpg\",\"keywords\":[\"Africa Press\",\"Africa Press-C\u00f4te d'Ivoire\",\"C\u00d4TE D'IVOIRE\"],\"articleSection\":[\"Dossiers\",\"homepage-french\",\"Toutes les actualit\u00e9s\"],\"inLanguage\":\"fr-FR\",\"potentialAction\":[{\"@type\":\"CommentAction\",\"name\":\"Comment\",\"target\":[\"https:\/\/www.africa-press.net\/cotedivoire\/dossiers\/en-cote-divoire-lespoir-dune-reconciliation-avec-la-rencontre-entre-alassane-ouattara-et-laurent-gbagbo-2#respond\"]}]},{\"@type\":\"WebPage\",\"@id\":\"https:\/\/www.africa-press.net\/cotedivoire\/dossiers\/en-cote-divoire-lespoir-dune-reconciliation-avec-la-rencontre-entre-alassane-ouattara-et-laurent-gbagbo-2\",\"url\":\"https:\/\/www.africa-press.net\/cotedivoire\/dossiers\/en-cote-divoire-lespoir-dune-reconciliation-avec-la-rencontre-entre-alassane-ouattara-et-laurent-gbagbo-2\",\"name\":\"l\u2019espoir d\u2019une r\u00e9conciliation avec la rencontre entre Alassane Ouattara et Laurent Gbagbo - C\u00f4te d&#039;Ivoire\",\"isPartOf\":{\"@id\":\"https:\/\/www.africa-press.net\/cotedivoire\/#website\"},\"primaryImageOfPage\":{\"@id\":\"https:\/\/www.africa-press.net\/cotedivoire\/dossiers\/en-cote-divoire-lespoir-dune-reconciliation-avec-la-rencontre-entre-alassane-ouattara-et-laurent-gbagbo-2#primaryimage\"},\"image\":{\"@id\":\"https:\/\/www.africa-press.net\/cotedivoire\/dossiers\/en-cote-divoire-lespoir-dune-reconciliation-avec-la-rencontre-entre-alassane-ouattara-et-laurent-gbagbo-2#primaryimage\"},\"thumbnailUrl\":\"https:\/\/static.africa-press.net\/cote\/sites\/43\/2021\/07\/img-61017935117f5.jpg\",\"datePublished\":\"2021-07-28T16:32:30+00:00\",\"dateModified\":\"2021-07-28T20:37:31+00:00\",\"author\":{\"@id\":\"https:\/\/www.africa-press.net\/cotedivoire\/#\/schema\/person\/2b1cf3cd81a31e3cd26889ca66d677f1\"},\"description\":\"Leur derni\u00e8re poign\u00e9e de main remonte \u00e0 plus de dix ans : le pr\u00e9sident ivoirien Alassane Ouattara et son pr\u00e9d\u00e9cesseur La ...\",\"breadcrumb\":{\"@id\":\"https:\/\/www.africa-press.net\/cotedivoire\/dossiers\/en-cote-divoire-lespoir-dune-reconciliation-avec-la-rencontre-entre-alassane-ouattara-et-laurent-gbagbo-2#breadcrumb\"},\"inLanguage\":\"fr-FR\",\"potentialAction\":[{\"@type\":\"ReadAction\",\"target\":[\"https:\/\/www.africa-press.net\/cotedivoire\/dossiers\/en-cote-divoire-lespoir-dune-reconciliation-avec-la-rencontre-entre-alassane-ouattara-et-laurent-gbagbo-2\"]}]},{\"@type\":\"ImageObject\",\"inLanguage\":\"fr-FR\",\"@id\":\"https:\/\/www.africa-press.net\/cotedivoire\/dossiers\/en-cote-divoire-lespoir-dune-reconciliation-avec-la-rencontre-entre-alassane-ouattara-et-laurent-gbagbo-2#primaryimage\",\"url\":\"https:\/\/static.africa-press.net\/cote\/sites\/43\/2021\/07\/img-61017935117f5.jpg\",\"contentUrl\":\"https:\/\/static.africa-press.net\/cote\/sites\/43\/2021\/07\/img-61017935117f5.jpg\",\"width\":1440,\"height\":720,\"caption\":\"En C\u00f4te d\u2019Ivoire, l\u2019espoir d\u2019une r\u00e9conciliation avec la rencontre entre Alassane Ouattara et Laurent Gbagbo\"},{\"@type\":\"BreadcrumbList\",\"@id\":\"https:\/\/www.africa-press.net\/cotedivoire\/dossiers\/en-cote-divoire-lespoir-dune-reconciliation-avec-la-rencontre-entre-alassane-ouattara-et-laurent-gbagbo-2#breadcrumb\",\"itemListElement\":[{\"@type\":\"ListItem\",\"position\":1,\"name\":\"Accueil\",\"item\":\"https:\/\/www.africa-press.net\/cotedivoire\/\"},{\"@type\":\"ListItem\",\"position\":2,\"name\":\"l\u2019espoir d\u2019une r\u00e9conciliation avec la rencontre entre Alassane Ouattara et Laurent Gbagbo\"}]},{\"@type\":\"WebSite\",\"@id\":\"https:\/\/www.africa-press.net\/cotedivoire\/#website\",\"url\":\"https:\/\/www.africa-press.net\/cotedivoire\/\",\"name\":\"C\u00f4te d&#039;Ivoire\",\"description\":\"Just another Africa News Agency Sites site\",\"potentialAction\":[{\"@type\":\"SearchAction\",\"target\":{\"@type\":\"EntryPoint\",\"urlTemplate\":\"https:\/\/www.africa-press.net\/cotedivoire\/?s={search_term_string}\"},\"query-input\":{\"@type\":\"PropertyValueSpecification\",\"valueRequired\":true,\"valueName\":\"search_term_string\"}}],\"inLanguage\":\"fr-FR\"},{\"@type\":\"Person\",\"@id\":\"https:\/\/www.africa-press.net\/cotedivoire\/#\/schema\/person\/2b1cf3cd81a31e3cd26889ca66d677f1\",\"name\":\"cfeditorfr\"}]}<\/script>\n<!-- \/ Yoast SEO Premium plugin. -->","yoast_head_json":{"title":"l\u2019espoir d\u2019une r\u00e9conciliation avec la rencontre entre Alassane Ouattara et Laurent Gbagbo - C\u00f4te d&#039;Ivoire","description":"Leur derni\u00e8re poign\u00e9e de main remonte \u00e0 plus de dix ans : le pr\u00e9sident ivoirien Alassane Ouattara et son pr\u00e9d\u00e9cesseur La ...","robots":{"index":"index","follow":"follow","max-snippet":"max-snippet:-1","max-image-preview":"max-image-preview:large","max-video-preview":"max-video-preview:-1"},"canonical":"https:\/\/www.africa-press.net\/cotedivoire\/dossiers\/en-cote-divoire-lespoir-dune-reconciliation-avec-la-rencontre-entre-alassane-ouattara-et-laurent-gbagbo-2","og_locale":"fr_FR","og_type":"article","og_title":"l\u2019espoir d\u2019une r\u00e9conciliation avec la rencontre entre Alassane Ouattara et Laurent Gbagbo","og_description":"Leur derni\u00e8re poign\u00e9e de main remonte \u00e0 plus de dix ans : le pr\u00e9sident ivoirien Alassane Ouattara et son pr\u00e9d\u00e9cesseur La ...","og_url":"https:\/\/www.africa-press.net\/cotedivoire\/dossiers\/en-cote-divoire-lespoir-dune-reconciliation-avec-la-rencontre-entre-alassane-ouattara-et-laurent-gbagbo-2","og_site_name":"C\u00f4te d&#039;Ivoire","article_published_time":"2021-07-28T16:32:30+00:00","article_modified_time":"2021-07-28T20:37:31+00:00","og_image":[{"width":1440,"height":720,"url":"https:\/\/static.africa-press.net\/cote\/sites\/43\/2021\/07\/img-61017935117f5.jpg","type":"image\/jpeg"}],"author":"cfeditorfr","twitter_card":"summary_large_image","twitter_misc":{"\u00c9crit par":"cfeditorfr","Dur\u00e9e de lecture estim\u00e9e":"3 minutes"},"schema":{"@context":"https:\/\/schema.org","@graph":[{"@type":"Article","@id":"https:\/\/www.africa-press.net\/cotedivoire\/dossiers\/en-cote-divoire-lespoir-dune-reconciliation-avec-la-rencontre-entre-alassane-ouattara-et-laurent-gbagbo-2#article","isPartOf":{"@id":"https:\/\/www.africa-press.net\/cotedivoire\/dossiers\/en-cote-divoire-lespoir-dune-reconciliation-avec-la-rencontre-entre-alassane-ouattara-et-laurent-gbagbo-2"},"author":{"name":"cfeditorfr","@id":"https:\/\/www.africa-press.net\/cotedivoire\/#\/schema\/person\/2b1cf3cd81a31e3cd26889ca66d677f1"},"headline":"l\u2019espoir d\u2019une r\u00e9conciliation avec la rencontre entre Alassane Ouattara et Laurent Gbagbo","datePublished":"2021-07-28T16:32:30+00:00","dateModified":"2021-07-28T20:37:31+00:00","mainEntityOfPage":{"@id":"https:\/\/www.africa-press.net\/cotedivoire\/dossiers\/en-cote-divoire-lespoir-dune-reconciliation-avec-la-rencontre-entre-alassane-ouattara-et-laurent-gbagbo-2"},"wordCount":649,"commentCount":0,"image":{"@id":"https:\/\/www.africa-press.net\/cotedivoire\/dossiers\/en-cote-divoire-lespoir-dune-reconciliation-avec-la-rencontre-entre-alassane-ouattara-et-laurent-gbagbo-2#primaryimage"},"thumbnailUrl":"https:\/\/static.africa-press.net\/cote\/sites\/43\/2021\/07\/img-61017935117f5.jpg","keywords":["Africa Press","Africa Press-C\u00f4te d'Ivoire","C\u00d4TE D'IVOIRE"],"articleSection":["Dossiers","homepage-french","Toutes les actualit\u00e9s"],"inLanguage":"fr-FR","potentialAction":[{"@type":"CommentAction","name":"Comment","target":["https:\/\/www.africa-press.net\/cotedivoire\/dossiers\/en-cote-divoire-lespoir-dune-reconciliation-avec-la-rencontre-entre-alassane-ouattara-et-laurent-gbagbo-2#respond"]}]},{"@type":"WebPage","@id":"https:\/\/www.africa-press.net\/cotedivoire\/dossiers\/en-cote-divoire-lespoir-dune-reconciliation-avec-la-rencontre-entre-alassane-ouattara-et-laurent-gbagbo-2","url":"https:\/\/www.africa-press.net\/cotedivoire\/dossiers\/en-cote-divoire-lespoir-dune-reconciliation-avec-la-rencontre-entre-alassane-ouattara-et-laurent-gbagbo-2","name":"l\u2019espoir d\u2019une r\u00e9conciliation avec la rencontre entre Alassane Ouattara et Laurent Gbagbo - C\u00f4te d&#039;Ivoire","isPartOf":{"@id":"https:\/\/www.africa-press.net\/cotedivoire\/#website"},"primaryImageOfPage":{"@id":"https:\/\/www.africa-press.net\/cotedivoire\/dossiers\/en-cote-divoire-lespoir-dune-reconciliation-avec-la-rencontre-entre-alassane-ouattara-et-laurent-gbagbo-2#primaryimage"},"image":{"@id":"https:\/\/www.africa-press.net\/cotedivoire\/dossiers\/en-cote-divoire-lespoir-dune-reconciliation-avec-la-rencontre-entre-alassane-ouattara-et-laurent-gbagbo-2#primaryimage"},"thumbnailUrl":"https:\/\/static.africa-press.net\/cote\/sites\/43\/2021\/07\/img-61017935117f5.jpg","datePublished":"2021-07-28T16:32:30+00:00","dateModified":"2021-07-28T20:37:31+00:00","author":{"@id":"https:\/\/www.africa-press.net\/cotedivoire\/#\/schema\/person\/2b1cf3cd81a31e3cd26889ca66d677f1"},"description":"Leur derni\u00e8re poign\u00e9e de main remonte \u00e0 plus de dix ans : le pr\u00e9sident ivoirien Alassane Ouattara et son pr\u00e9d\u00e9cesseur La ...","breadcrumb":{"@id":"https:\/\/www.africa-press.net\/cotedivoire\/dossiers\/en-cote-divoire-lespoir-dune-reconciliation-avec-la-rencontre-entre-alassane-ouattara-et-laurent-gbagbo-2#breadcrumb"},"inLanguage":"fr-FR","potentialAction":[{"@type":"ReadAction","target":["https:\/\/www.africa-press.net\/cotedivoire\/dossiers\/en-cote-divoire-lespoir-dune-reconciliation-avec-la-rencontre-entre-alassane-ouattara-et-laurent-gbagbo-2"]}]},{"@type":"ImageObject","inLanguage":"fr-FR","@id":"https:\/\/www.africa-press.net\/cotedivoire\/dossiers\/en-cote-divoire-lespoir-dune-reconciliation-avec-la-rencontre-entre-alassane-ouattara-et-laurent-gbagbo-2#primaryimage","url":"https:\/\/static.africa-press.net\/cote\/sites\/43\/2021\/07\/img-61017935117f5.jpg","contentUrl":"https:\/\/static.africa-press.net\/cote\/sites\/43\/2021\/07\/img-61017935117f5.jpg","width":1440,"height":720,"caption":"En C\u00f4te d\u2019Ivoire, l\u2019espoir d\u2019une r\u00e9conciliation avec la rencontre entre Alassane Ouattara et Laurent Gbagbo"},{"@type":"BreadcrumbList","@id":"https:\/\/www.africa-press.net\/cotedivoire\/dossiers\/en-cote-divoire-lespoir-dune-reconciliation-avec-la-rencontre-entre-alassane-ouattara-et-laurent-gbagbo-2#breadcrumb","itemListElement":[{"@type":"ListItem","position":1,"name":"Accueil","item":"https:\/\/www.africa-press.net\/cotedivoire\/"},{"@type":"ListItem","position":2,"name":"l\u2019espoir d\u2019une r\u00e9conciliation avec la rencontre entre Alassane Ouattara et Laurent Gbagbo"}]},{"@type":"WebSite","@id":"https:\/\/www.africa-press.net\/cotedivoire\/#website","url":"https:\/\/www.africa-press.net\/cotedivoire\/","name":"C\u00f4te d&#039;Ivoire","description":"Just another Africa News Agency Sites site","potentialAction":[{"@type":"SearchAction","target":{"@type":"EntryPoint","urlTemplate":"https:\/\/www.africa-press.net\/cotedivoire\/?s={search_term_string}"},"query-input":{"@type":"PropertyValueSpecification","valueRequired":true,"valueName":"search_term_string"}}],"inLanguage":"fr-FR"},{"@type":"Person","@id":"https:\/\/www.africa-press.net\/cotedivoire\/#\/schema\/person\/2b1cf3cd81a31e3cd26889ca66d677f1","name":"cfeditorfr"}]}},"_links":{"self":[{"href":"https:\/\/www.africa-press.net\/cotedivoire\/wp-json\/wp\/v2\/posts\/10506","targetHints":{"allow":["GET"]}}],"collection":[{"href":"https:\/\/www.africa-press.net\/cotedivoire\/wp-json\/wp\/v2\/posts"}],"about":[{"href":"https:\/\/www.africa-press.net\/cotedivoire\/wp-json\/wp\/v2\/types\/post"}],"author":[{"embeddable":true,"href":"https:\/\/www.africa-press.net\/cotedivoire\/wp-json\/wp\/v2\/users\/82"}],"replies":[{"embeddable":true,"href":"https:\/\/www.africa-press.net\/cotedivoire\/wp-json\/wp\/v2\/comments?post=10506"}],"version-history":[{"count":0,"href":"https:\/\/www.africa-press.net\/cotedivoire\/wp-json\/wp\/v2\/posts\/10506\/revisions"}],"wp:featuredmedia":[{"embeddable":true,"href":"https:\/\/www.africa-press.net\/cotedivoire\/wp-json\/wp\/v2\/media\/10505"}],"wp:attachment":[{"href":"https:\/\/www.africa-press.net\/cotedivoire\/wp-json\/wp\/v2\/media?parent=10506"}],"wp:term":[{"taxonomy":"category","embeddable":true,"href":"https:\/\/www.africa-press.net\/cotedivoire\/wp-json\/wp\/v2\/categories?post=10506"},{"taxonomy":"post_tag","embeddable":true,"href":"https:\/\/www.africa-press.net\/cotedivoire\/wp-json\/wp\/v2\/tags?post=10506"}],"curies":[{"name":"wp","href":"https:\/\/api.w.org\/{rel}","templated":true}]}}