{"id":105061,"date":"2025-09-11T17:17:27","date_gmt":"2025-09-11T17:17:27","guid":{"rendered":"https:\/\/www.africa-press.net\/cotedivoire\/politique\/diene-keita-cote-divoire-lueur-despoir-regionale"},"modified":"2025-09-11T18:03:53","modified_gmt":"2025-09-11T18:03:53","slug":"diene-keita-cote-divoire-lueur-despoir-regionale","status":"publish","type":"post","link":"https:\/\/www.africa-press.net\/cotedivoire\/toutes-les-actualites\/diene-keita-cote-divoire-lueur-despoir-regionale","title":{"rendered":"Diene Keita: Co\u0302te d&rsquo;Ivoire, Lueur d&rsquo;Espoir Re\u0301gionale"},"content":{"rendered":"<p><span style=\"color: #ff6600\"><strong>Africa-Press &#8211; C\u00f4te d&rsquo;Ivoire. <\/strong><\/span>Nomme\u0301e Directrice Exe\u0301cutive du Fonds des Nations Unies pour la Population (UNFPA) en aou\u0302t 2025 par le Secre\u0301taire Ge\u0301ne\u0301ral des Nations Unies, Anto\u0301nio Guterres, DR Diene Keita, a choisi la Co\u0302te d\u2019Ivoire pour sa premie\u0300re visite officielle.<\/p>\n<p>Depuis le dimanche 06 septembre, elle se\u0301journe sur les bords de la lagune Ebrie\u0301 ou\u0300 elle a rencontre\u0301 plusieurs personnalite\u0301s dont la Premie\u0300re Dame, Dominique Ouattara et le Premier Ministre, Robert Beugre\u0301 Mambe\u0301, et a ainsi effectue\u0301 des visites de terrain dans plusieurs structures sanitaires.<\/p>\n<p>En marge de sa visite, l\u2019ancienne ministre de la Coope\u0301ration internationale et de l\u2019inte\u0301gration africaine de Guine\u0301e, a e\u0301te\u0301 l\u2019invite\u0301 de la Re\u0301daction du quotidien pro-Gouvernemental \u00ab Fraternite\u0301 Matin \u00bb, le mercredi 10 septembre 2025, comme constate\u0301 par KOACI sur place.<\/p>\n<p>Face a\u0300 la presse, Dr Keita s\u2019est prononce\u0301 sur les enjeux de\u0301mographiques, la sante\u0301 reproductive et les initiatives strate\u0301giques de l\u2019UNFPA au be\u0301ne\u0301fice des populations.<\/p>\n<p>Elle a re\u0301ite\u0301re\u0301 l&rsquo;engagement de l&rsquo;UNFPA a\u0300 accompagner la Co\u0302te d&rsquo;Ivoire dans l&rsquo;acce\u0301le\u0301ration de l&rsquo;e\u0301limination de la mortalite\u0301 maternelle, avant de donner les raisons du choix du pays d\u2019Alassane Ouattara pour sa premie\u0300re visite officielle apre\u0300s sa nomination.<\/p>\n<p>\u00ab La Co\u0302te d\u2019Ivoire est porteur d\u2019espoir pour la sous-re\u0301gion (&#8230;) je suis venue te\u0301moigner du fait que la Co\u0302te d\u2019Ivoire s\u2019exprime sur le plan international et parce que les indicateurs sont bons \u00bb, a-t-elle de\u0301clare\u0301.<\/p>\n<p>La sous-secre\u0301taire Ge\u0301ne\u0301rale des Nations Unies a releve\u0301 que son mandat est place\u0301 sous le sceau du de\u0301veloppement et la population, notamment en mettant en place, un plan strate\u0301gique et global ; la planification familiale ; la mise a\u0300 disposition des produits de sante\u0301.<\/p>\n<p>Mme Diene Keita a souligne\u0301 que, le programme de la Co\u0302te d\u2019Ivoire a\u0300 l\u2019UNFPA de\u0301marre en janvier 2026 et portera entre autres sur la formation du personnel et la mobilisation des ressources, avant de souligner que, le pays est en transition au plan de la re\u0301silience de\u0301mographique.<\/p>\n<p><strong>Pour plus d&rsquo;informations et d&rsquo;analyses sur la <span style=\"color: #ff6600\">C\u00f4te d&rsquo;Ivoire<\/span>, suivez <span style=\"color: #ff6600\">Africa-Press<\/span><\/strong><\/p>\n","protected":false},"excerpt":{"rendered":"<p>Africa-Press &#8211; C\u00f4te d&rsquo;Ivoire. Nomme\u0301e Directrice Exe\u0301cutive du Fonds des Nations Unies pour la Population (UNFPA) en aou\u0302t 2025 par le Secre\u0301taire Ge\u0301ne\u0301ral des Nations Unies, Anto\u0301nio Guterres, DR Diene Keita, a choisi la Co\u0302te d\u2019Ivoire pour sa premie\u0300re visite officielle. Depuis le dimanche 06 septembre, elle se\u0301journe sur les bords de la lagune Ebrie\u0301 [&hellip;]<\/p>\n","protected":false},"author":82,"featured_media":105060,"comment_status":"open","ping_status":"closed","sticky":false,"template":"","format":"standard","meta":{"footnotes":""},"categories":[21,10],"tags":[5500,29,18725,531,2333],"class_list":["post-105061","post","type-post","status-publish","format-standard","has-post-thumbnail","hentry","category-communaute","category-toutes-les-actualites","tag-antonio-guterres","tag-cote-divoire","tag-diene-keita","tag-fraternite-matin","tag-unfpa"],"yoast_head":"<!-- This site is optimized with the Yoast SEO Premium plugin v26.1 (Yoast SEO v27.0) - https:\/\/yoast.com\/product\/yoast-seo-premium-wordpress\/ -->\n<title>Diene Keita: Co\u0302te d&#039;Ivoire, Lueur d&#039;Espoir Re\u0301gionale - C\u00f4te d&#039;Ivoire<\/title>\n<meta name=\"description\" content=\"Nomme\u0301e Directrice Exe\u0301cutive du Fonds des Nations Unies pour la Population (UNFPA) en aou\u0302t 2025 par le Secre\u0301taire Ge\u0301 ...\" \/>\n<meta name=\"robots\" content=\"index, follow, max-snippet:-1, max-image-preview:large, max-video-preview:-1\" \/>\n<link rel=\"canonical\" href=\"https:\/\/www.africa-press.net\/cotedivoire\/toutes-les-actualites\/diene-keita-cote-divoire-lueur-despoir-regionale\" \/>\n<meta property=\"og:locale\" content=\"fr_FR\" \/>\n<meta property=\"og:type\" content=\"article\" \/>\n<meta property=\"og:title\" content=\"Diene Keita: Co\u0302te d&#039;Ivoire, Lueur d&#039;Espoir Re\u0301gionale\" \/>\n<meta property=\"og:description\" content=\"Nomme\u0301e Directrice Exe\u0301cutive du Fonds des Nations Unies pour la Population (UNFPA) en aou\u0302t 2025 par le Secre\u0301taire Ge\u0301 ...\" \/>\n<meta property=\"og:url\" content=\"https:\/\/www.africa-press.net\/cotedivoire\/toutes-les-actualites\/diene-keita-cote-divoire-lueur-despoir-regionale\" \/>\n<meta property=\"og:site_name\" content=\"C\u00f4te d&#039;Ivoire\" \/>\n<meta property=\"article:published_time\" content=\"2025-09-11T17:17:27+00:00\" \/>\n<meta property=\"article:modified_time\" content=\"2025-09-11T18:03:53+00:00\" \/>\n<meta property=\"og:image\" content=\"https:\/\/static.africa-press.net\/cote\/sites\/43\/2025\/09\/sm_1757601179.922851.jpg\" \/>\n\t<meta property=\"og:image:width\" content=\"720\" \/>\n\t<meta property=\"og:image:height\" content=\"325\" \/>\n\t<meta property=\"og:image:type\" content=\"image\/jpeg\" \/>\n<meta name=\"author\" content=\"cfeditorfr\" \/>\n<meta name=\"twitter:card\" content=\"summary_large_image\" \/>\n<meta name=\"twitter:label1\" content=\"\u00c9crit par\" \/>\n\t<meta name=\"twitter:data1\" content=\"cfeditorfr\" \/>\n\t<meta name=\"twitter:label2\" content=\"Dur\u00e9e de lecture estim\u00e9e\" \/>\n\t<meta name=\"twitter:data2\" content=\"2 minutes\" \/>\n<script type=\"application\/ld+json\" class=\"yoast-schema-graph\">{\"@context\":\"https:\/\/schema.org\",\"@graph\":[{\"@type\":\"Article\",\"@id\":\"https:\/\/www.africa-press.net\/cotedivoire\/toutes-les-actualites\/diene-keita-cote-divoire-lueur-despoir-regionale#article\",\"isPartOf\":{\"@id\":\"https:\/\/www.africa-press.net\/cotedivoire\/toutes-les-actualites\/diene-keita-cote-divoire-lueur-despoir-regionale\"},\"author\":{\"name\":\"cfeditorfr\",\"@id\":\"https:\/\/www.africa-press.net\/cotedivoire\/#\/schema\/person\/2b1cf3cd81a31e3cd26889ca66d677f1\"},\"headline\":\"Diene Keita: Co\u0302te d&rsquo;Ivoire, Lueur d&rsquo;Espoir Re\u0301gionale\",\"datePublished\":\"2025-09-11T17:17:27+00:00\",\"dateModified\":\"2025-09-11T18:03:53+00:00\",\"mainEntityOfPage\":{\"@id\":\"https:\/\/www.africa-press.net\/cotedivoire\/toutes-les-actualites\/diene-keita-cote-divoire-lueur-despoir-regionale\"},\"wordCount\":394,\"commentCount\":0,\"image\":{\"@id\":\"https:\/\/www.africa-press.net\/cotedivoire\/toutes-les-actualites\/diene-keita-cote-divoire-lueur-despoir-regionale#primaryimage\"},\"thumbnailUrl\":\"https:\/\/static.africa-press.net\/cote\/sites\/43\/2025\/09\/sm_1757601179.922851.jpg\",\"keywords\":[\"Antonio Guterres\",\"C\u00d4TE D'IVOIRE\",\"Diene Keita\",\"FRATERNIT\u00c9 MATIN\",\"UNFPA\"],\"articleSection\":[\"Communaut\u00e9\",\"Toutes les actualit\u00e9s\"],\"inLanguage\":\"fr-FR\",\"potentialAction\":[{\"@type\":\"CommentAction\",\"name\":\"Comment\",\"target\":[\"https:\/\/www.africa-press.net\/cotedivoire\/toutes-les-actualites\/diene-keita-cote-divoire-lueur-despoir-regionale#respond\"]}]},{\"@type\":\"WebPage\",\"@id\":\"https:\/\/www.africa-press.net\/cotedivoire\/toutes-les-actualites\/diene-keita-cote-divoire-lueur-despoir-regionale\",\"url\":\"https:\/\/www.africa-press.net\/cotedivoire\/toutes-les-actualites\/diene-keita-cote-divoire-lueur-despoir-regionale\",\"name\":\"Diene Keita: Co\u0302te d'Ivoire, Lueur d'Espoir Re\u0301gionale - C\u00f4te d&#039;Ivoire\",\"isPartOf\":{\"@id\":\"https:\/\/www.africa-press.net\/cotedivoire\/#website\"},\"primaryImageOfPage\":{\"@id\":\"https:\/\/www.africa-press.net\/cotedivoire\/toutes-les-actualites\/diene-keita-cote-divoire-lueur-despoir-regionale#primaryimage\"},\"image\":{\"@id\":\"https:\/\/www.africa-press.net\/cotedivoire\/toutes-les-actualites\/diene-keita-cote-divoire-lueur-despoir-regionale#primaryimage\"},\"thumbnailUrl\":\"https:\/\/static.africa-press.net\/cote\/sites\/43\/2025\/09\/sm_1757601179.922851.jpg\",\"datePublished\":\"2025-09-11T17:17:27+00:00\",\"dateModified\":\"2025-09-11T18:03:53+00:00\",\"author\":{\"@id\":\"https:\/\/www.africa-press.net\/cotedivoire\/#\/schema\/person\/2b1cf3cd81a31e3cd26889ca66d677f1\"},\"description\":\"Nomme\u0301e Directrice Exe\u0301cutive du Fonds des Nations Unies pour la Population (UNFPA) en aou\u0302t 2025 par le Secre\u0301taire Ge\u0301 ...\",\"breadcrumb\":{\"@id\":\"https:\/\/www.africa-press.net\/cotedivoire\/toutes-les-actualites\/diene-keita-cote-divoire-lueur-despoir-regionale#breadcrumb\"},\"inLanguage\":\"fr-FR\",\"potentialAction\":[{\"@type\":\"ReadAction\",\"target\":[\"https:\/\/www.africa-press.net\/cotedivoire\/toutes-les-actualites\/diene-keita-cote-divoire-lueur-despoir-regionale\"]}]},{\"@type\":\"ImageObject\",\"inLanguage\":\"fr-FR\",\"@id\":\"https:\/\/www.africa-press.net\/cotedivoire\/toutes-les-actualites\/diene-keita-cote-divoire-lueur-despoir-regionale#primaryimage\",\"url\":\"https:\/\/static.africa-press.net\/cote\/sites\/43\/2025\/09\/sm_1757601179.922851.jpg\",\"contentUrl\":\"https:\/\/static.africa-press.net\/cote\/sites\/43\/2025\/09\/sm_1757601179.922851.jpg\",\"width\":720,\"height\":325,\"caption\":\"Diene Keita: Co\u0302te d'Ivoire, Lueur d'Espoir Re\u0301gionale\"},{\"@type\":\"BreadcrumbList\",\"@id\":\"https:\/\/www.africa-press.net\/cotedivoire\/toutes-les-actualites\/diene-keita-cote-divoire-lueur-despoir-regionale#breadcrumb\",\"itemListElement\":[{\"@type\":\"ListItem\",\"position\":1,\"name\":\"Accueil\",\"item\":\"https:\/\/www.africa-press.net\/cotedivoire\/\"},{\"@type\":\"ListItem\",\"position\":2,\"name\":\"Diene Keita: Co\u0302te d&#8217;Ivoire, Lueur d&#8217;Espoir Re\u0301gionale\"}]},{\"@type\":\"WebSite\",\"@id\":\"https:\/\/www.africa-press.net\/cotedivoire\/#website\",\"url\":\"https:\/\/www.africa-press.net\/cotedivoire\/\",\"name\":\"C\u00f4te d&#039;Ivoire\",\"description\":\"Just another Africa News Agency Sites site\",\"potentialAction\":[{\"@type\":\"SearchAction\",\"target\":{\"@type\":\"EntryPoint\",\"urlTemplate\":\"https:\/\/www.africa-press.net\/cotedivoire\/?s={search_term_string}\"},\"query-input\":{\"@type\":\"PropertyValueSpecification\",\"valueRequired\":true,\"valueName\":\"search_term_string\"}}],\"inLanguage\":\"fr-FR\"},{\"@type\":\"Person\",\"@id\":\"https:\/\/www.africa-press.net\/cotedivoire\/#\/schema\/person\/2b1cf3cd81a31e3cd26889ca66d677f1\",\"name\":\"cfeditorfr\"}]}<\/script>\n<!-- \/ Yoast SEO Premium plugin. -->","yoast_head_json":{"title":"Diene Keita: Co\u0302te d'Ivoire, Lueur d'Espoir Re\u0301gionale - C\u00f4te d&#039;Ivoire","description":"Nomme\u0301e Directrice Exe\u0301cutive du Fonds des Nations Unies pour la Population (UNFPA) en aou\u0302t 2025 par le Secre\u0301taire Ge\u0301 ...","robots":{"index":"index","follow":"follow","max-snippet":"max-snippet:-1","max-image-preview":"max-image-preview:large","max-video-preview":"max-video-preview:-1"},"canonical":"https:\/\/www.africa-press.net\/cotedivoire\/toutes-les-actualites\/diene-keita-cote-divoire-lueur-despoir-regionale","og_locale":"fr_FR","og_type":"article","og_title":"Diene Keita: Co\u0302te d'Ivoire, Lueur d'Espoir Re\u0301gionale","og_description":"Nomme\u0301e Directrice Exe\u0301cutive du Fonds des Nations Unies pour la Population (UNFPA) en aou\u0302t 2025 par le Secre\u0301taire Ge\u0301 ...","og_url":"https:\/\/www.africa-press.net\/cotedivoire\/toutes-les-actualites\/diene-keita-cote-divoire-lueur-despoir-regionale","og_site_name":"C\u00f4te d&#039;Ivoire","article_published_time":"2025-09-11T17:17:27+00:00","article_modified_time":"2025-09-11T18:03:53+00:00","og_image":[{"width":720,"height":325,"url":"https:\/\/static.africa-press.net\/cote\/sites\/43\/2025\/09\/sm_1757601179.922851.jpg","type":"image\/jpeg"}],"author":"cfeditorfr","twitter_card":"summary_large_image","twitter_misc":{"\u00c9crit par":"cfeditorfr","Dur\u00e9e de lecture estim\u00e9e":"2 minutes"},"schema":{"@context":"https:\/\/schema.org","@graph":[{"@type":"Article","@id":"https:\/\/www.africa-press.net\/cotedivoire\/toutes-les-actualites\/diene-keita-cote-divoire-lueur-despoir-regionale#article","isPartOf":{"@id":"https:\/\/www.africa-press.net\/cotedivoire\/toutes-les-actualites\/diene-keita-cote-divoire-lueur-despoir-regionale"},"author":{"name":"cfeditorfr","@id":"https:\/\/www.africa-press.net\/cotedivoire\/#\/schema\/person\/2b1cf3cd81a31e3cd26889ca66d677f1"},"headline":"Diene Keita: Co\u0302te d&rsquo;Ivoire, Lueur d&rsquo;Espoir Re\u0301gionale","datePublished":"2025-09-11T17:17:27+00:00","dateModified":"2025-09-11T18:03:53+00:00","mainEntityOfPage":{"@id":"https:\/\/www.africa-press.net\/cotedivoire\/toutes-les-actualites\/diene-keita-cote-divoire-lueur-despoir-regionale"},"wordCount":394,"commentCount":0,"image":{"@id":"https:\/\/www.africa-press.net\/cotedivoire\/toutes-les-actualites\/diene-keita-cote-divoire-lueur-despoir-regionale#primaryimage"},"thumbnailUrl":"https:\/\/static.africa-press.net\/cote\/sites\/43\/2025\/09\/sm_1757601179.922851.jpg","keywords":["Antonio Guterres","C\u00d4TE D'IVOIRE","Diene Keita","FRATERNIT\u00c9 MATIN","UNFPA"],"articleSection":["Communaut\u00e9","Toutes les actualit\u00e9s"],"inLanguage":"fr-FR","potentialAction":[{"@type":"CommentAction","name":"Comment","target":["https:\/\/www.africa-press.net\/cotedivoire\/toutes-les-actualites\/diene-keita-cote-divoire-lueur-despoir-regionale#respond"]}]},{"@type":"WebPage","@id":"https:\/\/www.africa-press.net\/cotedivoire\/toutes-les-actualites\/diene-keita-cote-divoire-lueur-despoir-regionale","url":"https:\/\/www.africa-press.net\/cotedivoire\/toutes-les-actualites\/diene-keita-cote-divoire-lueur-despoir-regionale","name":"Diene Keita: Co\u0302te d'Ivoire, Lueur d'Espoir Re\u0301gionale - C\u00f4te d&#039;Ivoire","isPartOf":{"@id":"https:\/\/www.africa-press.net\/cotedivoire\/#website"},"primaryImageOfPage":{"@id":"https:\/\/www.africa-press.net\/cotedivoire\/toutes-les-actualites\/diene-keita-cote-divoire-lueur-despoir-regionale#primaryimage"},"image":{"@id":"https:\/\/www.africa-press.net\/cotedivoire\/toutes-les-actualites\/diene-keita-cote-divoire-lueur-despoir-regionale#primaryimage"},"thumbnailUrl":"https:\/\/static.africa-press.net\/cote\/sites\/43\/2025\/09\/sm_1757601179.922851.jpg","datePublished":"2025-09-11T17:17:27+00:00","dateModified":"2025-09-11T18:03:53+00:00","author":{"@id":"https:\/\/www.africa-press.net\/cotedivoire\/#\/schema\/person\/2b1cf3cd81a31e3cd26889ca66d677f1"},"description":"Nomme\u0301e Directrice Exe\u0301cutive du Fonds des Nations Unies pour la Population (UNFPA) en aou\u0302t 2025 par le Secre\u0301taire Ge\u0301 ...","breadcrumb":{"@id":"https:\/\/www.africa-press.net\/cotedivoire\/toutes-les-actualites\/diene-keita-cote-divoire-lueur-despoir-regionale#breadcrumb"},"inLanguage":"fr-FR","potentialAction":[{"@type":"ReadAction","target":["https:\/\/www.africa-press.net\/cotedivoire\/toutes-les-actualites\/diene-keita-cote-divoire-lueur-despoir-regionale"]}]},{"@type":"ImageObject","inLanguage":"fr-FR","@id":"https:\/\/www.africa-press.net\/cotedivoire\/toutes-les-actualites\/diene-keita-cote-divoire-lueur-despoir-regionale#primaryimage","url":"https:\/\/static.africa-press.net\/cote\/sites\/43\/2025\/09\/sm_1757601179.922851.jpg","contentUrl":"https:\/\/static.africa-press.net\/cote\/sites\/43\/2025\/09\/sm_1757601179.922851.jpg","width":720,"height":325,"caption":"Diene Keita: Co\u0302te d'Ivoire, Lueur d'Espoir Re\u0301gionale"},{"@type":"BreadcrumbList","@id":"https:\/\/www.africa-press.net\/cotedivoire\/toutes-les-actualites\/diene-keita-cote-divoire-lueur-despoir-regionale#breadcrumb","itemListElement":[{"@type":"ListItem","position":1,"name":"Accueil","item":"https:\/\/www.africa-press.net\/cotedivoire\/"},{"@type":"ListItem","position":2,"name":"Diene Keita: Co\u0302te d&#8217;Ivoire, Lueur d&#8217;Espoir Re\u0301gionale"}]},{"@type":"WebSite","@id":"https:\/\/www.africa-press.net\/cotedivoire\/#website","url":"https:\/\/www.africa-press.net\/cotedivoire\/","name":"C\u00f4te d&#039;Ivoire","description":"Just another Africa News Agency Sites site","potentialAction":[{"@type":"SearchAction","target":{"@type":"EntryPoint","urlTemplate":"https:\/\/www.africa-press.net\/cotedivoire\/?s={search_term_string}"},"query-input":{"@type":"PropertyValueSpecification","valueRequired":true,"valueName":"search_term_string"}}],"inLanguage":"fr-FR"},{"@type":"Person","@id":"https:\/\/www.africa-press.net\/cotedivoire\/#\/schema\/person\/2b1cf3cd81a31e3cd26889ca66d677f1","name":"cfeditorfr"}]}},"_links":{"self":[{"href":"https:\/\/www.africa-press.net\/cotedivoire\/wp-json\/wp\/v2\/posts\/105061","targetHints":{"allow":["GET"]}}],"collection":[{"href":"https:\/\/www.africa-press.net\/cotedivoire\/wp-json\/wp\/v2\/posts"}],"about":[{"href":"https:\/\/www.africa-press.net\/cotedivoire\/wp-json\/wp\/v2\/types\/post"}],"author":[{"embeddable":true,"href":"https:\/\/www.africa-press.net\/cotedivoire\/wp-json\/wp\/v2\/users\/82"}],"replies":[{"embeddable":true,"href":"https:\/\/www.africa-press.net\/cotedivoire\/wp-json\/wp\/v2\/comments?post=105061"}],"version-history":[{"count":0,"href":"https:\/\/www.africa-press.net\/cotedivoire\/wp-json\/wp\/v2\/posts\/105061\/revisions"}],"wp:featuredmedia":[{"embeddable":true,"href":"https:\/\/www.africa-press.net\/cotedivoire\/wp-json\/wp\/v2\/media\/105060"}],"wp:attachment":[{"href":"https:\/\/www.africa-press.net\/cotedivoire\/wp-json\/wp\/v2\/media?parent=105061"}],"wp:term":[{"taxonomy":"category","embeddable":true,"href":"https:\/\/www.africa-press.net\/cotedivoire\/wp-json\/wp\/v2\/categories?post=105061"},{"taxonomy":"post_tag","embeddable":true,"href":"https:\/\/www.africa-press.net\/cotedivoire\/wp-json\/wp\/v2\/tags?post=105061"}],"curies":[{"name":"wp","href":"https:\/\/api.w.org\/{rel}","templated":true}]}}