{"id":105110,"date":"2025-09-12T16:29:39","date_gmt":"2025-09-12T16:29:39","guid":{"rendered":"https:\/\/www.africa-press.net\/cotedivoire\/politique\/gendarmes-encourages-a-ameliorer-la-gestion-des-foules"},"modified":"2025-09-12T17:00:31","modified_gmt":"2025-09-12T17:00:31","slug":"gendarmes-encourages-a-ameliorer-la-gestion-des-foules","status":"publish","type":"post","link":"https:\/\/www.africa-press.net\/cotedivoire\/politique\/gendarmes-encourages-a-ameliorer-la-gestion-des-foules","title":{"rendered":"Gendarmes Encourag\u00e9s \u00e0 Am\u00e9liorer la Gestion des Foules"},"content":{"rendered":"<p><span style=\"color: #ff6600\"><strong>Africa-Press &#8211; C\u00f4te d&rsquo;Ivoire. <\/strong><\/span>Le Ge\u0301ne\u0301ral de Brigade Fadiga Alassane, Commandant la Gendarmerie Mobile, a entame\u0301 le lundi 8 septembre 2025 l\u2019inspection des unite\u0301s sous son commandement a\u0300 Man, localite\u0301 abritant l\u2019e\u0301tat-major de la 8e\u0300me Le\u0301gion de Gendarmerie Mobile, informe une note de l\u2019institution se\u0301curitaire.<\/p>\n<p>Apre\u0300s une premie\u0300re journe\u0301e, consacre\u0301e au volet administratif en l\u2019occurrence la pre\u0301sentation des civilite\u0301s aux autorite\u0301s locales et le contro\u0302le des documents de service, l\u2019Officier Ge\u0301ne\u0301ral s\u2019est rendu a\u0300 Due\u0301koue\u0301 le mardi 9 septembre 2025, dans le cadre du volet ope\u0301rationnel de sa tourne\u0301e d\u2019inspection dans la re\u0301gion des montagnes.<\/p>\n<p>C\u2019est dans ce second cadre qu\u2019un exercice d\u2019envergure au maintien et au re\u0301tablissement de l\u2019ordre public, exe\u0301cute\u0301 par les gendarmes de la 8e\u0300me Le\u0301gion Mobile, venus des escadrons de Man, Danane\u0301, Toule\u0301pleu et Due\u0301koue\u0301, a permis d\u2019e\u0301valuer leur niveau de pre\u0301paration ope\u0301rationnelle et de cohe\u0301sion, leur capacite\u0301 d\u2019adaptation et leur esprit de de\u0301passement de soi, valeurs qui constituent le socle des actions des gendarmes mobiles.<\/p>\n<p>Dans le me\u0302me e\u0301lan, un second exercice d\u2019intervention professionnelle exigeant, conc\u0327u pour consolider les fondamentaux techniques des personnels, tout en veillant au strict respect des cadres le\u0301gaux qui encadrent l\u2019action des forces de l\u2019ordre, a e\u0301galement e\u0301te\u0301 exe\u0301cute\u0301 par le personnel de la 8e le\u0301gion de Gendarmerie Mobile.<\/p>\n<p>Nous apprenons qu\u2019au terme des diffe\u0301rents exercices, le Commandant de la Gendarmerie Mobile a adresse\u0301 des fe\u0301licitations a\u0300 ses hommes, avant de les exhorter a\u0300 toujours accroitre leur niveau d\u2019engagement, et a\u0300 poursuivre leurs efforts en faveur d\u2019une gestion de\u0301mocratique et rigoureuse des foules, en conformite\u0301 avec les dispositions re\u0300glementaires en vigueur au maintien de l\u2019ordre.<\/p>\n<p><strong>Pour plus d&rsquo;informations et d&rsquo;analyses sur la <span style=\"color: #ff6600\">C\u00f4te d&rsquo;Ivoire<\/span>, suivez <span style=\"color: #ff6600\">Africa-Press<\/span><\/strong><\/p>\n","protected":false},"excerpt":{"rendered":"<p>Africa-Press &#8211; C\u00f4te d&rsquo;Ivoire. Le Ge\u0301ne\u0301ral de Brigade Fadiga Alassane, Commandant la Gendarmerie Mobile, a entame\u0301 le lundi 8 septembre 2025 l\u2019inspection des unite\u0301s sous son commandement a\u0300 Man, localite\u0301 abritant l\u2019e\u0301tat-major de la 8e\u0300me Le\u0301gion de Gendarmerie Mobile, informe une note de l\u2019institution se\u0301curitaire. Apre\u0300s une premie\u0300re journe\u0301e, consacre\u0301e au volet administratif en l\u2019occurrence [&hellip;]<\/p>\n","protected":false},"author":82,"featured_media":105109,"comment_status":"open","ping_status":"closed","sticky":false,"template":"","format":"standard","meta":{"footnotes":""},"categories":[2,10],"tags":[29,18764,12118,2500,2465],"class_list":["post-105110","post","type-post","status-publish","format-standard","has-post-thumbnail","hentry","category-politique","category-toutes-les-actualites","tag-cote-divoire","tag-fadiga-alassane","tag-foules","tag-gendarmes","tag-inspection"],"yoast_head":"<!-- This site is optimized with the Yoast SEO Premium plugin v26.1 (Yoast SEO v27.0) - https:\/\/yoast.com\/product\/yoast-seo-premium-wordpress\/ -->\n<title>Gendarmes Encourag\u00e9s \u00e0 Am\u00e9liorer la Gestion des Foules - C\u00f4te d&#039;Ivoire<\/title>\n<meta name=\"description\" content=\"Le Ge\u0301ne\u0301ral de Brigade Fadiga Alassane, Commandant la Gendarmerie Mobile, a entame\u0301 le lundi 8 septembre 2025 l\u2019inspect ...\" \/>\n<meta name=\"robots\" content=\"index, follow, max-snippet:-1, max-image-preview:large, max-video-preview:-1\" \/>\n<link rel=\"canonical\" href=\"https:\/\/www.africa-press.net\/cotedivoire\/politique\/gendarmes-encourages-a-ameliorer-la-gestion-des-foules\" \/>\n<meta property=\"og:locale\" content=\"fr_FR\" \/>\n<meta property=\"og:type\" content=\"article\" \/>\n<meta property=\"og:title\" content=\"Gendarmes Encourag\u00e9s \u00e0 Am\u00e9liorer la Gestion des Foules\" \/>\n<meta property=\"og:description\" content=\"Le Ge\u0301ne\u0301ral de Brigade Fadiga Alassane, Commandant la Gendarmerie Mobile, a entame\u0301 le lundi 8 septembre 2025 l\u2019inspect ...\" \/>\n<meta property=\"og:url\" content=\"https:\/\/www.africa-press.net\/cotedivoire\/politique\/gendarmes-encourages-a-ameliorer-la-gestion-des-foules\" \/>\n<meta property=\"og:site_name\" content=\"C\u00f4te d&#039;Ivoire\" \/>\n<meta property=\"article:published_time\" content=\"2025-09-12T16:29:39+00:00\" \/>\n<meta property=\"article:modified_time\" content=\"2025-09-12T17:00:31+00:00\" \/>\n<meta property=\"og:image\" content=\"https:\/\/static.africa-press.net\/cote\/sites\/43\/2025\/09\/sm_1757683799.837893.jpg\" \/>\n\t<meta property=\"og:image:width\" content=\"720\" \/>\n\t<meta property=\"og:image:height\" content=\"372\" \/>\n\t<meta property=\"og:image:type\" content=\"image\/jpeg\" \/>\n<meta name=\"author\" content=\"cfeditorfr\" \/>\n<meta name=\"twitter:card\" content=\"summary_large_image\" \/>\n<meta name=\"twitter:label1\" content=\"\u00c9crit par\" \/>\n\t<meta name=\"twitter:data1\" content=\"cfeditorfr\" \/>\n\t<meta name=\"twitter:label2\" content=\"Dur\u00e9e de lecture estim\u00e9e\" \/>\n\t<meta name=\"twitter:data2\" content=\"2 minutes\" \/>\n<script type=\"application\/ld+json\" class=\"yoast-schema-graph\">{\"@context\":\"https:\/\/schema.org\",\"@graph\":[{\"@type\":\"Article\",\"@id\":\"https:\/\/www.africa-press.net\/cotedivoire\/politique\/gendarmes-encourages-a-ameliorer-la-gestion-des-foules#article\",\"isPartOf\":{\"@id\":\"https:\/\/www.africa-press.net\/cotedivoire\/politique\/gendarmes-encourages-a-ameliorer-la-gestion-des-foules\"},\"author\":{\"name\":\"cfeditorfr\",\"@id\":\"https:\/\/www.africa-press.net\/cotedivoire\/#\/schema\/person\/2b1cf3cd81a31e3cd26889ca66d677f1\"},\"headline\":\"Gendarmes Encourag\u00e9s \u00e0 Am\u00e9liorer la Gestion des Foules\",\"datePublished\":\"2025-09-12T16:29:39+00:00\",\"dateModified\":\"2025-09-12T17:00:31+00:00\",\"mainEntityOfPage\":{\"@id\":\"https:\/\/www.africa-press.net\/cotedivoire\/politique\/gendarmes-encourages-a-ameliorer-la-gestion-des-foules\"},\"wordCount\":350,\"commentCount\":0,\"image\":{\"@id\":\"https:\/\/www.africa-press.net\/cotedivoire\/politique\/gendarmes-encourages-a-ameliorer-la-gestion-des-foules#primaryimage\"},\"thumbnailUrl\":\"https:\/\/static.africa-press.net\/cote\/sites\/43\/2025\/09\/sm_1757683799.837893.jpg\",\"keywords\":[\"C\u00d4TE D'IVOIRE\",\"Fadiga Alassane\",\"foules\",\"gendarmes\",\"Inspection\"],\"articleSection\":[\"Politique\",\"Toutes les actualit\u00e9s\"],\"inLanguage\":\"fr-FR\",\"potentialAction\":[{\"@type\":\"CommentAction\",\"name\":\"Comment\",\"target\":[\"https:\/\/www.africa-press.net\/cotedivoire\/politique\/gendarmes-encourages-a-ameliorer-la-gestion-des-foules#respond\"]}]},{\"@type\":\"WebPage\",\"@id\":\"https:\/\/www.africa-press.net\/cotedivoire\/politique\/gendarmes-encourages-a-ameliorer-la-gestion-des-foules\",\"url\":\"https:\/\/www.africa-press.net\/cotedivoire\/politique\/gendarmes-encourages-a-ameliorer-la-gestion-des-foules\",\"name\":\"Gendarmes Encourag\u00e9s \u00e0 Am\u00e9liorer la Gestion des Foules - C\u00f4te d&#039;Ivoire\",\"isPartOf\":{\"@id\":\"https:\/\/www.africa-press.net\/cotedivoire\/#website\"},\"primaryImageOfPage\":{\"@id\":\"https:\/\/www.africa-press.net\/cotedivoire\/politique\/gendarmes-encourages-a-ameliorer-la-gestion-des-foules#primaryimage\"},\"image\":{\"@id\":\"https:\/\/www.africa-press.net\/cotedivoire\/politique\/gendarmes-encourages-a-ameliorer-la-gestion-des-foules#primaryimage\"},\"thumbnailUrl\":\"https:\/\/static.africa-press.net\/cote\/sites\/43\/2025\/09\/sm_1757683799.837893.jpg\",\"datePublished\":\"2025-09-12T16:29:39+00:00\",\"dateModified\":\"2025-09-12T17:00:31+00:00\",\"author\":{\"@id\":\"https:\/\/www.africa-press.net\/cotedivoire\/#\/schema\/person\/2b1cf3cd81a31e3cd26889ca66d677f1\"},\"description\":\"Le Ge\u0301ne\u0301ral de Brigade Fadiga Alassane, Commandant la Gendarmerie Mobile, a entame\u0301 le lundi 8 septembre 2025 l\u2019inspect ...\",\"breadcrumb\":{\"@id\":\"https:\/\/www.africa-press.net\/cotedivoire\/politique\/gendarmes-encourages-a-ameliorer-la-gestion-des-foules#breadcrumb\"},\"inLanguage\":\"fr-FR\",\"potentialAction\":[{\"@type\":\"ReadAction\",\"target\":[\"https:\/\/www.africa-press.net\/cotedivoire\/politique\/gendarmes-encourages-a-ameliorer-la-gestion-des-foules\"]}]},{\"@type\":\"ImageObject\",\"inLanguage\":\"fr-FR\",\"@id\":\"https:\/\/www.africa-press.net\/cotedivoire\/politique\/gendarmes-encourages-a-ameliorer-la-gestion-des-foules#primaryimage\",\"url\":\"https:\/\/static.africa-press.net\/cote\/sites\/43\/2025\/09\/sm_1757683799.837893.jpg\",\"contentUrl\":\"https:\/\/static.africa-press.net\/cote\/sites\/43\/2025\/09\/sm_1757683799.837893.jpg\",\"width\":720,\"height\":372,\"caption\":\"Gendarmes Encourag\u00e9s \u00e0 Am\u00e9liorer la Gestion des Foules\"},{\"@type\":\"BreadcrumbList\",\"@id\":\"https:\/\/www.africa-press.net\/cotedivoire\/politique\/gendarmes-encourages-a-ameliorer-la-gestion-des-foules#breadcrumb\",\"itemListElement\":[{\"@type\":\"ListItem\",\"position\":1,\"name\":\"Accueil\",\"item\":\"https:\/\/www.africa-press.net\/cotedivoire\/\"},{\"@type\":\"ListItem\",\"position\":2,\"name\":\"Gendarmes Encourag\u00e9s \u00e0 Am\u00e9liorer la Gestion des Foules\"}]},{\"@type\":\"WebSite\",\"@id\":\"https:\/\/www.africa-press.net\/cotedivoire\/#website\",\"url\":\"https:\/\/www.africa-press.net\/cotedivoire\/\",\"name\":\"C\u00f4te d&#039;Ivoire\",\"description\":\"Just another Africa News Agency Sites site\",\"potentialAction\":[{\"@type\":\"SearchAction\",\"target\":{\"@type\":\"EntryPoint\",\"urlTemplate\":\"https:\/\/www.africa-press.net\/cotedivoire\/?s={search_term_string}\"},\"query-input\":{\"@type\":\"PropertyValueSpecification\",\"valueRequired\":true,\"valueName\":\"search_term_string\"}}],\"inLanguage\":\"fr-FR\"},{\"@type\":\"Person\",\"@id\":\"https:\/\/www.africa-press.net\/cotedivoire\/#\/schema\/person\/2b1cf3cd81a31e3cd26889ca66d677f1\",\"name\":\"cfeditorfr\"}]}<\/script>\n<!-- \/ Yoast SEO Premium plugin. -->","yoast_head_json":{"title":"Gendarmes Encourag\u00e9s \u00e0 Am\u00e9liorer la Gestion des Foules - C\u00f4te d&#039;Ivoire","description":"Le Ge\u0301ne\u0301ral de Brigade Fadiga Alassane, Commandant la Gendarmerie Mobile, a entame\u0301 le lundi 8 septembre 2025 l\u2019inspect ...","robots":{"index":"index","follow":"follow","max-snippet":"max-snippet:-1","max-image-preview":"max-image-preview:large","max-video-preview":"max-video-preview:-1"},"canonical":"https:\/\/www.africa-press.net\/cotedivoire\/politique\/gendarmes-encourages-a-ameliorer-la-gestion-des-foules","og_locale":"fr_FR","og_type":"article","og_title":"Gendarmes Encourag\u00e9s \u00e0 Am\u00e9liorer la Gestion des Foules","og_description":"Le Ge\u0301ne\u0301ral de Brigade Fadiga Alassane, Commandant la Gendarmerie Mobile, a entame\u0301 le lundi 8 septembre 2025 l\u2019inspect ...","og_url":"https:\/\/www.africa-press.net\/cotedivoire\/politique\/gendarmes-encourages-a-ameliorer-la-gestion-des-foules","og_site_name":"C\u00f4te d&#039;Ivoire","article_published_time":"2025-09-12T16:29:39+00:00","article_modified_time":"2025-09-12T17:00:31+00:00","og_image":[{"width":720,"height":372,"url":"https:\/\/static.africa-press.net\/cote\/sites\/43\/2025\/09\/sm_1757683799.837893.jpg","type":"image\/jpeg"}],"author":"cfeditorfr","twitter_card":"summary_large_image","twitter_misc":{"\u00c9crit par":"cfeditorfr","Dur\u00e9e de lecture estim\u00e9e":"2 minutes"},"schema":{"@context":"https:\/\/schema.org","@graph":[{"@type":"Article","@id":"https:\/\/www.africa-press.net\/cotedivoire\/politique\/gendarmes-encourages-a-ameliorer-la-gestion-des-foules#article","isPartOf":{"@id":"https:\/\/www.africa-press.net\/cotedivoire\/politique\/gendarmes-encourages-a-ameliorer-la-gestion-des-foules"},"author":{"name":"cfeditorfr","@id":"https:\/\/www.africa-press.net\/cotedivoire\/#\/schema\/person\/2b1cf3cd81a31e3cd26889ca66d677f1"},"headline":"Gendarmes Encourag\u00e9s \u00e0 Am\u00e9liorer la Gestion des Foules","datePublished":"2025-09-12T16:29:39+00:00","dateModified":"2025-09-12T17:00:31+00:00","mainEntityOfPage":{"@id":"https:\/\/www.africa-press.net\/cotedivoire\/politique\/gendarmes-encourages-a-ameliorer-la-gestion-des-foules"},"wordCount":350,"commentCount":0,"image":{"@id":"https:\/\/www.africa-press.net\/cotedivoire\/politique\/gendarmes-encourages-a-ameliorer-la-gestion-des-foules#primaryimage"},"thumbnailUrl":"https:\/\/static.africa-press.net\/cote\/sites\/43\/2025\/09\/sm_1757683799.837893.jpg","keywords":["C\u00d4TE D'IVOIRE","Fadiga Alassane","foules","gendarmes","Inspection"],"articleSection":["Politique","Toutes les actualit\u00e9s"],"inLanguage":"fr-FR","potentialAction":[{"@type":"CommentAction","name":"Comment","target":["https:\/\/www.africa-press.net\/cotedivoire\/politique\/gendarmes-encourages-a-ameliorer-la-gestion-des-foules#respond"]}]},{"@type":"WebPage","@id":"https:\/\/www.africa-press.net\/cotedivoire\/politique\/gendarmes-encourages-a-ameliorer-la-gestion-des-foules","url":"https:\/\/www.africa-press.net\/cotedivoire\/politique\/gendarmes-encourages-a-ameliorer-la-gestion-des-foules","name":"Gendarmes Encourag\u00e9s \u00e0 Am\u00e9liorer la Gestion des Foules - C\u00f4te d&#039;Ivoire","isPartOf":{"@id":"https:\/\/www.africa-press.net\/cotedivoire\/#website"},"primaryImageOfPage":{"@id":"https:\/\/www.africa-press.net\/cotedivoire\/politique\/gendarmes-encourages-a-ameliorer-la-gestion-des-foules#primaryimage"},"image":{"@id":"https:\/\/www.africa-press.net\/cotedivoire\/politique\/gendarmes-encourages-a-ameliorer-la-gestion-des-foules#primaryimage"},"thumbnailUrl":"https:\/\/static.africa-press.net\/cote\/sites\/43\/2025\/09\/sm_1757683799.837893.jpg","datePublished":"2025-09-12T16:29:39+00:00","dateModified":"2025-09-12T17:00:31+00:00","author":{"@id":"https:\/\/www.africa-press.net\/cotedivoire\/#\/schema\/person\/2b1cf3cd81a31e3cd26889ca66d677f1"},"description":"Le Ge\u0301ne\u0301ral de Brigade Fadiga Alassane, Commandant la Gendarmerie Mobile, a entame\u0301 le lundi 8 septembre 2025 l\u2019inspect ...","breadcrumb":{"@id":"https:\/\/www.africa-press.net\/cotedivoire\/politique\/gendarmes-encourages-a-ameliorer-la-gestion-des-foules#breadcrumb"},"inLanguage":"fr-FR","potentialAction":[{"@type":"ReadAction","target":["https:\/\/www.africa-press.net\/cotedivoire\/politique\/gendarmes-encourages-a-ameliorer-la-gestion-des-foules"]}]},{"@type":"ImageObject","inLanguage":"fr-FR","@id":"https:\/\/www.africa-press.net\/cotedivoire\/politique\/gendarmes-encourages-a-ameliorer-la-gestion-des-foules#primaryimage","url":"https:\/\/static.africa-press.net\/cote\/sites\/43\/2025\/09\/sm_1757683799.837893.jpg","contentUrl":"https:\/\/static.africa-press.net\/cote\/sites\/43\/2025\/09\/sm_1757683799.837893.jpg","width":720,"height":372,"caption":"Gendarmes Encourag\u00e9s \u00e0 Am\u00e9liorer la Gestion des Foules"},{"@type":"BreadcrumbList","@id":"https:\/\/www.africa-press.net\/cotedivoire\/politique\/gendarmes-encourages-a-ameliorer-la-gestion-des-foules#breadcrumb","itemListElement":[{"@type":"ListItem","position":1,"name":"Accueil","item":"https:\/\/www.africa-press.net\/cotedivoire\/"},{"@type":"ListItem","position":2,"name":"Gendarmes Encourag\u00e9s \u00e0 Am\u00e9liorer la Gestion des Foules"}]},{"@type":"WebSite","@id":"https:\/\/www.africa-press.net\/cotedivoire\/#website","url":"https:\/\/www.africa-press.net\/cotedivoire\/","name":"C\u00f4te d&#039;Ivoire","description":"Just another Africa News Agency Sites site","potentialAction":[{"@type":"SearchAction","target":{"@type":"EntryPoint","urlTemplate":"https:\/\/www.africa-press.net\/cotedivoire\/?s={search_term_string}"},"query-input":{"@type":"PropertyValueSpecification","valueRequired":true,"valueName":"search_term_string"}}],"inLanguage":"fr-FR"},{"@type":"Person","@id":"https:\/\/www.africa-press.net\/cotedivoire\/#\/schema\/person\/2b1cf3cd81a31e3cd26889ca66d677f1","name":"cfeditorfr"}]}},"_links":{"self":[{"href":"https:\/\/www.africa-press.net\/cotedivoire\/wp-json\/wp\/v2\/posts\/105110","targetHints":{"allow":["GET"]}}],"collection":[{"href":"https:\/\/www.africa-press.net\/cotedivoire\/wp-json\/wp\/v2\/posts"}],"about":[{"href":"https:\/\/www.africa-press.net\/cotedivoire\/wp-json\/wp\/v2\/types\/post"}],"author":[{"embeddable":true,"href":"https:\/\/www.africa-press.net\/cotedivoire\/wp-json\/wp\/v2\/users\/82"}],"replies":[{"embeddable":true,"href":"https:\/\/www.africa-press.net\/cotedivoire\/wp-json\/wp\/v2\/comments?post=105110"}],"version-history":[{"count":0,"href":"https:\/\/www.africa-press.net\/cotedivoire\/wp-json\/wp\/v2\/posts\/105110\/revisions"}],"wp:featuredmedia":[{"embeddable":true,"href":"https:\/\/www.africa-press.net\/cotedivoire\/wp-json\/wp\/v2\/media\/105109"}],"wp:attachment":[{"href":"https:\/\/www.africa-press.net\/cotedivoire\/wp-json\/wp\/v2\/media?parent=105110"}],"wp:term":[{"taxonomy":"category","embeddable":true,"href":"https:\/\/www.africa-press.net\/cotedivoire\/wp-json\/wp\/v2\/categories?post=105110"},{"taxonomy":"post_tag","embeddable":true,"href":"https:\/\/www.africa-press.net\/cotedivoire\/wp-json\/wp\/v2\/tags?post=105110"}],"curies":[{"name":"wp","href":"https:\/\/api.w.org\/{rel}","templated":true}]}}