{"id":10518,"date":"2021-07-28T17:04:58","date_gmt":"2021-07-28T17:04:58","guid":{"rendered":"https:\/\/www.africa-press.net\/cotedivoire\/?p=10518"},"modified":"2021-07-28T20:39:22","modified_gmt":"2021-07-28T20:39:22","slug":"cote-divoire-apres-la-rencontre-historique-gbagbo-ouattara-le-plus-dur-commence","status":"publish","type":"post","link":"https:\/\/www.africa-press.net\/cotedivoire\/dossiers\/cote-divoire-apres-la-rencontre-historique-gbagbo-ouattara-le-plus-dur-commence","title":{"rendered":"apr\u00e8s la rencontre \u00ab\u00a0historique\u00a0\u00bb Gbagbo-Ouattara, \u00ab\u00a0le plus dur commence\u00a0\u00bb"},"content":{"rendered":"<p><span style=\"color: #ff6600\"><strong><a href=\"https:\/\/www.africa-press.net\/\">Africa-Press<\/a> &#8211; <a href=\"https:\/\/www.africa-press.net\/cotedivoire\">C\u00f4te d&rsquo;Ivoire<\/a>. <\/strong><\/span>\u00ab\u00a0Audience historique\u00a0\u00bb, \u00ab\u00a0d\u00e9crispation au sommet\u00a0\u00bb, \u00ab\u00a0belles retrouvailles\u00a0\u00bb: la presse ivoirienne saluait unanimement mercredi la rencontre de la veille entre Alassane Ouattara et Laurent Gbagbo, les deux protagonistes de la crise post-\u00e9lectorale de 2010-2011, en attendant la traduction politique concr\u00e8te de cette r\u00e9conciliation.<\/p>\n<p>\u00ab\u00a0Une ambiance bon enfant et \u00e9mouvante qui augure certainement des lendemains heureux pour le pays\u00a0\u00bb, esp\u00e9rait le quotidien Soir Info.<\/p>\n<p>\u00ab\u00a0Des images fortes pour dire qu&rsquo;il n&rsquo;y a que le pardon et la tol\u00e9rance pour sortir d&rsquo;une crise quelle qu&rsquo;en soit la gravit\u00e9\u00a0\u00bb, voulait de son c\u00f4t\u00e9 croire le journal d&rsquo;opposition le Nouveau R\u00e9veil.<\/p>\n<p>Entre les accolades et les \u00e9changes d&rsquo;amabilit\u00e9, il \u00e9tait difficile d&rsquo;imaginer mardi que la rivalit\u00e9 entre les deux hommes a un jour occasionn\u00e9 une crise qui a fait plus de 3.000 morts dans le pays. En C\u00f4te d&rsquo;Ivoire, certains ont d&rsquo;ailleurs accueilli avec sceptiscime ces effusions.<\/p>\n<p>\u00ab\u00a0Est-ce une rencontre sinc\u00e8re ? N&rsquo;est-ce pas l&rsquo;une de leur com\u00e9die pour nous distraire encore? Je n&rsquo;y crois pas du tout\u00a0\u00bb, l\u00e2che Herv\u00e9 Konan, un professeur de math\u00e9matiques \u00e0 Bouak\u00e9 (centre), la deuxi\u00e8me ville du pays.<\/p>\n<p>\u00ab\u00a0Pour une fois, qu&rsquo;ils nous prouvent qu&rsquo;ils sont des hommes de parole car nous sommes fatigu\u00e9s de leurs querelles personnelles\u00a0\u00bb ajoute Didier Sery, un \u00e9tudiant en droit de cette ville.<\/p>\n<p>Mardi, Alassane Ouattara a salu\u00e9 son \u00ab\u00a0jeune fr\u00e8re, un ami depuis des d\u00e9cennies\u00a0\u00bb, tandis que Laurent Gbagbo s&rsquo;est r\u00e9joui d&rsquo;avoir parl\u00e9 \u00ab\u00a0fraternellement, amicalement\u00a0\u00bb, avec celui qu&rsquo;il appelle d\u00e9sormais \u00ab\u00a0Monsieur le Pr\u00e9sident\u00a0\u00bb.<\/p>\n<p>Un d\u00e9tail s\u00e9mantique qui prend un sens politique puisque la crise \u00e9tait n\u00e9e du refus de M. Gbagbo de reconna\u00eetre sa d\u00e9faite \u00e0 la pr\u00e9sidentielle de 2010 face \u00e0 son rival.<\/p>\n<p>\u00ab\u00a0Pour Ouattara tout se passe comme ce qu&rsquo;il attendait avec cette reconnaissance de son pouvoir (de Pr\u00e9sident de la r\u00e9publique)\u00a0\u00bb, souligne l&rsquo;analyste politique Jean Alabro, interrog\u00e9 par l&rsquo;AFP.<\/p>\n<p>&#8211; Message politique &#8211;<\/p>\n<p>Mais plus de dix ans ont pass\u00e9 depuis cet \u00e9pisode dramatique dans l&rsquo;histoire de la C\u00f4te d&rsquo;Ivoire, une p\u00e9riode pendant laquelle Laurent Gbagbo a \u00e9t\u00e9 poursuivi pour crimes contre l&rsquo;humanit\u00e9 par la Cour p\u00e9nale internationale, emprisonn\u00e9 \u00e0 la Haye, puis acquitt\u00e9 avant de pouvoir faire son retour en juin dernier, avec l&rsquo;aval de M. Ouattara.<\/p>\n<p>\u00ab\u00a0C&rsquo;est une rencontre importante dans l&rsquo;histoire politique de la C\u00f4te d&rsquo;Ivoire. Pour Gbagbo il s&rsquo;agit de solder le pass\u00e9, de peser sur le pr\u00e9sent et de pr\u00e9parer l&rsquo;avenir\u00a0\u00bb, note Jean Alabro. Car apr\u00e8s les accolades et les \u00e9clats de rire, les cons\u00e9quences politiques de cette rencontre vont \u00eatre scrut\u00e9es.<\/p>\n<p>\u00ab\u00a0C&rsquo;est maintenant que le plus dur commence. Eux qui donnent ainsi un grand espoir aux populations et aux amis de la C\u00f4te d&rsquo;Ivoire n&rsquo;ont plus droit \u00e0 l&rsquo;erreur. Ce que les Ivoiriens attendent ce sont des actes concrets\u00a0\u00bb, vers la r\u00e9conciliation, estimait le Nouveau R\u00e9veil dans ses colonnes de mercredi.<\/p>\n<p>Laurent Gbagbo n&rsquo;a d&rsquo;ailleurs pas manqu\u00e9 de faire passer un message politique lors de la rencontre de mardi en demandant \u00e0 Alassane Ouattara de lib\u00e9rer les prisonniers de la crise de 2010-2011 encore en d\u00e9tention.<\/p>\n<p>Et depuis son retour, il se pose toujours comme opposant de premier plan au chef de l&rsquo;Etat, dont il a notamment critiqu\u00e9 la r\u00e9\u00e9lection en 2020 pour un troisi\u00e8me mandat, jug\u00e9 inconstitutionnel par une partie de l&rsquo;opposition.<\/p>\n<p>Les deux hommes qui ont promis de se revoir bient\u00f4t pourraient inviter Henri Konan B\u00e9di\u00e9, un autre poids lourd de l&rsquo;opposition et ancien pr\u00e9sident, lors de leur prochaine r\u00e9union. Les trois figures de la politique ivoirienne depuis des d\u00e9cennies ne semblent pas encore pr\u00eates \u00e0 passer la main.<\/p>\n","protected":false},"excerpt":{"rendered":"<p>Africa-Press &#8211; C\u00f4te d&rsquo;Ivoire. \u00ab\u00a0Audience historique\u00a0\u00bb, \u00ab\u00a0d\u00e9crispation au sommet\u00a0\u00bb, \u00ab\u00a0belles retrouvailles\u00a0\u00bb: la presse ivoirienne saluait unanimement mercredi la rencontre de la veille entre Alassane Ouattara et Laurent Gbagbo, les deux protagonistes de la crise post-\u00e9lectorale de 2010-2011, en attendant la traduction politique concr\u00e8te de cette r\u00e9conciliation. \u00ab\u00a0Une ambiance bon enfant et \u00e9mouvante qui augure certainement [&hellip;]<\/p>\n","protected":false},"author":82,"featured_media":10517,"comment_status":"open","ping_status":"closed","sticky":false,"template":"","format":"standard","meta":{"footnotes":""},"categories":[7,11,10],"tags":[56,63,29],"class_list":["post-10518","post","type-post","status-publish","format-standard","has-post-thumbnail","hentry","category-dossiers","category-homepage-french","category-toutes-les-actualites","tag-africa-press","tag-africa-press-cote-divoire","tag-cote-divoire"],"yoast_head":"<!-- This site is optimized with the Yoast SEO Premium plugin v26.1 (Yoast SEO v27.0) - https:\/\/yoast.com\/product\/yoast-seo-premium-wordpress\/ -->\n<title>apr\u00e8s la rencontre &quot;historique&quot; Gbagbo-Ouattara, &quot;le plus dur commence&quot; - C\u00f4te d&#039;Ivoire<\/title>\n<meta name=\"description\" content=\"&quot;Audience historique&quot;, &quot;d\u00e9crispation au sommet&quot;, &quot;belles retrouvailles&quot;: la presse ivoirienne saluait unanimement mercre ...\" \/>\n<meta name=\"robots\" content=\"index, follow, max-snippet:-1, max-image-preview:large, max-video-preview:-1\" \/>\n<link rel=\"canonical\" href=\"https:\/\/www.africa-press.net\/cotedivoire\/dossiers\/cote-divoire-apres-la-rencontre-historique-gbagbo-ouattara-le-plus-dur-commence\" \/>\n<meta property=\"og:locale\" content=\"fr_FR\" \/>\n<meta property=\"og:type\" content=\"article\" \/>\n<meta property=\"og:title\" content=\"apr\u00e8s la rencontre &quot;historique&quot; Gbagbo-Ouattara, &quot;le plus dur commence&quot;\" \/>\n<meta property=\"og:description\" content=\"&quot;Audience historique&quot;, &quot;d\u00e9crispation au sommet&quot;, &quot;belles retrouvailles&quot;: la presse ivoirienne saluait unanimement mercre ...\" \/>\n<meta property=\"og:url\" content=\"https:\/\/www.africa-press.net\/cotedivoire\/dossiers\/cote-divoire-apres-la-rencontre-historique-gbagbo-ouattara-le-plus-dur-commence\" \/>\n<meta property=\"og:site_name\" content=\"C\u00f4te d&#039;Ivoire\" \/>\n<meta property=\"article:published_time\" content=\"2021-07-28T17:04:58+00:00\" \/>\n<meta property=\"article:modified_time\" content=\"2021-07-28T20:39:22+00:00\" \/>\n<meta property=\"og:image\" content=\"https:\/\/static.africa-press.net\/cote\/sites\/43\/2021\/07\/img-61017a062cbfb.jpg\" \/>\n\t<meta property=\"og:image:width\" content=\"768\" \/>\n\t<meta property=\"og:image:height\" content=\"486\" \/>\n\t<meta property=\"og:image:type\" content=\"image\/jpeg\" \/>\n<meta name=\"author\" content=\"cfeditorfr\" \/>\n<meta name=\"twitter:card\" content=\"summary_large_image\" \/>\n<meta name=\"twitter:label1\" content=\"\u00c9crit par\" \/>\n\t<meta name=\"twitter:data1\" content=\"cfeditorfr\" \/>\n\t<meta name=\"twitter:label2\" content=\"Dur\u00e9e de lecture estim\u00e9e\" \/>\n\t<meta name=\"twitter:data2\" content=\"3 minutes\" \/>\n<script type=\"application\/ld+json\" class=\"yoast-schema-graph\">{\"@context\":\"https:\/\/schema.org\",\"@graph\":[{\"@type\":\"Article\",\"@id\":\"https:\/\/www.africa-press.net\/cotedivoire\/dossiers\/cote-divoire-apres-la-rencontre-historique-gbagbo-ouattara-le-plus-dur-commence#article\",\"isPartOf\":{\"@id\":\"https:\/\/www.africa-press.net\/cotedivoire\/dossiers\/cote-divoire-apres-la-rencontre-historique-gbagbo-ouattara-le-plus-dur-commence\"},\"author\":{\"name\":\"cfeditorfr\",\"@id\":\"https:\/\/www.africa-press.net\/cotedivoire\/#\/schema\/person\/2b1cf3cd81a31e3cd26889ca66d677f1\"},\"headline\":\"apr\u00e8s la rencontre \u00ab\u00a0historique\u00a0\u00bb Gbagbo-Ouattara, \u00ab\u00a0le plus dur commence\u00a0\u00bb\",\"datePublished\":\"2021-07-28T17:04:58+00:00\",\"dateModified\":\"2021-07-28T20:39:22+00:00\",\"mainEntityOfPage\":{\"@id\":\"https:\/\/www.africa-press.net\/cotedivoire\/dossiers\/cote-divoire-apres-la-rencontre-historique-gbagbo-ouattara-le-plus-dur-commence\"},\"wordCount\":669,\"commentCount\":0,\"image\":{\"@id\":\"https:\/\/www.africa-press.net\/cotedivoire\/dossiers\/cote-divoire-apres-la-rencontre-historique-gbagbo-ouattara-le-plus-dur-commence#primaryimage\"},\"thumbnailUrl\":\"https:\/\/static.africa-press.net\/cote\/sites\/43\/2021\/07\/img-61017a062cbfb.jpg\",\"keywords\":[\"Africa Press\",\"Africa Press-C\u00f4te d'Ivoire\",\"C\u00d4TE D'IVOIRE\"],\"articleSection\":[\"Dossiers\",\"homepage-french\",\"Toutes les actualit\u00e9s\"],\"inLanguage\":\"fr-FR\",\"potentialAction\":[{\"@type\":\"CommentAction\",\"name\":\"Comment\",\"target\":[\"https:\/\/www.africa-press.net\/cotedivoire\/dossiers\/cote-divoire-apres-la-rencontre-historique-gbagbo-ouattara-le-plus-dur-commence#respond\"]}]},{\"@type\":\"WebPage\",\"@id\":\"https:\/\/www.africa-press.net\/cotedivoire\/dossiers\/cote-divoire-apres-la-rencontre-historique-gbagbo-ouattara-le-plus-dur-commence\",\"url\":\"https:\/\/www.africa-press.net\/cotedivoire\/dossiers\/cote-divoire-apres-la-rencontre-historique-gbagbo-ouattara-le-plus-dur-commence\",\"name\":\"apr\u00e8s la rencontre \\\"historique\\\" Gbagbo-Ouattara, \\\"le plus dur commence\\\" - C\u00f4te d&#039;Ivoire\",\"isPartOf\":{\"@id\":\"https:\/\/www.africa-press.net\/cotedivoire\/#website\"},\"primaryImageOfPage\":{\"@id\":\"https:\/\/www.africa-press.net\/cotedivoire\/dossiers\/cote-divoire-apres-la-rencontre-historique-gbagbo-ouattara-le-plus-dur-commence#primaryimage\"},\"image\":{\"@id\":\"https:\/\/www.africa-press.net\/cotedivoire\/dossiers\/cote-divoire-apres-la-rencontre-historique-gbagbo-ouattara-le-plus-dur-commence#primaryimage\"},\"thumbnailUrl\":\"https:\/\/static.africa-press.net\/cote\/sites\/43\/2021\/07\/img-61017a062cbfb.jpg\",\"datePublished\":\"2021-07-28T17:04:58+00:00\",\"dateModified\":\"2021-07-28T20:39:22+00:00\",\"author\":{\"@id\":\"https:\/\/www.africa-press.net\/cotedivoire\/#\/schema\/person\/2b1cf3cd81a31e3cd26889ca66d677f1\"},\"description\":\"\\\"Audience historique\\\", \\\"d\u00e9crispation au sommet\\\", \\\"belles retrouvailles\\\": la presse ivoirienne saluait unanimement mercre ...\",\"breadcrumb\":{\"@id\":\"https:\/\/www.africa-press.net\/cotedivoire\/dossiers\/cote-divoire-apres-la-rencontre-historique-gbagbo-ouattara-le-plus-dur-commence#breadcrumb\"},\"inLanguage\":\"fr-FR\",\"potentialAction\":[{\"@type\":\"ReadAction\",\"target\":[\"https:\/\/www.africa-press.net\/cotedivoire\/dossiers\/cote-divoire-apres-la-rencontre-historique-gbagbo-ouattara-le-plus-dur-commence\"]}]},{\"@type\":\"ImageObject\",\"inLanguage\":\"fr-FR\",\"@id\":\"https:\/\/www.africa-press.net\/cotedivoire\/dossiers\/cote-divoire-apres-la-rencontre-historique-gbagbo-ouattara-le-plus-dur-commence#primaryimage\",\"url\":\"https:\/\/static.africa-press.net\/cote\/sites\/43\/2021\/07\/img-61017a062cbfb.jpg\",\"contentUrl\":\"https:\/\/static.africa-press.net\/cote\/sites\/43\/2021\/07\/img-61017a062cbfb.jpg\",\"width\":768,\"height\":486,\"caption\":\"C\u00f4te d'Ivoire: apr\u00e8s la rencontre \\\"historique\\\" Gbagbo-Ouattara, \\\"le plus dur commence\\\"\"},{\"@type\":\"BreadcrumbList\",\"@id\":\"https:\/\/www.africa-press.net\/cotedivoire\/dossiers\/cote-divoire-apres-la-rencontre-historique-gbagbo-ouattara-le-plus-dur-commence#breadcrumb\",\"itemListElement\":[{\"@type\":\"ListItem\",\"position\":1,\"name\":\"Accueil\",\"item\":\"https:\/\/www.africa-press.net\/cotedivoire\/\"},{\"@type\":\"ListItem\",\"position\":2,\"name\":\"apr\u00e8s la rencontre &#8220;historique&#8221; Gbagbo-Ouattara, &#8220;le plus dur commence&#8221;\"}]},{\"@type\":\"WebSite\",\"@id\":\"https:\/\/www.africa-press.net\/cotedivoire\/#website\",\"url\":\"https:\/\/www.africa-press.net\/cotedivoire\/\",\"name\":\"C\u00f4te d&#039;Ivoire\",\"description\":\"Just another Africa News Agency Sites site\",\"potentialAction\":[{\"@type\":\"SearchAction\",\"target\":{\"@type\":\"EntryPoint\",\"urlTemplate\":\"https:\/\/www.africa-press.net\/cotedivoire\/?s={search_term_string}\"},\"query-input\":{\"@type\":\"PropertyValueSpecification\",\"valueRequired\":true,\"valueName\":\"search_term_string\"}}],\"inLanguage\":\"fr-FR\"},{\"@type\":\"Person\",\"@id\":\"https:\/\/www.africa-press.net\/cotedivoire\/#\/schema\/person\/2b1cf3cd81a31e3cd26889ca66d677f1\",\"name\":\"cfeditorfr\"}]}<\/script>\n<!-- \/ Yoast SEO Premium plugin. -->","yoast_head_json":{"title":"apr\u00e8s la rencontre \"historique\" Gbagbo-Ouattara, \"le plus dur commence\" - C\u00f4te d&#039;Ivoire","description":"\"Audience historique\", \"d\u00e9crispation au sommet\", \"belles retrouvailles\": la presse ivoirienne saluait unanimement mercre ...","robots":{"index":"index","follow":"follow","max-snippet":"max-snippet:-1","max-image-preview":"max-image-preview:large","max-video-preview":"max-video-preview:-1"},"canonical":"https:\/\/www.africa-press.net\/cotedivoire\/dossiers\/cote-divoire-apres-la-rencontre-historique-gbagbo-ouattara-le-plus-dur-commence","og_locale":"fr_FR","og_type":"article","og_title":"apr\u00e8s la rencontre \"historique\" Gbagbo-Ouattara, \"le plus dur commence\"","og_description":"\"Audience historique\", \"d\u00e9crispation au sommet\", \"belles retrouvailles\": la presse ivoirienne saluait unanimement mercre ...","og_url":"https:\/\/www.africa-press.net\/cotedivoire\/dossiers\/cote-divoire-apres-la-rencontre-historique-gbagbo-ouattara-le-plus-dur-commence","og_site_name":"C\u00f4te d&#039;Ivoire","article_published_time":"2021-07-28T17:04:58+00:00","article_modified_time":"2021-07-28T20:39:22+00:00","og_image":[{"width":768,"height":486,"url":"https:\/\/static.africa-press.net\/cote\/sites\/43\/2021\/07\/img-61017a062cbfb.jpg","type":"image\/jpeg"}],"author":"cfeditorfr","twitter_card":"summary_large_image","twitter_misc":{"\u00c9crit par":"cfeditorfr","Dur\u00e9e de lecture estim\u00e9e":"3 minutes"},"schema":{"@context":"https:\/\/schema.org","@graph":[{"@type":"Article","@id":"https:\/\/www.africa-press.net\/cotedivoire\/dossiers\/cote-divoire-apres-la-rencontre-historique-gbagbo-ouattara-le-plus-dur-commence#article","isPartOf":{"@id":"https:\/\/www.africa-press.net\/cotedivoire\/dossiers\/cote-divoire-apres-la-rencontre-historique-gbagbo-ouattara-le-plus-dur-commence"},"author":{"name":"cfeditorfr","@id":"https:\/\/www.africa-press.net\/cotedivoire\/#\/schema\/person\/2b1cf3cd81a31e3cd26889ca66d677f1"},"headline":"apr\u00e8s la rencontre \u00ab\u00a0historique\u00a0\u00bb Gbagbo-Ouattara, \u00ab\u00a0le plus dur commence\u00a0\u00bb","datePublished":"2021-07-28T17:04:58+00:00","dateModified":"2021-07-28T20:39:22+00:00","mainEntityOfPage":{"@id":"https:\/\/www.africa-press.net\/cotedivoire\/dossiers\/cote-divoire-apres-la-rencontre-historique-gbagbo-ouattara-le-plus-dur-commence"},"wordCount":669,"commentCount":0,"image":{"@id":"https:\/\/www.africa-press.net\/cotedivoire\/dossiers\/cote-divoire-apres-la-rencontre-historique-gbagbo-ouattara-le-plus-dur-commence#primaryimage"},"thumbnailUrl":"https:\/\/static.africa-press.net\/cote\/sites\/43\/2021\/07\/img-61017a062cbfb.jpg","keywords":["Africa Press","Africa Press-C\u00f4te d'Ivoire","C\u00d4TE D'IVOIRE"],"articleSection":["Dossiers","homepage-french","Toutes les actualit\u00e9s"],"inLanguage":"fr-FR","potentialAction":[{"@type":"CommentAction","name":"Comment","target":["https:\/\/www.africa-press.net\/cotedivoire\/dossiers\/cote-divoire-apres-la-rencontre-historique-gbagbo-ouattara-le-plus-dur-commence#respond"]}]},{"@type":"WebPage","@id":"https:\/\/www.africa-press.net\/cotedivoire\/dossiers\/cote-divoire-apres-la-rencontre-historique-gbagbo-ouattara-le-plus-dur-commence","url":"https:\/\/www.africa-press.net\/cotedivoire\/dossiers\/cote-divoire-apres-la-rencontre-historique-gbagbo-ouattara-le-plus-dur-commence","name":"apr\u00e8s la rencontre \"historique\" Gbagbo-Ouattara, \"le plus dur commence\" - C\u00f4te d&#039;Ivoire","isPartOf":{"@id":"https:\/\/www.africa-press.net\/cotedivoire\/#website"},"primaryImageOfPage":{"@id":"https:\/\/www.africa-press.net\/cotedivoire\/dossiers\/cote-divoire-apres-la-rencontre-historique-gbagbo-ouattara-le-plus-dur-commence#primaryimage"},"image":{"@id":"https:\/\/www.africa-press.net\/cotedivoire\/dossiers\/cote-divoire-apres-la-rencontre-historique-gbagbo-ouattara-le-plus-dur-commence#primaryimage"},"thumbnailUrl":"https:\/\/static.africa-press.net\/cote\/sites\/43\/2021\/07\/img-61017a062cbfb.jpg","datePublished":"2021-07-28T17:04:58+00:00","dateModified":"2021-07-28T20:39:22+00:00","author":{"@id":"https:\/\/www.africa-press.net\/cotedivoire\/#\/schema\/person\/2b1cf3cd81a31e3cd26889ca66d677f1"},"description":"\"Audience historique\", \"d\u00e9crispation au sommet\", \"belles retrouvailles\": la presse ivoirienne saluait unanimement mercre ...","breadcrumb":{"@id":"https:\/\/www.africa-press.net\/cotedivoire\/dossiers\/cote-divoire-apres-la-rencontre-historique-gbagbo-ouattara-le-plus-dur-commence#breadcrumb"},"inLanguage":"fr-FR","potentialAction":[{"@type":"ReadAction","target":["https:\/\/www.africa-press.net\/cotedivoire\/dossiers\/cote-divoire-apres-la-rencontre-historique-gbagbo-ouattara-le-plus-dur-commence"]}]},{"@type":"ImageObject","inLanguage":"fr-FR","@id":"https:\/\/www.africa-press.net\/cotedivoire\/dossiers\/cote-divoire-apres-la-rencontre-historique-gbagbo-ouattara-le-plus-dur-commence#primaryimage","url":"https:\/\/static.africa-press.net\/cote\/sites\/43\/2021\/07\/img-61017a062cbfb.jpg","contentUrl":"https:\/\/static.africa-press.net\/cote\/sites\/43\/2021\/07\/img-61017a062cbfb.jpg","width":768,"height":486,"caption":"C\u00f4te d'Ivoire: apr\u00e8s la rencontre \"historique\" Gbagbo-Ouattara, \"le plus dur commence\""},{"@type":"BreadcrumbList","@id":"https:\/\/www.africa-press.net\/cotedivoire\/dossiers\/cote-divoire-apres-la-rencontre-historique-gbagbo-ouattara-le-plus-dur-commence#breadcrumb","itemListElement":[{"@type":"ListItem","position":1,"name":"Accueil","item":"https:\/\/www.africa-press.net\/cotedivoire\/"},{"@type":"ListItem","position":2,"name":"apr\u00e8s la rencontre &#8220;historique&#8221; Gbagbo-Ouattara, &#8220;le plus dur commence&#8221;"}]},{"@type":"WebSite","@id":"https:\/\/www.africa-press.net\/cotedivoire\/#website","url":"https:\/\/www.africa-press.net\/cotedivoire\/","name":"C\u00f4te d&#039;Ivoire","description":"Just another Africa News Agency Sites site","potentialAction":[{"@type":"SearchAction","target":{"@type":"EntryPoint","urlTemplate":"https:\/\/www.africa-press.net\/cotedivoire\/?s={search_term_string}"},"query-input":{"@type":"PropertyValueSpecification","valueRequired":true,"valueName":"search_term_string"}}],"inLanguage":"fr-FR"},{"@type":"Person","@id":"https:\/\/www.africa-press.net\/cotedivoire\/#\/schema\/person\/2b1cf3cd81a31e3cd26889ca66d677f1","name":"cfeditorfr"}]}},"_links":{"self":[{"href":"https:\/\/www.africa-press.net\/cotedivoire\/wp-json\/wp\/v2\/posts\/10518","targetHints":{"allow":["GET"]}}],"collection":[{"href":"https:\/\/www.africa-press.net\/cotedivoire\/wp-json\/wp\/v2\/posts"}],"about":[{"href":"https:\/\/www.africa-press.net\/cotedivoire\/wp-json\/wp\/v2\/types\/post"}],"author":[{"embeddable":true,"href":"https:\/\/www.africa-press.net\/cotedivoire\/wp-json\/wp\/v2\/users\/82"}],"replies":[{"embeddable":true,"href":"https:\/\/www.africa-press.net\/cotedivoire\/wp-json\/wp\/v2\/comments?post=10518"}],"version-history":[{"count":0,"href":"https:\/\/www.africa-press.net\/cotedivoire\/wp-json\/wp\/v2\/posts\/10518\/revisions"}],"wp:featuredmedia":[{"embeddable":true,"href":"https:\/\/www.africa-press.net\/cotedivoire\/wp-json\/wp\/v2\/media\/10517"}],"wp:attachment":[{"href":"https:\/\/www.africa-press.net\/cotedivoire\/wp-json\/wp\/v2\/media?parent=10518"}],"wp:term":[{"taxonomy":"category","embeddable":true,"href":"https:\/\/www.africa-press.net\/cotedivoire\/wp-json\/wp\/v2\/categories?post=10518"},{"taxonomy":"post_tag","embeddable":true,"href":"https:\/\/www.africa-press.net\/cotedivoire\/wp-json\/wp\/v2\/tags?post=10518"}],"curies":[{"name":"wp","href":"https:\/\/api.w.org\/{rel}","templated":true}]}}