{"id":105245,"date":"2025-09-15T17:51:50","date_gmt":"2025-09-15T17:51:50","guid":{"rendered":"https:\/\/www.africa-press.net\/cotedivoire\/politique\/simone-gbagbo-nomme-son-directeur-de-campagne-2025"},"modified":"2025-09-15T18:54:20","modified_gmt":"2025-09-15T18:54:20","slug":"simone-gbagbo-nomme-son-directeur-de-campagne-2025","status":"publish","type":"post","link":"https:\/\/www.africa-press.net\/cotedivoire\/politique\/simone-gbagbo-nomme-son-directeur-de-campagne-2025","title":{"rendered":"Simone Gbagbo Nomme Son Directeur de Campagne 2025"},"content":{"rendered":"<p><span style=\"color: #ff6600\"><strong>Africa-Press &#8211; C\u00f4te d&rsquo;Ivoire. <\/strong><\/span>Apre\u0300s la validation de sa candidature par le Conseil Constitutionnel le lundi 08 septembre dernier, Simone Gbagbo a proce\u0301de\u0301 a\u0300 l\u2019organisation de son dispositif e\u0301lectoral.<\/p>\n<p>Nous apprenons que, le Mouvement des Ge\u0301ne\u0301rations Capables (MGC) que pre\u0301side l\u2019ancienne premie\u0300re Dame ivoirienne, a de\u0301signe\u0301 son premier vice-pre\u0301sident, Dominique Traore\u0301 en qualite\u0301 de Directeur de Campagne des e\u0301lections pre\u0301vues le 25 octobre 2025.<\/p>\n<p>Un choix strate\u0301gique de Simone Gbagbo qui fait face aux critiques de la part d\u2019une partie de l\u2019opinion ivoirienne pour avoir salue\u0301 le travail de la pre\u0301sidente du Conseil Constitutionnel, Chantal Nanaba Camara.<\/p>\n<p>Apre\u0300s la de\u0301signation de son Directeur de Campagne, le prochain rendez-vous de\u0301sormais est le terrain , ou\u0300 l\u2019ex-e\u0301pouse de Laurent Gbagbo devra convaincre les e\u0301lecteurs pour espe\u0301rer e\u0302tre la premie\u0300re femme ivoirienne a\u0300 briguer le poste de la Magistrature supre\u0302me en Co\u0302te d\u2019Ivoire.<\/p>\n<p><strong>Pour plus d&rsquo;informations et d&rsquo;analyses sur la <span style=\"color: #ff6600\">C\u00f4te d&rsquo;Ivoire<\/span>, suivez <span style=\"color: #ff6600\">Africa-Press<\/span><\/strong><\/p>\n","protected":false},"excerpt":{"rendered":"<p>Africa-Press &#8211; C\u00f4te d&rsquo;Ivoire. Apre\u0300s la validation de sa candidature par le Conseil Constitutionnel le lundi 08 septembre dernier, Simone Gbagbo a proce\u0301de\u0301 a\u0300 l\u2019organisation de son dispositif e\u0301lectoral. Nous apprenons que, le Mouvement des Ge\u0301ne\u0301rations Capables (MGC) que pre\u0301side l\u2019ancienne premie\u0300re Dame ivoirienne, a de\u0301signe\u0301 son premier vice-pre\u0301sident, Dominique Traore\u0301 en qualite\u0301 de Directeur [&hellip;]<\/p>\n","protected":false},"author":82,"featured_media":105244,"comment_status":"open","ping_status":"closed","sticky":false,"template":"","format":"standard","meta":{"footnotes":""},"categories":[2,10],"tags":[10898,7348,29,18801,1589,312,222],"class_list":["post-105245","post","type-post","status-publish","format-standard","has-post-thumbnail","hentry","category-politique","category-toutes-les-actualites","tag-chantal-camara","tag-conseil-constitutionnel","tag-cote-divoire","tag-dominique-traore","tag-mgc","tag-presidentielle","tag-simone-gbagbo"],"yoast_head":"<!-- This site is optimized with the Yoast SEO Premium plugin v26.1 (Yoast SEO v27.0) - https:\/\/yoast.com\/product\/yoast-seo-premium-wordpress\/ -->\n<title>Simone Gbagbo Nomme Son Directeur de Campagne 2025 - C\u00f4te d&#039;Ivoire<\/title>\n<meta name=\"description\" content=\"Apre\u0300s la validation de sa candidature par le Conseil Constitutionnel le lundi 08 septembre dernier, Simone Gbagbo a pro ...\" \/>\n<meta name=\"robots\" content=\"index, follow, max-snippet:-1, max-image-preview:large, max-video-preview:-1\" \/>\n<link rel=\"canonical\" href=\"https:\/\/www.africa-press.net\/cotedivoire\/politique\/simone-gbagbo-nomme-son-directeur-de-campagne-2025\" \/>\n<meta property=\"og:locale\" content=\"fr_FR\" \/>\n<meta property=\"og:type\" content=\"article\" \/>\n<meta property=\"og:title\" content=\"Simone Gbagbo Nomme Son Directeur de Campagne 2025\" \/>\n<meta property=\"og:description\" content=\"Apre\u0300s la validation de sa candidature par le Conseil Constitutionnel le lundi 08 septembre dernier, Simone Gbagbo a pro ...\" \/>\n<meta property=\"og:url\" content=\"https:\/\/www.africa-press.net\/cotedivoire\/politique\/simone-gbagbo-nomme-son-directeur-de-campagne-2025\" \/>\n<meta property=\"og:site_name\" content=\"C\u00f4te d&#039;Ivoire\" \/>\n<meta property=\"article:published_time\" content=\"2025-09-15T17:51:50+00:00\" \/>\n<meta property=\"article:modified_time\" content=\"2025-09-15T18:54:20+00:00\" \/>\n<meta property=\"og:image\" content=\"https:\/\/static.africa-press.net\/cote\/sites\/43\/2025\/09\/sm_1757949825.35182.jpg\" \/>\n\t<meta property=\"og:image:width\" content=\"720\" \/>\n\t<meta property=\"og:image:height\" content=\"380\" \/>\n\t<meta property=\"og:image:type\" content=\"image\/jpeg\" \/>\n<meta name=\"author\" content=\"cfeditorfr\" \/>\n<meta name=\"twitter:card\" content=\"summary_large_image\" \/>\n<meta name=\"twitter:label1\" content=\"\u00c9crit par\" \/>\n\t<meta name=\"twitter:data1\" content=\"cfeditorfr\" \/>\n\t<meta name=\"twitter:label2\" content=\"Dur\u00e9e de lecture estim\u00e9e\" \/>\n\t<meta name=\"twitter:data2\" content=\"1 minute\" \/>\n<script type=\"application\/ld+json\" class=\"yoast-schema-graph\">{\"@context\":\"https:\/\/schema.org\",\"@graph\":[{\"@type\":\"Article\",\"@id\":\"https:\/\/www.africa-press.net\/cotedivoire\/politique\/simone-gbagbo-nomme-son-directeur-de-campagne-2025#article\",\"isPartOf\":{\"@id\":\"https:\/\/www.africa-press.net\/cotedivoire\/politique\/simone-gbagbo-nomme-son-directeur-de-campagne-2025\"},\"author\":{\"name\":\"cfeditorfr\",\"@id\":\"https:\/\/www.africa-press.net\/cotedivoire\/#\/schema\/person\/2b1cf3cd81a31e3cd26889ca66d677f1\"},\"headline\":\"Simone Gbagbo Nomme Son Directeur de Campagne 2025\",\"datePublished\":\"2025-09-15T17:51:50+00:00\",\"dateModified\":\"2025-09-15T18:54:20+00:00\",\"mainEntityOfPage\":{\"@id\":\"https:\/\/www.africa-press.net\/cotedivoire\/politique\/simone-gbagbo-nomme-son-directeur-de-campagne-2025\"},\"wordCount\":189,\"commentCount\":0,\"image\":{\"@id\":\"https:\/\/www.africa-press.net\/cotedivoire\/politique\/simone-gbagbo-nomme-son-directeur-de-campagne-2025#primaryimage\"},\"thumbnailUrl\":\"https:\/\/static.africa-press.net\/cote\/sites\/43\/2025\/09\/sm_1757949825.35182.jpg\",\"keywords\":[\"Chantal Camara\",\"conseil constitutionnel\",\"C\u00d4TE D'IVOIRE\",\"Dominique Traor\u00e9\",\"MGC\",\"pr\u00e9sidentielle\",\"Simone Gbagbo\"],\"articleSection\":[\"Politique\",\"Toutes les actualit\u00e9s\"],\"inLanguage\":\"fr-FR\",\"potentialAction\":[{\"@type\":\"CommentAction\",\"name\":\"Comment\",\"target\":[\"https:\/\/www.africa-press.net\/cotedivoire\/politique\/simone-gbagbo-nomme-son-directeur-de-campagne-2025#respond\"]}]},{\"@type\":\"WebPage\",\"@id\":\"https:\/\/www.africa-press.net\/cotedivoire\/politique\/simone-gbagbo-nomme-son-directeur-de-campagne-2025\",\"url\":\"https:\/\/www.africa-press.net\/cotedivoire\/politique\/simone-gbagbo-nomme-son-directeur-de-campagne-2025\",\"name\":\"Simone Gbagbo Nomme Son Directeur de Campagne 2025 - C\u00f4te d&#039;Ivoire\",\"isPartOf\":{\"@id\":\"https:\/\/www.africa-press.net\/cotedivoire\/#website\"},\"primaryImageOfPage\":{\"@id\":\"https:\/\/www.africa-press.net\/cotedivoire\/politique\/simone-gbagbo-nomme-son-directeur-de-campagne-2025#primaryimage\"},\"image\":{\"@id\":\"https:\/\/www.africa-press.net\/cotedivoire\/politique\/simone-gbagbo-nomme-son-directeur-de-campagne-2025#primaryimage\"},\"thumbnailUrl\":\"https:\/\/static.africa-press.net\/cote\/sites\/43\/2025\/09\/sm_1757949825.35182.jpg\",\"datePublished\":\"2025-09-15T17:51:50+00:00\",\"dateModified\":\"2025-09-15T18:54:20+00:00\",\"author\":{\"@id\":\"https:\/\/www.africa-press.net\/cotedivoire\/#\/schema\/person\/2b1cf3cd81a31e3cd26889ca66d677f1\"},\"description\":\"Apre\u0300s la validation de sa candidature par le Conseil Constitutionnel le lundi 08 septembre dernier, Simone Gbagbo a pro ...\",\"breadcrumb\":{\"@id\":\"https:\/\/www.africa-press.net\/cotedivoire\/politique\/simone-gbagbo-nomme-son-directeur-de-campagne-2025#breadcrumb\"},\"inLanguage\":\"fr-FR\",\"potentialAction\":[{\"@type\":\"ReadAction\",\"target\":[\"https:\/\/www.africa-press.net\/cotedivoire\/politique\/simone-gbagbo-nomme-son-directeur-de-campagne-2025\"]}]},{\"@type\":\"ImageObject\",\"inLanguage\":\"fr-FR\",\"@id\":\"https:\/\/www.africa-press.net\/cotedivoire\/politique\/simone-gbagbo-nomme-son-directeur-de-campagne-2025#primaryimage\",\"url\":\"https:\/\/static.africa-press.net\/cote\/sites\/43\/2025\/09\/sm_1757949825.35182.jpg\",\"contentUrl\":\"https:\/\/static.africa-press.net\/cote\/sites\/43\/2025\/09\/sm_1757949825.35182.jpg\",\"width\":720,\"height\":380,\"caption\":\"Simone Gbagbo Nomme Son Directeur de Campagne 2025\"},{\"@type\":\"BreadcrumbList\",\"@id\":\"https:\/\/www.africa-press.net\/cotedivoire\/politique\/simone-gbagbo-nomme-son-directeur-de-campagne-2025#breadcrumb\",\"itemListElement\":[{\"@type\":\"ListItem\",\"position\":1,\"name\":\"Accueil\",\"item\":\"https:\/\/www.africa-press.net\/cotedivoire\/\"},{\"@type\":\"ListItem\",\"position\":2,\"name\":\"Simone Gbagbo Nomme Son Directeur de Campagne 2025\"}]},{\"@type\":\"WebSite\",\"@id\":\"https:\/\/www.africa-press.net\/cotedivoire\/#website\",\"url\":\"https:\/\/www.africa-press.net\/cotedivoire\/\",\"name\":\"C\u00f4te d&#039;Ivoire\",\"description\":\"Just another Africa News Agency Sites site\",\"potentialAction\":[{\"@type\":\"SearchAction\",\"target\":{\"@type\":\"EntryPoint\",\"urlTemplate\":\"https:\/\/www.africa-press.net\/cotedivoire\/?s={search_term_string}\"},\"query-input\":{\"@type\":\"PropertyValueSpecification\",\"valueRequired\":true,\"valueName\":\"search_term_string\"}}],\"inLanguage\":\"fr-FR\"},{\"@type\":\"Person\",\"@id\":\"https:\/\/www.africa-press.net\/cotedivoire\/#\/schema\/person\/2b1cf3cd81a31e3cd26889ca66d677f1\",\"name\":\"cfeditorfr\"}]}<\/script>\n<!-- \/ Yoast SEO Premium plugin. -->","yoast_head_json":{"title":"Simone Gbagbo Nomme Son Directeur de Campagne 2025 - C\u00f4te d&#039;Ivoire","description":"Apre\u0300s la validation de sa candidature par le Conseil Constitutionnel le lundi 08 septembre dernier, Simone Gbagbo a pro ...","robots":{"index":"index","follow":"follow","max-snippet":"max-snippet:-1","max-image-preview":"max-image-preview:large","max-video-preview":"max-video-preview:-1"},"canonical":"https:\/\/www.africa-press.net\/cotedivoire\/politique\/simone-gbagbo-nomme-son-directeur-de-campagne-2025","og_locale":"fr_FR","og_type":"article","og_title":"Simone Gbagbo Nomme Son Directeur de Campagne 2025","og_description":"Apre\u0300s la validation de sa candidature par le Conseil Constitutionnel le lundi 08 septembre dernier, Simone Gbagbo a pro ...","og_url":"https:\/\/www.africa-press.net\/cotedivoire\/politique\/simone-gbagbo-nomme-son-directeur-de-campagne-2025","og_site_name":"C\u00f4te d&#039;Ivoire","article_published_time":"2025-09-15T17:51:50+00:00","article_modified_time":"2025-09-15T18:54:20+00:00","og_image":[{"width":720,"height":380,"url":"https:\/\/static.africa-press.net\/cote\/sites\/43\/2025\/09\/sm_1757949825.35182.jpg","type":"image\/jpeg"}],"author":"cfeditorfr","twitter_card":"summary_large_image","twitter_misc":{"\u00c9crit par":"cfeditorfr","Dur\u00e9e de lecture estim\u00e9e":"1 minute"},"schema":{"@context":"https:\/\/schema.org","@graph":[{"@type":"Article","@id":"https:\/\/www.africa-press.net\/cotedivoire\/politique\/simone-gbagbo-nomme-son-directeur-de-campagne-2025#article","isPartOf":{"@id":"https:\/\/www.africa-press.net\/cotedivoire\/politique\/simone-gbagbo-nomme-son-directeur-de-campagne-2025"},"author":{"name":"cfeditorfr","@id":"https:\/\/www.africa-press.net\/cotedivoire\/#\/schema\/person\/2b1cf3cd81a31e3cd26889ca66d677f1"},"headline":"Simone Gbagbo Nomme Son Directeur de Campagne 2025","datePublished":"2025-09-15T17:51:50+00:00","dateModified":"2025-09-15T18:54:20+00:00","mainEntityOfPage":{"@id":"https:\/\/www.africa-press.net\/cotedivoire\/politique\/simone-gbagbo-nomme-son-directeur-de-campagne-2025"},"wordCount":189,"commentCount":0,"image":{"@id":"https:\/\/www.africa-press.net\/cotedivoire\/politique\/simone-gbagbo-nomme-son-directeur-de-campagne-2025#primaryimage"},"thumbnailUrl":"https:\/\/static.africa-press.net\/cote\/sites\/43\/2025\/09\/sm_1757949825.35182.jpg","keywords":["Chantal Camara","conseil constitutionnel","C\u00d4TE D'IVOIRE","Dominique Traor\u00e9","MGC","pr\u00e9sidentielle","Simone Gbagbo"],"articleSection":["Politique","Toutes les actualit\u00e9s"],"inLanguage":"fr-FR","potentialAction":[{"@type":"CommentAction","name":"Comment","target":["https:\/\/www.africa-press.net\/cotedivoire\/politique\/simone-gbagbo-nomme-son-directeur-de-campagne-2025#respond"]}]},{"@type":"WebPage","@id":"https:\/\/www.africa-press.net\/cotedivoire\/politique\/simone-gbagbo-nomme-son-directeur-de-campagne-2025","url":"https:\/\/www.africa-press.net\/cotedivoire\/politique\/simone-gbagbo-nomme-son-directeur-de-campagne-2025","name":"Simone Gbagbo Nomme Son Directeur de Campagne 2025 - C\u00f4te d&#039;Ivoire","isPartOf":{"@id":"https:\/\/www.africa-press.net\/cotedivoire\/#website"},"primaryImageOfPage":{"@id":"https:\/\/www.africa-press.net\/cotedivoire\/politique\/simone-gbagbo-nomme-son-directeur-de-campagne-2025#primaryimage"},"image":{"@id":"https:\/\/www.africa-press.net\/cotedivoire\/politique\/simone-gbagbo-nomme-son-directeur-de-campagne-2025#primaryimage"},"thumbnailUrl":"https:\/\/static.africa-press.net\/cote\/sites\/43\/2025\/09\/sm_1757949825.35182.jpg","datePublished":"2025-09-15T17:51:50+00:00","dateModified":"2025-09-15T18:54:20+00:00","author":{"@id":"https:\/\/www.africa-press.net\/cotedivoire\/#\/schema\/person\/2b1cf3cd81a31e3cd26889ca66d677f1"},"description":"Apre\u0300s la validation de sa candidature par le Conseil Constitutionnel le lundi 08 septembre dernier, Simone Gbagbo a pro ...","breadcrumb":{"@id":"https:\/\/www.africa-press.net\/cotedivoire\/politique\/simone-gbagbo-nomme-son-directeur-de-campagne-2025#breadcrumb"},"inLanguage":"fr-FR","potentialAction":[{"@type":"ReadAction","target":["https:\/\/www.africa-press.net\/cotedivoire\/politique\/simone-gbagbo-nomme-son-directeur-de-campagne-2025"]}]},{"@type":"ImageObject","inLanguage":"fr-FR","@id":"https:\/\/www.africa-press.net\/cotedivoire\/politique\/simone-gbagbo-nomme-son-directeur-de-campagne-2025#primaryimage","url":"https:\/\/static.africa-press.net\/cote\/sites\/43\/2025\/09\/sm_1757949825.35182.jpg","contentUrl":"https:\/\/static.africa-press.net\/cote\/sites\/43\/2025\/09\/sm_1757949825.35182.jpg","width":720,"height":380,"caption":"Simone Gbagbo Nomme Son Directeur de Campagne 2025"},{"@type":"BreadcrumbList","@id":"https:\/\/www.africa-press.net\/cotedivoire\/politique\/simone-gbagbo-nomme-son-directeur-de-campagne-2025#breadcrumb","itemListElement":[{"@type":"ListItem","position":1,"name":"Accueil","item":"https:\/\/www.africa-press.net\/cotedivoire\/"},{"@type":"ListItem","position":2,"name":"Simone Gbagbo Nomme Son Directeur de Campagne 2025"}]},{"@type":"WebSite","@id":"https:\/\/www.africa-press.net\/cotedivoire\/#website","url":"https:\/\/www.africa-press.net\/cotedivoire\/","name":"C\u00f4te d&#039;Ivoire","description":"Just another Africa News Agency Sites site","potentialAction":[{"@type":"SearchAction","target":{"@type":"EntryPoint","urlTemplate":"https:\/\/www.africa-press.net\/cotedivoire\/?s={search_term_string}"},"query-input":{"@type":"PropertyValueSpecification","valueRequired":true,"valueName":"search_term_string"}}],"inLanguage":"fr-FR"},{"@type":"Person","@id":"https:\/\/www.africa-press.net\/cotedivoire\/#\/schema\/person\/2b1cf3cd81a31e3cd26889ca66d677f1","name":"cfeditorfr"}]}},"_links":{"self":[{"href":"https:\/\/www.africa-press.net\/cotedivoire\/wp-json\/wp\/v2\/posts\/105245","targetHints":{"allow":["GET"]}}],"collection":[{"href":"https:\/\/www.africa-press.net\/cotedivoire\/wp-json\/wp\/v2\/posts"}],"about":[{"href":"https:\/\/www.africa-press.net\/cotedivoire\/wp-json\/wp\/v2\/types\/post"}],"author":[{"embeddable":true,"href":"https:\/\/www.africa-press.net\/cotedivoire\/wp-json\/wp\/v2\/users\/82"}],"replies":[{"embeddable":true,"href":"https:\/\/www.africa-press.net\/cotedivoire\/wp-json\/wp\/v2\/comments?post=105245"}],"version-history":[{"count":0,"href":"https:\/\/www.africa-press.net\/cotedivoire\/wp-json\/wp\/v2\/posts\/105245\/revisions"}],"wp:featuredmedia":[{"embeddable":true,"href":"https:\/\/www.africa-press.net\/cotedivoire\/wp-json\/wp\/v2\/media\/105244"}],"wp:attachment":[{"href":"https:\/\/www.africa-press.net\/cotedivoire\/wp-json\/wp\/v2\/media?parent=105245"}],"wp:term":[{"taxonomy":"category","embeddable":true,"href":"https:\/\/www.africa-press.net\/cotedivoire\/wp-json\/wp\/v2\/categories?post=105245"},{"taxonomy":"post_tag","embeddable":true,"href":"https:\/\/www.africa-press.net\/cotedivoire\/wp-json\/wp\/v2\/tags?post=105245"}],"curies":[{"name":"wp","href":"https:\/\/api.w.org\/{rel}","templated":true}]}}