{"id":105355,"date":"2025-09-17T15:09:32","date_gmt":"2025-09-17T15:09:32","guid":{"rendered":"https:\/\/www.africa-press.net\/cotedivoire\/politique\/ppa-ci-et-pdci-preparent-une-action-avant-fin-septembre"},"modified":"2025-09-17T15:44:12","modified_gmt":"2025-09-17T15:44:12","slug":"ppa-ci-et-pdci-preparent-une-action-avant-fin-septembre","status":"publish","type":"post","link":"https:\/\/www.africa-press.net\/cotedivoire\/politique\/ppa-ci-et-pdci-preparent-une-action-avant-fin-septembre","title":{"rendered":"PPA-CI Et PDCI Pr\u00e9parent Une Action Avant Fin Septembre"},"content":{"rendered":"<p><span style=\"color: #ff6600\"><strong>Africa-Press &#8211; C\u00f4te d&rsquo;Ivoire. <\/strong><\/span>Le pre\u0301sident Exe\u0301cutif du Parti des Peuples Africains de Co\u0302te d\u2019Ivoire (PPA-CI), Se\u0301bastien Dano Dje\u0301dje\u0301, a anime\u0301 un point de presse le mardi 16 septembre 2025 au sie\u0300ge du parti a\u0300 Abidjan-Cocody.<\/p>\n<p>Dans sa de\u0301claration, l\u2019ancien Ministre de la Re\u0301conciliation Nationale, a annonce\u0301 une concertation avec son allie\u0301 du PDCI, en vue d\u2019une grande action a\u0300 mener avant fin septembre 2025.<\/p>\n<p>\u00ab Il n\u2019y a pas de le\u0301gitimite\u0301 sans le peuple. Il n\u2019y a pas de pouvoir le\u0301gitime sans le peuple. En conse\u0301quence, le PPA-CI en concertation avec le PDCI, de\u0301cidera d\u2019une grande action a\u0300 mener avant la fin du mois de septembre \u00bb, a-t-il indique\u0301, et d\u2019ajouter.<\/p>\n<p>\u00ab Cette action, dont les modalite\u0301s seront pre\u0301cise\u0301es ulte\u0301rieurement, sera une action de\u0301mocratique d\u2019envergure pour le peuple et par le peuple. Aujourd\u2019hui, le peuple attend des actions concre\u0300tes et nous nous y engageons. Nous demandons donc a\u0300 tous nos compatriotes de rester a\u0300 l\u2019e\u0301coute. Debout pour la justice. Debout pour la liberte\u0301. Debout pour la Co\u0302te d\u2019Ivoire. \u00bb<\/p>\n<p>Bien avant, le cadre du PPA-CI a de\u0301nonce\u0301 les interpellations des militants du parti. Selon ce dernier, au total, 29 personnes reconnues comme des partisans de Laurent Gbagbo, ont e\u0301te\u0301 victimes d\u2019enle\u0300vements ou de disparitions force\u0301 depuis le 1er aou\u0302t 2025.<\/p>\n<p>\u00ab A cet e\u0301gard le Parti exprime sa solidarite\u0301 et se tient re\u0301solument aux cote\u0301s des familles dans cette dure e\u0301preuve, personne ne devrait voir un proche disparaitre ou arre\u0302te\u0301 pour des opinions politiques \u00bb, a-t-il de\u0301clare\u0301, et avant de poursuivre.<\/p>\n<p>\u00ab Nous allons demander a\u0300 rencontrer le Ministe\u0300re de l\u2019Inte\u0301rieur pour nous enque\u0301rir de la situation de ces compatriotes dont les familles demeurent sans nouvelles, depuis plusieurs semaines. Dans un Etat de droit il n\u2019est pas normal que le peuple sente monter des tensions politiques a\u0300 la veille de chaque e\u0301lection. Dans un Etat de droit, Il n\u2019est pas normal d\u2019avoir peur d\u2019exprimer ses ide\u0301es politiques. On peut faire la politique sans terroriser, sans perse\u0301cuter ni harceler. Le peuple doit avoir la possibilite\u0301 de choisir qui le gouvernera sans avoir peur. Nous rappelons que l\u2019article 21 point 3 de la De\u0301claration des droits de l\u2019Homme dispose que \u00ab La volonte\u0301 du peuple est le fondement de l\u2019autorite\u0301 des pouvoirs publics \u00bb, a conclu Dano Dje\u0301dje\u0301.<\/p>\n<p><strong>Pour plus d&rsquo;informations et d&rsquo;analyses sur la <span style=\"color: #ff6600\">C\u00f4te d&rsquo;Ivoire<\/span>, suivez <span style=\"color: #ff6600\">Africa-Press<\/span><\/strong><\/p>\n","protected":false},"excerpt":{"rendered":"<p>Africa-Press &#8211; C\u00f4te d&rsquo;Ivoire. Le pre\u0301sident Exe\u0301cutif du Parti des Peuples Africains de Co\u0302te d\u2019Ivoire (PPA-CI), Se\u0301bastien Dano Dje\u0301dje\u0301, a anime\u0301 un point de presse le mardi 16 septembre 2025 au sie\u0300ge du parti a\u0300 Abidjan-Cocody. Dans sa de\u0301claration, l\u2019ancien Ministre de la Re\u0301conciliation Nationale, a annonce\u0301 une concertation avec son allie\u0301 du PDCI, en [&hellip;]<\/p>\n","protected":false},"author":82,"featured_media":105354,"comment_status":"open","ping_status":"closed","sticky":false,"template":"","format":"standard","meta":{"footnotes":""},"categories":[2,10],"tags":[29,1969,423,1952],"class_list":["post-105355","post","type-post","status-publish","format-standard","has-post-thumbnail","hentry","category-politique","category-toutes-les-actualites","tag-cote-divoire","tag-dano-djedje","tag-pdci","tag-ppa-ci"],"yoast_head":"<!-- This site is optimized with the Yoast SEO Premium plugin v26.1 (Yoast SEO v27.0) - https:\/\/yoast.com\/product\/yoast-seo-premium-wordpress\/ -->\n<title>PPA-CI Et PDCI Pr\u00e9parent Une Action Avant Fin Septembre - C\u00f4te d&#039;Ivoire<\/title>\n<meta name=\"description\" content=\"Le pre\u0301sident Exe\u0301cutif du Parti des Peuples Africains de Co\u0302te d\u2019Ivoire (PPA-CI), Se\u0301bastien Dano Dje\u0301dje\u0301, a anime\u0301 un ...\" \/>\n<meta name=\"robots\" content=\"index, follow, max-snippet:-1, max-image-preview:large, max-video-preview:-1\" \/>\n<link rel=\"canonical\" href=\"https:\/\/www.africa-press.net\/cotedivoire\/politique\/ppa-ci-et-pdci-preparent-une-action-avant-fin-septembre\" \/>\n<meta property=\"og:locale\" content=\"fr_FR\" \/>\n<meta property=\"og:type\" content=\"article\" \/>\n<meta property=\"og:title\" content=\"PPA-CI Et PDCI Pr\u00e9parent Une Action Avant Fin Septembre\" \/>\n<meta property=\"og:description\" content=\"Le pre\u0301sident Exe\u0301cutif du Parti des Peuples Africains de Co\u0302te d\u2019Ivoire (PPA-CI), Se\u0301bastien Dano Dje\u0301dje\u0301, a anime\u0301 un ...\" \/>\n<meta property=\"og:url\" content=\"https:\/\/www.africa-press.net\/cotedivoire\/politique\/ppa-ci-et-pdci-preparent-une-action-avant-fin-septembre\" \/>\n<meta property=\"og:site_name\" content=\"C\u00f4te d&#039;Ivoire\" \/>\n<meta property=\"article:published_time\" content=\"2025-09-17T15:09:32+00:00\" \/>\n<meta property=\"article:modified_time\" content=\"2025-09-17T15:44:12+00:00\" \/>\n<meta property=\"og:image\" content=\"https:\/\/static.africa-press.net\/cote\/sites\/43\/2025\/09\/sm_1758111230.826221.jpg\" \/>\n\t<meta property=\"og:image:width\" content=\"720\" \/>\n\t<meta property=\"og:image:height\" content=\"409\" \/>\n\t<meta property=\"og:image:type\" content=\"image\/jpeg\" \/>\n<meta name=\"author\" content=\"cfeditorfr\" \/>\n<meta name=\"twitter:card\" content=\"summary_large_image\" \/>\n<meta name=\"twitter:label1\" content=\"\u00c9crit par\" \/>\n\t<meta name=\"twitter:data1\" content=\"cfeditorfr\" \/>\n\t<meta name=\"twitter:label2\" content=\"Dur\u00e9e de lecture estim\u00e9e\" \/>\n\t<meta name=\"twitter:data2\" content=\"2 minutes\" \/>\n<script type=\"application\/ld+json\" class=\"yoast-schema-graph\">{\"@context\":\"https:\/\/schema.org\",\"@graph\":[{\"@type\":\"Article\",\"@id\":\"https:\/\/www.africa-press.net\/cotedivoire\/politique\/ppa-ci-et-pdci-preparent-une-action-avant-fin-septembre#article\",\"isPartOf\":{\"@id\":\"https:\/\/www.africa-press.net\/cotedivoire\/politique\/ppa-ci-et-pdci-preparent-une-action-avant-fin-septembre\"},\"author\":{\"name\":\"cfeditorfr\",\"@id\":\"https:\/\/www.africa-press.net\/cotedivoire\/#\/schema\/person\/2b1cf3cd81a31e3cd26889ca66d677f1\"},\"headline\":\"PPA-CI Et PDCI Pr\u00e9parent Une Action Avant Fin Septembre\",\"datePublished\":\"2025-09-17T15:09:32+00:00\",\"dateModified\":\"2025-09-17T15:44:12+00:00\",\"mainEntityOfPage\":{\"@id\":\"https:\/\/www.africa-press.net\/cotedivoire\/politique\/ppa-ci-et-pdci-preparent-une-action-avant-fin-septembre\"},\"wordCount\":446,\"commentCount\":0,\"image\":{\"@id\":\"https:\/\/www.africa-press.net\/cotedivoire\/politique\/ppa-ci-et-pdci-preparent-une-action-avant-fin-septembre#primaryimage\"},\"thumbnailUrl\":\"https:\/\/static.africa-press.net\/cote\/sites\/43\/2025\/09\/sm_1758111230.826221.jpg\",\"keywords\":[\"C\u00d4TE D'IVOIRE\",\"Dano Dj\u00e9dj\u00e9\",\"Pdci\",\"PPA-CI\"],\"articleSection\":[\"Politique\",\"Toutes les actualit\u00e9s\"],\"inLanguage\":\"fr-FR\",\"potentialAction\":[{\"@type\":\"CommentAction\",\"name\":\"Comment\",\"target\":[\"https:\/\/www.africa-press.net\/cotedivoire\/politique\/ppa-ci-et-pdci-preparent-une-action-avant-fin-septembre#respond\"]}]},{\"@type\":\"WebPage\",\"@id\":\"https:\/\/www.africa-press.net\/cotedivoire\/politique\/ppa-ci-et-pdci-preparent-une-action-avant-fin-septembre\",\"url\":\"https:\/\/www.africa-press.net\/cotedivoire\/politique\/ppa-ci-et-pdci-preparent-une-action-avant-fin-septembre\",\"name\":\"PPA-CI Et PDCI Pr\u00e9parent Une Action Avant Fin Septembre - C\u00f4te d&#039;Ivoire\",\"isPartOf\":{\"@id\":\"https:\/\/www.africa-press.net\/cotedivoire\/#website\"},\"primaryImageOfPage\":{\"@id\":\"https:\/\/www.africa-press.net\/cotedivoire\/politique\/ppa-ci-et-pdci-preparent-une-action-avant-fin-septembre#primaryimage\"},\"image\":{\"@id\":\"https:\/\/www.africa-press.net\/cotedivoire\/politique\/ppa-ci-et-pdci-preparent-une-action-avant-fin-septembre#primaryimage\"},\"thumbnailUrl\":\"https:\/\/static.africa-press.net\/cote\/sites\/43\/2025\/09\/sm_1758111230.826221.jpg\",\"datePublished\":\"2025-09-17T15:09:32+00:00\",\"dateModified\":\"2025-09-17T15:44:12+00:00\",\"author\":{\"@id\":\"https:\/\/www.africa-press.net\/cotedivoire\/#\/schema\/person\/2b1cf3cd81a31e3cd26889ca66d677f1\"},\"description\":\"Le pre\u0301sident Exe\u0301cutif du Parti des Peuples Africains de Co\u0302te d\u2019Ivoire (PPA-CI), Se\u0301bastien Dano Dje\u0301dje\u0301, a anime\u0301 un ...\",\"breadcrumb\":{\"@id\":\"https:\/\/www.africa-press.net\/cotedivoire\/politique\/ppa-ci-et-pdci-preparent-une-action-avant-fin-septembre#breadcrumb\"},\"inLanguage\":\"fr-FR\",\"potentialAction\":[{\"@type\":\"ReadAction\",\"target\":[\"https:\/\/www.africa-press.net\/cotedivoire\/politique\/ppa-ci-et-pdci-preparent-une-action-avant-fin-septembre\"]}]},{\"@type\":\"ImageObject\",\"inLanguage\":\"fr-FR\",\"@id\":\"https:\/\/www.africa-press.net\/cotedivoire\/politique\/ppa-ci-et-pdci-preparent-une-action-avant-fin-septembre#primaryimage\",\"url\":\"https:\/\/static.africa-press.net\/cote\/sites\/43\/2025\/09\/sm_1758111230.826221.jpg\",\"contentUrl\":\"https:\/\/static.africa-press.net\/cote\/sites\/43\/2025\/09\/sm_1758111230.826221.jpg\",\"width\":720,\"height\":409,\"caption\":\"PPA-CI Et PDCI Pr\u00e9parent Une Action Avant Fin Septembre\"},{\"@type\":\"BreadcrumbList\",\"@id\":\"https:\/\/www.africa-press.net\/cotedivoire\/politique\/ppa-ci-et-pdci-preparent-une-action-avant-fin-septembre#breadcrumb\",\"itemListElement\":[{\"@type\":\"ListItem\",\"position\":1,\"name\":\"Accueil\",\"item\":\"https:\/\/www.africa-press.net\/cotedivoire\/\"},{\"@type\":\"ListItem\",\"position\":2,\"name\":\"PPA-CI Et PDCI Pr\u00e9parent Une Action Avant Fin Septembre\"}]},{\"@type\":\"WebSite\",\"@id\":\"https:\/\/www.africa-press.net\/cotedivoire\/#website\",\"url\":\"https:\/\/www.africa-press.net\/cotedivoire\/\",\"name\":\"C\u00f4te d&#039;Ivoire\",\"description\":\"Just another Africa News Agency Sites site\",\"potentialAction\":[{\"@type\":\"SearchAction\",\"target\":{\"@type\":\"EntryPoint\",\"urlTemplate\":\"https:\/\/www.africa-press.net\/cotedivoire\/?s={search_term_string}\"},\"query-input\":{\"@type\":\"PropertyValueSpecification\",\"valueRequired\":true,\"valueName\":\"search_term_string\"}}],\"inLanguage\":\"fr-FR\"},{\"@type\":\"Person\",\"@id\":\"https:\/\/www.africa-press.net\/cotedivoire\/#\/schema\/person\/2b1cf3cd81a31e3cd26889ca66d677f1\",\"name\":\"cfeditorfr\"}]}<\/script>\n<!-- \/ Yoast SEO Premium plugin. -->","yoast_head_json":{"title":"PPA-CI Et PDCI Pr\u00e9parent Une Action Avant Fin Septembre - C\u00f4te d&#039;Ivoire","description":"Le pre\u0301sident Exe\u0301cutif du Parti des Peuples Africains de Co\u0302te d\u2019Ivoire (PPA-CI), Se\u0301bastien Dano Dje\u0301dje\u0301, a anime\u0301 un ...","robots":{"index":"index","follow":"follow","max-snippet":"max-snippet:-1","max-image-preview":"max-image-preview:large","max-video-preview":"max-video-preview:-1"},"canonical":"https:\/\/www.africa-press.net\/cotedivoire\/politique\/ppa-ci-et-pdci-preparent-une-action-avant-fin-septembre","og_locale":"fr_FR","og_type":"article","og_title":"PPA-CI Et PDCI Pr\u00e9parent Une Action Avant Fin Septembre","og_description":"Le pre\u0301sident Exe\u0301cutif du Parti des Peuples Africains de Co\u0302te d\u2019Ivoire (PPA-CI), Se\u0301bastien Dano Dje\u0301dje\u0301, a anime\u0301 un ...","og_url":"https:\/\/www.africa-press.net\/cotedivoire\/politique\/ppa-ci-et-pdci-preparent-une-action-avant-fin-septembre","og_site_name":"C\u00f4te d&#039;Ivoire","article_published_time":"2025-09-17T15:09:32+00:00","article_modified_time":"2025-09-17T15:44:12+00:00","og_image":[{"width":720,"height":409,"url":"https:\/\/static.africa-press.net\/cote\/sites\/43\/2025\/09\/sm_1758111230.826221.jpg","type":"image\/jpeg"}],"author":"cfeditorfr","twitter_card":"summary_large_image","twitter_misc":{"\u00c9crit par":"cfeditorfr","Dur\u00e9e de lecture estim\u00e9e":"2 minutes"},"schema":{"@context":"https:\/\/schema.org","@graph":[{"@type":"Article","@id":"https:\/\/www.africa-press.net\/cotedivoire\/politique\/ppa-ci-et-pdci-preparent-une-action-avant-fin-septembre#article","isPartOf":{"@id":"https:\/\/www.africa-press.net\/cotedivoire\/politique\/ppa-ci-et-pdci-preparent-une-action-avant-fin-septembre"},"author":{"name":"cfeditorfr","@id":"https:\/\/www.africa-press.net\/cotedivoire\/#\/schema\/person\/2b1cf3cd81a31e3cd26889ca66d677f1"},"headline":"PPA-CI Et PDCI Pr\u00e9parent Une Action Avant Fin Septembre","datePublished":"2025-09-17T15:09:32+00:00","dateModified":"2025-09-17T15:44:12+00:00","mainEntityOfPage":{"@id":"https:\/\/www.africa-press.net\/cotedivoire\/politique\/ppa-ci-et-pdci-preparent-une-action-avant-fin-septembre"},"wordCount":446,"commentCount":0,"image":{"@id":"https:\/\/www.africa-press.net\/cotedivoire\/politique\/ppa-ci-et-pdci-preparent-une-action-avant-fin-septembre#primaryimage"},"thumbnailUrl":"https:\/\/static.africa-press.net\/cote\/sites\/43\/2025\/09\/sm_1758111230.826221.jpg","keywords":["C\u00d4TE D'IVOIRE","Dano Dj\u00e9dj\u00e9","Pdci","PPA-CI"],"articleSection":["Politique","Toutes les actualit\u00e9s"],"inLanguage":"fr-FR","potentialAction":[{"@type":"CommentAction","name":"Comment","target":["https:\/\/www.africa-press.net\/cotedivoire\/politique\/ppa-ci-et-pdci-preparent-une-action-avant-fin-septembre#respond"]}]},{"@type":"WebPage","@id":"https:\/\/www.africa-press.net\/cotedivoire\/politique\/ppa-ci-et-pdci-preparent-une-action-avant-fin-septembre","url":"https:\/\/www.africa-press.net\/cotedivoire\/politique\/ppa-ci-et-pdci-preparent-une-action-avant-fin-septembre","name":"PPA-CI Et PDCI Pr\u00e9parent Une Action Avant Fin Septembre - C\u00f4te d&#039;Ivoire","isPartOf":{"@id":"https:\/\/www.africa-press.net\/cotedivoire\/#website"},"primaryImageOfPage":{"@id":"https:\/\/www.africa-press.net\/cotedivoire\/politique\/ppa-ci-et-pdci-preparent-une-action-avant-fin-septembre#primaryimage"},"image":{"@id":"https:\/\/www.africa-press.net\/cotedivoire\/politique\/ppa-ci-et-pdci-preparent-une-action-avant-fin-septembre#primaryimage"},"thumbnailUrl":"https:\/\/static.africa-press.net\/cote\/sites\/43\/2025\/09\/sm_1758111230.826221.jpg","datePublished":"2025-09-17T15:09:32+00:00","dateModified":"2025-09-17T15:44:12+00:00","author":{"@id":"https:\/\/www.africa-press.net\/cotedivoire\/#\/schema\/person\/2b1cf3cd81a31e3cd26889ca66d677f1"},"description":"Le pre\u0301sident Exe\u0301cutif du Parti des Peuples Africains de Co\u0302te d\u2019Ivoire (PPA-CI), Se\u0301bastien Dano Dje\u0301dje\u0301, a anime\u0301 un ...","breadcrumb":{"@id":"https:\/\/www.africa-press.net\/cotedivoire\/politique\/ppa-ci-et-pdci-preparent-une-action-avant-fin-septembre#breadcrumb"},"inLanguage":"fr-FR","potentialAction":[{"@type":"ReadAction","target":["https:\/\/www.africa-press.net\/cotedivoire\/politique\/ppa-ci-et-pdci-preparent-une-action-avant-fin-septembre"]}]},{"@type":"ImageObject","inLanguage":"fr-FR","@id":"https:\/\/www.africa-press.net\/cotedivoire\/politique\/ppa-ci-et-pdci-preparent-une-action-avant-fin-septembre#primaryimage","url":"https:\/\/static.africa-press.net\/cote\/sites\/43\/2025\/09\/sm_1758111230.826221.jpg","contentUrl":"https:\/\/static.africa-press.net\/cote\/sites\/43\/2025\/09\/sm_1758111230.826221.jpg","width":720,"height":409,"caption":"PPA-CI Et PDCI Pr\u00e9parent Une Action Avant Fin Septembre"},{"@type":"BreadcrumbList","@id":"https:\/\/www.africa-press.net\/cotedivoire\/politique\/ppa-ci-et-pdci-preparent-une-action-avant-fin-septembre#breadcrumb","itemListElement":[{"@type":"ListItem","position":1,"name":"Accueil","item":"https:\/\/www.africa-press.net\/cotedivoire\/"},{"@type":"ListItem","position":2,"name":"PPA-CI Et PDCI Pr\u00e9parent Une Action Avant Fin Septembre"}]},{"@type":"WebSite","@id":"https:\/\/www.africa-press.net\/cotedivoire\/#website","url":"https:\/\/www.africa-press.net\/cotedivoire\/","name":"C\u00f4te d&#039;Ivoire","description":"Just another Africa News Agency Sites site","potentialAction":[{"@type":"SearchAction","target":{"@type":"EntryPoint","urlTemplate":"https:\/\/www.africa-press.net\/cotedivoire\/?s={search_term_string}"},"query-input":{"@type":"PropertyValueSpecification","valueRequired":true,"valueName":"search_term_string"}}],"inLanguage":"fr-FR"},{"@type":"Person","@id":"https:\/\/www.africa-press.net\/cotedivoire\/#\/schema\/person\/2b1cf3cd81a31e3cd26889ca66d677f1","name":"cfeditorfr"}]}},"_links":{"self":[{"href":"https:\/\/www.africa-press.net\/cotedivoire\/wp-json\/wp\/v2\/posts\/105355","targetHints":{"allow":["GET"]}}],"collection":[{"href":"https:\/\/www.africa-press.net\/cotedivoire\/wp-json\/wp\/v2\/posts"}],"about":[{"href":"https:\/\/www.africa-press.net\/cotedivoire\/wp-json\/wp\/v2\/types\/post"}],"author":[{"embeddable":true,"href":"https:\/\/www.africa-press.net\/cotedivoire\/wp-json\/wp\/v2\/users\/82"}],"replies":[{"embeddable":true,"href":"https:\/\/www.africa-press.net\/cotedivoire\/wp-json\/wp\/v2\/comments?post=105355"}],"version-history":[{"count":0,"href":"https:\/\/www.africa-press.net\/cotedivoire\/wp-json\/wp\/v2\/posts\/105355\/revisions"}],"wp:featuredmedia":[{"embeddable":true,"href":"https:\/\/www.africa-press.net\/cotedivoire\/wp-json\/wp\/v2\/media\/105354"}],"wp:attachment":[{"href":"https:\/\/www.africa-press.net\/cotedivoire\/wp-json\/wp\/v2\/media?parent=105355"}],"wp:term":[{"taxonomy":"category","embeddable":true,"href":"https:\/\/www.africa-press.net\/cotedivoire\/wp-json\/wp\/v2\/categories?post=105355"},{"taxonomy":"post_tag","embeddable":true,"href":"https:\/\/www.africa-press.net\/cotedivoire\/wp-json\/wp\/v2\/tags?post=105355"}],"curies":[{"name":"wp","href":"https:\/\/api.w.org\/{rel}","templated":true}]}}