{"id":105481,"date":"2025-09-19T13:53:33","date_gmt":"2025-09-19T13:53:33","guid":{"rendered":"https:\/\/www.africa-press.net\/cotedivoire\/politique\/representant-special-de-lonu-pour-lafrique-a-abidjan"},"modified":"2025-09-19T14:01:47","modified_gmt":"2025-09-19T14:01:47","slug":"representant-special-de-lonu-pour-lafrique-a-abidjan","status":"publish","type":"post","link":"https:\/\/www.africa-press.net\/cotedivoire\/politique\/representant-special-de-lonu-pour-lafrique-a-abidjan","title":{"rendered":"Repr\u00e9sentant Sp\u00e9cial de l&rsquo;ONU pour l&rsquo;Afrique \u00e0 Abidjan"},"content":{"rendered":"<p><span style=\"color: #ff6600\"><strong>Africa-Press &#8211; C\u00f4te d&rsquo;Ivoire. <\/strong><\/span>Le Repre\u0301sentant Spe\u0301cial du Secre\u0301taire Ge\u0301ne\u0301ral des Nations Unies pour l&rsquo;Afrique de l&rsquo;Ouest et le Sahel, Leonardo Santos Sima\u0303o est annonce\u0301 en Co\u0302te d\u2019Ivoire.<\/p>\n<p>Selon nos informations, l\u2019envoye\u0301 du Secre\u0301taire Ge\u0301ne\u0301ral des Nations Unies, Anto\u0301nio Guterres, aura un entretien avec le Chef de l\u2019E\u0301tat, Alassane Ouattara, ce jeudi 18 septembre 2025.<\/p>\n<p>A\u0300 en croire d\u2019autre source, le Repre\u0301sentant Spe\u0301cial du Secre\u0301taire Ge\u0301ne\u0301ral des Nations Unies pour l&rsquo;Afrique de l&rsquo;Ouest et le Sahel, Leonardo Santos Sima\u0303o devrait rencontrer les candidats a\u0300 la pre\u0301sidentielle qui ont vu leurs dossiers rejete\u0301s par le Conseil constitutionnel.<\/p>\n<p><strong>Pour plus d&rsquo;informations et d&rsquo;analyses sur la <span style=\"color: #ff6600\">C\u00f4te d&rsquo;Ivoire<\/span>, suivez <span style=\"color: #ff6600\">Africa-Press<\/span><\/strong><\/p>\n","protected":false},"excerpt":{"rendered":"<p>Africa-Press &#8211; C\u00f4te d&rsquo;Ivoire. Le Repre\u0301sentant Spe\u0301cial du Secre\u0301taire Ge\u0301ne\u0301ral des Nations Unies pour l&rsquo;Afrique de l&rsquo;Ouest et le Sahel, Leonardo Santos Sima\u0303o est annonce\u0301 en Co\u0302te d\u2019Ivoire. Selon nos informations, l\u2019envoye\u0301 du Secre\u0301taire Ge\u0301ne\u0301ral des Nations Unies, Anto\u0301nio Guterres, aura un entretien avec le Chef de l\u2019E\u0301tat, Alassane Ouattara, ce jeudi 18 septembre 2025. [&hellip;]<\/p>\n","protected":false},"author":82,"featured_media":105480,"comment_status":"open","ping_status":"closed","sticky":false,"template":"","format":"standard","meta":{"footnotes":""},"categories":[2,10],"tags":[5500,29,10431,4085,727],"class_list":["post-105481","post","type-post","status-publish","format-standard","has-post-thumbnail","hentry","category-politique","category-toutes-les-actualites","tag-antonio-guterres","tag-cote-divoire","tag-leonardo-santos-simao","tag-onu","tag-ouattara"],"yoast_head":"<!-- This site is optimized with the Yoast SEO Premium plugin v26.1 (Yoast SEO v27.0) - https:\/\/yoast.com\/product\/yoast-seo-premium-wordpress\/ -->\n<title>Repr\u00e9sentant Sp\u00e9cial de l&#039;ONU pour l&#039;Afrique \u00e0 Abidjan - C\u00f4te d&#039;Ivoire<\/title>\n<meta name=\"description\" content=\"Le Repre\u0301sentant Spe\u0301cial du Secre\u0301taire Ge\u0301ne\u0301ral des Nations Unies pour l&#039;Afrique de l&#039;Ouest et le Sahel, Leonardo San ...\" \/>\n<meta name=\"robots\" content=\"index, follow, max-snippet:-1, max-image-preview:large, max-video-preview:-1\" \/>\n<link rel=\"canonical\" href=\"https:\/\/www.africa-press.net\/cotedivoire\/politique\/representant-special-de-lonu-pour-lafrique-a-abidjan\" \/>\n<meta property=\"og:locale\" content=\"fr_FR\" \/>\n<meta property=\"og:type\" content=\"article\" \/>\n<meta property=\"og:title\" content=\"Repr\u00e9sentant Sp\u00e9cial de l&#039;ONU pour l&#039;Afrique \u00e0 Abidjan\" \/>\n<meta property=\"og:description\" content=\"Le Repre\u0301sentant Spe\u0301cial du Secre\u0301taire Ge\u0301ne\u0301ral des Nations Unies pour l&#039;Afrique de l&#039;Ouest et le Sahel, Leonardo San ...\" \/>\n<meta property=\"og:url\" content=\"https:\/\/www.africa-press.net\/cotedivoire\/politique\/representant-special-de-lonu-pour-lafrique-a-abidjan\" \/>\n<meta property=\"og:site_name\" content=\"C\u00f4te d&#039;Ivoire\" \/>\n<meta property=\"article:published_time\" content=\"2025-09-19T13:53:33+00:00\" \/>\n<meta property=\"article:modified_time\" content=\"2025-09-19T14:01:47+00:00\" \/>\n<meta property=\"og:image\" content=\"https:\/\/static.africa-press.net\/cote\/sites\/43\/2025\/09\/sm_1758277885.703727.jpg\" \/>\n\t<meta property=\"og:image:width\" content=\"720\" \/>\n\t<meta property=\"og:image:height\" content=\"417\" \/>\n\t<meta property=\"og:image:type\" content=\"image\/jpeg\" \/>\n<meta name=\"author\" content=\"cfeditorfr\" \/>\n<meta name=\"twitter:card\" content=\"summary_large_image\" \/>\n<meta name=\"twitter:label1\" content=\"\u00c9crit par\" \/>\n\t<meta name=\"twitter:data1\" content=\"cfeditorfr\" \/>\n\t<meta name=\"twitter:label2\" content=\"Dur\u00e9e de lecture estim\u00e9e\" \/>\n\t<meta name=\"twitter:data2\" content=\"1 minute\" \/>\n<script type=\"application\/ld+json\" class=\"yoast-schema-graph\">{\"@context\":\"https:\/\/schema.org\",\"@graph\":[{\"@type\":\"Article\",\"@id\":\"https:\/\/www.africa-press.net\/cotedivoire\/politique\/representant-special-de-lonu-pour-lafrique-a-abidjan#article\",\"isPartOf\":{\"@id\":\"https:\/\/www.africa-press.net\/cotedivoire\/politique\/representant-special-de-lonu-pour-lafrique-a-abidjan\"},\"author\":{\"name\":\"cfeditorfr\",\"@id\":\"https:\/\/www.africa-press.net\/cotedivoire\/#\/schema\/person\/2b1cf3cd81a31e3cd26889ca66d677f1\"},\"headline\":\"Repr\u00e9sentant Sp\u00e9cial de l&rsquo;ONU pour l&rsquo;Afrique \u00e0 Abidjan\",\"datePublished\":\"2025-09-19T13:53:33+00:00\",\"dateModified\":\"2025-09-19T14:01:47+00:00\",\"mainEntityOfPage\":{\"@id\":\"https:\/\/www.africa-press.net\/cotedivoire\/politique\/representant-special-de-lonu-pour-lafrique-a-abidjan\"},\"wordCount\":150,\"commentCount\":0,\"image\":{\"@id\":\"https:\/\/www.africa-press.net\/cotedivoire\/politique\/representant-special-de-lonu-pour-lafrique-a-abidjan#primaryimage\"},\"thumbnailUrl\":\"https:\/\/static.africa-press.net\/cote\/sites\/43\/2025\/09\/sm_1758277885.703727.jpg\",\"keywords\":[\"Antonio Guterres\",\"C\u00d4TE D'IVOIRE\",\"L\u00e9onardo Santos Simao\",\"ONU\",\"Ouattara\"],\"articleSection\":[\"Politique\",\"Toutes les actualit\u00e9s\"],\"inLanguage\":\"fr-FR\",\"potentialAction\":[{\"@type\":\"CommentAction\",\"name\":\"Comment\",\"target\":[\"https:\/\/www.africa-press.net\/cotedivoire\/politique\/representant-special-de-lonu-pour-lafrique-a-abidjan#respond\"]}]},{\"@type\":\"WebPage\",\"@id\":\"https:\/\/www.africa-press.net\/cotedivoire\/politique\/representant-special-de-lonu-pour-lafrique-a-abidjan\",\"url\":\"https:\/\/www.africa-press.net\/cotedivoire\/politique\/representant-special-de-lonu-pour-lafrique-a-abidjan\",\"name\":\"Repr\u00e9sentant Sp\u00e9cial de l'ONU pour l'Afrique \u00e0 Abidjan - C\u00f4te d&#039;Ivoire\",\"isPartOf\":{\"@id\":\"https:\/\/www.africa-press.net\/cotedivoire\/#website\"},\"primaryImageOfPage\":{\"@id\":\"https:\/\/www.africa-press.net\/cotedivoire\/politique\/representant-special-de-lonu-pour-lafrique-a-abidjan#primaryimage\"},\"image\":{\"@id\":\"https:\/\/www.africa-press.net\/cotedivoire\/politique\/representant-special-de-lonu-pour-lafrique-a-abidjan#primaryimage\"},\"thumbnailUrl\":\"https:\/\/static.africa-press.net\/cote\/sites\/43\/2025\/09\/sm_1758277885.703727.jpg\",\"datePublished\":\"2025-09-19T13:53:33+00:00\",\"dateModified\":\"2025-09-19T14:01:47+00:00\",\"author\":{\"@id\":\"https:\/\/www.africa-press.net\/cotedivoire\/#\/schema\/person\/2b1cf3cd81a31e3cd26889ca66d677f1\"},\"description\":\"Le Repre\u0301sentant Spe\u0301cial du Secre\u0301taire Ge\u0301ne\u0301ral des Nations Unies pour l'Afrique de l'Ouest et le Sahel, Leonardo San ...\",\"breadcrumb\":{\"@id\":\"https:\/\/www.africa-press.net\/cotedivoire\/politique\/representant-special-de-lonu-pour-lafrique-a-abidjan#breadcrumb\"},\"inLanguage\":\"fr-FR\",\"potentialAction\":[{\"@type\":\"ReadAction\",\"target\":[\"https:\/\/www.africa-press.net\/cotedivoire\/politique\/representant-special-de-lonu-pour-lafrique-a-abidjan\"]}]},{\"@type\":\"ImageObject\",\"inLanguage\":\"fr-FR\",\"@id\":\"https:\/\/www.africa-press.net\/cotedivoire\/politique\/representant-special-de-lonu-pour-lafrique-a-abidjan#primaryimage\",\"url\":\"https:\/\/static.africa-press.net\/cote\/sites\/43\/2025\/09\/sm_1758277885.703727.jpg\",\"contentUrl\":\"https:\/\/static.africa-press.net\/cote\/sites\/43\/2025\/09\/sm_1758277885.703727.jpg\",\"width\":720,\"height\":417,\"caption\":\"Repr\u00e9sentant Sp\u00e9cial de l'ONU pour l'Afrique \u00e0 Abidjan\"},{\"@type\":\"BreadcrumbList\",\"@id\":\"https:\/\/www.africa-press.net\/cotedivoire\/politique\/representant-special-de-lonu-pour-lafrique-a-abidjan#breadcrumb\",\"itemListElement\":[{\"@type\":\"ListItem\",\"position\":1,\"name\":\"Accueil\",\"item\":\"https:\/\/www.africa-press.net\/cotedivoire\/\"},{\"@type\":\"ListItem\",\"position\":2,\"name\":\"Repr\u00e9sentant Sp\u00e9cial de l&#8217;ONU pour l&#8217;Afrique \u00e0 Abidjan\"}]},{\"@type\":\"WebSite\",\"@id\":\"https:\/\/www.africa-press.net\/cotedivoire\/#website\",\"url\":\"https:\/\/www.africa-press.net\/cotedivoire\/\",\"name\":\"C\u00f4te d&#039;Ivoire\",\"description\":\"Just another Africa News Agency Sites site\",\"potentialAction\":[{\"@type\":\"SearchAction\",\"target\":{\"@type\":\"EntryPoint\",\"urlTemplate\":\"https:\/\/www.africa-press.net\/cotedivoire\/?s={search_term_string}\"},\"query-input\":{\"@type\":\"PropertyValueSpecification\",\"valueRequired\":true,\"valueName\":\"search_term_string\"}}],\"inLanguage\":\"fr-FR\"},{\"@type\":\"Person\",\"@id\":\"https:\/\/www.africa-press.net\/cotedivoire\/#\/schema\/person\/2b1cf3cd81a31e3cd26889ca66d677f1\",\"name\":\"cfeditorfr\"}]}<\/script>\n<!-- \/ Yoast SEO Premium plugin. -->","yoast_head_json":{"title":"Repr\u00e9sentant Sp\u00e9cial de l'ONU pour l'Afrique \u00e0 Abidjan - C\u00f4te d&#039;Ivoire","description":"Le Repre\u0301sentant Spe\u0301cial du Secre\u0301taire Ge\u0301ne\u0301ral des Nations Unies pour l'Afrique de l'Ouest et le Sahel, Leonardo San ...","robots":{"index":"index","follow":"follow","max-snippet":"max-snippet:-1","max-image-preview":"max-image-preview:large","max-video-preview":"max-video-preview:-1"},"canonical":"https:\/\/www.africa-press.net\/cotedivoire\/politique\/representant-special-de-lonu-pour-lafrique-a-abidjan","og_locale":"fr_FR","og_type":"article","og_title":"Repr\u00e9sentant Sp\u00e9cial de l'ONU pour l'Afrique \u00e0 Abidjan","og_description":"Le Repre\u0301sentant Spe\u0301cial du Secre\u0301taire Ge\u0301ne\u0301ral des Nations Unies pour l'Afrique de l'Ouest et le Sahel, Leonardo San ...","og_url":"https:\/\/www.africa-press.net\/cotedivoire\/politique\/representant-special-de-lonu-pour-lafrique-a-abidjan","og_site_name":"C\u00f4te d&#039;Ivoire","article_published_time":"2025-09-19T13:53:33+00:00","article_modified_time":"2025-09-19T14:01:47+00:00","og_image":[{"width":720,"height":417,"url":"https:\/\/static.africa-press.net\/cote\/sites\/43\/2025\/09\/sm_1758277885.703727.jpg","type":"image\/jpeg"}],"author":"cfeditorfr","twitter_card":"summary_large_image","twitter_misc":{"\u00c9crit par":"cfeditorfr","Dur\u00e9e de lecture estim\u00e9e":"1 minute"},"schema":{"@context":"https:\/\/schema.org","@graph":[{"@type":"Article","@id":"https:\/\/www.africa-press.net\/cotedivoire\/politique\/representant-special-de-lonu-pour-lafrique-a-abidjan#article","isPartOf":{"@id":"https:\/\/www.africa-press.net\/cotedivoire\/politique\/representant-special-de-lonu-pour-lafrique-a-abidjan"},"author":{"name":"cfeditorfr","@id":"https:\/\/www.africa-press.net\/cotedivoire\/#\/schema\/person\/2b1cf3cd81a31e3cd26889ca66d677f1"},"headline":"Repr\u00e9sentant Sp\u00e9cial de l&rsquo;ONU pour l&rsquo;Afrique \u00e0 Abidjan","datePublished":"2025-09-19T13:53:33+00:00","dateModified":"2025-09-19T14:01:47+00:00","mainEntityOfPage":{"@id":"https:\/\/www.africa-press.net\/cotedivoire\/politique\/representant-special-de-lonu-pour-lafrique-a-abidjan"},"wordCount":150,"commentCount":0,"image":{"@id":"https:\/\/www.africa-press.net\/cotedivoire\/politique\/representant-special-de-lonu-pour-lafrique-a-abidjan#primaryimage"},"thumbnailUrl":"https:\/\/static.africa-press.net\/cote\/sites\/43\/2025\/09\/sm_1758277885.703727.jpg","keywords":["Antonio Guterres","C\u00d4TE D'IVOIRE","L\u00e9onardo Santos Simao","ONU","Ouattara"],"articleSection":["Politique","Toutes les actualit\u00e9s"],"inLanguage":"fr-FR","potentialAction":[{"@type":"CommentAction","name":"Comment","target":["https:\/\/www.africa-press.net\/cotedivoire\/politique\/representant-special-de-lonu-pour-lafrique-a-abidjan#respond"]}]},{"@type":"WebPage","@id":"https:\/\/www.africa-press.net\/cotedivoire\/politique\/representant-special-de-lonu-pour-lafrique-a-abidjan","url":"https:\/\/www.africa-press.net\/cotedivoire\/politique\/representant-special-de-lonu-pour-lafrique-a-abidjan","name":"Repr\u00e9sentant Sp\u00e9cial de l'ONU pour l'Afrique \u00e0 Abidjan - C\u00f4te d&#039;Ivoire","isPartOf":{"@id":"https:\/\/www.africa-press.net\/cotedivoire\/#website"},"primaryImageOfPage":{"@id":"https:\/\/www.africa-press.net\/cotedivoire\/politique\/representant-special-de-lonu-pour-lafrique-a-abidjan#primaryimage"},"image":{"@id":"https:\/\/www.africa-press.net\/cotedivoire\/politique\/representant-special-de-lonu-pour-lafrique-a-abidjan#primaryimage"},"thumbnailUrl":"https:\/\/static.africa-press.net\/cote\/sites\/43\/2025\/09\/sm_1758277885.703727.jpg","datePublished":"2025-09-19T13:53:33+00:00","dateModified":"2025-09-19T14:01:47+00:00","author":{"@id":"https:\/\/www.africa-press.net\/cotedivoire\/#\/schema\/person\/2b1cf3cd81a31e3cd26889ca66d677f1"},"description":"Le Repre\u0301sentant Spe\u0301cial du Secre\u0301taire Ge\u0301ne\u0301ral des Nations Unies pour l'Afrique de l'Ouest et le Sahel, Leonardo San ...","breadcrumb":{"@id":"https:\/\/www.africa-press.net\/cotedivoire\/politique\/representant-special-de-lonu-pour-lafrique-a-abidjan#breadcrumb"},"inLanguage":"fr-FR","potentialAction":[{"@type":"ReadAction","target":["https:\/\/www.africa-press.net\/cotedivoire\/politique\/representant-special-de-lonu-pour-lafrique-a-abidjan"]}]},{"@type":"ImageObject","inLanguage":"fr-FR","@id":"https:\/\/www.africa-press.net\/cotedivoire\/politique\/representant-special-de-lonu-pour-lafrique-a-abidjan#primaryimage","url":"https:\/\/static.africa-press.net\/cote\/sites\/43\/2025\/09\/sm_1758277885.703727.jpg","contentUrl":"https:\/\/static.africa-press.net\/cote\/sites\/43\/2025\/09\/sm_1758277885.703727.jpg","width":720,"height":417,"caption":"Repr\u00e9sentant Sp\u00e9cial de l'ONU pour l'Afrique \u00e0 Abidjan"},{"@type":"BreadcrumbList","@id":"https:\/\/www.africa-press.net\/cotedivoire\/politique\/representant-special-de-lonu-pour-lafrique-a-abidjan#breadcrumb","itemListElement":[{"@type":"ListItem","position":1,"name":"Accueil","item":"https:\/\/www.africa-press.net\/cotedivoire\/"},{"@type":"ListItem","position":2,"name":"Repr\u00e9sentant Sp\u00e9cial de l&#8217;ONU pour l&#8217;Afrique \u00e0 Abidjan"}]},{"@type":"WebSite","@id":"https:\/\/www.africa-press.net\/cotedivoire\/#website","url":"https:\/\/www.africa-press.net\/cotedivoire\/","name":"C\u00f4te d&#039;Ivoire","description":"Just another Africa News Agency Sites site","potentialAction":[{"@type":"SearchAction","target":{"@type":"EntryPoint","urlTemplate":"https:\/\/www.africa-press.net\/cotedivoire\/?s={search_term_string}"},"query-input":{"@type":"PropertyValueSpecification","valueRequired":true,"valueName":"search_term_string"}}],"inLanguage":"fr-FR"},{"@type":"Person","@id":"https:\/\/www.africa-press.net\/cotedivoire\/#\/schema\/person\/2b1cf3cd81a31e3cd26889ca66d677f1","name":"cfeditorfr"}]}},"_links":{"self":[{"href":"https:\/\/www.africa-press.net\/cotedivoire\/wp-json\/wp\/v2\/posts\/105481","targetHints":{"allow":["GET"]}}],"collection":[{"href":"https:\/\/www.africa-press.net\/cotedivoire\/wp-json\/wp\/v2\/posts"}],"about":[{"href":"https:\/\/www.africa-press.net\/cotedivoire\/wp-json\/wp\/v2\/types\/post"}],"author":[{"embeddable":true,"href":"https:\/\/www.africa-press.net\/cotedivoire\/wp-json\/wp\/v2\/users\/82"}],"replies":[{"embeddable":true,"href":"https:\/\/www.africa-press.net\/cotedivoire\/wp-json\/wp\/v2\/comments?post=105481"}],"version-history":[{"count":0,"href":"https:\/\/www.africa-press.net\/cotedivoire\/wp-json\/wp\/v2\/posts\/105481\/revisions"}],"wp:featuredmedia":[{"embeddable":true,"href":"https:\/\/www.africa-press.net\/cotedivoire\/wp-json\/wp\/v2\/media\/105480"}],"wp:attachment":[{"href":"https:\/\/www.africa-press.net\/cotedivoire\/wp-json\/wp\/v2\/media?parent=105481"}],"wp:term":[{"taxonomy":"category","embeddable":true,"href":"https:\/\/www.africa-press.net\/cotedivoire\/wp-json\/wp\/v2\/categories?post=105481"},{"taxonomy":"post_tag","embeddable":true,"href":"https:\/\/www.africa-press.net\/cotedivoire\/wp-json\/wp\/v2\/tags?post=105481"}],"curies":[{"name":"wp","href":"https:\/\/api.w.org\/{rel}","templated":true}]}}