{"id":10552,"date":"2021-07-29T12:58:05","date_gmt":"2021-07-29T12:58:05","guid":{"rendered":"https:\/\/www.africa-press.net\/cotedivoire\/?p=10552"},"modified":"2021-07-30T18:22:23","modified_gmt":"2021-07-30T18:22:23","slug":"ouattara-gbagbo-leur-tete-a-tete-cote-coulisses","status":"publish","type":"post","link":"https:\/\/www.africa-press.net\/cotedivoire\/dossiers\/ouattara-gbagbo-leur-tete-a-tete-cote-coulisses","title":{"rendered":"Ouattara-Gbagbo : leur t\u00eate-\u00e0-t\u00eate c\u00f4t\u00e9 coulisses"},"content":{"rendered":"<p><span style=\"color: #ff6600\"><strong><a href=\"https:\/\/www.africa-press.net\/\">Africa-Press<\/a> &#8211; <a href=\"https:\/\/www.africa-press.net\/cotedivoire\">C\u00f4te d&rsquo;Ivoire<\/a>. <\/strong><\/span>Les deux hommes, qui ne s\u2019\u00e9taient pas revus depuis dix ans, se sont retrouv\u00e9s le 27 juillet au palais pr\u00e9sidentiel. Voici ce qu\u2019ils se sont dit. Selon leurs proches, le t\u00eate-\u00e0-t\u00eate d\u2019une heure entre Alassane Ouattara (ADO) et Laurent Gbagbo fut amical et cordial. \u00ab C\u2019\u00e9tait une prise de contact fraternelle \u00bb, assure un intime du chef de l\u2019\u00c9tat. Les deux hommes, entre qui la d\u00e9fiance \u00e9tait jusque-l\u00e0 tr\u00e8s grande, ont exprim\u00e9 \u00e0 leur entourage leur grande satisfaction.<\/p>\n<p>Ils \u00e9taient accompagn\u00e9s de Fid\u00e8le Sarassoro, le directeur de cabinet d\u2019ADO, Ibrahim Ciss\u00e9 Bacongo, nouveau ministre conseiller sp\u00e9cial du pr\u00e9sident charg\u00e9 des affaires politiques, Adama Bictogo, directeur ex\u00e9cutif du Rassemblement des houphou\u00ebtistes pour la d\u00e9mocratie et la paix (RHDP), Assoa Adou, secr\u00e9taire g\u00e9n\u00e9ral de la branche dissidente du Front populaire ivoirien (FPI), Hubert Oulaye, cadre du FPI, et enfin Georges Armand Ou\u00e9gnin, pr\u00e9sident de la plateforme Ensemble pour la d\u00e9mocratie et la souverainet\u00e9 (EDS).<\/p>\n<p><b>\u00a0<\/b><\/p>\n","protected":false},"excerpt":{"rendered":"<p>Africa-Press &#8211; C\u00f4te d&rsquo;Ivoire. Les deux hommes, qui ne s\u2019\u00e9taient pas revus depuis dix ans, se sont retrouv\u00e9s le 27 juillet au palais pr\u00e9sidentiel. Voici ce qu\u2019ils se sont dit. Selon leurs proches, le t\u00eate-\u00e0-t\u00eate d\u2019une heure entre Alassane Ouattara (ADO) et Laurent Gbagbo fut amical et cordial. \u00ab C\u2019\u00e9tait une prise de contact fraternelle [&hellip;]<\/p>\n","protected":false},"author":82,"featured_media":10551,"comment_status":"open","ping_status":"closed","sticky":false,"template":"","format":"standard","meta":{"footnotes":""},"categories":[7,11,10],"tags":[56,63,29],"class_list":["post-10552","post","type-post","status-publish","format-standard","has-post-thumbnail","hentry","category-dossiers","category-homepage-french","category-toutes-les-actualites","tag-africa-press","tag-africa-press-cote-divoire","tag-cote-divoire"],"yoast_head":"<!-- This site is optimized with the Yoast SEO Premium plugin v26.1 (Yoast SEO v27.0) - https:\/\/yoast.com\/product\/yoast-seo-premium-wordpress\/ -->\n<title>Ouattara-Gbagbo : leur t\u00eate-\u00e0-t\u00eate c\u00f4t\u00e9 coulisses - C\u00f4te d&#039;Ivoire<\/title>\n<meta name=\"description\" content=\"Les deux hommes, qui ne s\u2019\u00e9taient pas revus depuis dix ans, se sont retrouv\u00e9s le 27 juillet au palais pr\u00e9sidentiel. Voic ...\" \/>\n<meta name=\"robots\" content=\"index, follow, max-snippet:-1, max-image-preview:large, max-video-preview:-1\" \/>\n<link rel=\"canonical\" href=\"https:\/\/www.africa-press.net\/cotedivoire\/dossiers\/ouattara-gbagbo-leur-tete-a-tete-cote-coulisses\" \/>\n<meta property=\"og:locale\" content=\"fr_FR\" \/>\n<meta property=\"og:type\" content=\"article\" \/>\n<meta property=\"og:title\" content=\"Ouattara-Gbagbo : leur t\u00eate-\u00e0-t\u00eate c\u00f4t\u00e9 coulisses\" \/>\n<meta property=\"og:description\" content=\"Les deux hommes, qui ne s\u2019\u00e9taient pas revus depuis dix ans, se sont retrouv\u00e9s le 27 juillet au palais pr\u00e9sidentiel. Voic ...\" \/>\n<meta property=\"og:url\" content=\"https:\/\/www.africa-press.net\/cotedivoire\/dossiers\/ouattara-gbagbo-leur-tete-a-tete-cote-coulisses\" \/>\n<meta property=\"og:site_name\" content=\"C\u00f4te d&#039;Ivoire\" \/>\n<meta property=\"article:published_time\" content=\"2021-07-29T12:58:05+00:00\" \/>\n<meta property=\"article:modified_time\" content=\"2021-07-30T18:22:23+00:00\" \/>\n<meta property=\"og:image\" content=\"https:\/\/static.africa-press.net\/cote\/sites\/43\/2021\/07\/img-6102a4e03cc99.jpg\" \/>\n\t<meta property=\"og:image:width\" content=\"720\" \/>\n\t<meta property=\"og:image:height\" content=\"360\" \/>\n\t<meta property=\"og:image:type\" content=\"image\/jpeg\" \/>\n<meta name=\"author\" content=\"cfeditorfr\" \/>\n<meta name=\"twitter:card\" content=\"summary_large_image\" \/>\n<meta name=\"twitter:label1\" content=\"\u00c9crit par\" \/>\n\t<meta name=\"twitter:data1\" content=\"cfeditorfr\" \/>\n\t<meta name=\"twitter:label2\" content=\"Dur\u00e9e de lecture estim\u00e9e\" \/>\n\t<meta name=\"twitter:data2\" content=\"1 minute\" \/>\n<script type=\"application\/ld+json\" class=\"yoast-schema-graph\">{\"@context\":\"https:\/\/schema.org\",\"@graph\":[{\"@type\":\"Article\",\"@id\":\"https:\/\/www.africa-press.net\/cotedivoire\/dossiers\/ouattara-gbagbo-leur-tete-a-tete-cote-coulisses#article\",\"isPartOf\":{\"@id\":\"https:\/\/www.africa-press.net\/cotedivoire\/dossiers\/ouattara-gbagbo-leur-tete-a-tete-cote-coulisses\"},\"author\":{\"name\":\"cfeditorfr\",\"@id\":\"https:\/\/www.africa-press.net\/cotedivoire\/#\/schema\/person\/2b1cf3cd81a31e3cd26889ca66d677f1\"},\"headline\":\"Ouattara-Gbagbo : leur t\u00eate-\u00e0-t\u00eate c\u00f4t\u00e9 coulisses\",\"datePublished\":\"2021-07-29T12:58:05+00:00\",\"dateModified\":\"2021-07-30T18:22:23+00:00\",\"mainEntityOfPage\":{\"@id\":\"https:\/\/www.africa-press.net\/cotedivoire\/dossiers\/ouattara-gbagbo-leur-tete-a-tete-cote-coulisses\"},\"wordCount\":189,\"commentCount\":0,\"image\":{\"@id\":\"https:\/\/www.africa-press.net\/cotedivoire\/dossiers\/ouattara-gbagbo-leur-tete-a-tete-cote-coulisses#primaryimage\"},\"thumbnailUrl\":\"https:\/\/static.africa-press.net\/cote\/sites\/43\/2021\/07\/img-6102a4e03cc99.jpg\",\"keywords\":[\"Africa Press\",\"Africa Press-C\u00f4te d'Ivoire\",\"C\u00d4TE D'IVOIRE\"],\"articleSection\":[\"Dossiers\",\"homepage-french\",\"Toutes les actualit\u00e9s\"],\"inLanguage\":\"fr-FR\",\"potentialAction\":[{\"@type\":\"CommentAction\",\"name\":\"Comment\",\"target\":[\"https:\/\/www.africa-press.net\/cotedivoire\/dossiers\/ouattara-gbagbo-leur-tete-a-tete-cote-coulisses#respond\"]}]},{\"@type\":\"WebPage\",\"@id\":\"https:\/\/www.africa-press.net\/cotedivoire\/dossiers\/ouattara-gbagbo-leur-tete-a-tete-cote-coulisses\",\"url\":\"https:\/\/www.africa-press.net\/cotedivoire\/dossiers\/ouattara-gbagbo-leur-tete-a-tete-cote-coulisses\",\"name\":\"Ouattara-Gbagbo : leur t\u00eate-\u00e0-t\u00eate c\u00f4t\u00e9 coulisses - C\u00f4te d&#039;Ivoire\",\"isPartOf\":{\"@id\":\"https:\/\/www.africa-press.net\/cotedivoire\/#website\"},\"primaryImageOfPage\":{\"@id\":\"https:\/\/www.africa-press.net\/cotedivoire\/dossiers\/ouattara-gbagbo-leur-tete-a-tete-cote-coulisses#primaryimage\"},\"image\":{\"@id\":\"https:\/\/www.africa-press.net\/cotedivoire\/dossiers\/ouattara-gbagbo-leur-tete-a-tete-cote-coulisses#primaryimage\"},\"thumbnailUrl\":\"https:\/\/static.africa-press.net\/cote\/sites\/43\/2021\/07\/img-6102a4e03cc99.jpg\",\"datePublished\":\"2021-07-29T12:58:05+00:00\",\"dateModified\":\"2021-07-30T18:22:23+00:00\",\"author\":{\"@id\":\"https:\/\/www.africa-press.net\/cotedivoire\/#\/schema\/person\/2b1cf3cd81a31e3cd26889ca66d677f1\"},\"description\":\"Les deux hommes, qui ne s\u2019\u00e9taient pas revus depuis dix ans, se sont retrouv\u00e9s le 27 juillet au palais pr\u00e9sidentiel. Voic ...\",\"breadcrumb\":{\"@id\":\"https:\/\/www.africa-press.net\/cotedivoire\/dossiers\/ouattara-gbagbo-leur-tete-a-tete-cote-coulisses#breadcrumb\"},\"inLanguage\":\"fr-FR\",\"potentialAction\":[{\"@type\":\"ReadAction\",\"target\":[\"https:\/\/www.africa-press.net\/cotedivoire\/dossiers\/ouattara-gbagbo-leur-tete-a-tete-cote-coulisses\"]}]},{\"@type\":\"ImageObject\",\"inLanguage\":\"fr-FR\",\"@id\":\"https:\/\/www.africa-press.net\/cotedivoire\/dossiers\/ouattara-gbagbo-leur-tete-a-tete-cote-coulisses#primaryimage\",\"url\":\"https:\/\/static.africa-press.net\/cote\/sites\/43\/2021\/07\/img-6102a4e03cc99.jpg\",\"contentUrl\":\"https:\/\/static.africa-press.net\/cote\/sites\/43\/2021\/07\/img-6102a4e03cc99.jpg\",\"width\":720,\"height\":360,\"caption\":\"Ouattara-Gbagbo : leur t\u00eate-\u00e0-t\u00eate c\u00f4t\u00e9 coulisses\"},{\"@type\":\"BreadcrumbList\",\"@id\":\"https:\/\/www.africa-press.net\/cotedivoire\/dossiers\/ouattara-gbagbo-leur-tete-a-tete-cote-coulisses#breadcrumb\",\"itemListElement\":[{\"@type\":\"ListItem\",\"position\":1,\"name\":\"Accueil\",\"item\":\"https:\/\/www.africa-press.net\/cotedivoire\/\"},{\"@type\":\"ListItem\",\"position\":2,\"name\":\"Ouattara-Gbagbo : leur t\u00eate-\u00e0-t\u00eate c\u00f4t\u00e9 coulisses\"}]},{\"@type\":\"WebSite\",\"@id\":\"https:\/\/www.africa-press.net\/cotedivoire\/#website\",\"url\":\"https:\/\/www.africa-press.net\/cotedivoire\/\",\"name\":\"C\u00f4te d&#039;Ivoire\",\"description\":\"Just another Africa News Agency Sites site\",\"potentialAction\":[{\"@type\":\"SearchAction\",\"target\":{\"@type\":\"EntryPoint\",\"urlTemplate\":\"https:\/\/www.africa-press.net\/cotedivoire\/?s={search_term_string}\"},\"query-input\":{\"@type\":\"PropertyValueSpecification\",\"valueRequired\":true,\"valueName\":\"search_term_string\"}}],\"inLanguage\":\"fr-FR\"},{\"@type\":\"Person\",\"@id\":\"https:\/\/www.africa-press.net\/cotedivoire\/#\/schema\/person\/2b1cf3cd81a31e3cd26889ca66d677f1\",\"name\":\"cfeditorfr\"}]}<\/script>\n<!-- \/ Yoast SEO Premium plugin. -->","yoast_head_json":{"title":"Ouattara-Gbagbo : leur t\u00eate-\u00e0-t\u00eate c\u00f4t\u00e9 coulisses - C\u00f4te d&#039;Ivoire","description":"Les deux hommes, qui ne s\u2019\u00e9taient pas revus depuis dix ans, se sont retrouv\u00e9s le 27 juillet au palais pr\u00e9sidentiel. Voic ...","robots":{"index":"index","follow":"follow","max-snippet":"max-snippet:-1","max-image-preview":"max-image-preview:large","max-video-preview":"max-video-preview:-1"},"canonical":"https:\/\/www.africa-press.net\/cotedivoire\/dossiers\/ouattara-gbagbo-leur-tete-a-tete-cote-coulisses","og_locale":"fr_FR","og_type":"article","og_title":"Ouattara-Gbagbo : leur t\u00eate-\u00e0-t\u00eate c\u00f4t\u00e9 coulisses","og_description":"Les deux hommes, qui ne s\u2019\u00e9taient pas revus depuis dix ans, se sont retrouv\u00e9s le 27 juillet au palais pr\u00e9sidentiel. Voic ...","og_url":"https:\/\/www.africa-press.net\/cotedivoire\/dossiers\/ouattara-gbagbo-leur-tete-a-tete-cote-coulisses","og_site_name":"C\u00f4te d&#039;Ivoire","article_published_time":"2021-07-29T12:58:05+00:00","article_modified_time":"2021-07-30T18:22:23+00:00","og_image":[{"width":720,"height":360,"url":"https:\/\/static.africa-press.net\/cote\/sites\/43\/2021\/07\/img-6102a4e03cc99.jpg","type":"image\/jpeg"}],"author":"cfeditorfr","twitter_card":"summary_large_image","twitter_misc":{"\u00c9crit par":"cfeditorfr","Dur\u00e9e de lecture estim\u00e9e":"1 minute"},"schema":{"@context":"https:\/\/schema.org","@graph":[{"@type":"Article","@id":"https:\/\/www.africa-press.net\/cotedivoire\/dossiers\/ouattara-gbagbo-leur-tete-a-tete-cote-coulisses#article","isPartOf":{"@id":"https:\/\/www.africa-press.net\/cotedivoire\/dossiers\/ouattara-gbagbo-leur-tete-a-tete-cote-coulisses"},"author":{"name":"cfeditorfr","@id":"https:\/\/www.africa-press.net\/cotedivoire\/#\/schema\/person\/2b1cf3cd81a31e3cd26889ca66d677f1"},"headline":"Ouattara-Gbagbo : leur t\u00eate-\u00e0-t\u00eate c\u00f4t\u00e9 coulisses","datePublished":"2021-07-29T12:58:05+00:00","dateModified":"2021-07-30T18:22:23+00:00","mainEntityOfPage":{"@id":"https:\/\/www.africa-press.net\/cotedivoire\/dossiers\/ouattara-gbagbo-leur-tete-a-tete-cote-coulisses"},"wordCount":189,"commentCount":0,"image":{"@id":"https:\/\/www.africa-press.net\/cotedivoire\/dossiers\/ouattara-gbagbo-leur-tete-a-tete-cote-coulisses#primaryimage"},"thumbnailUrl":"https:\/\/static.africa-press.net\/cote\/sites\/43\/2021\/07\/img-6102a4e03cc99.jpg","keywords":["Africa Press","Africa Press-C\u00f4te d'Ivoire","C\u00d4TE D'IVOIRE"],"articleSection":["Dossiers","homepage-french","Toutes les actualit\u00e9s"],"inLanguage":"fr-FR","potentialAction":[{"@type":"CommentAction","name":"Comment","target":["https:\/\/www.africa-press.net\/cotedivoire\/dossiers\/ouattara-gbagbo-leur-tete-a-tete-cote-coulisses#respond"]}]},{"@type":"WebPage","@id":"https:\/\/www.africa-press.net\/cotedivoire\/dossiers\/ouattara-gbagbo-leur-tete-a-tete-cote-coulisses","url":"https:\/\/www.africa-press.net\/cotedivoire\/dossiers\/ouattara-gbagbo-leur-tete-a-tete-cote-coulisses","name":"Ouattara-Gbagbo : leur t\u00eate-\u00e0-t\u00eate c\u00f4t\u00e9 coulisses - C\u00f4te d&#039;Ivoire","isPartOf":{"@id":"https:\/\/www.africa-press.net\/cotedivoire\/#website"},"primaryImageOfPage":{"@id":"https:\/\/www.africa-press.net\/cotedivoire\/dossiers\/ouattara-gbagbo-leur-tete-a-tete-cote-coulisses#primaryimage"},"image":{"@id":"https:\/\/www.africa-press.net\/cotedivoire\/dossiers\/ouattara-gbagbo-leur-tete-a-tete-cote-coulisses#primaryimage"},"thumbnailUrl":"https:\/\/static.africa-press.net\/cote\/sites\/43\/2021\/07\/img-6102a4e03cc99.jpg","datePublished":"2021-07-29T12:58:05+00:00","dateModified":"2021-07-30T18:22:23+00:00","author":{"@id":"https:\/\/www.africa-press.net\/cotedivoire\/#\/schema\/person\/2b1cf3cd81a31e3cd26889ca66d677f1"},"description":"Les deux hommes, qui ne s\u2019\u00e9taient pas revus depuis dix ans, se sont retrouv\u00e9s le 27 juillet au palais pr\u00e9sidentiel. Voic ...","breadcrumb":{"@id":"https:\/\/www.africa-press.net\/cotedivoire\/dossiers\/ouattara-gbagbo-leur-tete-a-tete-cote-coulisses#breadcrumb"},"inLanguage":"fr-FR","potentialAction":[{"@type":"ReadAction","target":["https:\/\/www.africa-press.net\/cotedivoire\/dossiers\/ouattara-gbagbo-leur-tete-a-tete-cote-coulisses"]}]},{"@type":"ImageObject","inLanguage":"fr-FR","@id":"https:\/\/www.africa-press.net\/cotedivoire\/dossiers\/ouattara-gbagbo-leur-tete-a-tete-cote-coulisses#primaryimage","url":"https:\/\/static.africa-press.net\/cote\/sites\/43\/2021\/07\/img-6102a4e03cc99.jpg","contentUrl":"https:\/\/static.africa-press.net\/cote\/sites\/43\/2021\/07\/img-6102a4e03cc99.jpg","width":720,"height":360,"caption":"Ouattara-Gbagbo : leur t\u00eate-\u00e0-t\u00eate c\u00f4t\u00e9 coulisses"},{"@type":"BreadcrumbList","@id":"https:\/\/www.africa-press.net\/cotedivoire\/dossiers\/ouattara-gbagbo-leur-tete-a-tete-cote-coulisses#breadcrumb","itemListElement":[{"@type":"ListItem","position":1,"name":"Accueil","item":"https:\/\/www.africa-press.net\/cotedivoire\/"},{"@type":"ListItem","position":2,"name":"Ouattara-Gbagbo : leur t\u00eate-\u00e0-t\u00eate c\u00f4t\u00e9 coulisses"}]},{"@type":"WebSite","@id":"https:\/\/www.africa-press.net\/cotedivoire\/#website","url":"https:\/\/www.africa-press.net\/cotedivoire\/","name":"C\u00f4te d&#039;Ivoire","description":"Just another Africa News Agency Sites site","potentialAction":[{"@type":"SearchAction","target":{"@type":"EntryPoint","urlTemplate":"https:\/\/www.africa-press.net\/cotedivoire\/?s={search_term_string}"},"query-input":{"@type":"PropertyValueSpecification","valueRequired":true,"valueName":"search_term_string"}}],"inLanguage":"fr-FR"},{"@type":"Person","@id":"https:\/\/www.africa-press.net\/cotedivoire\/#\/schema\/person\/2b1cf3cd81a31e3cd26889ca66d677f1","name":"cfeditorfr"}]}},"_links":{"self":[{"href":"https:\/\/www.africa-press.net\/cotedivoire\/wp-json\/wp\/v2\/posts\/10552","targetHints":{"allow":["GET"]}}],"collection":[{"href":"https:\/\/www.africa-press.net\/cotedivoire\/wp-json\/wp\/v2\/posts"}],"about":[{"href":"https:\/\/www.africa-press.net\/cotedivoire\/wp-json\/wp\/v2\/types\/post"}],"author":[{"embeddable":true,"href":"https:\/\/www.africa-press.net\/cotedivoire\/wp-json\/wp\/v2\/users\/82"}],"replies":[{"embeddable":true,"href":"https:\/\/www.africa-press.net\/cotedivoire\/wp-json\/wp\/v2\/comments?post=10552"}],"version-history":[{"count":0,"href":"https:\/\/www.africa-press.net\/cotedivoire\/wp-json\/wp\/v2\/posts\/10552\/revisions"}],"wp:featuredmedia":[{"embeddable":true,"href":"https:\/\/www.africa-press.net\/cotedivoire\/wp-json\/wp\/v2\/media\/10551"}],"wp:attachment":[{"href":"https:\/\/www.africa-press.net\/cotedivoire\/wp-json\/wp\/v2\/media?parent=10552"}],"wp:term":[{"taxonomy":"category","embeddable":true,"href":"https:\/\/www.africa-press.net\/cotedivoire\/wp-json\/wp\/v2\/categories?post=10552"},{"taxonomy":"post_tag","embeddable":true,"href":"https:\/\/www.africa-press.net\/cotedivoire\/wp-json\/wp\/v2\/tags?post=10552"}],"curies":[{"name":"wp","href":"https:\/\/api.w.org\/{rel}","templated":true}]}}