{"id":105545,"date":"2025-09-20T19:01:52","date_gmt":"2025-09-20T19:01:52","guid":{"rendered":"https:\/\/www.africa-press.net\/cotedivoire\/politique\/coordination-rhdp-de-san-pedro-vise-90-des-voix"},"modified":"2025-09-20T19:27:16","modified_gmt":"2025-09-20T19:27:16","slug":"coordination-rhdp-de-san-pedro-vise-90-des-voix","status":"publish","type":"post","link":"https:\/\/www.africa-press.net\/cotedivoire\/politique\/coordination-rhdp-de-san-pedro-vise-90-des-voix","title":{"rendered":"Coordination RHDP de San Pedro vise 90% des voix"},"content":{"rendered":"<p><span style=\"color: #ff6600\"><strong>Africa-Press &#8211; C\u00f4te d&rsquo;Ivoire. <\/strong><\/span>Le coordinateur principal du Rassemblement des Houphoue\u0308tistes pour la De\u0301mocratie et la Paix (RHDP) re\u0301gional, Cle\u0301ment Nabo Boue\u0301ka a anime\u0301, le samedi 13 septembre 2025, un meeting en vue de la pre\u0301sidentielle du 25 octobre 2025, devant plusieurs milliers de personnes y compris les instances du RHDP.<\/p>\n<p>Dans son allocution, Cle\u0301ment Nabo a appele\u0301 les populations de Touih a\u0300 \u00ab saisir le vivre-ensemble, la cohe\u0301sion sociale et la culture de la paix \u00bb, tant pro\u0302ne\u0301 par le pre\u0301sident de la Re\u0301publique, Alassane Ouattara.<\/p>\n<p>Occasion toute trouve\u0301e pour annoncer la bonne nouvelle aux populations de la candidature du Pre\u0301sident Alassane Ouattara a\u0300 la pre\u0301sidentielle de 2025 et de leur demander de se tenir pre\u0302tes pour ce grand homme d\u2019Etat qui a hisse\u0301 haut la re\u0301gion de San-Pedro depuis son ave\u0300nement au pouvoir en 2011.<\/p>\n<p>\u00ab Le pre\u0301sident Ouattara me\u0301rite notre confiance parce qu&rsquo;il est le seul candidat qui vaut la peine d\u2019e\u0302tre re\u0301e\u0301lu. C\u2019est pourquoi, je vous demande de vous approprier notre concept qu\u2019est le 1 coup KO avec ADO \u00bb, a lance\u0301 Cle\u0301ment Nabo, tout en revenant sur les grandes re\u0301alisations qu\u2019il a faites et qu\u2019il fera encore pour le pays, particulie\u0300rement pour la re\u0301gion de San-Pedro.<\/p>\n<p>Un appel perc\u0327u 5\/5 des populations qui par la voix de Bruno Siro, pre\u0301sident du collectif des chefs dans cette sous-pre\u0301fecture, ont promis de suivre le mode d\u2019ordre du coordonnateur principal RHDP re\u0301gional et le traduire en acte le moment venu.<\/p>\n<p>En pre\u0301lude du meeting de Touih, le staff de la coordination re\u0301gionale RHDP s&rsquo;est re\u0301uni a\u0300 la salle de re\u0301union du conseil re\u0301gional de San-Pedro a\u0300 l\u2019effet de la mise en place d\u2019une strate\u0301gie de la campagne du candidat du RHDP a\u0300 San-Pedro. D\u2019autres missions sont mene\u0301es par les proches collaborateurs du coordonnateur re\u0301gional dont Fe\u0301lix Anoble\u0301, coordonnateur associe\u0301 RHDP re\u0301gional et les structures spe\u0301cialise\u0301es (UF-RHDP, UJ-RHDP, UE-RHDP) sont sur terrain pour ratisser large au profit du candidat RHDP, Alassane Ouattara.<\/p>\n<p>Selon lui, ce choix traduit \u00ab la volonte\u0301 du peuple de Co\u0302te d\u2019Ivoire de poursuivre l\u2019\u0153uvre entame\u0301e depuis 2011 \u00bb, citant les avance\u0301es en matie\u0300re d\u2019infrastructures, de couverture maladie universelle, de gratuite\u0301 scolaire, d\u2019autonomisation des jeunes et des femmes, mais aussi de consolidation de l\u2019E\u0301tat de droit.<\/p>\n<p>Pour le pre\u0301sident du conseil re\u0301gional de San Pedro, les re\u0301sultats du gouvernement sont visibles \u00ab dans toutes les re\u0301gions, y compris ici a\u0300 San Pedro \u00bb, preuve d\u2019une gouvernance axe\u0301e sur l\u2019e\u0301quite\u0301 territoriale et le de\u0301veloppement inclusif. C\u2019est pourquoi, il a exhorte\u0301 les militants a\u0300 s\u2019approprier les ide\u0301aux du RHDP et a\u0300 se mobiliser pour une \u00ab victoire e\u0301clatante \u00bb au congre\u0300s et a\u0300 la pre\u0301sidentielle de 2025.<\/p>\n<p>\u00ab L\u2019heure est au rassemblement, a\u0300 la solidarite\u0301 et a\u0300 l\u2019engagement collectif. Il est temps de taire les querelles secondaires pour regarder dans la me\u0302me direction: celle du progre\u0300s, de la cohe\u0301sion nationale et du bien-e\u0302tre partage\u0301 \u00bb, a-t-il martele\u0301.<\/p>\n<p>Pour finir, M. Boue\u0301ka Nabo Cle\u0301ment a appele\u0301 a\u0300 renforcer la dynamique de proximite\u0301 du parti dans la re\u0301gion, invitant les militants a\u0300 poursuivre la marche vers \u00ab une Co\u0302te d\u2019Ivoire solidaire et unie \u00bb, dans la prie\u0300re, la paix et la de\u0301termination.<\/p>\n<p><strong>Pour plus d&rsquo;informations et d&rsquo;analyses sur la <span style=\"color: #ff6600\">C\u00f4te d&rsquo;Ivoire<\/span>, suivez <span style=\"color: #ff6600\">Africa-Press<\/span><\/strong><\/p>\n","protected":false},"excerpt":{"rendered":"<p>Africa-Press &#8211; C\u00f4te d&rsquo;Ivoire. Le coordinateur principal du Rassemblement des Houphoue\u0308tistes pour la De\u0301mocratie et la Paix (RHDP) re\u0301gional, Cle\u0301ment Nabo Boue\u0301ka a anime\u0301, le samedi 13 septembre 2025, un meeting en vue de la pre\u0301sidentielle du 25 octobre 2025, devant plusieurs milliers de personnes y compris les instances du RHDP. Dans son allocution, Cle\u0301ment [&hellip;]<\/p>\n","protected":false},"author":82,"featured_media":105544,"comment_status":"open","ping_status":"closed","sticky":false,"template":"","format":"standard","meta":{"footnotes":""},"categories":[2,10],"tags":[38,29,4804,18908,312,431,18907],"class_list":["post-105545","post","type-post","status-publish","format-standard","has-post-thumbnail","hentry","category-politique","category-toutes-les-actualites","tag-alassane-ouattara","tag-cote-divoire","tag-meeting","tag-nabo-clement","tag-presidentielle","tag-san-pedro","tag-touih"],"yoast_head":"<!-- This site is optimized with the Yoast SEO Premium plugin v26.1 (Yoast SEO v27.0) - https:\/\/yoast.com\/product\/yoast-seo-premium-wordpress\/ -->\n<title>Coordination RHDP de San Pedro vise 90% des voix - C\u00f4te d&#039;Ivoire<\/title>\n<meta name=\"description\" content=\"Le coordinateur principal du Rassemblement des Houphoue\u0308tistes pour la De\u0301mocratie et la Paix (RHDP) re\u0301gional, Cle\u0301ment ...\" \/>\n<meta name=\"robots\" content=\"index, follow, max-snippet:-1, max-image-preview:large, max-video-preview:-1\" \/>\n<link rel=\"canonical\" href=\"https:\/\/www.africa-press.net\/cotedivoire\/politique\/coordination-rhdp-de-san-pedro-vise-90-des-voix\" \/>\n<meta property=\"og:locale\" content=\"fr_FR\" \/>\n<meta property=\"og:type\" content=\"article\" \/>\n<meta property=\"og:title\" content=\"Coordination RHDP de San Pedro vise 90% des voix\" \/>\n<meta property=\"og:description\" content=\"Le coordinateur principal du Rassemblement des Houphoue\u0308tistes pour la De\u0301mocratie et la Paix (RHDP) re\u0301gional, Cle\u0301ment ...\" \/>\n<meta property=\"og:url\" content=\"https:\/\/www.africa-press.net\/cotedivoire\/politique\/coordination-rhdp-de-san-pedro-vise-90-des-voix\" \/>\n<meta property=\"og:site_name\" content=\"C\u00f4te d&#039;Ivoire\" \/>\n<meta property=\"article:published_time\" content=\"2025-09-20T19:01:52+00:00\" \/>\n<meta property=\"article:modified_time\" content=\"2025-09-20T19:27:16+00:00\" \/>\n<meta property=\"og:image\" content=\"https:\/\/static.africa-press.net\/cote\/sites\/43\/2025\/09\/sm_1758383818.112695.jpg\" \/>\n\t<meta property=\"og:image:width\" content=\"720\" \/>\n\t<meta property=\"og:image:height\" content=\"380\" \/>\n\t<meta property=\"og:image:type\" content=\"image\/jpeg\" \/>\n<meta name=\"author\" content=\"cfeditorfr\" \/>\n<meta name=\"twitter:card\" content=\"summary_large_image\" \/>\n<meta name=\"twitter:label1\" content=\"\u00c9crit par\" \/>\n\t<meta name=\"twitter:data1\" content=\"cfeditorfr\" \/>\n\t<meta name=\"twitter:label2\" content=\"Dur\u00e9e de lecture estim\u00e9e\" \/>\n\t<meta name=\"twitter:data2\" content=\"3 minutes\" \/>\n<script type=\"application\/ld+json\" class=\"yoast-schema-graph\">{\"@context\":\"https:\/\/schema.org\",\"@graph\":[{\"@type\":\"Article\",\"@id\":\"https:\/\/www.africa-press.net\/cotedivoire\/politique\/coordination-rhdp-de-san-pedro-vise-90-des-voix#article\",\"isPartOf\":{\"@id\":\"https:\/\/www.africa-press.net\/cotedivoire\/politique\/coordination-rhdp-de-san-pedro-vise-90-des-voix\"},\"author\":{\"name\":\"cfeditorfr\",\"@id\":\"https:\/\/www.africa-press.net\/cotedivoire\/#\/schema\/person\/2b1cf3cd81a31e3cd26889ca66d677f1\"},\"headline\":\"Coordination RHDP de San Pedro vise 90% des voix\",\"datePublished\":\"2025-09-20T19:01:52+00:00\",\"dateModified\":\"2025-09-20T19:27:16+00:00\",\"mainEntityOfPage\":{\"@id\":\"https:\/\/www.africa-press.net\/cotedivoire\/politique\/coordination-rhdp-de-san-pedro-vise-90-des-voix\"},\"wordCount\":615,\"commentCount\":0,\"image\":{\"@id\":\"https:\/\/www.africa-press.net\/cotedivoire\/politique\/coordination-rhdp-de-san-pedro-vise-90-des-voix#primaryimage\"},\"thumbnailUrl\":\"https:\/\/static.africa-press.net\/cote\/sites\/43\/2025\/09\/sm_1758383818.112695.jpg\",\"keywords\":[\"Alassane Ouattara\",\"C\u00d4TE D'IVOIRE\",\"meeting\",\"Nabo Cl\u00e9ment\",\"pr\u00e9sidentielle\",\"San Pedro\",\"Touih\"],\"articleSection\":[\"Politique\",\"Toutes les actualit\u00e9s\"],\"inLanguage\":\"fr-FR\",\"potentialAction\":[{\"@type\":\"CommentAction\",\"name\":\"Comment\",\"target\":[\"https:\/\/www.africa-press.net\/cotedivoire\/politique\/coordination-rhdp-de-san-pedro-vise-90-des-voix#respond\"]}]},{\"@type\":\"WebPage\",\"@id\":\"https:\/\/www.africa-press.net\/cotedivoire\/politique\/coordination-rhdp-de-san-pedro-vise-90-des-voix\",\"url\":\"https:\/\/www.africa-press.net\/cotedivoire\/politique\/coordination-rhdp-de-san-pedro-vise-90-des-voix\",\"name\":\"Coordination RHDP de San Pedro vise 90% des voix - C\u00f4te d&#039;Ivoire\",\"isPartOf\":{\"@id\":\"https:\/\/www.africa-press.net\/cotedivoire\/#website\"},\"primaryImageOfPage\":{\"@id\":\"https:\/\/www.africa-press.net\/cotedivoire\/politique\/coordination-rhdp-de-san-pedro-vise-90-des-voix#primaryimage\"},\"image\":{\"@id\":\"https:\/\/www.africa-press.net\/cotedivoire\/politique\/coordination-rhdp-de-san-pedro-vise-90-des-voix#primaryimage\"},\"thumbnailUrl\":\"https:\/\/static.africa-press.net\/cote\/sites\/43\/2025\/09\/sm_1758383818.112695.jpg\",\"datePublished\":\"2025-09-20T19:01:52+00:00\",\"dateModified\":\"2025-09-20T19:27:16+00:00\",\"author\":{\"@id\":\"https:\/\/www.africa-press.net\/cotedivoire\/#\/schema\/person\/2b1cf3cd81a31e3cd26889ca66d677f1\"},\"description\":\"Le coordinateur principal du Rassemblement des Houphoue\u0308tistes pour la De\u0301mocratie et la Paix (RHDP) re\u0301gional, Cle\u0301ment ...\",\"breadcrumb\":{\"@id\":\"https:\/\/www.africa-press.net\/cotedivoire\/politique\/coordination-rhdp-de-san-pedro-vise-90-des-voix#breadcrumb\"},\"inLanguage\":\"fr-FR\",\"potentialAction\":[{\"@type\":\"ReadAction\",\"target\":[\"https:\/\/www.africa-press.net\/cotedivoire\/politique\/coordination-rhdp-de-san-pedro-vise-90-des-voix\"]}]},{\"@type\":\"ImageObject\",\"inLanguage\":\"fr-FR\",\"@id\":\"https:\/\/www.africa-press.net\/cotedivoire\/politique\/coordination-rhdp-de-san-pedro-vise-90-des-voix#primaryimage\",\"url\":\"https:\/\/static.africa-press.net\/cote\/sites\/43\/2025\/09\/sm_1758383818.112695.jpg\",\"contentUrl\":\"https:\/\/static.africa-press.net\/cote\/sites\/43\/2025\/09\/sm_1758383818.112695.jpg\",\"width\":720,\"height\":380,\"caption\":\"Coordination RHDP de San Pedro vise 90% des voix\"},{\"@type\":\"BreadcrumbList\",\"@id\":\"https:\/\/www.africa-press.net\/cotedivoire\/politique\/coordination-rhdp-de-san-pedro-vise-90-des-voix#breadcrumb\",\"itemListElement\":[{\"@type\":\"ListItem\",\"position\":1,\"name\":\"Accueil\",\"item\":\"https:\/\/www.africa-press.net\/cotedivoire\/\"},{\"@type\":\"ListItem\",\"position\":2,\"name\":\"Coordination RHDP de San Pedro vise 90% des voix\"}]},{\"@type\":\"WebSite\",\"@id\":\"https:\/\/www.africa-press.net\/cotedivoire\/#website\",\"url\":\"https:\/\/www.africa-press.net\/cotedivoire\/\",\"name\":\"C\u00f4te d&#039;Ivoire\",\"description\":\"Just another Africa News Agency Sites site\",\"potentialAction\":[{\"@type\":\"SearchAction\",\"target\":{\"@type\":\"EntryPoint\",\"urlTemplate\":\"https:\/\/www.africa-press.net\/cotedivoire\/?s={search_term_string}\"},\"query-input\":{\"@type\":\"PropertyValueSpecification\",\"valueRequired\":true,\"valueName\":\"search_term_string\"}}],\"inLanguage\":\"fr-FR\"},{\"@type\":\"Person\",\"@id\":\"https:\/\/www.africa-press.net\/cotedivoire\/#\/schema\/person\/2b1cf3cd81a31e3cd26889ca66d677f1\",\"name\":\"cfeditorfr\"}]}<\/script>\n<!-- \/ Yoast SEO Premium plugin. -->","yoast_head_json":{"title":"Coordination RHDP de San Pedro vise 90% des voix - C\u00f4te d&#039;Ivoire","description":"Le coordinateur principal du Rassemblement des Houphoue\u0308tistes pour la De\u0301mocratie et la Paix (RHDP) re\u0301gional, Cle\u0301ment ...","robots":{"index":"index","follow":"follow","max-snippet":"max-snippet:-1","max-image-preview":"max-image-preview:large","max-video-preview":"max-video-preview:-1"},"canonical":"https:\/\/www.africa-press.net\/cotedivoire\/politique\/coordination-rhdp-de-san-pedro-vise-90-des-voix","og_locale":"fr_FR","og_type":"article","og_title":"Coordination RHDP de San Pedro vise 90% des voix","og_description":"Le coordinateur principal du Rassemblement des Houphoue\u0308tistes pour la De\u0301mocratie et la Paix (RHDP) re\u0301gional, Cle\u0301ment ...","og_url":"https:\/\/www.africa-press.net\/cotedivoire\/politique\/coordination-rhdp-de-san-pedro-vise-90-des-voix","og_site_name":"C\u00f4te d&#039;Ivoire","article_published_time":"2025-09-20T19:01:52+00:00","article_modified_time":"2025-09-20T19:27:16+00:00","og_image":[{"width":720,"height":380,"url":"https:\/\/static.africa-press.net\/cote\/sites\/43\/2025\/09\/sm_1758383818.112695.jpg","type":"image\/jpeg"}],"author":"cfeditorfr","twitter_card":"summary_large_image","twitter_misc":{"\u00c9crit par":"cfeditorfr","Dur\u00e9e de lecture estim\u00e9e":"3 minutes"},"schema":{"@context":"https:\/\/schema.org","@graph":[{"@type":"Article","@id":"https:\/\/www.africa-press.net\/cotedivoire\/politique\/coordination-rhdp-de-san-pedro-vise-90-des-voix#article","isPartOf":{"@id":"https:\/\/www.africa-press.net\/cotedivoire\/politique\/coordination-rhdp-de-san-pedro-vise-90-des-voix"},"author":{"name":"cfeditorfr","@id":"https:\/\/www.africa-press.net\/cotedivoire\/#\/schema\/person\/2b1cf3cd81a31e3cd26889ca66d677f1"},"headline":"Coordination RHDP de San Pedro vise 90% des voix","datePublished":"2025-09-20T19:01:52+00:00","dateModified":"2025-09-20T19:27:16+00:00","mainEntityOfPage":{"@id":"https:\/\/www.africa-press.net\/cotedivoire\/politique\/coordination-rhdp-de-san-pedro-vise-90-des-voix"},"wordCount":615,"commentCount":0,"image":{"@id":"https:\/\/www.africa-press.net\/cotedivoire\/politique\/coordination-rhdp-de-san-pedro-vise-90-des-voix#primaryimage"},"thumbnailUrl":"https:\/\/static.africa-press.net\/cote\/sites\/43\/2025\/09\/sm_1758383818.112695.jpg","keywords":["Alassane Ouattara","C\u00d4TE D'IVOIRE","meeting","Nabo Cl\u00e9ment","pr\u00e9sidentielle","San Pedro","Touih"],"articleSection":["Politique","Toutes les actualit\u00e9s"],"inLanguage":"fr-FR","potentialAction":[{"@type":"CommentAction","name":"Comment","target":["https:\/\/www.africa-press.net\/cotedivoire\/politique\/coordination-rhdp-de-san-pedro-vise-90-des-voix#respond"]}]},{"@type":"WebPage","@id":"https:\/\/www.africa-press.net\/cotedivoire\/politique\/coordination-rhdp-de-san-pedro-vise-90-des-voix","url":"https:\/\/www.africa-press.net\/cotedivoire\/politique\/coordination-rhdp-de-san-pedro-vise-90-des-voix","name":"Coordination RHDP de San Pedro vise 90% des voix - C\u00f4te d&#039;Ivoire","isPartOf":{"@id":"https:\/\/www.africa-press.net\/cotedivoire\/#website"},"primaryImageOfPage":{"@id":"https:\/\/www.africa-press.net\/cotedivoire\/politique\/coordination-rhdp-de-san-pedro-vise-90-des-voix#primaryimage"},"image":{"@id":"https:\/\/www.africa-press.net\/cotedivoire\/politique\/coordination-rhdp-de-san-pedro-vise-90-des-voix#primaryimage"},"thumbnailUrl":"https:\/\/static.africa-press.net\/cote\/sites\/43\/2025\/09\/sm_1758383818.112695.jpg","datePublished":"2025-09-20T19:01:52+00:00","dateModified":"2025-09-20T19:27:16+00:00","author":{"@id":"https:\/\/www.africa-press.net\/cotedivoire\/#\/schema\/person\/2b1cf3cd81a31e3cd26889ca66d677f1"},"description":"Le coordinateur principal du Rassemblement des Houphoue\u0308tistes pour la De\u0301mocratie et la Paix (RHDP) re\u0301gional, Cle\u0301ment ...","breadcrumb":{"@id":"https:\/\/www.africa-press.net\/cotedivoire\/politique\/coordination-rhdp-de-san-pedro-vise-90-des-voix#breadcrumb"},"inLanguage":"fr-FR","potentialAction":[{"@type":"ReadAction","target":["https:\/\/www.africa-press.net\/cotedivoire\/politique\/coordination-rhdp-de-san-pedro-vise-90-des-voix"]}]},{"@type":"ImageObject","inLanguage":"fr-FR","@id":"https:\/\/www.africa-press.net\/cotedivoire\/politique\/coordination-rhdp-de-san-pedro-vise-90-des-voix#primaryimage","url":"https:\/\/static.africa-press.net\/cote\/sites\/43\/2025\/09\/sm_1758383818.112695.jpg","contentUrl":"https:\/\/static.africa-press.net\/cote\/sites\/43\/2025\/09\/sm_1758383818.112695.jpg","width":720,"height":380,"caption":"Coordination RHDP de San Pedro vise 90% des voix"},{"@type":"BreadcrumbList","@id":"https:\/\/www.africa-press.net\/cotedivoire\/politique\/coordination-rhdp-de-san-pedro-vise-90-des-voix#breadcrumb","itemListElement":[{"@type":"ListItem","position":1,"name":"Accueil","item":"https:\/\/www.africa-press.net\/cotedivoire\/"},{"@type":"ListItem","position":2,"name":"Coordination RHDP de San Pedro vise 90% des voix"}]},{"@type":"WebSite","@id":"https:\/\/www.africa-press.net\/cotedivoire\/#website","url":"https:\/\/www.africa-press.net\/cotedivoire\/","name":"C\u00f4te d&#039;Ivoire","description":"Just another Africa News Agency Sites site","potentialAction":[{"@type":"SearchAction","target":{"@type":"EntryPoint","urlTemplate":"https:\/\/www.africa-press.net\/cotedivoire\/?s={search_term_string}"},"query-input":{"@type":"PropertyValueSpecification","valueRequired":true,"valueName":"search_term_string"}}],"inLanguage":"fr-FR"},{"@type":"Person","@id":"https:\/\/www.africa-press.net\/cotedivoire\/#\/schema\/person\/2b1cf3cd81a31e3cd26889ca66d677f1","name":"cfeditorfr"}]}},"_links":{"self":[{"href":"https:\/\/www.africa-press.net\/cotedivoire\/wp-json\/wp\/v2\/posts\/105545","targetHints":{"allow":["GET"]}}],"collection":[{"href":"https:\/\/www.africa-press.net\/cotedivoire\/wp-json\/wp\/v2\/posts"}],"about":[{"href":"https:\/\/www.africa-press.net\/cotedivoire\/wp-json\/wp\/v2\/types\/post"}],"author":[{"embeddable":true,"href":"https:\/\/www.africa-press.net\/cotedivoire\/wp-json\/wp\/v2\/users\/82"}],"replies":[{"embeddable":true,"href":"https:\/\/www.africa-press.net\/cotedivoire\/wp-json\/wp\/v2\/comments?post=105545"}],"version-history":[{"count":0,"href":"https:\/\/www.africa-press.net\/cotedivoire\/wp-json\/wp\/v2\/posts\/105545\/revisions"}],"wp:featuredmedia":[{"embeddable":true,"href":"https:\/\/www.africa-press.net\/cotedivoire\/wp-json\/wp\/v2\/media\/105544"}],"wp:attachment":[{"href":"https:\/\/www.africa-press.net\/cotedivoire\/wp-json\/wp\/v2\/media?parent=105545"}],"wp:term":[{"taxonomy":"category","embeddable":true,"href":"https:\/\/www.africa-press.net\/cotedivoire\/wp-json\/wp\/v2\/categories?post=105545"},{"taxonomy":"post_tag","embeddable":true,"href":"https:\/\/www.africa-press.net\/cotedivoire\/wp-json\/wp\/v2\/tags?post=105545"}],"curies":[{"name":"wp","href":"https:\/\/api.w.org\/{rel}","templated":true}]}}