{"id":10555,"date":"2021-07-29T13:03:48","date_gmt":"2021-07-29T13:03:48","guid":{"rendered":"https:\/\/www.africa-press.net\/cotedivoire\/?p=10555"},"modified":"2021-07-30T18:22:46","modified_gmt":"2021-07-30T18:22:46","slug":"retour-de-gbagbo-en-cote-divoire-on-attendait-laurent-on-a-eu-simone-par-marwane-ben-yahmed","status":"publish","type":"post","link":"https:\/\/www.africa-press.net\/cotedivoire\/dossiers\/retour-de-gbagbo-en-cote-divoire-on-attendait-laurent-on-a-eu-simone-par-marwane-ben-yahmed","title":{"rendered":"Retour de Gbagbo en C\u00f4te d\u2019Ivoire : on attendait Laurent, on a eu Simone \u2013 Par Marwane Ben Yahmed"},"content":{"rendered":"<p><span style=\"color: #ff6600\"><strong><a href=\"https:\/\/www.africa-press.net\/\">Africa-Press<\/a> &#8211; <a href=\"https:\/\/www.africa-press.net\/cotedivoire\">C\u00f4te d&rsquo;Ivoire<\/a>. <\/strong><\/span>Tant attendu par ses partisans, et craint par une partie de ses adversaires, le retour de Laurent Gbagbo \u00e0 Abidjan n\u2019aura finalement pas eu la port\u00e9e politique annonc\u00e9e. Dans le th\u00e9\u00e2tre d\u2019ombres qu\u2019est la C\u00f4te d\u2019Ivoire aujourd\u2019hui, Simone Gbagbo pourrait en revanche \u00eatre appel\u00e9e \u00e0 jouer un r\u00f4le majeur.<\/p>\n<p>Laurent Gbagbo est donc rentr\u00e9 au bercail apr\u00e8s dix ans d\u2019exil. Accueil triomphal d\u00e8s le salon d\u2019honneur de l\u2019a\u00e9roport, foule de partisans en liesse sur la route d\u2019Abidjan, quelques mots pour exprimer sa joie de retrouver enfin la terre d\u2019\u00c9burnie, mais pas un seul pour remercier Alassane Ouattara, ni pour appeler \u00e0 la r\u00e9conciliation ou expliquer son projet politique. La s\u00e9quence, hautement symbolique, se pr\u00eatait pourtant \u00e0 un signal fort, un message clair, une ligne directrice, un cap, bref de quoi se projeter sur l\u2019avenir. Mais il n\u2019en a rien \u00e9t\u00e9.<\/p>\n<p><b>Demande de divorce<\/b><\/p>\n<p>Premier \u00ab acte \u00bb pos\u00e9 : une demande de divorce d\u2019avec Simone Ehivet Gbagbo, qui a \u00e9crit l\u2019histoire du Front populaire ivoirien (FPI) avec lui. Apr\u00e8s avoir lou\u00e9 publiquement les m\u00e9rites de sa \u00ab petite femme \u00bb, Nady Bamba, \u00e0 ses c\u00f4t\u00e9s en permanence pendant son incarc\u00e9ration. Simone aurait \u00e9t\u00e9 bien en peine d\u2019en faire autant : elle-m\u00eame \u00e9tait incarc\u00e9r\u00e9e en C\u00f4te d\u2019Ivoire.<\/p>\n<p>Ensuite un petit tour dans son village de Mama, puis un crochet par Kinshasa, \u00e0 l\u2019invitation de son ex-cod\u00e9tenu de Scheveningen Jean-Pierre Bemba, avant de prendre la direction de Daoukro, le 10 juillet, pour sceller son alliance, incongrue sur le fond, avec Henri Konan B\u00e9di\u00e9. Heureusement, la rencontre avec l\u2019actuel chef de l\u2019\u00c9tat, qui s\u2019est tenue le 27 juillet, est arriv\u00e9e \u00e0 point nomm\u00e9 pour donner un peu plus de consistance \u00e0 ce retour tant attendu et d\u00e9livrer un message d\u2019apaisement. Pas de quoi se lever la nuit toutefois, ni m\u00eame regretter l\u2019absence de Gbagbo du d\u00e9bat politique ivoirien depuis une d\u00e9cennie. Alassane Ouattara et son pr\u00e9d\u00e9cesseur, Laurent Gbagbo, au palais pr\u00e9sidentiel d\u2019Abidjan, le 27 juillet 2021.<\/p>\n","protected":false},"excerpt":{"rendered":"<p>Africa-Press &#8211; C\u00f4te d&rsquo;Ivoire. Tant attendu par ses partisans, et craint par une partie de ses adversaires, le retour de Laurent Gbagbo \u00e0 Abidjan n\u2019aura finalement pas eu la port\u00e9e politique annonc\u00e9e. Dans le th\u00e9\u00e2tre d\u2019ombres qu\u2019est la C\u00f4te d\u2019Ivoire aujourd\u2019hui, Simone Gbagbo pourrait en revanche \u00eatre appel\u00e9e \u00e0 jouer un r\u00f4le majeur. Laurent Gbagbo [&hellip;]<\/p>\n","protected":false},"author":82,"featured_media":10554,"comment_status":"open","ping_status":"closed","sticky":false,"template":"","format":"standard","meta":{"footnotes":""},"categories":[7,11,20,10],"tags":[56,63,29],"class_list":["post-10555","post","type-post","status-publish","format-standard","has-post-thumbnail","hentry","category-dossiers","category-homepage-french","category-top-nouvelles","category-toutes-les-actualites","tag-africa-press","tag-africa-press-cote-divoire","tag-cote-divoire"],"yoast_head":"<!-- This site is optimized with the Yoast SEO Premium plugin v26.1 (Yoast SEO v27.0) - https:\/\/yoast.com\/product\/yoast-seo-premium-wordpress\/ -->\n<title>Retour de Gbagbo en C\u00f4te d\u2019Ivoire : on attendait Laurent, on a eu Simone \u2013 Par Marwane Ben Yahmed - C\u00f4te d&#039;Ivoire<\/title>\n<meta name=\"description\" content=\"Tant attendu par ses partisans, et craint par une partie de ses adversaires, le retour de Laurent Gbagbo \u00e0 Abidjan n\u2019aur ...\" \/>\n<meta name=\"robots\" content=\"index, follow, max-snippet:-1, max-image-preview:large, max-video-preview:-1\" \/>\n<link rel=\"canonical\" href=\"https:\/\/www.africa-press.net\/cotedivoire\/dossiers\/retour-de-gbagbo-en-cote-divoire-on-attendait-laurent-on-a-eu-simone-par-marwane-ben-yahmed\" \/>\n<meta property=\"og:locale\" content=\"fr_FR\" \/>\n<meta property=\"og:type\" content=\"article\" \/>\n<meta property=\"og:title\" content=\"Retour de Gbagbo en C\u00f4te d\u2019Ivoire : on attendait Laurent, on a eu Simone \u2013 Par Marwane Ben Yahmed\" \/>\n<meta property=\"og:description\" content=\"Tant attendu par ses partisans, et craint par une partie de ses adversaires, le retour de Laurent Gbagbo \u00e0 Abidjan n\u2019aur ...\" \/>\n<meta property=\"og:url\" content=\"https:\/\/www.africa-press.net\/cotedivoire\/dossiers\/retour-de-gbagbo-en-cote-divoire-on-attendait-laurent-on-a-eu-simone-par-marwane-ben-yahmed\" \/>\n<meta property=\"og:site_name\" content=\"C\u00f4te d&#039;Ivoire\" \/>\n<meta property=\"article:published_time\" content=\"2021-07-29T13:03:48+00:00\" \/>\n<meta property=\"article:modified_time\" content=\"2021-07-30T18:22:46+00:00\" \/>\n<meta property=\"og:image\" content=\"https:\/\/static.africa-press.net\/cote\/sites\/43\/2021\/07\/img-6102a50c45842.jpg\" \/>\n\t<meta property=\"og:image:width\" content=\"720\" \/>\n\t<meta property=\"og:image:height\" content=\"360\" \/>\n\t<meta property=\"og:image:type\" content=\"image\/jpeg\" \/>\n<meta name=\"author\" content=\"cfeditorfr\" \/>\n<meta name=\"twitter:card\" content=\"summary_large_image\" \/>\n<meta name=\"twitter:label1\" content=\"\u00c9crit par\" \/>\n\t<meta name=\"twitter:data1\" content=\"cfeditorfr\" \/>\n\t<meta name=\"twitter:label2\" content=\"Dur\u00e9e de lecture estim\u00e9e\" \/>\n\t<meta name=\"twitter:data2\" content=\"2 minutes\" \/>\n<script type=\"application\/ld+json\" class=\"yoast-schema-graph\">{\"@context\":\"https:\/\/schema.org\",\"@graph\":[{\"@type\":\"Article\",\"@id\":\"https:\/\/www.africa-press.net\/cotedivoire\/dossiers\/retour-de-gbagbo-en-cote-divoire-on-attendait-laurent-on-a-eu-simone-par-marwane-ben-yahmed#article\",\"isPartOf\":{\"@id\":\"https:\/\/www.africa-press.net\/cotedivoire\/dossiers\/retour-de-gbagbo-en-cote-divoire-on-attendait-laurent-on-a-eu-simone-par-marwane-ben-yahmed\"},\"author\":{\"name\":\"cfeditorfr\",\"@id\":\"https:\/\/www.africa-press.net\/cotedivoire\/#\/schema\/person\/2b1cf3cd81a31e3cd26889ca66d677f1\"},\"headline\":\"Retour de Gbagbo en C\u00f4te d\u2019Ivoire : on attendait Laurent, on a eu Simone \u2013 Par Marwane Ben Yahmed\",\"datePublished\":\"2021-07-29T13:03:48+00:00\",\"dateModified\":\"2021-07-30T18:22:46+00:00\",\"mainEntityOfPage\":{\"@id\":\"https:\/\/www.africa-press.net\/cotedivoire\/dossiers\/retour-de-gbagbo-en-cote-divoire-on-attendait-laurent-on-a-eu-simone-par-marwane-ben-yahmed\"},\"wordCount\":384,\"commentCount\":0,\"image\":{\"@id\":\"https:\/\/www.africa-press.net\/cotedivoire\/dossiers\/retour-de-gbagbo-en-cote-divoire-on-attendait-laurent-on-a-eu-simone-par-marwane-ben-yahmed#primaryimage\"},\"thumbnailUrl\":\"https:\/\/static.africa-press.net\/cote\/sites\/43\/2021\/07\/img-6102a50c45842.jpg\",\"keywords\":[\"Africa Press\",\"Africa Press-C\u00f4te d'Ivoire\",\"C\u00d4TE D'IVOIRE\"],\"articleSection\":[\"Dossiers\",\"homepage-french\",\"Top Nouvelles\",\"Toutes les actualit\u00e9s\"],\"inLanguage\":\"fr-FR\",\"potentialAction\":[{\"@type\":\"CommentAction\",\"name\":\"Comment\",\"target\":[\"https:\/\/www.africa-press.net\/cotedivoire\/dossiers\/retour-de-gbagbo-en-cote-divoire-on-attendait-laurent-on-a-eu-simone-par-marwane-ben-yahmed#respond\"]}]},{\"@type\":\"WebPage\",\"@id\":\"https:\/\/www.africa-press.net\/cotedivoire\/dossiers\/retour-de-gbagbo-en-cote-divoire-on-attendait-laurent-on-a-eu-simone-par-marwane-ben-yahmed\",\"url\":\"https:\/\/www.africa-press.net\/cotedivoire\/dossiers\/retour-de-gbagbo-en-cote-divoire-on-attendait-laurent-on-a-eu-simone-par-marwane-ben-yahmed\",\"name\":\"Retour de Gbagbo en C\u00f4te d\u2019Ivoire : on attendait Laurent, on a eu Simone \u2013 Par Marwane Ben Yahmed - C\u00f4te d&#039;Ivoire\",\"isPartOf\":{\"@id\":\"https:\/\/www.africa-press.net\/cotedivoire\/#website\"},\"primaryImageOfPage\":{\"@id\":\"https:\/\/www.africa-press.net\/cotedivoire\/dossiers\/retour-de-gbagbo-en-cote-divoire-on-attendait-laurent-on-a-eu-simone-par-marwane-ben-yahmed#primaryimage\"},\"image\":{\"@id\":\"https:\/\/www.africa-press.net\/cotedivoire\/dossiers\/retour-de-gbagbo-en-cote-divoire-on-attendait-laurent-on-a-eu-simone-par-marwane-ben-yahmed#primaryimage\"},\"thumbnailUrl\":\"https:\/\/static.africa-press.net\/cote\/sites\/43\/2021\/07\/img-6102a50c45842.jpg\",\"datePublished\":\"2021-07-29T13:03:48+00:00\",\"dateModified\":\"2021-07-30T18:22:46+00:00\",\"author\":{\"@id\":\"https:\/\/www.africa-press.net\/cotedivoire\/#\/schema\/person\/2b1cf3cd81a31e3cd26889ca66d677f1\"},\"description\":\"Tant attendu par ses partisans, et craint par une partie de ses adversaires, le retour de Laurent Gbagbo \u00e0 Abidjan n\u2019aur ...\",\"breadcrumb\":{\"@id\":\"https:\/\/www.africa-press.net\/cotedivoire\/dossiers\/retour-de-gbagbo-en-cote-divoire-on-attendait-laurent-on-a-eu-simone-par-marwane-ben-yahmed#breadcrumb\"},\"inLanguage\":\"fr-FR\",\"potentialAction\":[{\"@type\":\"ReadAction\",\"target\":[\"https:\/\/www.africa-press.net\/cotedivoire\/dossiers\/retour-de-gbagbo-en-cote-divoire-on-attendait-laurent-on-a-eu-simone-par-marwane-ben-yahmed\"]}]},{\"@type\":\"ImageObject\",\"inLanguage\":\"fr-FR\",\"@id\":\"https:\/\/www.africa-press.net\/cotedivoire\/dossiers\/retour-de-gbagbo-en-cote-divoire-on-attendait-laurent-on-a-eu-simone-par-marwane-ben-yahmed#primaryimage\",\"url\":\"https:\/\/static.africa-press.net\/cote\/sites\/43\/2021\/07\/img-6102a50c45842.jpg\",\"contentUrl\":\"https:\/\/static.africa-press.net\/cote\/sites\/43\/2021\/07\/img-6102a50c45842.jpg\",\"width\":720,\"height\":360,\"caption\":\"Retour de Gbagbo en C\u00f4te d\u2019Ivoire : on attendait Laurent, on a eu Simone \u2013 Par Marwane Ben Yahmed\"},{\"@type\":\"BreadcrumbList\",\"@id\":\"https:\/\/www.africa-press.net\/cotedivoire\/dossiers\/retour-de-gbagbo-en-cote-divoire-on-attendait-laurent-on-a-eu-simone-par-marwane-ben-yahmed#breadcrumb\",\"itemListElement\":[{\"@type\":\"ListItem\",\"position\":1,\"name\":\"Accueil\",\"item\":\"https:\/\/www.africa-press.net\/cotedivoire\/\"},{\"@type\":\"ListItem\",\"position\":2,\"name\":\"Retour de Gbagbo en C\u00f4te d\u2019Ivoire : on attendait Laurent, on a eu Simone \u2013 Par Marwane Ben Yahmed\"}]},{\"@type\":\"WebSite\",\"@id\":\"https:\/\/www.africa-press.net\/cotedivoire\/#website\",\"url\":\"https:\/\/www.africa-press.net\/cotedivoire\/\",\"name\":\"C\u00f4te d&#039;Ivoire\",\"description\":\"Just another Africa News Agency Sites site\",\"potentialAction\":[{\"@type\":\"SearchAction\",\"target\":{\"@type\":\"EntryPoint\",\"urlTemplate\":\"https:\/\/www.africa-press.net\/cotedivoire\/?s={search_term_string}\"},\"query-input\":{\"@type\":\"PropertyValueSpecification\",\"valueRequired\":true,\"valueName\":\"search_term_string\"}}],\"inLanguage\":\"fr-FR\"},{\"@type\":\"Person\",\"@id\":\"https:\/\/www.africa-press.net\/cotedivoire\/#\/schema\/person\/2b1cf3cd81a31e3cd26889ca66d677f1\",\"name\":\"cfeditorfr\"}]}<\/script>\n<!-- \/ Yoast SEO Premium plugin. -->","yoast_head_json":{"title":"Retour de Gbagbo en C\u00f4te d\u2019Ivoire : on attendait Laurent, on a eu Simone \u2013 Par Marwane Ben Yahmed - C\u00f4te d&#039;Ivoire","description":"Tant attendu par ses partisans, et craint par une partie de ses adversaires, le retour de Laurent Gbagbo \u00e0 Abidjan n\u2019aur ...","robots":{"index":"index","follow":"follow","max-snippet":"max-snippet:-1","max-image-preview":"max-image-preview:large","max-video-preview":"max-video-preview:-1"},"canonical":"https:\/\/www.africa-press.net\/cotedivoire\/dossiers\/retour-de-gbagbo-en-cote-divoire-on-attendait-laurent-on-a-eu-simone-par-marwane-ben-yahmed","og_locale":"fr_FR","og_type":"article","og_title":"Retour de Gbagbo en C\u00f4te d\u2019Ivoire : on attendait Laurent, on a eu Simone \u2013 Par Marwane Ben Yahmed","og_description":"Tant attendu par ses partisans, et craint par une partie de ses adversaires, le retour de Laurent Gbagbo \u00e0 Abidjan n\u2019aur ...","og_url":"https:\/\/www.africa-press.net\/cotedivoire\/dossiers\/retour-de-gbagbo-en-cote-divoire-on-attendait-laurent-on-a-eu-simone-par-marwane-ben-yahmed","og_site_name":"C\u00f4te d&#039;Ivoire","article_published_time":"2021-07-29T13:03:48+00:00","article_modified_time":"2021-07-30T18:22:46+00:00","og_image":[{"width":720,"height":360,"url":"https:\/\/static.africa-press.net\/cote\/sites\/43\/2021\/07\/img-6102a50c45842.jpg","type":"image\/jpeg"}],"author":"cfeditorfr","twitter_card":"summary_large_image","twitter_misc":{"\u00c9crit par":"cfeditorfr","Dur\u00e9e de lecture estim\u00e9e":"2 minutes"},"schema":{"@context":"https:\/\/schema.org","@graph":[{"@type":"Article","@id":"https:\/\/www.africa-press.net\/cotedivoire\/dossiers\/retour-de-gbagbo-en-cote-divoire-on-attendait-laurent-on-a-eu-simone-par-marwane-ben-yahmed#article","isPartOf":{"@id":"https:\/\/www.africa-press.net\/cotedivoire\/dossiers\/retour-de-gbagbo-en-cote-divoire-on-attendait-laurent-on-a-eu-simone-par-marwane-ben-yahmed"},"author":{"name":"cfeditorfr","@id":"https:\/\/www.africa-press.net\/cotedivoire\/#\/schema\/person\/2b1cf3cd81a31e3cd26889ca66d677f1"},"headline":"Retour de Gbagbo en C\u00f4te d\u2019Ivoire : on attendait Laurent, on a eu Simone \u2013 Par Marwane Ben Yahmed","datePublished":"2021-07-29T13:03:48+00:00","dateModified":"2021-07-30T18:22:46+00:00","mainEntityOfPage":{"@id":"https:\/\/www.africa-press.net\/cotedivoire\/dossiers\/retour-de-gbagbo-en-cote-divoire-on-attendait-laurent-on-a-eu-simone-par-marwane-ben-yahmed"},"wordCount":384,"commentCount":0,"image":{"@id":"https:\/\/www.africa-press.net\/cotedivoire\/dossiers\/retour-de-gbagbo-en-cote-divoire-on-attendait-laurent-on-a-eu-simone-par-marwane-ben-yahmed#primaryimage"},"thumbnailUrl":"https:\/\/static.africa-press.net\/cote\/sites\/43\/2021\/07\/img-6102a50c45842.jpg","keywords":["Africa Press","Africa Press-C\u00f4te d'Ivoire","C\u00d4TE D'IVOIRE"],"articleSection":["Dossiers","homepage-french","Top Nouvelles","Toutes les actualit\u00e9s"],"inLanguage":"fr-FR","potentialAction":[{"@type":"CommentAction","name":"Comment","target":["https:\/\/www.africa-press.net\/cotedivoire\/dossiers\/retour-de-gbagbo-en-cote-divoire-on-attendait-laurent-on-a-eu-simone-par-marwane-ben-yahmed#respond"]}]},{"@type":"WebPage","@id":"https:\/\/www.africa-press.net\/cotedivoire\/dossiers\/retour-de-gbagbo-en-cote-divoire-on-attendait-laurent-on-a-eu-simone-par-marwane-ben-yahmed","url":"https:\/\/www.africa-press.net\/cotedivoire\/dossiers\/retour-de-gbagbo-en-cote-divoire-on-attendait-laurent-on-a-eu-simone-par-marwane-ben-yahmed","name":"Retour de Gbagbo en C\u00f4te d\u2019Ivoire : on attendait Laurent, on a eu Simone \u2013 Par Marwane Ben Yahmed - C\u00f4te d&#039;Ivoire","isPartOf":{"@id":"https:\/\/www.africa-press.net\/cotedivoire\/#website"},"primaryImageOfPage":{"@id":"https:\/\/www.africa-press.net\/cotedivoire\/dossiers\/retour-de-gbagbo-en-cote-divoire-on-attendait-laurent-on-a-eu-simone-par-marwane-ben-yahmed#primaryimage"},"image":{"@id":"https:\/\/www.africa-press.net\/cotedivoire\/dossiers\/retour-de-gbagbo-en-cote-divoire-on-attendait-laurent-on-a-eu-simone-par-marwane-ben-yahmed#primaryimage"},"thumbnailUrl":"https:\/\/static.africa-press.net\/cote\/sites\/43\/2021\/07\/img-6102a50c45842.jpg","datePublished":"2021-07-29T13:03:48+00:00","dateModified":"2021-07-30T18:22:46+00:00","author":{"@id":"https:\/\/www.africa-press.net\/cotedivoire\/#\/schema\/person\/2b1cf3cd81a31e3cd26889ca66d677f1"},"description":"Tant attendu par ses partisans, et craint par une partie de ses adversaires, le retour de Laurent Gbagbo \u00e0 Abidjan n\u2019aur ...","breadcrumb":{"@id":"https:\/\/www.africa-press.net\/cotedivoire\/dossiers\/retour-de-gbagbo-en-cote-divoire-on-attendait-laurent-on-a-eu-simone-par-marwane-ben-yahmed#breadcrumb"},"inLanguage":"fr-FR","potentialAction":[{"@type":"ReadAction","target":["https:\/\/www.africa-press.net\/cotedivoire\/dossiers\/retour-de-gbagbo-en-cote-divoire-on-attendait-laurent-on-a-eu-simone-par-marwane-ben-yahmed"]}]},{"@type":"ImageObject","inLanguage":"fr-FR","@id":"https:\/\/www.africa-press.net\/cotedivoire\/dossiers\/retour-de-gbagbo-en-cote-divoire-on-attendait-laurent-on-a-eu-simone-par-marwane-ben-yahmed#primaryimage","url":"https:\/\/static.africa-press.net\/cote\/sites\/43\/2021\/07\/img-6102a50c45842.jpg","contentUrl":"https:\/\/static.africa-press.net\/cote\/sites\/43\/2021\/07\/img-6102a50c45842.jpg","width":720,"height":360,"caption":"Retour de Gbagbo en C\u00f4te d\u2019Ivoire : on attendait Laurent, on a eu Simone \u2013 Par Marwane Ben Yahmed"},{"@type":"BreadcrumbList","@id":"https:\/\/www.africa-press.net\/cotedivoire\/dossiers\/retour-de-gbagbo-en-cote-divoire-on-attendait-laurent-on-a-eu-simone-par-marwane-ben-yahmed#breadcrumb","itemListElement":[{"@type":"ListItem","position":1,"name":"Accueil","item":"https:\/\/www.africa-press.net\/cotedivoire\/"},{"@type":"ListItem","position":2,"name":"Retour de Gbagbo en C\u00f4te d\u2019Ivoire : on attendait Laurent, on a eu Simone \u2013 Par Marwane Ben Yahmed"}]},{"@type":"WebSite","@id":"https:\/\/www.africa-press.net\/cotedivoire\/#website","url":"https:\/\/www.africa-press.net\/cotedivoire\/","name":"C\u00f4te d&#039;Ivoire","description":"Just another Africa News Agency Sites site","potentialAction":[{"@type":"SearchAction","target":{"@type":"EntryPoint","urlTemplate":"https:\/\/www.africa-press.net\/cotedivoire\/?s={search_term_string}"},"query-input":{"@type":"PropertyValueSpecification","valueRequired":true,"valueName":"search_term_string"}}],"inLanguage":"fr-FR"},{"@type":"Person","@id":"https:\/\/www.africa-press.net\/cotedivoire\/#\/schema\/person\/2b1cf3cd81a31e3cd26889ca66d677f1","name":"cfeditorfr"}]}},"_links":{"self":[{"href":"https:\/\/www.africa-press.net\/cotedivoire\/wp-json\/wp\/v2\/posts\/10555","targetHints":{"allow":["GET"]}}],"collection":[{"href":"https:\/\/www.africa-press.net\/cotedivoire\/wp-json\/wp\/v2\/posts"}],"about":[{"href":"https:\/\/www.africa-press.net\/cotedivoire\/wp-json\/wp\/v2\/types\/post"}],"author":[{"embeddable":true,"href":"https:\/\/www.africa-press.net\/cotedivoire\/wp-json\/wp\/v2\/users\/82"}],"replies":[{"embeddable":true,"href":"https:\/\/www.africa-press.net\/cotedivoire\/wp-json\/wp\/v2\/comments?post=10555"}],"version-history":[{"count":0,"href":"https:\/\/www.africa-press.net\/cotedivoire\/wp-json\/wp\/v2\/posts\/10555\/revisions"}],"wp:featuredmedia":[{"embeddable":true,"href":"https:\/\/www.africa-press.net\/cotedivoire\/wp-json\/wp\/v2\/media\/10554"}],"wp:attachment":[{"href":"https:\/\/www.africa-press.net\/cotedivoire\/wp-json\/wp\/v2\/media?parent=10555"}],"wp:term":[{"taxonomy":"category","embeddable":true,"href":"https:\/\/www.africa-press.net\/cotedivoire\/wp-json\/wp\/v2\/categories?post=10555"},{"taxonomy":"post_tag","embeddable":true,"href":"https:\/\/www.africa-press.net\/cotedivoire\/wp-json\/wp\/v2\/tags?post=10555"}],"curies":[{"name":"wp","href":"https:\/\/api.w.org\/{rel}","templated":true}]}}