{"id":105578,"date":"2025-09-21T18:10:17","date_gmt":"2025-09-21T18:10:17","guid":{"rendered":"https:\/\/www.africa-press.net\/cotedivoire\/politique\/appel-a-la-paix-et-a-lunite-du-rhdp-haut-sassandra"},"modified":"2025-09-21T18:23:16","modified_gmt":"2025-09-21T18:23:16","slug":"appel-a-la-paix-et-a-lunite-du-rhdp-haut-sassandra","status":"publish","type":"post","link":"https:\/\/www.africa-press.net\/cotedivoire\/parties\/appel-a-la-paix-et-a-lunite-du-rhdp-haut-sassandra","title":{"rendered":"Appel \u00e0 la Paix et \u00e0 l&rsquo;Unit\u00e9 du RHDP Haut-Sassandra"},"content":{"rendered":"<p><span style=\"color: #ff6600\"><strong>Africa-Press &#8211; C\u00f4te d&rsquo;Ivoire. <\/strong><\/span>Dans le cadre des pre\u0301paratifs pour la pre\u0301sidentielle d&rsquo;octobre prochain, Mamadou Toure\u0301, coordonnateur re\u0301gional du RHDP pour le Haut-Sassandra, a re\u0301affirme\u0301 son engagement a\u0300 maintenir la paix et la stabilite\u0301 dans la re\u0301gion. Du 19 au 21 septembre, 25 de\u0301le\u0301gations issues de la coordination re\u0301gionale du RHDP ont parcouru les de\u0301partements de Daloa, Vavoua et Issia pour sensibiliser les populations sur l\u2019importance de la non-violence durant la pe\u0301riode e\u0301lectorale.<\/p>\n<p>Au cours de leurs tourne\u0301es, les de\u0301le\u0301gations ont lance\u0301 un appel a\u0300 la population pour e\u0301viter les actes de violence et favoriser un climat de paix propice a\u0300 la tenue des e\u0301lections. Elles ont souligne\u0301 que la cohe\u0301sion sociale et le vivre ensemble e\u0301taient essentiels pour garantir la stabilite\u0301 de la re\u0301gion, et ont insiste\u0301 sur le fait que le Haut-Sassandra devait rester un mode\u0300le de paix pour le reste du pays.<\/p>\n<p>Les chefs de de\u0301le\u0301gation ont e\u0301galement rappele\u0301 que la re\u0301gion connaissait un ve\u0301ritable essor gra\u0302ce aux investissements massifs du gouvernement dans diffe\u0301rents secteurs. Ils ont averti que toute forme de violence nuirait a\u0300 cette dynamique de de\u0301veloppement, et ont insiste\u0301 sur l&rsquo;importance de pre\u0301server la paix pour permettre a\u0300 la re\u0301gion de continuer son chemin vers la prospe\u0301rite\u0301. \u00ab Le Pre\u0301sident Alassane Ouattara attend de nous la paix, et nous devons donner l\u2019exemple a\u0300 la Co\u0302te d&rsquo;Ivoire \u00bb, ont-ils martele\u0301.<\/p>\n<p>Les rencontres ont e\u0301galement permis de faire le point sur les actions mene\u0301es par le gouvernement dans les de\u0301partements visite\u0301s. Les populations ont accueilli positivement cette initiative et se sont engage\u0301es a\u0300 prote\u0301ger la stabilite\u0301 et la paix tout au long de la pe\u0301riode e\u0301lectorale. Elles ont promis de soutenir cette dynamique de de\u0301veloppement en restant unies et pacifiques.<\/p>\n<p><strong>Pour plus d&rsquo;informations et d&rsquo;analyses sur la <span style=\"color: #ff6600\">C\u00f4te d&rsquo;Ivoire<\/span>, suivez <span style=\"color: #ff6600\">Africa-Press<\/span><\/strong><\/p>\n","protected":false},"excerpt":{"rendered":"<p>Africa-Press &#8211; C\u00f4te d&rsquo;Ivoire. Dans le cadre des pre\u0301paratifs pour la pre\u0301sidentielle d&rsquo;octobre prochain, Mamadou Toure\u0301, coordonnateur re\u0301gional du RHDP pour le Haut-Sassandra, a re\u0301affirme\u0301 son engagement a\u0300 maintenir la paix et la stabilite\u0301 dans la re\u0301gion. Du 19 au 21 septembre, 25 de\u0301le\u0301gations issues de la coordination re\u0301gionale du RHDP ont parcouru les de\u0301partements [&hellip;]<\/p>\n","protected":false},"author":82,"featured_media":105577,"comment_status":"open","ping_status":"closed","sticky":false,"template":"","format":"standard","meta":{"footnotes":""},"categories":[4,20,10],"tags":[29,1712,3558,3616,1652,371,3590],"class_list":["post-105578","post","type-post","status-publish","format-standard","has-post-thumbnail","hentry","category-parties","category-top-nouvelles","category-toutes-les-actualites","tag-cote-divoire","tag-delegation","tag-election","tag-haut","tag-mamadou-toure","tag-rhdp","tag-sassandra"],"yoast_head":"<!-- This site is optimized with the Yoast SEO Premium plugin v26.1 (Yoast SEO v27.0) - https:\/\/yoast.com\/product\/yoast-seo-premium-wordpress\/ -->\n<title>Appel \u00e0 la Paix et \u00e0 l&#039;Unit\u00e9 du RHDP Haut-Sassandra - C\u00f4te d&#039;Ivoire<\/title>\n<meta name=\"description\" content=\"Dans le cadre des pre\u0301paratifs pour la pre\u0301sidentielle d&#039;octobre prochain, Mamadou Toure\u0301, coordonnateur re\u0301gional du RH ...\" \/>\n<meta name=\"robots\" content=\"index, follow, max-snippet:-1, max-image-preview:large, max-video-preview:-1\" \/>\n<link rel=\"canonical\" href=\"https:\/\/www.africa-press.net\/cotedivoire\/parties\/appel-a-la-paix-et-a-lunite-du-rhdp-haut-sassandra\" \/>\n<meta property=\"og:locale\" content=\"fr_FR\" \/>\n<meta property=\"og:type\" content=\"article\" \/>\n<meta property=\"og:title\" content=\"Appel \u00e0 la Paix et \u00e0 l&#039;Unit\u00e9 du RHDP Haut-Sassandra\" \/>\n<meta property=\"og:description\" content=\"Dans le cadre des pre\u0301paratifs pour la pre\u0301sidentielle d&#039;octobre prochain, Mamadou Toure\u0301, coordonnateur re\u0301gional du RH ...\" \/>\n<meta property=\"og:url\" content=\"https:\/\/www.africa-press.net\/cotedivoire\/parties\/appel-a-la-paix-et-a-lunite-du-rhdp-haut-sassandra\" \/>\n<meta property=\"og:site_name\" content=\"C\u00f4te d&#039;Ivoire\" \/>\n<meta property=\"article:published_time\" content=\"2025-09-21T18:10:17+00:00\" \/>\n<meta property=\"article:modified_time\" content=\"2025-09-21T18:23:16+00:00\" \/>\n<meta property=\"og:image\" content=\"https:\/\/static.africa-press.net\/cote\/sites\/43\/2025\/09\/sm_1758466349.043713.jpg\" \/>\n\t<meta property=\"og:image:width\" content=\"720\" \/>\n\t<meta property=\"og:image:height\" content=\"481\" \/>\n\t<meta property=\"og:image:type\" content=\"image\/jpeg\" \/>\n<meta name=\"author\" content=\"cfeditorfr\" \/>\n<meta name=\"twitter:card\" content=\"summary_large_image\" \/>\n<meta name=\"twitter:label1\" content=\"\u00c9crit par\" \/>\n\t<meta name=\"twitter:data1\" content=\"cfeditorfr\" \/>\n\t<meta name=\"twitter:label2\" content=\"Dur\u00e9e de lecture estim\u00e9e\" \/>\n\t<meta name=\"twitter:data2\" content=\"2 minutes\" \/>\n<script type=\"application\/ld+json\" class=\"yoast-schema-graph\">{\"@context\":\"https:\/\/schema.org\",\"@graph\":[{\"@type\":\"Article\",\"@id\":\"https:\/\/www.africa-press.net\/cotedivoire\/parties\/appel-a-la-paix-et-a-lunite-du-rhdp-haut-sassandra#article\",\"isPartOf\":{\"@id\":\"https:\/\/www.africa-press.net\/cotedivoire\/parties\/appel-a-la-paix-et-a-lunite-du-rhdp-haut-sassandra\"},\"author\":{\"name\":\"cfeditorfr\",\"@id\":\"https:\/\/www.africa-press.net\/cotedivoire\/#\/schema\/person\/2b1cf3cd81a31e3cd26889ca66d677f1\"},\"headline\":\"Appel \u00e0 la Paix et \u00e0 l&rsquo;Unit\u00e9 du RHDP Haut-Sassandra\",\"datePublished\":\"2025-09-21T18:10:17+00:00\",\"dateModified\":\"2025-09-21T18:23:16+00:00\",\"mainEntityOfPage\":{\"@id\":\"https:\/\/www.africa-press.net\/cotedivoire\/parties\/appel-a-la-paix-et-a-lunite-du-rhdp-haut-sassandra\"},\"wordCount\":352,\"commentCount\":0,\"image\":{\"@id\":\"https:\/\/www.africa-press.net\/cotedivoire\/parties\/appel-a-la-paix-et-a-lunite-du-rhdp-haut-sassandra#primaryimage\"},\"thumbnailUrl\":\"https:\/\/static.africa-press.net\/cote\/sites\/43\/2025\/09\/sm_1758466349.043713.jpg\",\"keywords\":[\"C\u00d4TE D'IVOIRE\",\"d\u00e9l\u00e9gation\",\"\u00e9lection\",\"Haut\",\"Mamadou Tour\u00e9\",\"RHDP\",\"Sassandra\"],\"articleSection\":[\"Parties\",\"Top Nouvelles\",\"Toutes les actualit\u00e9s\"],\"inLanguage\":\"fr-FR\",\"potentialAction\":[{\"@type\":\"CommentAction\",\"name\":\"Comment\",\"target\":[\"https:\/\/www.africa-press.net\/cotedivoire\/parties\/appel-a-la-paix-et-a-lunite-du-rhdp-haut-sassandra#respond\"]}]},{\"@type\":\"WebPage\",\"@id\":\"https:\/\/www.africa-press.net\/cotedivoire\/parties\/appel-a-la-paix-et-a-lunite-du-rhdp-haut-sassandra\",\"url\":\"https:\/\/www.africa-press.net\/cotedivoire\/parties\/appel-a-la-paix-et-a-lunite-du-rhdp-haut-sassandra\",\"name\":\"Appel \u00e0 la Paix et \u00e0 l'Unit\u00e9 du RHDP Haut-Sassandra - C\u00f4te d&#039;Ivoire\",\"isPartOf\":{\"@id\":\"https:\/\/www.africa-press.net\/cotedivoire\/#website\"},\"primaryImageOfPage\":{\"@id\":\"https:\/\/www.africa-press.net\/cotedivoire\/parties\/appel-a-la-paix-et-a-lunite-du-rhdp-haut-sassandra#primaryimage\"},\"image\":{\"@id\":\"https:\/\/www.africa-press.net\/cotedivoire\/parties\/appel-a-la-paix-et-a-lunite-du-rhdp-haut-sassandra#primaryimage\"},\"thumbnailUrl\":\"https:\/\/static.africa-press.net\/cote\/sites\/43\/2025\/09\/sm_1758466349.043713.jpg\",\"datePublished\":\"2025-09-21T18:10:17+00:00\",\"dateModified\":\"2025-09-21T18:23:16+00:00\",\"author\":{\"@id\":\"https:\/\/www.africa-press.net\/cotedivoire\/#\/schema\/person\/2b1cf3cd81a31e3cd26889ca66d677f1\"},\"description\":\"Dans le cadre des pre\u0301paratifs pour la pre\u0301sidentielle d'octobre prochain, Mamadou Toure\u0301, coordonnateur re\u0301gional du RH ...\",\"breadcrumb\":{\"@id\":\"https:\/\/www.africa-press.net\/cotedivoire\/parties\/appel-a-la-paix-et-a-lunite-du-rhdp-haut-sassandra#breadcrumb\"},\"inLanguage\":\"fr-FR\",\"potentialAction\":[{\"@type\":\"ReadAction\",\"target\":[\"https:\/\/www.africa-press.net\/cotedivoire\/parties\/appel-a-la-paix-et-a-lunite-du-rhdp-haut-sassandra\"]}]},{\"@type\":\"ImageObject\",\"inLanguage\":\"fr-FR\",\"@id\":\"https:\/\/www.africa-press.net\/cotedivoire\/parties\/appel-a-la-paix-et-a-lunite-du-rhdp-haut-sassandra#primaryimage\",\"url\":\"https:\/\/static.africa-press.net\/cote\/sites\/43\/2025\/09\/sm_1758466349.043713.jpg\",\"contentUrl\":\"https:\/\/static.africa-press.net\/cote\/sites\/43\/2025\/09\/sm_1758466349.043713.jpg\",\"width\":720,\"height\":481,\"caption\":\"Appel \u00e0 la Paix et \u00e0 l'Unit\u00e9 du RHDP Haut-Sassandra\"},{\"@type\":\"BreadcrumbList\",\"@id\":\"https:\/\/www.africa-press.net\/cotedivoire\/parties\/appel-a-la-paix-et-a-lunite-du-rhdp-haut-sassandra#breadcrumb\",\"itemListElement\":[{\"@type\":\"ListItem\",\"position\":1,\"name\":\"Accueil\",\"item\":\"https:\/\/www.africa-press.net\/cotedivoire\/\"},{\"@type\":\"ListItem\",\"position\":2,\"name\":\"Appel \u00e0 la Paix et \u00e0 l&#8217;Unit\u00e9 du RHDP Haut-Sassandra\"}]},{\"@type\":\"WebSite\",\"@id\":\"https:\/\/www.africa-press.net\/cotedivoire\/#website\",\"url\":\"https:\/\/www.africa-press.net\/cotedivoire\/\",\"name\":\"C\u00f4te d&#039;Ivoire\",\"description\":\"Just another Africa News Agency Sites site\",\"potentialAction\":[{\"@type\":\"SearchAction\",\"target\":{\"@type\":\"EntryPoint\",\"urlTemplate\":\"https:\/\/www.africa-press.net\/cotedivoire\/?s={search_term_string}\"},\"query-input\":{\"@type\":\"PropertyValueSpecification\",\"valueRequired\":true,\"valueName\":\"search_term_string\"}}],\"inLanguage\":\"fr-FR\"},{\"@type\":\"Person\",\"@id\":\"https:\/\/www.africa-press.net\/cotedivoire\/#\/schema\/person\/2b1cf3cd81a31e3cd26889ca66d677f1\",\"name\":\"cfeditorfr\"}]}<\/script>\n<!-- \/ Yoast SEO Premium plugin. -->","yoast_head_json":{"title":"Appel \u00e0 la Paix et \u00e0 l'Unit\u00e9 du RHDP Haut-Sassandra - C\u00f4te d&#039;Ivoire","description":"Dans le cadre des pre\u0301paratifs pour la pre\u0301sidentielle d'octobre prochain, Mamadou Toure\u0301, coordonnateur re\u0301gional du RH ...","robots":{"index":"index","follow":"follow","max-snippet":"max-snippet:-1","max-image-preview":"max-image-preview:large","max-video-preview":"max-video-preview:-1"},"canonical":"https:\/\/www.africa-press.net\/cotedivoire\/parties\/appel-a-la-paix-et-a-lunite-du-rhdp-haut-sassandra","og_locale":"fr_FR","og_type":"article","og_title":"Appel \u00e0 la Paix et \u00e0 l'Unit\u00e9 du RHDP Haut-Sassandra","og_description":"Dans le cadre des pre\u0301paratifs pour la pre\u0301sidentielle d'octobre prochain, Mamadou Toure\u0301, coordonnateur re\u0301gional du RH ...","og_url":"https:\/\/www.africa-press.net\/cotedivoire\/parties\/appel-a-la-paix-et-a-lunite-du-rhdp-haut-sassandra","og_site_name":"C\u00f4te d&#039;Ivoire","article_published_time":"2025-09-21T18:10:17+00:00","article_modified_time":"2025-09-21T18:23:16+00:00","og_image":[{"width":720,"height":481,"url":"https:\/\/static.africa-press.net\/cote\/sites\/43\/2025\/09\/sm_1758466349.043713.jpg","type":"image\/jpeg"}],"author":"cfeditorfr","twitter_card":"summary_large_image","twitter_misc":{"\u00c9crit par":"cfeditorfr","Dur\u00e9e de lecture estim\u00e9e":"2 minutes"},"schema":{"@context":"https:\/\/schema.org","@graph":[{"@type":"Article","@id":"https:\/\/www.africa-press.net\/cotedivoire\/parties\/appel-a-la-paix-et-a-lunite-du-rhdp-haut-sassandra#article","isPartOf":{"@id":"https:\/\/www.africa-press.net\/cotedivoire\/parties\/appel-a-la-paix-et-a-lunite-du-rhdp-haut-sassandra"},"author":{"name":"cfeditorfr","@id":"https:\/\/www.africa-press.net\/cotedivoire\/#\/schema\/person\/2b1cf3cd81a31e3cd26889ca66d677f1"},"headline":"Appel \u00e0 la Paix et \u00e0 l&rsquo;Unit\u00e9 du RHDP Haut-Sassandra","datePublished":"2025-09-21T18:10:17+00:00","dateModified":"2025-09-21T18:23:16+00:00","mainEntityOfPage":{"@id":"https:\/\/www.africa-press.net\/cotedivoire\/parties\/appel-a-la-paix-et-a-lunite-du-rhdp-haut-sassandra"},"wordCount":352,"commentCount":0,"image":{"@id":"https:\/\/www.africa-press.net\/cotedivoire\/parties\/appel-a-la-paix-et-a-lunite-du-rhdp-haut-sassandra#primaryimage"},"thumbnailUrl":"https:\/\/static.africa-press.net\/cote\/sites\/43\/2025\/09\/sm_1758466349.043713.jpg","keywords":["C\u00d4TE D'IVOIRE","d\u00e9l\u00e9gation","\u00e9lection","Haut","Mamadou Tour\u00e9","RHDP","Sassandra"],"articleSection":["Parties","Top Nouvelles","Toutes les actualit\u00e9s"],"inLanguage":"fr-FR","potentialAction":[{"@type":"CommentAction","name":"Comment","target":["https:\/\/www.africa-press.net\/cotedivoire\/parties\/appel-a-la-paix-et-a-lunite-du-rhdp-haut-sassandra#respond"]}]},{"@type":"WebPage","@id":"https:\/\/www.africa-press.net\/cotedivoire\/parties\/appel-a-la-paix-et-a-lunite-du-rhdp-haut-sassandra","url":"https:\/\/www.africa-press.net\/cotedivoire\/parties\/appel-a-la-paix-et-a-lunite-du-rhdp-haut-sassandra","name":"Appel \u00e0 la Paix et \u00e0 l'Unit\u00e9 du RHDP Haut-Sassandra - C\u00f4te d&#039;Ivoire","isPartOf":{"@id":"https:\/\/www.africa-press.net\/cotedivoire\/#website"},"primaryImageOfPage":{"@id":"https:\/\/www.africa-press.net\/cotedivoire\/parties\/appel-a-la-paix-et-a-lunite-du-rhdp-haut-sassandra#primaryimage"},"image":{"@id":"https:\/\/www.africa-press.net\/cotedivoire\/parties\/appel-a-la-paix-et-a-lunite-du-rhdp-haut-sassandra#primaryimage"},"thumbnailUrl":"https:\/\/static.africa-press.net\/cote\/sites\/43\/2025\/09\/sm_1758466349.043713.jpg","datePublished":"2025-09-21T18:10:17+00:00","dateModified":"2025-09-21T18:23:16+00:00","author":{"@id":"https:\/\/www.africa-press.net\/cotedivoire\/#\/schema\/person\/2b1cf3cd81a31e3cd26889ca66d677f1"},"description":"Dans le cadre des pre\u0301paratifs pour la pre\u0301sidentielle d'octobre prochain, Mamadou Toure\u0301, coordonnateur re\u0301gional du RH ...","breadcrumb":{"@id":"https:\/\/www.africa-press.net\/cotedivoire\/parties\/appel-a-la-paix-et-a-lunite-du-rhdp-haut-sassandra#breadcrumb"},"inLanguage":"fr-FR","potentialAction":[{"@type":"ReadAction","target":["https:\/\/www.africa-press.net\/cotedivoire\/parties\/appel-a-la-paix-et-a-lunite-du-rhdp-haut-sassandra"]}]},{"@type":"ImageObject","inLanguage":"fr-FR","@id":"https:\/\/www.africa-press.net\/cotedivoire\/parties\/appel-a-la-paix-et-a-lunite-du-rhdp-haut-sassandra#primaryimage","url":"https:\/\/static.africa-press.net\/cote\/sites\/43\/2025\/09\/sm_1758466349.043713.jpg","contentUrl":"https:\/\/static.africa-press.net\/cote\/sites\/43\/2025\/09\/sm_1758466349.043713.jpg","width":720,"height":481,"caption":"Appel \u00e0 la Paix et \u00e0 l'Unit\u00e9 du RHDP Haut-Sassandra"},{"@type":"BreadcrumbList","@id":"https:\/\/www.africa-press.net\/cotedivoire\/parties\/appel-a-la-paix-et-a-lunite-du-rhdp-haut-sassandra#breadcrumb","itemListElement":[{"@type":"ListItem","position":1,"name":"Accueil","item":"https:\/\/www.africa-press.net\/cotedivoire\/"},{"@type":"ListItem","position":2,"name":"Appel \u00e0 la Paix et \u00e0 l&#8217;Unit\u00e9 du RHDP Haut-Sassandra"}]},{"@type":"WebSite","@id":"https:\/\/www.africa-press.net\/cotedivoire\/#website","url":"https:\/\/www.africa-press.net\/cotedivoire\/","name":"C\u00f4te d&#039;Ivoire","description":"Just another Africa News Agency Sites site","potentialAction":[{"@type":"SearchAction","target":{"@type":"EntryPoint","urlTemplate":"https:\/\/www.africa-press.net\/cotedivoire\/?s={search_term_string}"},"query-input":{"@type":"PropertyValueSpecification","valueRequired":true,"valueName":"search_term_string"}}],"inLanguage":"fr-FR"},{"@type":"Person","@id":"https:\/\/www.africa-press.net\/cotedivoire\/#\/schema\/person\/2b1cf3cd81a31e3cd26889ca66d677f1","name":"cfeditorfr"}]}},"_links":{"self":[{"href":"https:\/\/www.africa-press.net\/cotedivoire\/wp-json\/wp\/v2\/posts\/105578","targetHints":{"allow":["GET"]}}],"collection":[{"href":"https:\/\/www.africa-press.net\/cotedivoire\/wp-json\/wp\/v2\/posts"}],"about":[{"href":"https:\/\/www.africa-press.net\/cotedivoire\/wp-json\/wp\/v2\/types\/post"}],"author":[{"embeddable":true,"href":"https:\/\/www.africa-press.net\/cotedivoire\/wp-json\/wp\/v2\/users\/82"}],"replies":[{"embeddable":true,"href":"https:\/\/www.africa-press.net\/cotedivoire\/wp-json\/wp\/v2\/comments?post=105578"}],"version-history":[{"count":0,"href":"https:\/\/www.africa-press.net\/cotedivoire\/wp-json\/wp\/v2\/posts\/105578\/revisions"}],"wp:featuredmedia":[{"embeddable":true,"href":"https:\/\/www.africa-press.net\/cotedivoire\/wp-json\/wp\/v2\/media\/105577"}],"wp:attachment":[{"href":"https:\/\/www.africa-press.net\/cotedivoire\/wp-json\/wp\/v2\/media?parent=105578"}],"wp:term":[{"taxonomy":"category","embeddable":true,"href":"https:\/\/www.africa-press.net\/cotedivoire\/wp-json\/wp\/v2\/categories?post=105578"},{"taxonomy":"post_tag","embeddable":true,"href":"https:\/\/www.africa-press.net\/cotedivoire\/wp-json\/wp\/v2\/tags?post=105578"}],"curies":[{"name":"wp","href":"https:\/\/api.w.org\/{rel}","templated":true}]}}