{"id":105631,"date":"2025-09-22T17:50:40","date_gmt":"2025-09-22T17:50:40","guid":{"rendered":"https:\/\/www.africa-press.net\/cotedivoire\/politique\/rencontre-du-representant-de-lonu-avec-gbagbo-apres-ouattara"},"modified":"2025-09-22T18:52:21","modified_gmt":"2025-09-22T18:52:21","slug":"rencontre-du-representant-de-lonu-avec-gbagbo-apres-ouattara","status":"publish","type":"post","link":"https:\/\/www.africa-press.net\/cotedivoire\/politique\/rencontre-du-representant-de-lonu-avec-gbagbo-apres-ouattara","title":{"rendered":"Rencontre du Repr\u00e9sentant de l&rsquo;ONU avec Gbagbo apr\u00e8s Ouattara"},"content":{"rendered":"<p><span style=\"color: #ff6600\"><strong>Africa-Press &#8211; C\u00f4te d&rsquo;Ivoire. <\/strong><\/span>Apre\u0300s sa rencontre avec le Pre\u0301sident de la Re\u0301publique, S.E.M. Alassane Ouattara, s\u2019est entretenu, le jeudi 18 septembre 2025, le Repre\u0301sentant Spe\u0301cial du Secre\u0301taire Ge\u0301ne\u0301ral des Nations Unies pour l\u2019Afrique de l\u2019Ouest et le Sahel, M. Leonardo Santos SIMA\u0303O, a rencontre\u0301 le pre\u0301sident du Parti des Peuples Africains de Co\u0302te d\u2019Ivoire (PPA-CI), Laurent Gbagbo, a-t-on appris de sources concordantes.<\/p>\n<p>Selon les sources proches du PPA-CI, \u00ab cette rencontre qui a eu lieu a\u0300 Cocody s\u2019inscrit dans le cadre de l&rsquo;e\u0301lection pre\u0301sidentielle d&rsquo;octobre prochain \u00bb.<\/p>\n<p>\u00ab Les deux personnalite\u0301s ont longuement e\u0301change\u0301 en te\u0302te a\u0300 te\u0302te \u00bb, ajoute -t-on.<\/p>\n<p>Pour rappel, lors de sa rencontre avec le chef de l\u2019Etat, M. Leonardo Santos SIMA\u0303O, a indique\u0301 avoir e\u0301change\u0301 avec le Chef de l\u2019E\u0301tat sur la situation politique, e\u0301conomique, sociale et se\u0301curitaire de la Co\u0302te d\u2019Ivoire et de la sous-re\u0301gion.<\/p>\n<p>L\u2019envoye\u0301 de Anto\u0301nio Guterres a, en outre, souligne\u0301 avoir e\u0301voque\u0301 avec le Pre\u0301sident Alassane Ouattara l\u2019e\u0301tat de pre\u0301paration de la prochaine e\u0301lection pre\u0301sidentielle ivoirienne. Il a exprime\u0301 le souhait des Nations Unies de voir les e\u0301lections se de\u0301rouler dans la paix, afin de pre\u0301server et de consolider les acquis en matie\u0300re de de\u0301veloppement e\u0301conomique et social.<\/p>\n<p>Pour terminer, le Repre\u0301sentant Spe\u0301cial du Secre\u0301taire Ge\u0301ne\u0301ral des Nations Unies pour l\u2019Afrique de l\u2019Ouest et le Sahel a indique\u0301 avoir rec\u0327u les assurances du Pre\u0301sident de la Re\u0301publique sur les efforts de\u0301ploye\u0301s pour des e\u0301lections apaise\u0301es en Co\u0302te d\u2019Ivoire.<\/p>\n<p>Notons que, la candidature de Laurent Gbagbo non inscrit sur la liste e\u0301lectorale en raison de sa condamnation a\u0300 20 ans de prison par contumace a\u0300 l\u2019e\u0301lection Pre\u0301sidentielle du samedi 25 octobre 2025, n\u2019a pas e\u0301te\u0301 retenu par le Conseil constitutionnel.<\/p>\n<p><strong>Pour plus d&rsquo;informations et d&rsquo;analyses sur la <span style=\"color: #ff6600\">C\u00f4te d&rsquo;Ivoire<\/span>, suivez <span style=\"color: #ff6600\">Africa-Press<\/span><\/strong><\/p>\n","protected":false},"excerpt":{"rendered":"<p>Africa-Press &#8211; C\u00f4te d&rsquo;Ivoire. Apre\u0300s sa rencontre avec le Pre\u0301sident de la Re\u0301publique, S.E.M. Alassane Ouattara, s\u2019est entretenu, le jeudi 18 septembre 2025, le Repre\u0301sentant Spe\u0301cial du Secre\u0301taire Ge\u0301ne\u0301ral des Nations Unies pour l\u2019Afrique de l\u2019Ouest et le Sahel, M. Leonardo Santos SIMA\u0303O, a rencontre\u0301 le pre\u0301sident du Parti des Peuples Africains de Co\u0302te d\u2019Ivoire [&hellip;]<\/p>\n","protected":false},"author":82,"featured_media":105630,"comment_status":"open","ping_status":"closed","sticky":false,"template":"","format":"standard","meta":{"footnotes":""},"categories":[2,20,10],"tags":[38,29,50,10431,1952,312],"class_list":["post-105631","post","type-post","status-publish","format-standard","has-post-thumbnail","hentry","category-politique","category-top-nouvelles","category-toutes-les-actualites","tag-alassane-ouattara","tag-cote-divoire","tag-laurent-gbagbo","tag-leonardo-santos-simao","tag-ppa-ci","tag-presidentielle"],"yoast_head":"<!-- This site is optimized with the Yoast SEO Premium plugin v26.1 (Yoast SEO v27.0) - https:\/\/yoast.com\/product\/yoast-seo-premium-wordpress\/ -->\n<title>Rencontre du Repr\u00e9sentant de l&#039;ONU avec Gbagbo apr\u00e8s Ouattara - C\u00f4te d&#039;Ivoire<\/title>\n<meta name=\"description\" content=\"Apre\u0300s sa rencontre avec le Pre\u0301sident de la Re\u0301publique, S.E.M. Alassane Ouattara, s\u2019est entretenu, le jeudi 18 septemb ...\" \/>\n<meta name=\"robots\" content=\"index, follow, max-snippet:-1, max-image-preview:large, max-video-preview:-1\" \/>\n<link rel=\"canonical\" href=\"https:\/\/www.africa-press.net\/cotedivoire\/politique\/rencontre-du-representant-de-lonu-avec-gbagbo-apres-ouattara\" \/>\n<meta property=\"og:locale\" content=\"fr_FR\" \/>\n<meta property=\"og:type\" content=\"article\" \/>\n<meta property=\"og:title\" content=\"Rencontre du Repr\u00e9sentant de l&#039;ONU avec Gbagbo apr\u00e8s Ouattara\" \/>\n<meta property=\"og:description\" content=\"Apre\u0300s sa rencontre avec le Pre\u0301sident de la Re\u0301publique, S.E.M. Alassane Ouattara, s\u2019est entretenu, le jeudi 18 septemb ...\" \/>\n<meta property=\"og:url\" content=\"https:\/\/www.africa-press.net\/cotedivoire\/politique\/rencontre-du-representant-de-lonu-avec-gbagbo-apres-ouattara\" \/>\n<meta property=\"og:site_name\" content=\"C\u00f4te d&#039;Ivoire\" \/>\n<meta property=\"article:published_time\" content=\"2025-09-22T17:50:40+00:00\" \/>\n<meta property=\"article:modified_time\" content=\"2025-09-22T18:52:21+00:00\" \/>\n<meta property=\"og:image\" content=\"https:\/\/static.africa-press.net\/cote\/sites\/43\/2025\/09\/sm_1758554416.433386.jpg\" \/>\n\t<meta property=\"og:image:width\" content=\"720\" \/>\n\t<meta property=\"og:image:height\" content=\"482\" \/>\n\t<meta property=\"og:image:type\" content=\"image\/jpeg\" \/>\n<meta name=\"author\" content=\"cfeditorfr\" \/>\n<meta name=\"twitter:card\" content=\"summary_large_image\" \/>\n<meta name=\"twitter:label1\" content=\"\u00c9crit par\" \/>\n\t<meta name=\"twitter:data1\" content=\"cfeditorfr\" \/>\n\t<meta name=\"twitter:label2\" content=\"Dur\u00e9e de lecture estim\u00e9e\" \/>\n\t<meta name=\"twitter:data2\" content=\"2 minutes\" \/>\n<script type=\"application\/ld+json\" class=\"yoast-schema-graph\">{\"@context\":\"https:\/\/schema.org\",\"@graph\":[{\"@type\":\"Article\",\"@id\":\"https:\/\/www.africa-press.net\/cotedivoire\/politique\/rencontre-du-representant-de-lonu-avec-gbagbo-apres-ouattara#article\",\"isPartOf\":{\"@id\":\"https:\/\/www.africa-press.net\/cotedivoire\/politique\/rencontre-du-representant-de-lonu-avec-gbagbo-apres-ouattara\"},\"author\":{\"name\":\"cfeditorfr\",\"@id\":\"https:\/\/www.africa-press.net\/cotedivoire\/#\/schema\/person\/2b1cf3cd81a31e3cd26889ca66d677f1\"},\"headline\":\"Rencontre du Repr\u00e9sentant de l&rsquo;ONU avec Gbagbo apr\u00e8s Ouattara\",\"datePublished\":\"2025-09-22T17:50:40+00:00\",\"dateModified\":\"2025-09-22T18:52:21+00:00\",\"mainEntityOfPage\":{\"@id\":\"https:\/\/www.africa-press.net\/cotedivoire\/politique\/rencontre-du-representant-de-lonu-avec-gbagbo-apres-ouattara\"},\"wordCount\":372,\"commentCount\":0,\"image\":{\"@id\":\"https:\/\/www.africa-press.net\/cotedivoire\/politique\/rencontre-du-representant-de-lonu-avec-gbagbo-apres-ouattara#primaryimage\"},\"thumbnailUrl\":\"https:\/\/static.africa-press.net\/cote\/sites\/43\/2025\/09\/sm_1758554416.433386.jpg\",\"keywords\":[\"Alassane Ouattara\",\"C\u00d4TE D'IVOIRE\",\"Laurent Gbagbo\",\"L\u00e9onardo Santos Simao\",\"PPA-CI\",\"pr\u00e9sidentielle\"],\"articleSection\":[\"Politique\",\"Top Nouvelles\",\"Toutes les actualit\u00e9s\"],\"inLanguage\":\"fr-FR\",\"potentialAction\":[{\"@type\":\"CommentAction\",\"name\":\"Comment\",\"target\":[\"https:\/\/www.africa-press.net\/cotedivoire\/politique\/rencontre-du-representant-de-lonu-avec-gbagbo-apres-ouattara#respond\"]}]},{\"@type\":\"WebPage\",\"@id\":\"https:\/\/www.africa-press.net\/cotedivoire\/politique\/rencontre-du-representant-de-lonu-avec-gbagbo-apres-ouattara\",\"url\":\"https:\/\/www.africa-press.net\/cotedivoire\/politique\/rencontre-du-representant-de-lonu-avec-gbagbo-apres-ouattara\",\"name\":\"Rencontre du Repr\u00e9sentant de l'ONU avec Gbagbo apr\u00e8s Ouattara - C\u00f4te d&#039;Ivoire\",\"isPartOf\":{\"@id\":\"https:\/\/www.africa-press.net\/cotedivoire\/#website\"},\"primaryImageOfPage\":{\"@id\":\"https:\/\/www.africa-press.net\/cotedivoire\/politique\/rencontre-du-representant-de-lonu-avec-gbagbo-apres-ouattara#primaryimage\"},\"image\":{\"@id\":\"https:\/\/www.africa-press.net\/cotedivoire\/politique\/rencontre-du-representant-de-lonu-avec-gbagbo-apres-ouattara#primaryimage\"},\"thumbnailUrl\":\"https:\/\/static.africa-press.net\/cote\/sites\/43\/2025\/09\/sm_1758554416.433386.jpg\",\"datePublished\":\"2025-09-22T17:50:40+00:00\",\"dateModified\":\"2025-09-22T18:52:21+00:00\",\"author\":{\"@id\":\"https:\/\/www.africa-press.net\/cotedivoire\/#\/schema\/person\/2b1cf3cd81a31e3cd26889ca66d677f1\"},\"description\":\"Apre\u0300s sa rencontre avec le Pre\u0301sident de la Re\u0301publique, S.E.M. Alassane Ouattara, s\u2019est entretenu, le jeudi 18 septemb ...\",\"breadcrumb\":{\"@id\":\"https:\/\/www.africa-press.net\/cotedivoire\/politique\/rencontre-du-representant-de-lonu-avec-gbagbo-apres-ouattara#breadcrumb\"},\"inLanguage\":\"fr-FR\",\"potentialAction\":[{\"@type\":\"ReadAction\",\"target\":[\"https:\/\/www.africa-press.net\/cotedivoire\/politique\/rencontre-du-representant-de-lonu-avec-gbagbo-apres-ouattara\"]}]},{\"@type\":\"ImageObject\",\"inLanguage\":\"fr-FR\",\"@id\":\"https:\/\/www.africa-press.net\/cotedivoire\/politique\/rencontre-du-representant-de-lonu-avec-gbagbo-apres-ouattara#primaryimage\",\"url\":\"https:\/\/static.africa-press.net\/cote\/sites\/43\/2025\/09\/sm_1758554416.433386.jpg\",\"contentUrl\":\"https:\/\/static.africa-press.net\/cote\/sites\/43\/2025\/09\/sm_1758554416.433386.jpg\",\"width\":720,\"height\":482,\"caption\":\"Rencontre du Repr\u00e9sentant de l'ONU avec Gbagbo apr\u00e8s Ouattara\"},{\"@type\":\"BreadcrumbList\",\"@id\":\"https:\/\/www.africa-press.net\/cotedivoire\/politique\/rencontre-du-representant-de-lonu-avec-gbagbo-apres-ouattara#breadcrumb\",\"itemListElement\":[{\"@type\":\"ListItem\",\"position\":1,\"name\":\"Accueil\",\"item\":\"https:\/\/www.africa-press.net\/cotedivoire\/\"},{\"@type\":\"ListItem\",\"position\":2,\"name\":\"Rencontre du Repr\u00e9sentant de l&#8217;ONU avec Gbagbo apr\u00e8s Ouattara\"}]},{\"@type\":\"WebSite\",\"@id\":\"https:\/\/www.africa-press.net\/cotedivoire\/#website\",\"url\":\"https:\/\/www.africa-press.net\/cotedivoire\/\",\"name\":\"C\u00f4te d&#039;Ivoire\",\"description\":\"Just another Africa News Agency Sites site\",\"potentialAction\":[{\"@type\":\"SearchAction\",\"target\":{\"@type\":\"EntryPoint\",\"urlTemplate\":\"https:\/\/www.africa-press.net\/cotedivoire\/?s={search_term_string}\"},\"query-input\":{\"@type\":\"PropertyValueSpecification\",\"valueRequired\":true,\"valueName\":\"search_term_string\"}}],\"inLanguage\":\"fr-FR\"},{\"@type\":\"Person\",\"@id\":\"https:\/\/www.africa-press.net\/cotedivoire\/#\/schema\/person\/2b1cf3cd81a31e3cd26889ca66d677f1\",\"name\":\"cfeditorfr\"}]}<\/script>\n<!-- \/ Yoast SEO Premium plugin. -->","yoast_head_json":{"title":"Rencontre du Repr\u00e9sentant de l'ONU avec Gbagbo apr\u00e8s Ouattara - C\u00f4te d&#039;Ivoire","description":"Apre\u0300s sa rencontre avec le Pre\u0301sident de la Re\u0301publique, S.E.M. Alassane Ouattara, s\u2019est entretenu, le jeudi 18 septemb ...","robots":{"index":"index","follow":"follow","max-snippet":"max-snippet:-1","max-image-preview":"max-image-preview:large","max-video-preview":"max-video-preview:-1"},"canonical":"https:\/\/www.africa-press.net\/cotedivoire\/politique\/rencontre-du-representant-de-lonu-avec-gbagbo-apres-ouattara","og_locale":"fr_FR","og_type":"article","og_title":"Rencontre du Repr\u00e9sentant de l'ONU avec Gbagbo apr\u00e8s Ouattara","og_description":"Apre\u0300s sa rencontre avec le Pre\u0301sident de la Re\u0301publique, S.E.M. Alassane Ouattara, s\u2019est entretenu, le jeudi 18 septemb ...","og_url":"https:\/\/www.africa-press.net\/cotedivoire\/politique\/rencontre-du-representant-de-lonu-avec-gbagbo-apres-ouattara","og_site_name":"C\u00f4te d&#039;Ivoire","article_published_time":"2025-09-22T17:50:40+00:00","article_modified_time":"2025-09-22T18:52:21+00:00","og_image":[{"width":720,"height":482,"url":"https:\/\/static.africa-press.net\/cote\/sites\/43\/2025\/09\/sm_1758554416.433386.jpg","type":"image\/jpeg"}],"author":"cfeditorfr","twitter_card":"summary_large_image","twitter_misc":{"\u00c9crit par":"cfeditorfr","Dur\u00e9e de lecture estim\u00e9e":"2 minutes"},"schema":{"@context":"https:\/\/schema.org","@graph":[{"@type":"Article","@id":"https:\/\/www.africa-press.net\/cotedivoire\/politique\/rencontre-du-representant-de-lonu-avec-gbagbo-apres-ouattara#article","isPartOf":{"@id":"https:\/\/www.africa-press.net\/cotedivoire\/politique\/rencontre-du-representant-de-lonu-avec-gbagbo-apres-ouattara"},"author":{"name":"cfeditorfr","@id":"https:\/\/www.africa-press.net\/cotedivoire\/#\/schema\/person\/2b1cf3cd81a31e3cd26889ca66d677f1"},"headline":"Rencontre du Repr\u00e9sentant de l&rsquo;ONU avec Gbagbo apr\u00e8s Ouattara","datePublished":"2025-09-22T17:50:40+00:00","dateModified":"2025-09-22T18:52:21+00:00","mainEntityOfPage":{"@id":"https:\/\/www.africa-press.net\/cotedivoire\/politique\/rencontre-du-representant-de-lonu-avec-gbagbo-apres-ouattara"},"wordCount":372,"commentCount":0,"image":{"@id":"https:\/\/www.africa-press.net\/cotedivoire\/politique\/rencontre-du-representant-de-lonu-avec-gbagbo-apres-ouattara#primaryimage"},"thumbnailUrl":"https:\/\/static.africa-press.net\/cote\/sites\/43\/2025\/09\/sm_1758554416.433386.jpg","keywords":["Alassane Ouattara","C\u00d4TE D'IVOIRE","Laurent Gbagbo","L\u00e9onardo Santos Simao","PPA-CI","pr\u00e9sidentielle"],"articleSection":["Politique","Top Nouvelles","Toutes les actualit\u00e9s"],"inLanguage":"fr-FR","potentialAction":[{"@type":"CommentAction","name":"Comment","target":["https:\/\/www.africa-press.net\/cotedivoire\/politique\/rencontre-du-representant-de-lonu-avec-gbagbo-apres-ouattara#respond"]}]},{"@type":"WebPage","@id":"https:\/\/www.africa-press.net\/cotedivoire\/politique\/rencontre-du-representant-de-lonu-avec-gbagbo-apres-ouattara","url":"https:\/\/www.africa-press.net\/cotedivoire\/politique\/rencontre-du-representant-de-lonu-avec-gbagbo-apres-ouattara","name":"Rencontre du Repr\u00e9sentant de l'ONU avec Gbagbo apr\u00e8s Ouattara - C\u00f4te d&#039;Ivoire","isPartOf":{"@id":"https:\/\/www.africa-press.net\/cotedivoire\/#website"},"primaryImageOfPage":{"@id":"https:\/\/www.africa-press.net\/cotedivoire\/politique\/rencontre-du-representant-de-lonu-avec-gbagbo-apres-ouattara#primaryimage"},"image":{"@id":"https:\/\/www.africa-press.net\/cotedivoire\/politique\/rencontre-du-representant-de-lonu-avec-gbagbo-apres-ouattara#primaryimage"},"thumbnailUrl":"https:\/\/static.africa-press.net\/cote\/sites\/43\/2025\/09\/sm_1758554416.433386.jpg","datePublished":"2025-09-22T17:50:40+00:00","dateModified":"2025-09-22T18:52:21+00:00","author":{"@id":"https:\/\/www.africa-press.net\/cotedivoire\/#\/schema\/person\/2b1cf3cd81a31e3cd26889ca66d677f1"},"description":"Apre\u0300s sa rencontre avec le Pre\u0301sident de la Re\u0301publique, S.E.M. Alassane Ouattara, s\u2019est entretenu, le jeudi 18 septemb ...","breadcrumb":{"@id":"https:\/\/www.africa-press.net\/cotedivoire\/politique\/rencontre-du-representant-de-lonu-avec-gbagbo-apres-ouattara#breadcrumb"},"inLanguage":"fr-FR","potentialAction":[{"@type":"ReadAction","target":["https:\/\/www.africa-press.net\/cotedivoire\/politique\/rencontre-du-representant-de-lonu-avec-gbagbo-apres-ouattara"]}]},{"@type":"ImageObject","inLanguage":"fr-FR","@id":"https:\/\/www.africa-press.net\/cotedivoire\/politique\/rencontre-du-representant-de-lonu-avec-gbagbo-apres-ouattara#primaryimage","url":"https:\/\/static.africa-press.net\/cote\/sites\/43\/2025\/09\/sm_1758554416.433386.jpg","contentUrl":"https:\/\/static.africa-press.net\/cote\/sites\/43\/2025\/09\/sm_1758554416.433386.jpg","width":720,"height":482,"caption":"Rencontre du Repr\u00e9sentant de l'ONU avec Gbagbo apr\u00e8s Ouattara"},{"@type":"BreadcrumbList","@id":"https:\/\/www.africa-press.net\/cotedivoire\/politique\/rencontre-du-representant-de-lonu-avec-gbagbo-apres-ouattara#breadcrumb","itemListElement":[{"@type":"ListItem","position":1,"name":"Accueil","item":"https:\/\/www.africa-press.net\/cotedivoire\/"},{"@type":"ListItem","position":2,"name":"Rencontre du Repr\u00e9sentant de l&#8217;ONU avec Gbagbo apr\u00e8s Ouattara"}]},{"@type":"WebSite","@id":"https:\/\/www.africa-press.net\/cotedivoire\/#website","url":"https:\/\/www.africa-press.net\/cotedivoire\/","name":"C\u00f4te d&#039;Ivoire","description":"Just another Africa News Agency Sites site","potentialAction":[{"@type":"SearchAction","target":{"@type":"EntryPoint","urlTemplate":"https:\/\/www.africa-press.net\/cotedivoire\/?s={search_term_string}"},"query-input":{"@type":"PropertyValueSpecification","valueRequired":true,"valueName":"search_term_string"}}],"inLanguage":"fr-FR"},{"@type":"Person","@id":"https:\/\/www.africa-press.net\/cotedivoire\/#\/schema\/person\/2b1cf3cd81a31e3cd26889ca66d677f1","name":"cfeditorfr"}]}},"_links":{"self":[{"href":"https:\/\/www.africa-press.net\/cotedivoire\/wp-json\/wp\/v2\/posts\/105631","targetHints":{"allow":["GET"]}}],"collection":[{"href":"https:\/\/www.africa-press.net\/cotedivoire\/wp-json\/wp\/v2\/posts"}],"about":[{"href":"https:\/\/www.africa-press.net\/cotedivoire\/wp-json\/wp\/v2\/types\/post"}],"author":[{"embeddable":true,"href":"https:\/\/www.africa-press.net\/cotedivoire\/wp-json\/wp\/v2\/users\/82"}],"replies":[{"embeddable":true,"href":"https:\/\/www.africa-press.net\/cotedivoire\/wp-json\/wp\/v2\/comments?post=105631"}],"version-history":[{"count":0,"href":"https:\/\/www.africa-press.net\/cotedivoire\/wp-json\/wp\/v2\/posts\/105631\/revisions"}],"wp:featuredmedia":[{"embeddable":true,"href":"https:\/\/www.africa-press.net\/cotedivoire\/wp-json\/wp\/v2\/media\/105630"}],"wp:attachment":[{"href":"https:\/\/www.africa-press.net\/cotedivoire\/wp-json\/wp\/v2\/media?parent=105631"}],"wp:term":[{"taxonomy":"category","embeddable":true,"href":"https:\/\/www.africa-press.net\/cotedivoire\/wp-json\/wp\/v2\/categories?post=105631"},{"taxonomy":"post_tag","embeddable":true,"href":"https:\/\/www.africa-press.net\/cotedivoire\/wp-json\/wp\/v2\/tags?post=105631"}],"curies":[{"name":"wp","href":"https:\/\/api.w.org\/{rel}","templated":true}]}}