{"id":10567,"date":"2021-07-29T13:37:09","date_gmt":"2021-07-29T13:37:09","guid":{"rendered":"https:\/\/www.africa-press.net\/cotedivoire\/?p=10567"},"modified":"2021-07-29T12:57:23","modified_gmt":"2021-07-29T12:57:23","slug":"un-sergent-chef-du-bataillon-de-securisation-de-lest-tue-a-bondoukou","status":"publish","type":"post","link":"https:\/\/www.africa-press.net\/cotedivoire\/politique\/un-sergent-chef-du-bataillon-de-securisation-de-lest-tue-a-bondoukou","title":{"rendered":"Un sergent-chef du Bataillon de s\u00e9curisation de l\u2019Est tu\u00e9 \u00e0 Bondoukou"},"content":{"rendered":"<p><span style=\"color: #ff6600\"><strong><a href=\"https:\/\/www.africa-press.net\/\">Africa-Press<\/a> &#8211; <a href=\"https:\/\/www.africa-press.net\/cotedivoire\">C\u00f4te d&rsquo;Ivoire<\/a>. <\/strong><\/span>Le sergent-chef Sidib\u00e9 Bakary du Bataillon de s\u00e9curisation de l\u2019Est (Bse) n\u2019est plus. Il a \u00e9t\u00e9 abattu le mardi 27 juillet 2021, sur la route de Tiss\u00e9 village dans le d\u00e9partement de Bondoukou, par des individus non encore identifi\u00e9s.<\/p>\n<p>Selon Infos du Zanzan, ces assassins du sergent-chef seraient au nombre de quatre. Pour l\u2019heure, les circonstances de sa mort n\u2019ont pas encore \u00e9t\u00e9 \u00e9lucid\u00e9es.<\/p>\n<p>Pour rappel, le samedi 24 juillet, toujours dans la r\u00e9gion de Bondoukou, une bande arm\u00e9e a attaqu\u00e9 des orpailleurs.<\/p>\n<p>Soura Bintou (Stagiaire)<\/p>\n<p>Fratmat<\/p>\n","protected":false},"excerpt":{"rendered":"<p>Africa-Press &#8211; C\u00f4te d&rsquo;Ivoire. Le sergent-chef Sidib\u00e9 Bakary du Bataillon de s\u00e9curisation de l\u2019Est (Bse) n\u2019est plus. Il a \u00e9t\u00e9 abattu le mardi 27 juillet 2021, sur la route de Tiss\u00e9 village dans le d\u00e9partement de Bondoukou, par des individus non encore identifi\u00e9s. Selon Infos du Zanzan, ces assassins du sergent-chef seraient au nombre de [&hellip;]<\/p>\n","protected":false},"author":82,"featured_media":10566,"comment_status":"open","ping_status":"closed","sticky":false,"template":"","format":"standard","meta":{"footnotes":""},"categories":[11,2,10],"tags":[56,63,29],"class_list":["post-10567","post","type-post","status-publish","format-standard","has-post-thumbnail","hentry","category-homepage-french","category-politique","category-toutes-les-actualites","tag-africa-press","tag-africa-press-cote-divoire","tag-cote-divoire"],"yoast_head":"<!-- This site is optimized with the Yoast SEO Premium plugin v26.1 (Yoast SEO v27.0) - https:\/\/yoast.com\/product\/yoast-seo-premium-wordpress\/ -->\n<title>Un sergent-chef du Bataillon de s\u00e9curisation de l\u2019Est tu\u00e9 \u00e0 Bondoukou - C\u00f4te d&#039;Ivoire<\/title>\n<meta name=\"description\" content=\"Le sergent-chef Sidib\u00e9 Bakary du Bataillon de s\u00e9curisation de l\u2019Est (Bse) n\u2019est plus. Il a \u00e9t\u00e9 abattu le mardi 27 juille ...\" \/>\n<meta name=\"robots\" content=\"index, follow, max-snippet:-1, max-image-preview:large, max-video-preview:-1\" \/>\n<link rel=\"canonical\" href=\"https:\/\/www.africa-press.net\/cotedivoire\/politique\/un-sergent-chef-du-bataillon-de-securisation-de-lest-tue-a-bondoukou\" \/>\n<meta property=\"og:locale\" content=\"fr_FR\" \/>\n<meta property=\"og:type\" content=\"article\" \/>\n<meta property=\"og:title\" content=\"Un sergent-chef du Bataillon de s\u00e9curisation de l\u2019Est tu\u00e9 \u00e0 Bondoukou\" \/>\n<meta property=\"og:description\" content=\"Le sergent-chef Sidib\u00e9 Bakary du Bataillon de s\u00e9curisation de l\u2019Est (Bse) n\u2019est plus. Il a \u00e9t\u00e9 abattu le mardi 27 juille ...\" \/>\n<meta property=\"og:url\" content=\"https:\/\/www.africa-press.net\/cotedivoire\/politique\/un-sergent-chef-du-bataillon-de-securisation-de-lest-tue-a-bondoukou\" \/>\n<meta property=\"og:site_name\" content=\"C\u00f4te d&#039;Ivoire\" \/>\n<meta property=\"article:published_time\" content=\"2021-07-29T13:37:09+00:00\" \/>\n<meta property=\"og:image\" content=\"https:\/\/static.africa-press.net\/cote\/sites\/43\/2021\/07\/img-6102a5985223a.jpg\" \/>\n\t<meta property=\"og:image:width\" content=\"797\" \/>\n\t<meta property=\"og:image:height\" content=\"400\" \/>\n\t<meta property=\"og:image:type\" content=\"image\/jpeg\" \/>\n<meta name=\"author\" content=\"cfeditorfr\" \/>\n<meta name=\"twitter:card\" content=\"summary_large_image\" \/>\n<meta name=\"twitter:label1\" content=\"\u00c9crit par\" \/>\n\t<meta name=\"twitter:data1\" content=\"cfeditorfr\" \/>\n<script type=\"application\/ld+json\" class=\"yoast-schema-graph\">{\"@context\":\"https:\/\/schema.org\",\"@graph\":[{\"@type\":\"Article\",\"@id\":\"https:\/\/www.africa-press.net\/cotedivoire\/politique\/un-sergent-chef-du-bataillon-de-securisation-de-lest-tue-a-bondoukou#article\",\"isPartOf\":{\"@id\":\"https:\/\/www.africa-press.net\/cotedivoire\/politique\/un-sergent-chef-du-bataillon-de-securisation-de-lest-tue-a-bondoukou\"},\"author\":{\"name\":\"cfeditorfr\",\"@id\":\"https:\/\/www.africa-press.net\/cotedivoire\/#\/schema\/person\/2b1cf3cd81a31e3cd26889ca66d677f1\"},\"headline\":\"Un sergent-chef du Bataillon de s\u00e9curisation de l\u2019Est tu\u00e9 \u00e0 Bondoukou\",\"datePublished\":\"2021-07-29T13:37:09+00:00\",\"mainEntityOfPage\":{\"@id\":\"https:\/\/www.africa-press.net\/cotedivoire\/politique\/un-sergent-chef-du-bataillon-de-securisation-de-lest-tue-a-bondoukou\"},\"wordCount\":112,\"commentCount\":0,\"image\":{\"@id\":\"https:\/\/www.africa-press.net\/cotedivoire\/politique\/un-sergent-chef-du-bataillon-de-securisation-de-lest-tue-a-bondoukou#primaryimage\"},\"thumbnailUrl\":\"https:\/\/static.africa-press.net\/cote\/sites\/43\/2021\/07\/img-6102a5985223a.jpg\",\"keywords\":[\"Africa Press\",\"Africa Press-C\u00f4te d'Ivoire\",\"C\u00d4TE D'IVOIRE\"],\"articleSection\":[\"homepage-french\",\"Politique\",\"Toutes les actualit\u00e9s\"],\"inLanguage\":\"fr-FR\",\"potentialAction\":[{\"@type\":\"CommentAction\",\"name\":\"Comment\",\"target\":[\"https:\/\/www.africa-press.net\/cotedivoire\/politique\/un-sergent-chef-du-bataillon-de-securisation-de-lest-tue-a-bondoukou#respond\"]}]},{\"@type\":\"WebPage\",\"@id\":\"https:\/\/www.africa-press.net\/cotedivoire\/politique\/un-sergent-chef-du-bataillon-de-securisation-de-lest-tue-a-bondoukou\",\"url\":\"https:\/\/www.africa-press.net\/cotedivoire\/politique\/un-sergent-chef-du-bataillon-de-securisation-de-lest-tue-a-bondoukou\",\"name\":\"Un sergent-chef du Bataillon de s\u00e9curisation de l\u2019Est tu\u00e9 \u00e0 Bondoukou - C\u00f4te d&#039;Ivoire\",\"isPartOf\":{\"@id\":\"https:\/\/www.africa-press.net\/cotedivoire\/#website\"},\"primaryImageOfPage\":{\"@id\":\"https:\/\/www.africa-press.net\/cotedivoire\/politique\/un-sergent-chef-du-bataillon-de-securisation-de-lest-tue-a-bondoukou#primaryimage\"},\"image\":{\"@id\":\"https:\/\/www.africa-press.net\/cotedivoire\/politique\/un-sergent-chef-du-bataillon-de-securisation-de-lest-tue-a-bondoukou#primaryimage\"},\"thumbnailUrl\":\"https:\/\/static.africa-press.net\/cote\/sites\/43\/2021\/07\/img-6102a5985223a.jpg\",\"datePublished\":\"2021-07-29T13:37:09+00:00\",\"author\":{\"@id\":\"https:\/\/www.africa-press.net\/cotedivoire\/#\/schema\/person\/2b1cf3cd81a31e3cd26889ca66d677f1\"},\"description\":\"Le sergent-chef Sidib\u00e9 Bakary du Bataillon de s\u00e9curisation de l\u2019Est (Bse) n\u2019est plus. Il a \u00e9t\u00e9 abattu le mardi 27 juille ...\",\"breadcrumb\":{\"@id\":\"https:\/\/www.africa-press.net\/cotedivoire\/politique\/un-sergent-chef-du-bataillon-de-securisation-de-lest-tue-a-bondoukou#breadcrumb\"},\"inLanguage\":\"fr-FR\",\"potentialAction\":[{\"@type\":\"ReadAction\",\"target\":[\"https:\/\/www.africa-press.net\/cotedivoire\/politique\/un-sergent-chef-du-bataillon-de-securisation-de-lest-tue-a-bondoukou\"]}]},{\"@type\":\"ImageObject\",\"inLanguage\":\"fr-FR\",\"@id\":\"https:\/\/www.africa-press.net\/cotedivoire\/politique\/un-sergent-chef-du-bataillon-de-securisation-de-lest-tue-a-bondoukou#primaryimage\",\"url\":\"https:\/\/static.africa-press.net\/cote\/sites\/43\/2021\/07\/img-6102a5985223a.jpg\",\"contentUrl\":\"https:\/\/static.africa-press.net\/cote\/sites\/43\/2021\/07\/img-6102a5985223a.jpg\",\"width\":797,\"height\":400,\"caption\":\"Un sergent-chef du Bataillon de s\u00e9curisation de l\u2019Est tu\u00e9 \u00e0 Bondoukou\"},{\"@type\":\"BreadcrumbList\",\"@id\":\"https:\/\/www.africa-press.net\/cotedivoire\/politique\/un-sergent-chef-du-bataillon-de-securisation-de-lest-tue-a-bondoukou#breadcrumb\",\"itemListElement\":[{\"@type\":\"ListItem\",\"position\":1,\"name\":\"Accueil\",\"item\":\"https:\/\/www.africa-press.net\/cotedivoire\/\"},{\"@type\":\"ListItem\",\"position\":2,\"name\":\"Un sergent-chef du Bataillon de s\u00e9curisation de l\u2019Est tu\u00e9 \u00e0 Bondoukou\"}]},{\"@type\":\"WebSite\",\"@id\":\"https:\/\/www.africa-press.net\/cotedivoire\/#website\",\"url\":\"https:\/\/www.africa-press.net\/cotedivoire\/\",\"name\":\"C\u00f4te d&#039;Ivoire\",\"description\":\"Just another Africa News Agency Sites site\",\"potentialAction\":[{\"@type\":\"SearchAction\",\"target\":{\"@type\":\"EntryPoint\",\"urlTemplate\":\"https:\/\/www.africa-press.net\/cotedivoire\/?s={search_term_string}\"},\"query-input\":{\"@type\":\"PropertyValueSpecification\",\"valueRequired\":true,\"valueName\":\"search_term_string\"}}],\"inLanguage\":\"fr-FR\"},{\"@type\":\"Person\",\"@id\":\"https:\/\/www.africa-press.net\/cotedivoire\/#\/schema\/person\/2b1cf3cd81a31e3cd26889ca66d677f1\",\"name\":\"cfeditorfr\"}]}<\/script>\n<!-- \/ Yoast SEO Premium plugin. -->","yoast_head_json":{"title":"Un sergent-chef du Bataillon de s\u00e9curisation de l\u2019Est tu\u00e9 \u00e0 Bondoukou - C\u00f4te d&#039;Ivoire","description":"Le sergent-chef Sidib\u00e9 Bakary du Bataillon de s\u00e9curisation de l\u2019Est (Bse) n\u2019est plus. Il a \u00e9t\u00e9 abattu le mardi 27 juille ...","robots":{"index":"index","follow":"follow","max-snippet":"max-snippet:-1","max-image-preview":"max-image-preview:large","max-video-preview":"max-video-preview:-1"},"canonical":"https:\/\/www.africa-press.net\/cotedivoire\/politique\/un-sergent-chef-du-bataillon-de-securisation-de-lest-tue-a-bondoukou","og_locale":"fr_FR","og_type":"article","og_title":"Un sergent-chef du Bataillon de s\u00e9curisation de l\u2019Est tu\u00e9 \u00e0 Bondoukou","og_description":"Le sergent-chef Sidib\u00e9 Bakary du Bataillon de s\u00e9curisation de l\u2019Est (Bse) n\u2019est plus. Il a \u00e9t\u00e9 abattu le mardi 27 juille ...","og_url":"https:\/\/www.africa-press.net\/cotedivoire\/politique\/un-sergent-chef-du-bataillon-de-securisation-de-lest-tue-a-bondoukou","og_site_name":"C\u00f4te d&#039;Ivoire","article_published_time":"2021-07-29T13:37:09+00:00","og_image":[{"width":797,"height":400,"url":"https:\/\/static.africa-press.net\/cote\/sites\/43\/2021\/07\/img-6102a5985223a.jpg","type":"image\/jpeg"}],"author":"cfeditorfr","twitter_card":"summary_large_image","twitter_misc":{"\u00c9crit par":"cfeditorfr"},"schema":{"@context":"https:\/\/schema.org","@graph":[{"@type":"Article","@id":"https:\/\/www.africa-press.net\/cotedivoire\/politique\/un-sergent-chef-du-bataillon-de-securisation-de-lest-tue-a-bondoukou#article","isPartOf":{"@id":"https:\/\/www.africa-press.net\/cotedivoire\/politique\/un-sergent-chef-du-bataillon-de-securisation-de-lest-tue-a-bondoukou"},"author":{"name":"cfeditorfr","@id":"https:\/\/www.africa-press.net\/cotedivoire\/#\/schema\/person\/2b1cf3cd81a31e3cd26889ca66d677f1"},"headline":"Un sergent-chef du Bataillon de s\u00e9curisation de l\u2019Est tu\u00e9 \u00e0 Bondoukou","datePublished":"2021-07-29T13:37:09+00:00","mainEntityOfPage":{"@id":"https:\/\/www.africa-press.net\/cotedivoire\/politique\/un-sergent-chef-du-bataillon-de-securisation-de-lest-tue-a-bondoukou"},"wordCount":112,"commentCount":0,"image":{"@id":"https:\/\/www.africa-press.net\/cotedivoire\/politique\/un-sergent-chef-du-bataillon-de-securisation-de-lest-tue-a-bondoukou#primaryimage"},"thumbnailUrl":"https:\/\/static.africa-press.net\/cote\/sites\/43\/2021\/07\/img-6102a5985223a.jpg","keywords":["Africa Press","Africa Press-C\u00f4te d'Ivoire","C\u00d4TE D'IVOIRE"],"articleSection":["homepage-french","Politique","Toutes les actualit\u00e9s"],"inLanguage":"fr-FR","potentialAction":[{"@type":"CommentAction","name":"Comment","target":["https:\/\/www.africa-press.net\/cotedivoire\/politique\/un-sergent-chef-du-bataillon-de-securisation-de-lest-tue-a-bondoukou#respond"]}]},{"@type":"WebPage","@id":"https:\/\/www.africa-press.net\/cotedivoire\/politique\/un-sergent-chef-du-bataillon-de-securisation-de-lest-tue-a-bondoukou","url":"https:\/\/www.africa-press.net\/cotedivoire\/politique\/un-sergent-chef-du-bataillon-de-securisation-de-lest-tue-a-bondoukou","name":"Un sergent-chef du Bataillon de s\u00e9curisation de l\u2019Est tu\u00e9 \u00e0 Bondoukou - C\u00f4te d&#039;Ivoire","isPartOf":{"@id":"https:\/\/www.africa-press.net\/cotedivoire\/#website"},"primaryImageOfPage":{"@id":"https:\/\/www.africa-press.net\/cotedivoire\/politique\/un-sergent-chef-du-bataillon-de-securisation-de-lest-tue-a-bondoukou#primaryimage"},"image":{"@id":"https:\/\/www.africa-press.net\/cotedivoire\/politique\/un-sergent-chef-du-bataillon-de-securisation-de-lest-tue-a-bondoukou#primaryimage"},"thumbnailUrl":"https:\/\/static.africa-press.net\/cote\/sites\/43\/2021\/07\/img-6102a5985223a.jpg","datePublished":"2021-07-29T13:37:09+00:00","author":{"@id":"https:\/\/www.africa-press.net\/cotedivoire\/#\/schema\/person\/2b1cf3cd81a31e3cd26889ca66d677f1"},"description":"Le sergent-chef Sidib\u00e9 Bakary du Bataillon de s\u00e9curisation de l\u2019Est (Bse) n\u2019est plus. Il a \u00e9t\u00e9 abattu le mardi 27 juille ...","breadcrumb":{"@id":"https:\/\/www.africa-press.net\/cotedivoire\/politique\/un-sergent-chef-du-bataillon-de-securisation-de-lest-tue-a-bondoukou#breadcrumb"},"inLanguage":"fr-FR","potentialAction":[{"@type":"ReadAction","target":["https:\/\/www.africa-press.net\/cotedivoire\/politique\/un-sergent-chef-du-bataillon-de-securisation-de-lest-tue-a-bondoukou"]}]},{"@type":"ImageObject","inLanguage":"fr-FR","@id":"https:\/\/www.africa-press.net\/cotedivoire\/politique\/un-sergent-chef-du-bataillon-de-securisation-de-lest-tue-a-bondoukou#primaryimage","url":"https:\/\/static.africa-press.net\/cote\/sites\/43\/2021\/07\/img-6102a5985223a.jpg","contentUrl":"https:\/\/static.africa-press.net\/cote\/sites\/43\/2021\/07\/img-6102a5985223a.jpg","width":797,"height":400,"caption":"Un sergent-chef du Bataillon de s\u00e9curisation de l\u2019Est tu\u00e9 \u00e0 Bondoukou"},{"@type":"BreadcrumbList","@id":"https:\/\/www.africa-press.net\/cotedivoire\/politique\/un-sergent-chef-du-bataillon-de-securisation-de-lest-tue-a-bondoukou#breadcrumb","itemListElement":[{"@type":"ListItem","position":1,"name":"Accueil","item":"https:\/\/www.africa-press.net\/cotedivoire\/"},{"@type":"ListItem","position":2,"name":"Un sergent-chef du Bataillon de s\u00e9curisation de l\u2019Est tu\u00e9 \u00e0 Bondoukou"}]},{"@type":"WebSite","@id":"https:\/\/www.africa-press.net\/cotedivoire\/#website","url":"https:\/\/www.africa-press.net\/cotedivoire\/","name":"C\u00f4te d&#039;Ivoire","description":"Just another Africa News Agency Sites site","potentialAction":[{"@type":"SearchAction","target":{"@type":"EntryPoint","urlTemplate":"https:\/\/www.africa-press.net\/cotedivoire\/?s={search_term_string}"},"query-input":{"@type":"PropertyValueSpecification","valueRequired":true,"valueName":"search_term_string"}}],"inLanguage":"fr-FR"},{"@type":"Person","@id":"https:\/\/www.africa-press.net\/cotedivoire\/#\/schema\/person\/2b1cf3cd81a31e3cd26889ca66d677f1","name":"cfeditorfr"}]}},"_links":{"self":[{"href":"https:\/\/www.africa-press.net\/cotedivoire\/wp-json\/wp\/v2\/posts\/10567","targetHints":{"allow":["GET"]}}],"collection":[{"href":"https:\/\/www.africa-press.net\/cotedivoire\/wp-json\/wp\/v2\/posts"}],"about":[{"href":"https:\/\/www.africa-press.net\/cotedivoire\/wp-json\/wp\/v2\/types\/post"}],"author":[{"embeddable":true,"href":"https:\/\/www.africa-press.net\/cotedivoire\/wp-json\/wp\/v2\/users\/82"}],"replies":[{"embeddable":true,"href":"https:\/\/www.africa-press.net\/cotedivoire\/wp-json\/wp\/v2\/comments?post=10567"}],"version-history":[{"count":0,"href":"https:\/\/www.africa-press.net\/cotedivoire\/wp-json\/wp\/v2\/posts\/10567\/revisions"}],"wp:featuredmedia":[{"embeddable":true,"href":"https:\/\/www.africa-press.net\/cotedivoire\/wp-json\/wp\/v2\/media\/10566"}],"wp:attachment":[{"href":"https:\/\/www.africa-press.net\/cotedivoire\/wp-json\/wp\/v2\/media?parent=10567"}],"wp:term":[{"taxonomy":"category","embeddable":true,"href":"https:\/\/www.africa-press.net\/cotedivoire\/wp-json\/wp\/v2\/categories?post=10567"},{"taxonomy":"post_tag","embeddable":true,"href":"https:\/\/www.africa-press.net\/cotedivoire\/wp-json\/wp\/v2\/tags?post=10567"}],"curies":[{"name":"wp","href":"https:\/\/api.w.org\/{rel}","templated":true}]}}