{"id":10570,"date":"2021-07-29T13:42:42","date_gmt":"2021-07-29T13:42:42","guid":{"rendered":"https:\/\/www.africa-press.net\/cotedivoire\/?p=10570"},"modified":"2021-07-29T12:57:56","modified_gmt":"2021-07-29T12:57:56","slug":"les-victimes-des-dechets-toxiques-disent-merci-au-juge-ali-yeo-procureur-de-la-cour-des-comptes-dabidjan-cote-divoire","status":"publish","type":"post","link":"https:\/\/www.africa-press.net\/cotedivoire\/politique\/les-victimes-des-dechets-toxiques-disent-merci-au-juge-ali-yeo-procureur-de-la-cour-des-comptes-dabidjan-cote-divoire","title":{"rendered":"Les victimes des d\u00e9chets toxiques disent \u00ab\u00a0Merci\u00a0\u00bb au juge Ali Y\u00e9o, procureur de la Cour des comptes d\u2019Abidjan\/C\u00f4te-d\u2019Ivoire"},"content":{"rendered":"<p><span style=\"color: #ff6600\"><strong><a href=\"https:\/\/www.africa-press.net\/\">Africa-Press<\/a> &#8211; <a href=\"https:\/\/www.africa-press.net\/cotedivoire\">C\u00f4te d&rsquo;Ivoire<\/a>. <\/strong><\/span>Abidjan, le lundi 26 juillet 2021<\/p>\n<p>Monsieur Ali Y\u00e9o, Procureur<\/p>\n<p>G\u00e9n\u00e9ral de la Cour des Comptes<\/p>\n<p>ABIDJAN<\/p>\n<p>R\u00e9f : AFFAIRE RELATIVE AU DETOURNEMENT DES FONDS ALLOUES A L\u2019INDEMNISATION DES VICTIMES DES DECHETS TOXIQUES<\/p>\n<p>OBJET : Courrier d\u2019hommage.<\/p>\n<p>Monsieur le Procureur G\u00e9n\u00e9ral,<\/p>\n<p>Je viens, au nom des victimes des d\u00e9chets toxiques, membres du RENADVIDET-CI dont je suis le repr\u00e9sentant et en mon nom propre, vous rendre un vibrant et sinc\u00e8re hommage pour votre grand sens des responsabilit\u00e9s et pour le respect du sacerdoce \u00e0 vous d\u00e9volu, \u00e0 savoir dire le droit.<\/p>\n<p>En effet, avec vous, alors \u00e8s qualit\u00e9 de Premier Pr\u00e9sident de la Cour d\u2019Appel d\u2019Abidjan-Plateau, les veuves et les orphelins sans discrimination aucune ont recouvr\u00e9 leur dignit\u00e9 \u00e0 travers vos diff\u00e9rentes d\u00e9cisions judiciaires empreintes de justice et d\u2019\u00e9quit\u00e9.<\/p>\n<p>En tout \u00e9tat de cause, ce constat est g\u00e9n\u00e9ral parce que fait par l\u2019ensemble des justiciables qui ont accueilli impassiblement au cours d\u2019une audience que vous devriez en principe pr\u00e9sider, votre brusque affectation comme un coup de massue, un s\u00e9isme voire un tsunami. Ces justiciables, selon leurs propres termes, qui, non seulement ont \u00e9t\u00e9 s\u00e9duits par votre amabilit\u00e9 et bienveillance \u00e0 l\u2019\u00e9gard de toutes les parties \u00e0 vos diff\u00e9rentes audiences, votre sens de l\u2019humour, mais aussi et surtout votre rigueur dans l\u2019application stricte des r\u00e8gles de droit. A l\u2019instar du Pr\u00e9sident de la Cour d\u2019Appel du Tribunal de Commerce d\u2019Abidjan.<\/p>\n<p>Aussi, particuli\u00e8rement dans notre affaire vis\u00e9e en r\u00e9f\u00e9rence, avez-vous chamboul\u00e9, boulevers\u00e9 ce qui apparaissait comme la r\u00e8gle, \u00e0 savoir la mentalit\u00e9 du gain facile amenant certains Magistrats \u00e0 prendre des d\u00e9cisions iniques, cyniques et violant toutes les r\u00e8gles de droit.<\/p>\n<p>En d\u00e9pit de nombreuses tentations dont vous avez \u00e9t\u00e9 objet de la part de nos bourreaux au nombre desquels figurent de prestigieuses institutions bancaires, vous avez fait montre de r\u00e9silience sans pr\u00e9c\u00e9dent pour dire le droit, et en cons\u00e9quence, dire non \u00e0 la forfaiture dans toute sa diversit\u00e9, dans toute sa laideur et ce, dans toutes nos affaires d\u00e9f\u00e9r\u00e9es \u00e0 la censure de la juridiction que vous pr\u00e9sidiez nagu\u00e8re.<\/p>\n<p>Par ailleurs, dans ce monde de requins qu\u2019est devenu notre milieu judiciaire o\u00f9 les plus faibles financi\u00e8rement sont aval\u00e9s, mang\u00e9s par les plus nantis, vous, vous avez su garder votre dignit\u00e9 pour faire pr\u00e9valoir, en toute circonstance, le droit sur l\u2019imposture et la justice sur l\u2019injustice ce, dans le strict respect du serment par vous pr\u00eat\u00e9, celui de dire le droit.<\/p>\n<p>Il s\u2019inf\u00e8re de ce qui pr\u00e9c\u00e8de, que la seule reconnaissance qui vaille n\u2019est pas celle qui \u00e9manera de l\u2019humain mais plut\u00f4t celle qui proc\u00e9dera du divin.<\/p>\n<p>Par voie de cons\u00e9quence, seul Dieu Tout-Puissant saura vous r\u00e9compenser \u00e0 la hauteur de votre honn\u00eatet\u00e9 et de votre int\u00e9grit\u00e9.<\/p>\n<p>Permettez-moi de vous rappeler, Monsieur le Premier Pr\u00e9sident de la Cour d\u2019Appel, oh ! Que dis-je, Monsieur le Procureur G\u00e9n\u00e9ral, lorsque suite au rendu d\u2019une d\u00e9cision de justice conforme au droit, laquelle nous \u00e9tait favorable, que certains de mes collaborateurs et moi \u00e9tions all\u00e9s vous dire merci \u00e0 votre bureau parce que vous avez tout simplement dit le droit, chose rarissime dans notre affaire, vous en \u00e9tiez surpris et aviez affirm\u00e9 ceci : \u00ab Je vous remercie. C\u2019est la premi\u00e8re fois que des justiciables viennent me remercier apr\u00e8s avoir rendu une d\u00e9cision en leur faveur. Pourtant, je n\u2019ai fait que dire le droit \u00bb. Vous voudrez bien m\u2019excuser, Monsieur le Procureur G\u00e9n\u00e9ral, d\u2019avoir paraphras\u00e9 \u00e0 quelques \u00e9gards cette citation.<\/p>\n<p>Monsieur le Procureur G\u00e9n\u00e9ral, sachez que nonobstant toutes les \u00e9preuves que vous traverserez dans l\u2019accomplissement de cette mission divine, tous les \u00e9cueils auxquels vous serez confront\u00e9, vous n\u2019\u00eates pas et vous ne serez pas seul. Nous, victimes des d\u00e9chets toxiques, vous soutiendrons contre vents et marr\u00e9es, nous serons \u00e0 votre cot\u00e9 avec comme unique arme, la pri\u00e8re afin de vous faire triompher de toutes les adversit\u00e9s et des forces du mal.<\/p>\n<p>Aussi, voudrions-nous saisir cette opportunit\u00e9 pour rendre hommage aux Magistrats GBAKA L\u00e9b\u00e9, Assi DOSSO Juliette, ETIEN Ti\u00e9m\u00e9l\u00e9, CISSOKO Amouroulaye Ibrahim, KOUAME Yao Philippe, BROU Kouao Eug\u00e8ne, MEITE Massafola \u00e9pouse TRAORE, SERI Gustave, DEZAI Alain Jo\u00ebl, KOMOIN Fran\u00e7ois. Les deux derniers Magistrats cit\u00e9s ont rendu dans notre affaire, des d\u00e9cisions d\u2019incomp\u00e9tence de leur juridiction de la connaitre mais ces d\u00e9cisions \u00e9taient conformes au droit.<\/p>\n<p>Consid\u00e9rant que la justice est le socle de la coh\u00e9sion sociale, le mal que nous vous souhaitons est d\u2019\u00eatre nomm\u00e9 \u00e0 la t\u00eate de la plus haute juridiction de notre pays, \u00e0 savoir la Cour de Cassation afin de r\u00e9tablir les pauvres citoyens, victimes de d\u00e9cisions de justice greff\u00e9es d\u2019imperfections et d\u2019erreurs, dans leurs droits.<\/p>\n<p>Merci et mille fois merci et surtout bon vent dans vos nouvelles fonctions.<\/p>\n<p>Tout en vous r\u00e9it\u00e9rant nos remerciements et notre reconnaissance infinie, je vous prie d\u2019agr\u00e9er, Monsieur le Procureur G\u00e9n\u00e9ral, l\u2019expression de ma haute consid\u00e9ration.<\/p>\n<p>AMPLIATION :<\/p>\n<p>-A son Excellence Monsieur le Pr\u00e9sident de la R\u00e9publique de Cote d\u2019Ivoire ;<\/p>\n<p>-A Monsieur le Premier Ministre, Chef du Gouvernement ;<\/p>\n<p>-A Madame le Pr\u00e9sident de la Cour de Cassation d\u2019Abidjan ;<\/p>\n<p>-A Madame le Procureur G\u00e9n\u00e9ral Pr\u00e8s la Cour de Cassation et du Conseil d\u2019Etat ;<\/p>\n<p>-A Monsieur le Pr\u00e9sident de la Haute Autorit\u00e9 Pour la Bonne Gouvernance ;<\/p>\n<p>-A Monsieur le Garde des Sceaux, Ministre de la Justice et des Droits de l\u2019Homme ;<\/p>\n<p>-A Monsieur l\u2019Inspecteur G\u00e9n\u00e9ral des Services Judiciaires et P\u00e9nitentiaires ;<\/p>\n<p>-A Monsieur le Premier Pr\u00e9sident de la Cour d\u2019Appel d\u2019Abidjan-Plateau ;<\/p>\n<p>-A Monsieur le Pr\u00e9sident de la Cour d\u2019Appel du Tribunal de Commerce d\u2019Abidjan ;<\/p>\n<p>-A Monsieur le Procureur G\u00e9n\u00e9ral Pr\u00e8s la Cour d\u2019Appel du Plateau ;<\/p>\n<p>-A Monsieur le Pr\u00e9sident du Tribunal d\u2019Abidjan ;<\/p>\n<p>-A Monsieur le Juge de l\u2019Application des Peines ;<\/p>\n<p>-A Son Excellence Monsieur l\u2019Ambassadeur des Etats-Unis en Cote d\u2019Ivoire ;<\/p>\n<p>A Son Excellence Monsieur l\u2019Ambassadeur de France en Cote d\u2019Ivoire ;<\/p>\n<p>A Son Excellence Monsieur l\u2019Ambassadeur de la Grande-Bretagne en Cote d\u2019Ivoire ;<\/p>\n<p>-A Madame le Pr\u00e9sident du Conseil National des Droits de l\u2019Homme de Cote d\u2019Ivoire (CNDH-CI) ;<\/p>\n<p>-A Monsieur le Directeur G\u00e9n\u00e9ral de la Soci\u00e9t\u00e9 G\u00e9n\u00e9rale Cote d\u2019Ivoire (SGCI) ;<\/p>\n<p>-A Monsieur le Directeur G\u00e9n\u00e9ral d\u2019AFRILAND FIRST BANK CI, ex ACCESS BANK CI ;<\/p>\n<p>-A LA SCPQ ABBE-DOGUE-YAO ET ASSOCIES, Conseil de la SGCI ;<\/p>\n<p>-A Maitre Jean-Luc D. VARLET, Conseil d\u2019AFRILAND FIRST BANK CI, anciennement d\u00e9nomm\u00e9e ACCESS BANK CI ;<\/p>\n<p>-A Monsieur le Pr\u00e9sident de la LIDHO ;<\/p>\n<p>-A Monsieur le Pr\u00e9sident de la FIDH ;<\/p>\n<p>-A Monsieur le Pr\u00e9sident d\u2019Amnesty International ;<\/p>\n<p>-A Monsieur le Pr\u00e9sident de Transparency Justice ;<\/p>\n<p>-A la presse nationale et internationale.<\/p>\n<p>P\/LE BEN DU RENADVIDET-CI<\/p>\n<p>LE PRESIDENT<\/p>\n<p>M. Charles KOFFI H.<\/p>\n<p>Administrateur Civil<\/p>\n<p>CELL : 07 57 50 57 59<\/p>\n","protected":false},"excerpt":{"rendered":"<p>Africa-Press &#8211; C\u00f4te d&rsquo;Ivoire. Abidjan, le lundi 26 juillet 2021 Monsieur Ali Y\u00e9o, Procureur G\u00e9n\u00e9ral de la Cour des Comptes ABIDJAN R\u00e9f : AFFAIRE RELATIVE AU DETOURNEMENT DES FONDS ALLOUES A L\u2019INDEMNISATION DES VICTIMES DES DECHETS TOXIQUES OBJET : Courrier d\u2019hommage. Monsieur le Procureur G\u00e9n\u00e9ral, Je viens, au nom des victimes des d\u00e9chets toxiques, membres [&hellip;]<\/p>\n","protected":false},"author":82,"featured_media":10569,"comment_status":"open","ping_status":"closed","sticky":false,"template":"","format":"standard","meta":{"footnotes":""},"categories":[11,2,10],"tags":[56,63,29],"class_list":["post-10570","post","type-post","status-publish","format-standard","has-post-thumbnail","hentry","category-homepage-french","category-politique","category-toutes-les-actualites","tag-africa-press","tag-africa-press-cote-divoire","tag-cote-divoire"],"yoast_head":"<!-- This site is optimized with the Yoast SEO Premium plugin v26.1 (Yoast SEO v27.0) - https:\/\/yoast.com\/product\/yoast-seo-premium-wordpress\/ -->\n<title>Les victimes des d\u00e9chets toxiques disent \u00ab\u00a0Merci\u00a0\u00bb au juge Ali Y\u00e9o, procureur de la Cour des comptes d\u2019Abidjan\/C\u00f4te-d\u2019Ivoire - C\u00f4te d&#039;Ivoire<\/title>\n<meta name=\"description\" content=\"Abidjan, le lundi 26 juillet 2021 Monsieur Ali Y\u00e9o, Procureur G\u00e9n\u00e9ral de la Cour des Comptes ABIDJAN R\u00e9f : AFFAIRE R ...\" \/>\n<meta name=\"robots\" content=\"index, follow, max-snippet:-1, max-image-preview:large, max-video-preview:-1\" \/>\n<link rel=\"canonical\" href=\"https:\/\/www.africa-press.net\/cotedivoire\/politique\/les-victimes-des-dechets-toxiques-disent-merci-au-juge-ali-yeo-procureur-de-la-cour-des-comptes-dabidjan-cote-divoire\" \/>\n<meta property=\"og:locale\" content=\"fr_FR\" \/>\n<meta property=\"og:type\" content=\"article\" \/>\n<meta property=\"og:title\" content=\"Les victimes des d\u00e9chets toxiques disent \u00ab\u00a0Merci\u00a0\u00bb au juge Ali Y\u00e9o, procureur de la Cour des comptes d\u2019Abidjan\/C\u00f4te-d\u2019Ivoire\" \/>\n<meta property=\"og:description\" content=\"Abidjan, le lundi 26 juillet 2021 Monsieur Ali Y\u00e9o, Procureur G\u00e9n\u00e9ral de la Cour des Comptes ABIDJAN R\u00e9f : AFFAIRE R ...\" \/>\n<meta property=\"og:url\" content=\"https:\/\/www.africa-press.net\/cotedivoire\/politique\/les-victimes-des-dechets-toxiques-disent-merci-au-juge-ali-yeo-procureur-de-la-cour-des-comptes-dabidjan-cote-divoire\" \/>\n<meta property=\"og:site_name\" content=\"C\u00f4te d&#039;Ivoire\" \/>\n<meta property=\"article:published_time\" content=\"2021-07-29T13:42:42+00:00\" \/>\n<meta property=\"og:image\" content=\"https:\/\/static.africa-press.net\/cote\/sites\/43\/2021\/07\/img-6102a5b8c4825.jpg\" \/>\n\t<meta property=\"og:image:width\" content=\"906\" \/>\n\t<meta property=\"og:image:height\" content=\"927\" \/>\n\t<meta property=\"og:image:type\" content=\"image\/jpeg\" \/>\n<meta name=\"author\" content=\"cfeditorfr\" \/>\n<meta name=\"twitter:card\" content=\"summary_large_image\" \/>\n<meta name=\"twitter:label1\" content=\"\u00c9crit par\" \/>\n\t<meta name=\"twitter:data1\" content=\"cfeditorfr\" \/>\n\t<meta name=\"twitter:label2\" content=\"Dur\u00e9e de lecture estim\u00e9e\" \/>\n\t<meta name=\"twitter:data2\" content=\"6 minutes\" \/>\n<script type=\"application\/ld+json\" class=\"yoast-schema-graph\">{\"@context\":\"https:\/\/schema.org\",\"@graph\":[{\"@type\":\"Article\",\"@id\":\"https:\/\/www.africa-press.net\/cotedivoire\/politique\/les-victimes-des-dechets-toxiques-disent-merci-au-juge-ali-yeo-procureur-de-la-cour-des-comptes-dabidjan-cote-divoire#article\",\"isPartOf\":{\"@id\":\"https:\/\/www.africa-press.net\/cotedivoire\/politique\/les-victimes-des-dechets-toxiques-disent-merci-au-juge-ali-yeo-procureur-de-la-cour-des-comptes-dabidjan-cote-divoire\"},\"author\":{\"name\":\"cfeditorfr\",\"@id\":\"https:\/\/www.africa-press.net\/cotedivoire\/#\/schema\/person\/2b1cf3cd81a31e3cd26889ca66d677f1\"},\"headline\":\"Les victimes des d\u00e9chets toxiques disent \u00ab\u00a0Merci\u00a0\u00bb au juge Ali Y\u00e9o, procureur de la Cour des comptes d\u2019Abidjan\/C\u00f4te-d\u2019Ivoire\",\"datePublished\":\"2021-07-29T13:42:42+00:00\",\"mainEntityOfPage\":{\"@id\":\"https:\/\/www.africa-press.net\/cotedivoire\/politique\/les-victimes-des-dechets-toxiques-disent-merci-au-juge-ali-yeo-procureur-de-la-cour-des-comptes-dabidjan-cote-divoire\"},\"wordCount\":1246,\"commentCount\":0,\"image\":{\"@id\":\"https:\/\/www.africa-press.net\/cotedivoire\/politique\/les-victimes-des-dechets-toxiques-disent-merci-au-juge-ali-yeo-procureur-de-la-cour-des-comptes-dabidjan-cote-divoire#primaryimage\"},\"thumbnailUrl\":\"https:\/\/static.africa-press.net\/cote\/sites\/43\/2021\/07\/img-6102a5b8c4825.jpg\",\"keywords\":[\"Africa Press\",\"Africa Press-C\u00f4te d'Ivoire\",\"C\u00d4TE D'IVOIRE\"],\"articleSection\":[\"homepage-french\",\"Politique\",\"Toutes les actualit\u00e9s\"],\"inLanguage\":\"fr-FR\",\"potentialAction\":[{\"@type\":\"CommentAction\",\"name\":\"Comment\",\"target\":[\"https:\/\/www.africa-press.net\/cotedivoire\/politique\/les-victimes-des-dechets-toxiques-disent-merci-au-juge-ali-yeo-procureur-de-la-cour-des-comptes-dabidjan-cote-divoire#respond\"]}]},{\"@type\":\"WebPage\",\"@id\":\"https:\/\/www.africa-press.net\/cotedivoire\/politique\/les-victimes-des-dechets-toxiques-disent-merci-au-juge-ali-yeo-procureur-de-la-cour-des-comptes-dabidjan-cote-divoire\",\"url\":\"https:\/\/www.africa-press.net\/cotedivoire\/politique\/les-victimes-des-dechets-toxiques-disent-merci-au-juge-ali-yeo-procureur-de-la-cour-des-comptes-dabidjan-cote-divoire\",\"name\":\"Les victimes des d\u00e9chets toxiques disent \u00ab\u00a0Merci\u00a0\u00bb au juge Ali Y\u00e9o, procureur de la Cour des comptes d\u2019Abidjan\/C\u00f4te-d\u2019Ivoire - C\u00f4te d&#039;Ivoire\",\"isPartOf\":{\"@id\":\"https:\/\/www.africa-press.net\/cotedivoire\/#website\"},\"primaryImageOfPage\":{\"@id\":\"https:\/\/www.africa-press.net\/cotedivoire\/politique\/les-victimes-des-dechets-toxiques-disent-merci-au-juge-ali-yeo-procureur-de-la-cour-des-comptes-dabidjan-cote-divoire#primaryimage\"},\"image\":{\"@id\":\"https:\/\/www.africa-press.net\/cotedivoire\/politique\/les-victimes-des-dechets-toxiques-disent-merci-au-juge-ali-yeo-procureur-de-la-cour-des-comptes-dabidjan-cote-divoire#primaryimage\"},\"thumbnailUrl\":\"https:\/\/static.africa-press.net\/cote\/sites\/43\/2021\/07\/img-6102a5b8c4825.jpg\",\"datePublished\":\"2021-07-29T13:42:42+00:00\",\"author\":{\"@id\":\"https:\/\/www.africa-press.net\/cotedivoire\/#\/schema\/person\/2b1cf3cd81a31e3cd26889ca66d677f1\"},\"description\":\"Abidjan, le lundi 26 juillet 2021 Monsieur Ali Y\u00e9o, Procureur G\u00e9n\u00e9ral de la Cour des Comptes ABIDJAN R\u00e9f : AFFAIRE R ...\",\"breadcrumb\":{\"@id\":\"https:\/\/www.africa-press.net\/cotedivoire\/politique\/les-victimes-des-dechets-toxiques-disent-merci-au-juge-ali-yeo-procureur-de-la-cour-des-comptes-dabidjan-cote-divoire#breadcrumb\"},\"inLanguage\":\"fr-FR\",\"potentialAction\":[{\"@type\":\"ReadAction\",\"target\":[\"https:\/\/www.africa-press.net\/cotedivoire\/politique\/les-victimes-des-dechets-toxiques-disent-merci-au-juge-ali-yeo-procureur-de-la-cour-des-comptes-dabidjan-cote-divoire\"]}]},{\"@type\":\"ImageObject\",\"inLanguage\":\"fr-FR\",\"@id\":\"https:\/\/www.africa-press.net\/cotedivoire\/politique\/les-victimes-des-dechets-toxiques-disent-merci-au-juge-ali-yeo-procureur-de-la-cour-des-comptes-dabidjan-cote-divoire#primaryimage\",\"url\":\"https:\/\/static.africa-press.net\/cote\/sites\/43\/2021\/07\/img-6102a5b8c4825.jpg\",\"contentUrl\":\"https:\/\/static.africa-press.net\/cote\/sites\/43\/2021\/07\/img-6102a5b8c4825.jpg\",\"width\":906,\"height\":927,\"caption\":\"Les victimes des d\u00e9chets toxiques disent \u00ab\u00a0Merci\u00a0\u00bb au juge Ali Y\u00e9o, procureur de la Cour des comptes d\u2019Abidjan\/C\u00f4te-d\u2019Ivoire\"},{\"@type\":\"BreadcrumbList\",\"@id\":\"https:\/\/www.africa-press.net\/cotedivoire\/politique\/les-victimes-des-dechets-toxiques-disent-merci-au-juge-ali-yeo-procureur-de-la-cour-des-comptes-dabidjan-cote-divoire#breadcrumb\",\"itemListElement\":[{\"@type\":\"ListItem\",\"position\":1,\"name\":\"Accueil\",\"item\":\"https:\/\/www.africa-press.net\/cotedivoire\/\"},{\"@type\":\"ListItem\",\"position\":2,\"name\":\"Les victimes des d\u00e9chets toxiques disent \u00ab\u00a0Merci\u00a0\u00bb au juge Ali Y\u00e9o, procureur de la Cour des comptes d\u2019Abidjan\/C\u00f4te-d\u2019Ivoire\"}]},{\"@type\":\"WebSite\",\"@id\":\"https:\/\/www.africa-press.net\/cotedivoire\/#website\",\"url\":\"https:\/\/www.africa-press.net\/cotedivoire\/\",\"name\":\"C\u00f4te d&#039;Ivoire\",\"description\":\"Just another Africa News Agency Sites site\",\"potentialAction\":[{\"@type\":\"SearchAction\",\"target\":{\"@type\":\"EntryPoint\",\"urlTemplate\":\"https:\/\/www.africa-press.net\/cotedivoire\/?s={search_term_string}\"},\"query-input\":{\"@type\":\"PropertyValueSpecification\",\"valueRequired\":true,\"valueName\":\"search_term_string\"}}],\"inLanguage\":\"fr-FR\"},{\"@type\":\"Person\",\"@id\":\"https:\/\/www.africa-press.net\/cotedivoire\/#\/schema\/person\/2b1cf3cd81a31e3cd26889ca66d677f1\",\"name\":\"cfeditorfr\"}]}<\/script>\n<!-- \/ Yoast SEO Premium plugin. -->","yoast_head_json":{"title":"Les victimes des d\u00e9chets toxiques disent \u00ab\u00a0Merci\u00a0\u00bb au juge Ali Y\u00e9o, procureur de la Cour des comptes d\u2019Abidjan\/C\u00f4te-d\u2019Ivoire - C\u00f4te d&#039;Ivoire","description":"Abidjan, le lundi 26 juillet 2021 Monsieur Ali Y\u00e9o, Procureur G\u00e9n\u00e9ral de la Cour des Comptes ABIDJAN R\u00e9f : AFFAIRE R ...","robots":{"index":"index","follow":"follow","max-snippet":"max-snippet:-1","max-image-preview":"max-image-preview:large","max-video-preview":"max-video-preview:-1"},"canonical":"https:\/\/www.africa-press.net\/cotedivoire\/politique\/les-victimes-des-dechets-toxiques-disent-merci-au-juge-ali-yeo-procureur-de-la-cour-des-comptes-dabidjan-cote-divoire","og_locale":"fr_FR","og_type":"article","og_title":"Les victimes des d\u00e9chets toxiques disent \u00ab\u00a0Merci\u00a0\u00bb au juge Ali Y\u00e9o, procureur de la Cour des comptes d\u2019Abidjan\/C\u00f4te-d\u2019Ivoire","og_description":"Abidjan, le lundi 26 juillet 2021 Monsieur Ali Y\u00e9o, Procureur G\u00e9n\u00e9ral de la Cour des Comptes ABIDJAN R\u00e9f : AFFAIRE R ...","og_url":"https:\/\/www.africa-press.net\/cotedivoire\/politique\/les-victimes-des-dechets-toxiques-disent-merci-au-juge-ali-yeo-procureur-de-la-cour-des-comptes-dabidjan-cote-divoire","og_site_name":"C\u00f4te d&#039;Ivoire","article_published_time":"2021-07-29T13:42:42+00:00","og_image":[{"width":906,"height":927,"url":"https:\/\/static.africa-press.net\/cote\/sites\/43\/2021\/07\/img-6102a5b8c4825.jpg","type":"image\/jpeg"}],"author":"cfeditorfr","twitter_card":"summary_large_image","twitter_misc":{"\u00c9crit par":"cfeditorfr","Dur\u00e9e de lecture estim\u00e9e":"6 minutes"},"schema":{"@context":"https:\/\/schema.org","@graph":[{"@type":"Article","@id":"https:\/\/www.africa-press.net\/cotedivoire\/politique\/les-victimes-des-dechets-toxiques-disent-merci-au-juge-ali-yeo-procureur-de-la-cour-des-comptes-dabidjan-cote-divoire#article","isPartOf":{"@id":"https:\/\/www.africa-press.net\/cotedivoire\/politique\/les-victimes-des-dechets-toxiques-disent-merci-au-juge-ali-yeo-procureur-de-la-cour-des-comptes-dabidjan-cote-divoire"},"author":{"name":"cfeditorfr","@id":"https:\/\/www.africa-press.net\/cotedivoire\/#\/schema\/person\/2b1cf3cd81a31e3cd26889ca66d677f1"},"headline":"Les victimes des d\u00e9chets toxiques disent \u00ab\u00a0Merci\u00a0\u00bb au juge Ali Y\u00e9o, procureur de la Cour des comptes d\u2019Abidjan\/C\u00f4te-d\u2019Ivoire","datePublished":"2021-07-29T13:42:42+00:00","mainEntityOfPage":{"@id":"https:\/\/www.africa-press.net\/cotedivoire\/politique\/les-victimes-des-dechets-toxiques-disent-merci-au-juge-ali-yeo-procureur-de-la-cour-des-comptes-dabidjan-cote-divoire"},"wordCount":1246,"commentCount":0,"image":{"@id":"https:\/\/www.africa-press.net\/cotedivoire\/politique\/les-victimes-des-dechets-toxiques-disent-merci-au-juge-ali-yeo-procureur-de-la-cour-des-comptes-dabidjan-cote-divoire#primaryimage"},"thumbnailUrl":"https:\/\/static.africa-press.net\/cote\/sites\/43\/2021\/07\/img-6102a5b8c4825.jpg","keywords":["Africa Press","Africa Press-C\u00f4te d'Ivoire","C\u00d4TE D'IVOIRE"],"articleSection":["homepage-french","Politique","Toutes les actualit\u00e9s"],"inLanguage":"fr-FR","potentialAction":[{"@type":"CommentAction","name":"Comment","target":["https:\/\/www.africa-press.net\/cotedivoire\/politique\/les-victimes-des-dechets-toxiques-disent-merci-au-juge-ali-yeo-procureur-de-la-cour-des-comptes-dabidjan-cote-divoire#respond"]}]},{"@type":"WebPage","@id":"https:\/\/www.africa-press.net\/cotedivoire\/politique\/les-victimes-des-dechets-toxiques-disent-merci-au-juge-ali-yeo-procureur-de-la-cour-des-comptes-dabidjan-cote-divoire","url":"https:\/\/www.africa-press.net\/cotedivoire\/politique\/les-victimes-des-dechets-toxiques-disent-merci-au-juge-ali-yeo-procureur-de-la-cour-des-comptes-dabidjan-cote-divoire","name":"Les victimes des d\u00e9chets toxiques disent \u00ab\u00a0Merci\u00a0\u00bb au juge Ali Y\u00e9o, procureur de la Cour des comptes d\u2019Abidjan\/C\u00f4te-d\u2019Ivoire - C\u00f4te d&#039;Ivoire","isPartOf":{"@id":"https:\/\/www.africa-press.net\/cotedivoire\/#website"},"primaryImageOfPage":{"@id":"https:\/\/www.africa-press.net\/cotedivoire\/politique\/les-victimes-des-dechets-toxiques-disent-merci-au-juge-ali-yeo-procureur-de-la-cour-des-comptes-dabidjan-cote-divoire#primaryimage"},"image":{"@id":"https:\/\/www.africa-press.net\/cotedivoire\/politique\/les-victimes-des-dechets-toxiques-disent-merci-au-juge-ali-yeo-procureur-de-la-cour-des-comptes-dabidjan-cote-divoire#primaryimage"},"thumbnailUrl":"https:\/\/static.africa-press.net\/cote\/sites\/43\/2021\/07\/img-6102a5b8c4825.jpg","datePublished":"2021-07-29T13:42:42+00:00","author":{"@id":"https:\/\/www.africa-press.net\/cotedivoire\/#\/schema\/person\/2b1cf3cd81a31e3cd26889ca66d677f1"},"description":"Abidjan, le lundi 26 juillet 2021 Monsieur Ali Y\u00e9o, Procureur G\u00e9n\u00e9ral de la Cour des Comptes ABIDJAN R\u00e9f : AFFAIRE R ...","breadcrumb":{"@id":"https:\/\/www.africa-press.net\/cotedivoire\/politique\/les-victimes-des-dechets-toxiques-disent-merci-au-juge-ali-yeo-procureur-de-la-cour-des-comptes-dabidjan-cote-divoire#breadcrumb"},"inLanguage":"fr-FR","potentialAction":[{"@type":"ReadAction","target":["https:\/\/www.africa-press.net\/cotedivoire\/politique\/les-victimes-des-dechets-toxiques-disent-merci-au-juge-ali-yeo-procureur-de-la-cour-des-comptes-dabidjan-cote-divoire"]}]},{"@type":"ImageObject","inLanguage":"fr-FR","@id":"https:\/\/www.africa-press.net\/cotedivoire\/politique\/les-victimes-des-dechets-toxiques-disent-merci-au-juge-ali-yeo-procureur-de-la-cour-des-comptes-dabidjan-cote-divoire#primaryimage","url":"https:\/\/static.africa-press.net\/cote\/sites\/43\/2021\/07\/img-6102a5b8c4825.jpg","contentUrl":"https:\/\/static.africa-press.net\/cote\/sites\/43\/2021\/07\/img-6102a5b8c4825.jpg","width":906,"height":927,"caption":"Les victimes des d\u00e9chets toxiques disent \u00ab\u00a0Merci\u00a0\u00bb au juge Ali Y\u00e9o, procureur de la Cour des comptes d\u2019Abidjan\/C\u00f4te-d\u2019Ivoire"},{"@type":"BreadcrumbList","@id":"https:\/\/www.africa-press.net\/cotedivoire\/politique\/les-victimes-des-dechets-toxiques-disent-merci-au-juge-ali-yeo-procureur-de-la-cour-des-comptes-dabidjan-cote-divoire#breadcrumb","itemListElement":[{"@type":"ListItem","position":1,"name":"Accueil","item":"https:\/\/www.africa-press.net\/cotedivoire\/"},{"@type":"ListItem","position":2,"name":"Les victimes des d\u00e9chets toxiques disent \u00ab\u00a0Merci\u00a0\u00bb au juge Ali Y\u00e9o, procureur de la Cour des comptes d\u2019Abidjan\/C\u00f4te-d\u2019Ivoire"}]},{"@type":"WebSite","@id":"https:\/\/www.africa-press.net\/cotedivoire\/#website","url":"https:\/\/www.africa-press.net\/cotedivoire\/","name":"C\u00f4te d&#039;Ivoire","description":"Just another Africa News Agency Sites site","potentialAction":[{"@type":"SearchAction","target":{"@type":"EntryPoint","urlTemplate":"https:\/\/www.africa-press.net\/cotedivoire\/?s={search_term_string}"},"query-input":{"@type":"PropertyValueSpecification","valueRequired":true,"valueName":"search_term_string"}}],"inLanguage":"fr-FR"},{"@type":"Person","@id":"https:\/\/www.africa-press.net\/cotedivoire\/#\/schema\/person\/2b1cf3cd81a31e3cd26889ca66d677f1","name":"cfeditorfr"}]}},"_links":{"self":[{"href":"https:\/\/www.africa-press.net\/cotedivoire\/wp-json\/wp\/v2\/posts\/10570","targetHints":{"allow":["GET"]}}],"collection":[{"href":"https:\/\/www.africa-press.net\/cotedivoire\/wp-json\/wp\/v2\/posts"}],"about":[{"href":"https:\/\/www.africa-press.net\/cotedivoire\/wp-json\/wp\/v2\/types\/post"}],"author":[{"embeddable":true,"href":"https:\/\/www.africa-press.net\/cotedivoire\/wp-json\/wp\/v2\/users\/82"}],"replies":[{"embeddable":true,"href":"https:\/\/www.africa-press.net\/cotedivoire\/wp-json\/wp\/v2\/comments?post=10570"}],"version-history":[{"count":0,"href":"https:\/\/www.africa-press.net\/cotedivoire\/wp-json\/wp\/v2\/posts\/10570\/revisions"}],"wp:featuredmedia":[{"embeddable":true,"href":"https:\/\/www.africa-press.net\/cotedivoire\/wp-json\/wp\/v2\/media\/10569"}],"wp:attachment":[{"href":"https:\/\/www.africa-press.net\/cotedivoire\/wp-json\/wp\/v2\/media?parent=10570"}],"wp:term":[{"taxonomy":"category","embeddable":true,"href":"https:\/\/www.africa-press.net\/cotedivoire\/wp-json\/wp\/v2\/categories?post=10570"},{"taxonomy":"post_tag","embeddable":true,"href":"https:\/\/www.africa-press.net\/cotedivoire\/wp-json\/wp\/v2\/tags?post=10570"}],"curies":[{"name":"wp","href":"https:\/\/api.w.org\/{rel}","templated":true}]}}