{"id":10573,"date":"2021-07-29T13:52:16","date_gmt":"2021-07-29T13:52:16","guid":{"rendered":"https:\/\/www.africa-press.net\/cotedivoire\/?p=10573"},"modified":"2021-07-29T12:58:34","modified_gmt":"2021-07-29T12:58:34","slug":"rentre-dexil-en-cote-divoire-dr-boga-sako-gervais-mis-sous-controle-judiciaire","status":"publish","type":"post","link":"https:\/\/www.africa-press.net\/cotedivoire\/politique\/rentre-dexil-en-cote-divoire-dr-boga-sako-gervais-mis-sous-controle-judiciaire","title":{"rendered":"Rentr\u00e9 d\u2019exil en C\u00f4te-d\u2019Ivoire: Dr Boga Sako Gervais mis sous contr\u00f4le judiciaire"},"content":{"rendered":"<p><span style=\"color: #ff6600\"><strong><a href=\"https:\/\/www.africa-press.net\/\">Africa-Press<\/a> &#8211; <a href=\"https:\/\/www.africa-press.net\/cotedivoire\">C\u00f4te d&rsquo;Ivoire<\/a>. <\/strong><\/span>Le pr\u00e9sident-fondateur de la Fondation ivoirienne pour l\u2019observation et la surveillance des Droits de l\u2019Homme et de la vie publique (Fidhop), Dr Boga Sako Gervais a \u00e9t\u00e9 mis sous contr\u00f4le judiciaire \u00e0 la suite d\u2019une audition par le juge d\u2019instruction, le mardi 27 juillet 2021.<\/p>\n<p>Dans un communiqu\u00e9 dont nous avons re\u00e7u copie, ses avocats Me Roselyne Aka-S\u00e9rikpa et Me Herv\u00e9 Gouam\u00e9n\u00e9 ont relev\u00e9 les chefs d\u2019accusation qui se r\u00e9sument en des d\u00e9clarations concernant le 3e mandat et la cr\u00e9ation du Conseil national de transition (Cnt).<\/p>\n<p>Lors de son exil, Dr Boga Gervais avait d\u00e9clar\u00e9 que \u00ab le 3e mandat d\u2019Alassane Ouattara n\u2019est pas consomm\u00e9 car il n\u2019est plus Pr\u00e9sident \u00bb. \u00ab Le 3e mandat d\u2019Alassane Ouattara n\u2019est pas consomm\u00e9. S\u2019il pense gouverner tranquillement pendant les cinq prochaines ann\u00e9es, il se trompe. Pour la Fidhop et Gradhh Afrique, depuis le 1er novembre 2020, il n\u2019est plus le Pr\u00e9sident de C\u00f4te d\u2019Ivoire \u00bb, a-t-il d\u00e9clar\u00e9 \u00e0 la presse \u00e0 Paris le 10 janvier 2021.<\/p>\n<p>\u00ab S\u2019il ne veut pas de la paix et de la r\u00e9conciliation, le combat se poursuivra. Nous m\u00e8nerons le combat jusqu\u2019au bout, mes amis et moi Dr Boga \u00bb, a-t-il averti.<\/p>\n<p>Apr\u00e8s dix ans d\u2019exil, Dr Boga Sako Gervais est rentr\u00e9 en C\u00f4te d\u2019Ivoire le vendredi 9 juillet 2021. Il s\u2019est engag\u00e9 dans le processus de r\u00e9conciliation en ces termes : \u00ab Je m\u2019engage \u00e0 travailler, tr\u00e8s activement, pour la r\u00e9conciliation et la paix entre tous les Ivoiriens vivant en C\u00f4te d\u2019Ivoire. Car la C\u00f4te d\u2019Ivoire doit devenir un havre de paix et de bonheur pour l\u2019humanit\u00e9. \u00bb<\/p>\n<p>Patrick N\u2019Guessan<\/p>\n","protected":false},"excerpt":{"rendered":"<p>Africa-Press &#8211; C\u00f4te d&rsquo;Ivoire. Le pr\u00e9sident-fondateur de la Fondation ivoirienne pour l\u2019observation et la surveillance des Droits de l\u2019Homme et de la vie publique (Fidhop), Dr Boga Sako Gervais a \u00e9t\u00e9 mis sous contr\u00f4le judiciaire \u00e0 la suite d\u2019une audition par le juge d\u2019instruction, le mardi 27 juillet 2021. Dans un communiqu\u00e9 dont nous avons [&hellip;]<\/p>\n","protected":false},"author":82,"featured_media":10572,"comment_status":"open","ping_status":"closed","sticky":false,"template":"","format":"standard","meta":{"footnotes":""},"categories":[11,2,20,10],"tags":[56,63,29],"class_list":["post-10573","post","type-post","status-publish","format-standard","has-post-thumbnail","hentry","category-homepage-french","category-politique","category-top-nouvelles","category-toutes-les-actualites","tag-africa-press","tag-africa-press-cote-divoire","tag-cote-divoire"],"yoast_head":"<!-- This site is optimized with the Yoast SEO Premium plugin v26.1 (Yoast SEO v27.0) - https:\/\/yoast.com\/product\/yoast-seo-premium-wordpress\/ -->\n<title>Rentr\u00e9 d\u2019exil en C\u00f4te-d\u2019Ivoire: Dr Boga Sako Gervais mis sous contr\u00f4le judiciaire - C\u00f4te d&#039;Ivoire<\/title>\n<meta name=\"description\" content=\"Le pr\u00e9sident-fondateur de la Fondation ivoirienne pour l\u2019observation et la surveillance des Droits de l\u2019Homme et de la v ...\" \/>\n<meta name=\"robots\" content=\"index, follow, max-snippet:-1, max-image-preview:large, max-video-preview:-1\" \/>\n<link rel=\"canonical\" href=\"https:\/\/www.africa-press.net\/cotedivoire\/politique\/rentre-dexil-en-cote-divoire-dr-boga-sako-gervais-mis-sous-controle-judiciaire\" \/>\n<meta property=\"og:locale\" content=\"fr_FR\" \/>\n<meta property=\"og:type\" content=\"article\" \/>\n<meta property=\"og:title\" content=\"Rentr\u00e9 d\u2019exil en C\u00f4te-d\u2019Ivoire: Dr Boga Sako Gervais mis sous contr\u00f4le judiciaire\" \/>\n<meta property=\"og:description\" content=\"Le pr\u00e9sident-fondateur de la Fondation ivoirienne pour l\u2019observation et la surveillance des Droits de l\u2019Homme et de la v ...\" \/>\n<meta property=\"og:url\" content=\"https:\/\/www.africa-press.net\/cotedivoire\/politique\/rentre-dexil-en-cote-divoire-dr-boga-sako-gervais-mis-sous-controle-judiciaire\" \/>\n<meta property=\"og:site_name\" content=\"C\u00f4te d&#039;Ivoire\" \/>\n<meta property=\"article:published_time\" content=\"2021-07-29T13:52:16+00:00\" \/>\n<meta property=\"og:image\" content=\"https:\/\/static.africa-press.net\/cote\/sites\/43\/2021\/07\/img-6102a5dc4d2b4.jpg\" \/>\n\t<meta property=\"og:image:width\" content=\"757\" \/>\n\t<meta property=\"og:image:height\" content=\"408\" \/>\n\t<meta property=\"og:image:type\" content=\"image\/jpeg\" \/>\n<meta name=\"author\" content=\"cfeditorfr\" \/>\n<meta name=\"twitter:card\" content=\"summary_large_image\" \/>\n<meta name=\"twitter:label1\" content=\"\u00c9crit par\" \/>\n\t<meta name=\"twitter:data1\" content=\"cfeditorfr\" \/>\n\t<meta name=\"twitter:label2\" content=\"Dur\u00e9e de lecture estim\u00e9e\" \/>\n\t<meta name=\"twitter:data2\" content=\"1 minute\" \/>\n<script type=\"application\/ld+json\" class=\"yoast-schema-graph\">{\"@context\":\"https:\/\/schema.org\",\"@graph\":[{\"@type\":\"Article\",\"@id\":\"https:\/\/www.africa-press.net\/cotedivoire\/politique\/rentre-dexil-en-cote-divoire-dr-boga-sako-gervais-mis-sous-controle-judiciaire#article\",\"isPartOf\":{\"@id\":\"https:\/\/www.africa-press.net\/cotedivoire\/politique\/rentre-dexil-en-cote-divoire-dr-boga-sako-gervais-mis-sous-controle-judiciaire\"},\"author\":{\"name\":\"cfeditorfr\",\"@id\":\"https:\/\/www.africa-press.net\/cotedivoire\/#\/schema\/person\/2b1cf3cd81a31e3cd26889ca66d677f1\"},\"headline\":\"Rentr\u00e9 d\u2019exil en C\u00f4te-d\u2019Ivoire: Dr Boga Sako Gervais mis sous contr\u00f4le judiciaire\",\"datePublished\":\"2021-07-29T13:52:16+00:00\",\"mainEntityOfPage\":{\"@id\":\"https:\/\/www.africa-press.net\/cotedivoire\/politique\/rentre-dexil-en-cote-divoire-dr-boga-sako-gervais-mis-sous-controle-judiciaire\"},\"wordCount\":311,\"commentCount\":0,\"image\":{\"@id\":\"https:\/\/www.africa-press.net\/cotedivoire\/politique\/rentre-dexil-en-cote-divoire-dr-boga-sako-gervais-mis-sous-controle-judiciaire#primaryimage\"},\"thumbnailUrl\":\"https:\/\/static.africa-press.net\/cote\/sites\/43\/2021\/07\/img-6102a5dc4d2b4.jpg\",\"keywords\":[\"Africa Press\",\"Africa Press-C\u00f4te d'Ivoire\",\"C\u00d4TE D'IVOIRE\"],\"articleSection\":[\"homepage-french\",\"Politique\",\"Top Nouvelles\",\"Toutes les actualit\u00e9s\"],\"inLanguage\":\"fr-FR\",\"potentialAction\":[{\"@type\":\"CommentAction\",\"name\":\"Comment\",\"target\":[\"https:\/\/www.africa-press.net\/cotedivoire\/politique\/rentre-dexil-en-cote-divoire-dr-boga-sako-gervais-mis-sous-controle-judiciaire#respond\"]}]},{\"@type\":\"WebPage\",\"@id\":\"https:\/\/www.africa-press.net\/cotedivoire\/politique\/rentre-dexil-en-cote-divoire-dr-boga-sako-gervais-mis-sous-controle-judiciaire\",\"url\":\"https:\/\/www.africa-press.net\/cotedivoire\/politique\/rentre-dexil-en-cote-divoire-dr-boga-sako-gervais-mis-sous-controle-judiciaire\",\"name\":\"Rentr\u00e9 d\u2019exil en C\u00f4te-d\u2019Ivoire: Dr Boga Sako Gervais mis sous contr\u00f4le judiciaire - C\u00f4te d&#039;Ivoire\",\"isPartOf\":{\"@id\":\"https:\/\/www.africa-press.net\/cotedivoire\/#website\"},\"primaryImageOfPage\":{\"@id\":\"https:\/\/www.africa-press.net\/cotedivoire\/politique\/rentre-dexil-en-cote-divoire-dr-boga-sako-gervais-mis-sous-controle-judiciaire#primaryimage\"},\"image\":{\"@id\":\"https:\/\/www.africa-press.net\/cotedivoire\/politique\/rentre-dexil-en-cote-divoire-dr-boga-sako-gervais-mis-sous-controle-judiciaire#primaryimage\"},\"thumbnailUrl\":\"https:\/\/static.africa-press.net\/cote\/sites\/43\/2021\/07\/img-6102a5dc4d2b4.jpg\",\"datePublished\":\"2021-07-29T13:52:16+00:00\",\"author\":{\"@id\":\"https:\/\/www.africa-press.net\/cotedivoire\/#\/schema\/person\/2b1cf3cd81a31e3cd26889ca66d677f1\"},\"description\":\"Le pr\u00e9sident-fondateur de la Fondation ivoirienne pour l\u2019observation et la surveillance des Droits de l\u2019Homme et de la v ...\",\"breadcrumb\":{\"@id\":\"https:\/\/www.africa-press.net\/cotedivoire\/politique\/rentre-dexil-en-cote-divoire-dr-boga-sako-gervais-mis-sous-controle-judiciaire#breadcrumb\"},\"inLanguage\":\"fr-FR\",\"potentialAction\":[{\"@type\":\"ReadAction\",\"target\":[\"https:\/\/www.africa-press.net\/cotedivoire\/politique\/rentre-dexil-en-cote-divoire-dr-boga-sako-gervais-mis-sous-controle-judiciaire\"]}]},{\"@type\":\"ImageObject\",\"inLanguage\":\"fr-FR\",\"@id\":\"https:\/\/www.africa-press.net\/cotedivoire\/politique\/rentre-dexil-en-cote-divoire-dr-boga-sako-gervais-mis-sous-controle-judiciaire#primaryimage\",\"url\":\"https:\/\/static.africa-press.net\/cote\/sites\/43\/2021\/07\/img-6102a5dc4d2b4.jpg\",\"contentUrl\":\"https:\/\/static.africa-press.net\/cote\/sites\/43\/2021\/07\/img-6102a5dc4d2b4.jpg\",\"width\":757,\"height\":408,\"caption\":\"Rentr\u00e9 d\u2019exil en C\u00f4te-d\u2019Ivoire: Dr Boga Sako Gervais mis sous contr\u00f4le judiciaire\"},{\"@type\":\"BreadcrumbList\",\"@id\":\"https:\/\/www.africa-press.net\/cotedivoire\/politique\/rentre-dexil-en-cote-divoire-dr-boga-sako-gervais-mis-sous-controle-judiciaire#breadcrumb\",\"itemListElement\":[{\"@type\":\"ListItem\",\"position\":1,\"name\":\"Accueil\",\"item\":\"https:\/\/www.africa-press.net\/cotedivoire\/\"},{\"@type\":\"ListItem\",\"position\":2,\"name\":\"Rentr\u00e9 d\u2019exil en C\u00f4te-d\u2019Ivoire: Dr Boga Sako Gervais mis sous contr\u00f4le judiciaire\"}]},{\"@type\":\"WebSite\",\"@id\":\"https:\/\/www.africa-press.net\/cotedivoire\/#website\",\"url\":\"https:\/\/www.africa-press.net\/cotedivoire\/\",\"name\":\"C\u00f4te d&#039;Ivoire\",\"description\":\"Just another Africa News Agency Sites site\",\"potentialAction\":[{\"@type\":\"SearchAction\",\"target\":{\"@type\":\"EntryPoint\",\"urlTemplate\":\"https:\/\/www.africa-press.net\/cotedivoire\/?s={search_term_string}\"},\"query-input\":{\"@type\":\"PropertyValueSpecification\",\"valueRequired\":true,\"valueName\":\"search_term_string\"}}],\"inLanguage\":\"fr-FR\"},{\"@type\":\"Person\",\"@id\":\"https:\/\/www.africa-press.net\/cotedivoire\/#\/schema\/person\/2b1cf3cd81a31e3cd26889ca66d677f1\",\"name\":\"cfeditorfr\"}]}<\/script>\n<!-- \/ Yoast SEO Premium plugin. -->","yoast_head_json":{"title":"Rentr\u00e9 d\u2019exil en C\u00f4te-d\u2019Ivoire: Dr Boga Sako Gervais mis sous contr\u00f4le judiciaire - C\u00f4te d&#039;Ivoire","description":"Le pr\u00e9sident-fondateur de la Fondation ivoirienne pour l\u2019observation et la surveillance des Droits de l\u2019Homme et de la v ...","robots":{"index":"index","follow":"follow","max-snippet":"max-snippet:-1","max-image-preview":"max-image-preview:large","max-video-preview":"max-video-preview:-1"},"canonical":"https:\/\/www.africa-press.net\/cotedivoire\/politique\/rentre-dexil-en-cote-divoire-dr-boga-sako-gervais-mis-sous-controle-judiciaire","og_locale":"fr_FR","og_type":"article","og_title":"Rentr\u00e9 d\u2019exil en C\u00f4te-d\u2019Ivoire: Dr Boga Sako Gervais mis sous contr\u00f4le judiciaire","og_description":"Le pr\u00e9sident-fondateur de la Fondation ivoirienne pour l\u2019observation et la surveillance des Droits de l\u2019Homme et de la v ...","og_url":"https:\/\/www.africa-press.net\/cotedivoire\/politique\/rentre-dexil-en-cote-divoire-dr-boga-sako-gervais-mis-sous-controle-judiciaire","og_site_name":"C\u00f4te d&#039;Ivoire","article_published_time":"2021-07-29T13:52:16+00:00","og_image":[{"width":757,"height":408,"url":"https:\/\/static.africa-press.net\/cote\/sites\/43\/2021\/07\/img-6102a5dc4d2b4.jpg","type":"image\/jpeg"}],"author":"cfeditorfr","twitter_card":"summary_large_image","twitter_misc":{"\u00c9crit par":"cfeditorfr","Dur\u00e9e de lecture estim\u00e9e":"1 minute"},"schema":{"@context":"https:\/\/schema.org","@graph":[{"@type":"Article","@id":"https:\/\/www.africa-press.net\/cotedivoire\/politique\/rentre-dexil-en-cote-divoire-dr-boga-sako-gervais-mis-sous-controle-judiciaire#article","isPartOf":{"@id":"https:\/\/www.africa-press.net\/cotedivoire\/politique\/rentre-dexil-en-cote-divoire-dr-boga-sako-gervais-mis-sous-controle-judiciaire"},"author":{"name":"cfeditorfr","@id":"https:\/\/www.africa-press.net\/cotedivoire\/#\/schema\/person\/2b1cf3cd81a31e3cd26889ca66d677f1"},"headline":"Rentr\u00e9 d\u2019exil en C\u00f4te-d\u2019Ivoire: Dr Boga Sako Gervais mis sous contr\u00f4le judiciaire","datePublished":"2021-07-29T13:52:16+00:00","mainEntityOfPage":{"@id":"https:\/\/www.africa-press.net\/cotedivoire\/politique\/rentre-dexil-en-cote-divoire-dr-boga-sako-gervais-mis-sous-controle-judiciaire"},"wordCount":311,"commentCount":0,"image":{"@id":"https:\/\/www.africa-press.net\/cotedivoire\/politique\/rentre-dexil-en-cote-divoire-dr-boga-sako-gervais-mis-sous-controle-judiciaire#primaryimage"},"thumbnailUrl":"https:\/\/static.africa-press.net\/cote\/sites\/43\/2021\/07\/img-6102a5dc4d2b4.jpg","keywords":["Africa Press","Africa Press-C\u00f4te d'Ivoire","C\u00d4TE D'IVOIRE"],"articleSection":["homepage-french","Politique","Top Nouvelles","Toutes les actualit\u00e9s"],"inLanguage":"fr-FR","potentialAction":[{"@type":"CommentAction","name":"Comment","target":["https:\/\/www.africa-press.net\/cotedivoire\/politique\/rentre-dexil-en-cote-divoire-dr-boga-sako-gervais-mis-sous-controle-judiciaire#respond"]}]},{"@type":"WebPage","@id":"https:\/\/www.africa-press.net\/cotedivoire\/politique\/rentre-dexil-en-cote-divoire-dr-boga-sako-gervais-mis-sous-controle-judiciaire","url":"https:\/\/www.africa-press.net\/cotedivoire\/politique\/rentre-dexil-en-cote-divoire-dr-boga-sako-gervais-mis-sous-controle-judiciaire","name":"Rentr\u00e9 d\u2019exil en C\u00f4te-d\u2019Ivoire: Dr Boga Sako Gervais mis sous contr\u00f4le judiciaire - C\u00f4te d&#039;Ivoire","isPartOf":{"@id":"https:\/\/www.africa-press.net\/cotedivoire\/#website"},"primaryImageOfPage":{"@id":"https:\/\/www.africa-press.net\/cotedivoire\/politique\/rentre-dexil-en-cote-divoire-dr-boga-sako-gervais-mis-sous-controle-judiciaire#primaryimage"},"image":{"@id":"https:\/\/www.africa-press.net\/cotedivoire\/politique\/rentre-dexil-en-cote-divoire-dr-boga-sako-gervais-mis-sous-controle-judiciaire#primaryimage"},"thumbnailUrl":"https:\/\/static.africa-press.net\/cote\/sites\/43\/2021\/07\/img-6102a5dc4d2b4.jpg","datePublished":"2021-07-29T13:52:16+00:00","author":{"@id":"https:\/\/www.africa-press.net\/cotedivoire\/#\/schema\/person\/2b1cf3cd81a31e3cd26889ca66d677f1"},"description":"Le pr\u00e9sident-fondateur de la Fondation ivoirienne pour l\u2019observation et la surveillance des Droits de l\u2019Homme et de la v ...","breadcrumb":{"@id":"https:\/\/www.africa-press.net\/cotedivoire\/politique\/rentre-dexil-en-cote-divoire-dr-boga-sako-gervais-mis-sous-controle-judiciaire#breadcrumb"},"inLanguage":"fr-FR","potentialAction":[{"@type":"ReadAction","target":["https:\/\/www.africa-press.net\/cotedivoire\/politique\/rentre-dexil-en-cote-divoire-dr-boga-sako-gervais-mis-sous-controle-judiciaire"]}]},{"@type":"ImageObject","inLanguage":"fr-FR","@id":"https:\/\/www.africa-press.net\/cotedivoire\/politique\/rentre-dexil-en-cote-divoire-dr-boga-sako-gervais-mis-sous-controle-judiciaire#primaryimage","url":"https:\/\/static.africa-press.net\/cote\/sites\/43\/2021\/07\/img-6102a5dc4d2b4.jpg","contentUrl":"https:\/\/static.africa-press.net\/cote\/sites\/43\/2021\/07\/img-6102a5dc4d2b4.jpg","width":757,"height":408,"caption":"Rentr\u00e9 d\u2019exil en C\u00f4te-d\u2019Ivoire: Dr Boga Sako Gervais mis sous contr\u00f4le judiciaire"},{"@type":"BreadcrumbList","@id":"https:\/\/www.africa-press.net\/cotedivoire\/politique\/rentre-dexil-en-cote-divoire-dr-boga-sako-gervais-mis-sous-controle-judiciaire#breadcrumb","itemListElement":[{"@type":"ListItem","position":1,"name":"Accueil","item":"https:\/\/www.africa-press.net\/cotedivoire\/"},{"@type":"ListItem","position":2,"name":"Rentr\u00e9 d\u2019exil en C\u00f4te-d\u2019Ivoire: Dr Boga Sako Gervais mis sous contr\u00f4le judiciaire"}]},{"@type":"WebSite","@id":"https:\/\/www.africa-press.net\/cotedivoire\/#website","url":"https:\/\/www.africa-press.net\/cotedivoire\/","name":"C\u00f4te d&#039;Ivoire","description":"Just another Africa News Agency Sites site","potentialAction":[{"@type":"SearchAction","target":{"@type":"EntryPoint","urlTemplate":"https:\/\/www.africa-press.net\/cotedivoire\/?s={search_term_string}"},"query-input":{"@type":"PropertyValueSpecification","valueRequired":true,"valueName":"search_term_string"}}],"inLanguage":"fr-FR"},{"@type":"Person","@id":"https:\/\/www.africa-press.net\/cotedivoire\/#\/schema\/person\/2b1cf3cd81a31e3cd26889ca66d677f1","name":"cfeditorfr"}]}},"_links":{"self":[{"href":"https:\/\/www.africa-press.net\/cotedivoire\/wp-json\/wp\/v2\/posts\/10573","targetHints":{"allow":["GET"]}}],"collection":[{"href":"https:\/\/www.africa-press.net\/cotedivoire\/wp-json\/wp\/v2\/posts"}],"about":[{"href":"https:\/\/www.africa-press.net\/cotedivoire\/wp-json\/wp\/v2\/types\/post"}],"author":[{"embeddable":true,"href":"https:\/\/www.africa-press.net\/cotedivoire\/wp-json\/wp\/v2\/users\/82"}],"replies":[{"embeddable":true,"href":"https:\/\/www.africa-press.net\/cotedivoire\/wp-json\/wp\/v2\/comments?post=10573"}],"version-history":[{"count":0,"href":"https:\/\/www.africa-press.net\/cotedivoire\/wp-json\/wp\/v2\/posts\/10573\/revisions"}],"wp:featuredmedia":[{"embeddable":true,"href":"https:\/\/www.africa-press.net\/cotedivoire\/wp-json\/wp\/v2\/media\/10572"}],"wp:attachment":[{"href":"https:\/\/www.africa-press.net\/cotedivoire\/wp-json\/wp\/v2\/media?parent=10573"}],"wp:term":[{"taxonomy":"category","embeddable":true,"href":"https:\/\/www.africa-press.net\/cotedivoire\/wp-json\/wp\/v2\/categories?post=10573"},{"taxonomy":"post_tag","embeddable":true,"href":"https:\/\/www.africa-press.net\/cotedivoire\/wp-json\/wp\/v2\/tags?post=10573"}],"curies":[{"name":"wp","href":"https:\/\/api.w.org\/{rel}","templated":true}]}}