{"id":105769,"date":"2025-09-25T18:59:12","date_gmt":"2025-09-25T18:59:12","guid":{"rendered":"https:\/\/www.africa-press.net\/cotedivoire\/politique\/don-mello-promet-la-paix-a-lonu-apres-son-retour"},"modified":"2025-09-25T19:15:24","modified_gmt":"2025-09-25T19:15:24","slug":"don-mello-promet-la-paix-a-lonu-apres-son-retour","status":"publish","type":"post","link":"https:\/\/www.africa-press.net\/cotedivoire\/politique\/don-mello-promet-la-paix-a-lonu-apres-son-retour","title":{"rendered":"Don Mello Promet la Paix \u00e0 l&rsquo;ONU Apr\u00e8s Son Retour"},"content":{"rendered":"<p><span style=\"color: #ff6600\"><strong>Africa-Press &#8211; C\u00f4te d&rsquo;Ivoire. <\/strong><\/span>Apre\u0300s long se\u0301jour hors du pays, le candidat a\u0300 la pre\u0301sidentielle du 25 octobre 2025, Ahoua Don Mello, est de retour au pays depuis le samedi 20 septembre dernier.<\/p>\n<p>Le mercredi 24 septembre 2025, il a e\u0301change\u0301 avec Monsieur Leonardo Santos Sima\u0303o, Repre\u0301sentant spe\u0301cial pour l\u2019Afrique de l\u2019Ouest et le Sahel, Chef du Bureau des Nations Unies pour l\u2019Afrique de l\u2019Ouest et le Sahel (UNOWAS), accompagne\u0301 d\u2019une forte de\u0301le\u0301gation.<\/p>\n<p>Cette rencontre s\u2019inscrit, a indique\u0301 Monsieur Leonardo Santos Sima\u0303o, dans le cadre de l\u2019accompagnement des Nations Unies dans l\u2019organisation de l\u2019e\u0301lection pre\u0301sidentielle d\u2019octobre 2025, a fait savoir, le de\u0301sormais ex-cadre du PPA-CI.<\/p>\n<p>\u00ab En retour, je lui ai exprime\u0301 que la responsabilite\u0301 premie\u0300re de la survie de notre nation repose sur la classe politique, et que cette classe, dont je fais partie, devrait, a\u0300 l\u2019issue de l\u2019e\u0301lection pre\u0301sidentielle, s\u2019assurer de faire re\u0301gner la paix \u00bb, a indique\u0301 Don Mello.<\/p>\n<p><strong>Pour plus d&rsquo;informations et d&rsquo;analyses sur la <span style=\"color: #ff6600\">C\u00f4te d&rsquo;Ivoire<\/span>, suivez <span style=\"color: #ff6600\">Africa-Press<\/span><\/strong><\/p>\n","protected":false},"excerpt":{"rendered":"<p>Africa-Press &#8211; C\u00f4te d&rsquo;Ivoire. Apre\u0300s long se\u0301jour hors du pays, le candidat a\u0300 la pre\u0301sidentielle du 25 octobre 2025, Ahoua Don Mello, est de retour au pays depuis le samedi 20 septembre dernier. Le mercredi 24 septembre 2025, il a e\u0301change\u0301 avec Monsieur Leonardo Santos Sima\u0303o, Repre\u0301sentant spe\u0301cial pour l\u2019Afrique de l\u2019Ouest et le Sahel, [&hellip;]<\/p>\n","protected":false},"author":82,"featured_media":105768,"comment_status":"open","ping_status":"closed","sticky":false,"template":"","format":"standard","meta":{"footnotes":""},"categories":[2,20,10],"tags":[2387,29,10431,4085,312],"class_list":["post-105769","post","type-post","status-publish","format-standard","has-post-thumbnail","hentry","category-politique","category-top-nouvelles","category-toutes-les-actualites","tag-ahoua-don-mello","tag-cote-divoire","tag-leonardo-santos-simao","tag-onu","tag-presidentielle"],"yoast_head":"<!-- This site is optimized with the Yoast SEO Premium plugin v26.1 (Yoast SEO v27.0) - https:\/\/yoast.com\/product\/yoast-seo-premium-wordpress\/ -->\n<title>Don Mello Promet la Paix \u00e0 l&#039;ONU Apr\u00e8s Son Retour - C\u00f4te d&#039;Ivoire<\/title>\n<meta name=\"description\" content=\"Apre\u0300s long se\u0301jour hors du pays, le candidat a\u0300 la pre\u0301sidentielle du 25 octobre 2025, Ahoua Don Mello, est de retour a ...\" \/>\n<meta name=\"robots\" content=\"index, follow, max-snippet:-1, max-image-preview:large, max-video-preview:-1\" \/>\n<link rel=\"canonical\" href=\"https:\/\/www.africa-press.net\/cotedivoire\/politique\/don-mello-promet-la-paix-a-lonu-apres-son-retour\" \/>\n<meta property=\"og:locale\" content=\"fr_FR\" \/>\n<meta property=\"og:type\" content=\"article\" \/>\n<meta property=\"og:title\" content=\"Don Mello Promet la Paix \u00e0 l&#039;ONU Apr\u00e8s Son Retour\" \/>\n<meta property=\"og:description\" content=\"Apre\u0300s long se\u0301jour hors du pays, le candidat a\u0300 la pre\u0301sidentielle du 25 octobre 2025, Ahoua Don Mello, est de retour a ...\" \/>\n<meta property=\"og:url\" content=\"https:\/\/www.africa-press.net\/cotedivoire\/politique\/don-mello-promet-la-paix-a-lonu-apres-son-retour\" \/>\n<meta property=\"og:site_name\" content=\"C\u00f4te d&#039;Ivoire\" \/>\n<meta property=\"article:published_time\" content=\"2025-09-25T18:59:12+00:00\" \/>\n<meta property=\"article:modified_time\" content=\"2025-09-25T19:15:24+00:00\" \/>\n<meta property=\"og:image\" content=\"https:\/\/static.africa-press.net\/cote\/sites\/43\/2025\/09\/sm_1758815043.416131.jpg\" \/>\n\t<meta property=\"og:image:width\" content=\"720\" \/>\n\t<meta property=\"og:image:height\" content=\"414\" \/>\n\t<meta property=\"og:image:type\" content=\"image\/jpeg\" \/>\n<meta name=\"author\" content=\"cfeditorfr\" \/>\n<meta name=\"twitter:card\" content=\"summary_large_image\" \/>\n<meta name=\"twitter:label1\" content=\"\u00c9crit par\" \/>\n\t<meta name=\"twitter:data1\" content=\"cfeditorfr\" \/>\n\t<meta name=\"twitter:label2\" content=\"Dur\u00e9e de lecture estim\u00e9e\" \/>\n\t<meta name=\"twitter:data2\" content=\"2 minutes\" \/>\n<script type=\"application\/ld+json\" class=\"yoast-schema-graph\">{\"@context\":\"https:\/\/schema.org\",\"@graph\":[{\"@type\":\"Article\",\"@id\":\"https:\/\/www.africa-press.net\/cotedivoire\/politique\/don-mello-promet-la-paix-a-lonu-apres-son-retour#article\",\"isPartOf\":{\"@id\":\"https:\/\/www.africa-press.net\/cotedivoire\/politique\/don-mello-promet-la-paix-a-lonu-apres-son-retour\"},\"author\":{\"name\":\"cfeditorfr\",\"@id\":\"https:\/\/www.africa-press.net\/cotedivoire\/#\/schema\/person\/2b1cf3cd81a31e3cd26889ca66d677f1\"},\"headline\":\"Don Mello Promet la Paix \u00e0 l&rsquo;ONU Apr\u00e8s Son Retour\",\"datePublished\":\"2025-09-25T18:59:12+00:00\",\"dateModified\":\"2025-09-25T19:15:24+00:00\",\"mainEntityOfPage\":{\"@id\":\"https:\/\/www.africa-press.net\/cotedivoire\/politique\/don-mello-promet-la-paix-a-lonu-apres-son-retour\"},\"wordCount\":202,\"commentCount\":0,\"image\":{\"@id\":\"https:\/\/www.africa-press.net\/cotedivoire\/politique\/don-mello-promet-la-paix-a-lonu-apres-son-retour#primaryimage\"},\"thumbnailUrl\":\"https:\/\/static.africa-press.net\/cote\/sites\/43\/2025\/09\/sm_1758815043.416131.jpg\",\"keywords\":[\"Ahoua Don Mello\",\"C\u00d4TE D'IVOIRE\",\"L\u00e9onardo Santos Simao\",\"ONU\",\"pr\u00e9sidentielle\"],\"articleSection\":[\"Politique\",\"Top Nouvelles\",\"Toutes les actualit\u00e9s\"],\"inLanguage\":\"fr-FR\",\"potentialAction\":[{\"@type\":\"CommentAction\",\"name\":\"Comment\",\"target\":[\"https:\/\/www.africa-press.net\/cotedivoire\/politique\/don-mello-promet-la-paix-a-lonu-apres-son-retour#respond\"]}]},{\"@type\":\"WebPage\",\"@id\":\"https:\/\/www.africa-press.net\/cotedivoire\/politique\/don-mello-promet-la-paix-a-lonu-apres-son-retour\",\"url\":\"https:\/\/www.africa-press.net\/cotedivoire\/politique\/don-mello-promet-la-paix-a-lonu-apres-son-retour\",\"name\":\"Don Mello Promet la Paix \u00e0 l'ONU Apr\u00e8s Son Retour - C\u00f4te d&#039;Ivoire\",\"isPartOf\":{\"@id\":\"https:\/\/www.africa-press.net\/cotedivoire\/#website\"},\"primaryImageOfPage\":{\"@id\":\"https:\/\/www.africa-press.net\/cotedivoire\/politique\/don-mello-promet-la-paix-a-lonu-apres-son-retour#primaryimage\"},\"image\":{\"@id\":\"https:\/\/www.africa-press.net\/cotedivoire\/politique\/don-mello-promet-la-paix-a-lonu-apres-son-retour#primaryimage\"},\"thumbnailUrl\":\"https:\/\/static.africa-press.net\/cote\/sites\/43\/2025\/09\/sm_1758815043.416131.jpg\",\"datePublished\":\"2025-09-25T18:59:12+00:00\",\"dateModified\":\"2025-09-25T19:15:24+00:00\",\"author\":{\"@id\":\"https:\/\/www.africa-press.net\/cotedivoire\/#\/schema\/person\/2b1cf3cd81a31e3cd26889ca66d677f1\"},\"description\":\"Apre\u0300s long se\u0301jour hors du pays, le candidat a\u0300 la pre\u0301sidentielle du 25 octobre 2025, Ahoua Don Mello, est de retour a ...\",\"breadcrumb\":{\"@id\":\"https:\/\/www.africa-press.net\/cotedivoire\/politique\/don-mello-promet-la-paix-a-lonu-apres-son-retour#breadcrumb\"},\"inLanguage\":\"fr-FR\",\"potentialAction\":[{\"@type\":\"ReadAction\",\"target\":[\"https:\/\/www.africa-press.net\/cotedivoire\/politique\/don-mello-promet-la-paix-a-lonu-apres-son-retour\"]}]},{\"@type\":\"ImageObject\",\"inLanguage\":\"fr-FR\",\"@id\":\"https:\/\/www.africa-press.net\/cotedivoire\/politique\/don-mello-promet-la-paix-a-lonu-apres-son-retour#primaryimage\",\"url\":\"https:\/\/static.africa-press.net\/cote\/sites\/43\/2025\/09\/sm_1758815043.416131.jpg\",\"contentUrl\":\"https:\/\/static.africa-press.net\/cote\/sites\/43\/2025\/09\/sm_1758815043.416131.jpg\",\"width\":720,\"height\":414,\"caption\":\"Don Mello Promet la Paix \u00e0 l'ONU Apr\u00e8s Son Retour\"},{\"@type\":\"BreadcrumbList\",\"@id\":\"https:\/\/www.africa-press.net\/cotedivoire\/politique\/don-mello-promet-la-paix-a-lonu-apres-son-retour#breadcrumb\",\"itemListElement\":[{\"@type\":\"ListItem\",\"position\":1,\"name\":\"Accueil\",\"item\":\"https:\/\/www.africa-press.net\/cotedivoire\/\"},{\"@type\":\"ListItem\",\"position\":2,\"name\":\"Don Mello Promet la Paix \u00e0 l&#8217;ONU Apr\u00e8s Son Retour\"}]},{\"@type\":\"WebSite\",\"@id\":\"https:\/\/www.africa-press.net\/cotedivoire\/#website\",\"url\":\"https:\/\/www.africa-press.net\/cotedivoire\/\",\"name\":\"C\u00f4te d&#039;Ivoire\",\"description\":\"Just another Africa News Agency Sites site\",\"potentialAction\":[{\"@type\":\"SearchAction\",\"target\":{\"@type\":\"EntryPoint\",\"urlTemplate\":\"https:\/\/www.africa-press.net\/cotedivoire\/?s={search_term_string}\"},\"query-input\":{\"@type\":\"PropertyValueSpecification\",\"valueRequired\":true,\"valueName\":\"search_term_string\"}}],\"inLanguage\":\"fr-FR\"},{\"@type\":\"Person\",\"@id\":\"https:\/\/www.africa-press.net\/cotedivoire\/#\/schema\/person\/2b1cf3cd81a31e3cd26889ca66d677f1\",\"name\":\"cfeditorfr\"}]}<\/script>\n<!-- \/ Yoast SEO Premium plugin. -->","yoast_head_json":{"title":"Don Mello Promet la Paix \u00e0 l'ONU Apr\u00e8s Son Retour - C\u00f4te d&#039;Ivoire","description":"Apre\u0300s long se\u0301jour hors du pays, le candidat a\u0300 la pre\u0301sidentielle du 25 octobre 2025, Ahoua Don Mello, est de retour a ...","robots":{"index":"index","follow":"follow","max-snippet":"max-snippet:-1","max-image-preview":"max-image-preview:large","max-video-preview":"max-video-preview:-1"},"canonical":"https:\/\/www.africa-press.net\/cotedivoire\/politique\/don-mello-promet-la-paix-a-lonu-apres-son-retour","og_locale":"fr_FR","og_type":"article","og_title":"Don Mello Promet la Paix \u00e0 l'ONU Apr\u00e8s Son Retour","og_description":"Apre\u0300s long se\u0301jour hors du pays, le candidat a\u0300 la pre\u0301sidentielle du 25 octobre 2025, Ahoua Don Mello, est de retour a ...","og_url":"https:\/\/www.africa-press.net\/cotedivoire\/politique\/don-mello-promet-la-paix-a-lonu-apres-son-retour","og_site_name":"C\u00f4te d&#039;Ivoire","article_published_time":"2025-09-25T18:59:12+00:00","article_modified_time":"2025-09-25T19:15:24+00:00","og_image":[{"width":720,"height":414,"url":"https:\/\/static.africa-press.net\/cote\/sites\/43\/2025\/09\/sm_1758815043.416131.jpg","type":"image\/jpeg"}],"author":"cfeditorfr","twitter_card":"summary_large_image","twitter_misc":{"\u00c9crit par":"cfeditorfr","Dur\u00e9e de lecture estim\u00e9e":"2 minutes"},"schema":{"@context":"https:\/\/schema.org","@graph":[{"@type":"Article","@id":"https:\/\/www.africa-press.net\/cotedivoire\/politique\/don-mello-promet-la-paix-a-lonu-apres-son-retour#article","isPartOf":{"@id":"https:\/\/www.africa-press.net\/cotedivoire\/politique\/don-mello-promet-la-paix-a-lonu-apres-son-retour"},"author":{"name":"cfeditorfr","@id":"https:\/\/www.africa-press.net\/cotedivoire\/#\/schema\/person\/2b1cf3cd81a31e3cd26889ca66d677f1"},"headline":"Don Mello Promet la Paix \u00e0 l&rsquo;ONU Apr\u00e8s Son Retour","datePublished":"2025-09-25T18:59:12+00:00","dateModified":"2025-09-25T19:15:24+00:00","mainEntityOfPage":{"@id":"https:\/\/www.africa-press.net\/cotedivoire\/politique\/don-mello-promet-la-paix-a-lonu-apres-son-retour"},"wordCount":202,"commentCount":0,"image":{"@id":"https:\/\/www.africa-press.net\/cotedivoire\/politique\/don-mello-promet-la-paix-a-lonu-apres-son-retour#primaryimage"},"thumbnailUrl":"https:\/\/static.africa-press.net\/cote\/sites\/43\/2025\/09\/sm_1758815043.416131.jpg","keywords":["Ahoua Don Mello","C\u00d4TE D'IVOIRE","L\u00e9onardo Santos Simao","ONU","pr\u00e9sidentielle"],"articleSection":["Politique","Top Nouvelles","Toutes les actualit\u00e9s"],"inLanguage":"fr-FR","potentialAction":[{"@type":"CommentAction","name":"Comment","target":["https:\/\/www.africa-press.net\/cotedivoire\/politique\/don-mello-promet-la-paix-a-lonu-apres-son-retour#respond"]}]},{"@type":"WebPage","@id":"https:\/\/www.africa-press.net\/cotedivoire\/politique\/don-mello-promet-la-paix-a-lonu-apres-son-retour","url":"https:\/\/www.africa-press.net\/cotedivoire\/politique\/don-mello-promet-la-paix-a-lonu-apres-son-retour","name":"Don Mello Promet la Paix \u00e0 l'ONU Apr\u00e8s Son Retour - C\u00f4te d&#039;Ivoire","isPartOf":{"@id":"https:\/\/www.africa-press.net\/cotedivoire\/#website"},"primaryImageOfPage":{"@id":"https:\/\/www.africa-press.net\/cotedivoire\/politique\/don-mello-promet-la-paix-a-lonu-apres-son-retour#primaryimage"},"image":{"@id":"https:\/\/www.africa-press.net\/cotedivoire\/politique\/don-mello-promet-la-paix-a-lonu-apres-son-retour#primaryimage"},"thumbnailUrl":"https:\/\/static.africa-press.net\/cote\/sites\/43\/2025\/09\/sm_1758815043.416131.jpg","datePublished":"2025-09-25T18:59:12+00:00","dateModified":"2025-09-25T19:15:24+00:00","author":{"@id":"https:\/\/www.africa-press.net\/cotedivoire\/#\/schema\/person\/2b1cf3cd81a31e3cd26889ca66d677f1"},"description":"Apre\u0300s long se\u0301jour hors du pays, le candidat a\u0300 la pre\u0301sidentielle du 25 octobre 2025, Ahoua Don Mello, est de retour a ...","breadcrumb":{"@id":"https:\/\/www.africa-press.net\/cotedivoire\/politique\/don-mello-promet-la-paix-a-lonu-apres-son-retour#breadcrumb"},"inLanguage":"fr-FR","potentialAction":[{"@type":"ReadAction","target":["https:\/\/www.africa-press.net\/cotedivoire\/politique\/don-mello-promet-la-paix-a-lonu-apres-son-retour"]}]},{"@type":"ImageObject","inLanguage":"fr-FR","@id":"https:\/\/www.africa-press.net\/cotedivoire\/politique\/don-mello-promet-la-paix-a-lonu-apres-son-retour#primaryimage","url":"https:\/\/static.africa-press.net\/cote\/sites\/43\/2025\/09\/sm_1758815043.416131.jpg","contentUrl":"https:\/\/static.africa-press.net\/cote\/sites\/43\/2025\/09\/sm_1758815043.416131.jpg","width":720,"height":414,"caption":"Don Mello Promet la Paix \u00e0 l'ONU Apr\u00e8s Son Retour"},{"@type":"BreadcrumbList","@id":"https:\/\/www.africa-press.net\/cotedivoire\/politique\/don-mello-promet-la-paix-a-lonu-apres-son-retour#breadcrumb","itemListElement":[{"@type":"ListItem","position":1,"name":"Accueil","item":"https:\/\/www.africa-press.net\/cotedivoire\/"},{"@type":"ListItem","position":2,"name":"Don Mello Promet la Paix \u00e0 l&#8217;ONU Apr\u00e8s Son Retour"}]},{"@type":"WebSite","@id":"https:\/\/www.africa-press.net\/cotedivoire\/#website","url":"https:\/\/www.africa-press.net\/cotedivoire\/","name":"C\u00f4te d&#039;Ivoire","description":"Just another Africa News Agency Sites site","potentialAction":[{"@type":"SearchAction","target":{"@type":"EntryPoint","urlTemplate":"https:\/\/www.africa-press.net\/cotedivoire\/?s={search_term_string}"},"query-input":{"@type":"PropertyValueSpecification","valueRequired":true,"valueName":"search_term_string"}}],"inLanguage":"fr-FR"},{"@type":"Person","@id":"https:\/\/www.africa-press.net\/cotedivoire\/#\/schema\/person\/2b1cf3cd81a31e3cd26889ca66d677f1","name":"cfeditorfr"}]}},"_links":{"self":[{"href":"https:\/\/www.africa-press.net\/cotedivoire\/wp-json\/wp\/v2\/posts\/105769","targetHints":{"allow":["GET"]}}],"collection":[{"href":"https:\/\/www.africa-press.net\/cotedivoire\/wp-json\/wp\/v2\/posts"}],"about":[{"href":"https:\/\/www.africa-press.net\/cotedivoire\/wp-json\/wp\/v2\/types\/post"}],"author":[{"embeddable":true,"href":"https:\/\/www.africa-press.net\/cotedivoire\/wp-json\/wp\/v2\/users\/82"}],"replies":[{"embeddable":true,"href":"https:\/\/www.africa-press.net\/cotedivoire\/wp-json\/wp\/v2\/comments?post=105769"}],"version-history":[{"count":0,"href":"https:\/\/www.africa-press.net\/cotedivoire\/wp-json\/wp\/v2\/posts\/105769\/revisions"}],"wp:featuredmedia":[{"embeddable":true,"href":"https:\/\/www.africa-press.net\/cotedivoire\/wp-json\/wp\/v2\/media\/105768"}],"wp:attachment":[{"href":"https:\/\/www.africa-press.net\/cotedivoire\/wp-json\/wp\/v2\/media?parent=105769"}],"wp:term":[{"taxonomy":"category","embeddable":true,"href":"https:\/\/www.africa-press.net\/cotedivoire\/wp-json\/wp\/v2\/categories?post=105769"},{"taxonomy":"post_tag","embeddable":true,"href":"https:\/\/www.africa-press.net\/cotedivoire\/wp-json\/wp\/v2\/tags?post=105769"}],"curies":[{"name":"wp","href":"https:\/\/api.w.org\/{rel}","templated":true}]}}