{"id":105886,"date":"2025-09-27T13:37:19","date_gmt":"2025-09-27T13:37:19","guid":{"rendered":"https:\/\/www.africa-press.net\/cotedivoire\/politique\/trophee-des-champions-psg-om-pas-a-ebimpe"},"modified":"2025-09-27T14:29:46","modified_gmt":"2025-09-27T14:29:46","slug":"trophee-des-champions-psg-om-pas-a-ebimpe","status":"publish","type":"post","link":"https:\/\/www.africa-press.net\/cotedivoire\/sports\/trophee-des-champions-psg-om-pas-a-ebimpe","title":{"rendered":"Troph\u00e9e des Champions PSG-OM Pas \u00e0 Ebimp\u00e9"},"content":{"rendered":"<p><span style=\"color: #ff6600\"><strong>Africa-Press &#8211; C\u00f4te d&rsquo;Ivoire. <\/strong><\/span>Candidate pour accueillir le Trophe\u0301e des Champions entre le Paris Saint-Germain (PSG) et l\u2019Olympique de Marseille (OM), la Co\u0302te d\u2019Ivoire n\u2019a pas e\u0301te\u0301 retenue par la Ligue de Football Professionnel (LFP).<\/p>\n<p>La LFP a indique\u0301 ce vendredi 26 septembre 2025 a\u0300 travers un communique\u0301 que la 31e e\u0301dition du Trophe\u0301e des Champions se de\u0301roulera le jeudi 8 janvier 2026 au Kowei\u0308t.<\/p>\n<p>\u00ab Organise\u0301e avec la Fe\u0301de\u0301ration de Football du Kowei\u0308t, cette rencontre qui opposera le Paris Saint-Germain, champion de France de Ligue 1 McDonald\u2019s et vainqueur de la Coupe de France, a\u0300 l\u2019Olympique de Marseille, vice-champion de Ligue 1 McDonald\u2019s, se de\u0301roulera dans le Jaber Al-Ahmad International Stadium de Kowei\u0308t City. Les deux grands rivaux se retrouveront pour un nouveau Classique pour la troisie\u0300me fois a\u0300 l\u2019occasion du Trophe\u0301e des Champions apre\u0300s l\u2019e\u0301dition 2010 et celle de 2020.<\/p>\n<p>Re\u0301inaugure\u0301 en 2015, le Jaber Al-Ahmad International Stadium dispose d\u2019une capacite\u0301 de 58.000 places et accueille notamment les matchs de l\u2019e\u0301quipe nationale du Kowei\u0308t.<\/p>\n<p>Organisateur de la Coupe du Golfe des Nations en 2017 et 2024, le Kowei\u0308t accueillera pour la premie\u0300re fois le Trophe\u0301e des Champions.<\/p>\n<p>La rencontre se de\u0301roulera en soire\u0301e a\u0300 Kowei\u0308t City a\u0300 un horaire qui reste a\u0300 de\u0301terminer. En France, le Trophe\u0301e des Champions sera diffuse\u0301 en direct sur Ligue 1+ \u00bb, peut-on lire.<\/p>\n<p>Le Trophe\u0301e des Champions pre\u0301vu en janvier 2026 ne se jouera pas au Stade Olympique Alassane Ouattara d\u2019Ebimpe\u0301, comme souhaite\u0301 par les autorite\u0301s ivoiriennes.<\/p>\n<p><strong>Pour plus d&rsquo;informations et d&rsquo;analyses sur la <span style=\"color: #ff6600\">C\u00f4te d&rsquo;Ivoire<\/span>, suivez <span style=\"color: #ff6600\">Africa-Press<\/span><\/strong><\/p>\n","protected":false},"excerpt":{"rendered":"<p>Africa-Press &#8211; C\u00f4te d&rsquo;Ivoire. Candidate pour accueillir le Trophe\u0301e des Champions entre le Paris Saint-Germain (PSG) et l\u2019Olympique de Marseille (OM), la Co\u0302te d\u2019Ivoire n\u2019a pas e\u0301te\u0301 retenue par la Ligue de Football Professionnel (LFP). La LFP a indique\u0301 ce vendredi 26 septembre 2025 a\u0300 travers un communique\u0301 que la 31e e\u0301dition du Trophe\u0301e des [&hellip;]<\/p>\n","protected":false},"author":82,"featured_media":105885,"comment_status":"open","ping_status":"closed","sticky":false,"template":"","format":"standard","meta":{"footnotes":""},"categories":[6,10],"tags":[1384,29,1412,18991,8619,17500,13250,10770],"class_list":["post-105886","post","type-post","status-publish","format-standard","has-post-thumbnail","hentry","category-sports","category-toutes-les-actualites","tag-champions","tag-cote-divoire","tag-ebimpe","tag-koweit","tag-lfp","tag-om","tag-psg","tag-trophee"],"yoast_head":"<!-- This site is optimized with the Yoast SEO Premium plugin v26.1 (Yoast SEO v27.0) - https:\/\/yoast.com\/product\/yoast-seo-premium-wordpress\/ -->\n<title>Troph\u00e9e des Champions PSG-OM Pas \u00e0 Ebimp\u00e9 - C\u00f4te d&#039;Ivoire<\/title>\n<meta name=\"description\" content=\"Candidate pour accueillir le Trophe\u0301e des Champions entre le Paris Saint-Germain (PSG) et l\u2019Olympique de Marseille (OM), ...\" \/>\n<meta name=\"robots\" content=\"index, follow, max-snippet:-1, max-image-preview:large, max-video-preview:-1\" \/>\n<link rel=\"canonical\" href=\"https:\/\/www.africa-press.net\/cotedivoire\/sports\/trophee-des-champions-psg-om-pas-a-ebimpe\" \/>\n<meta property=\"og:locale\" content=\"fr_FR\" \/>\n<meta property=\"og:type\" content=\"article\" \/>\n<meta property=\"og:title\" content=\"Troph\u00e9e des Champions PSG-OM Pas \u00e0 Ebimp\u00e9\" \/>\n<meta property=\"og:description\" content=\"Candidate pour accueillir le Trophe\u0301e des Champions entre le Paris Saint-Germain (PSG) et l\u2019Olympique de Marseille (OM), ...\" \/>\n<meta property=\"og:url\" content=\"https:\/\/www.africa-press.net\/cotedivoire\/sports\/trophee-des-champions-psg-om-pas-a-ebimpe\" \/>\n<meta property=\"og:site_name\" content=\"C\u00f4te d&#039;Ivoire\" \/>\n<meta property=\"article:published_time\" content=\"2025-09-27T13:37:19+00:00\" \/>\n<meta property=\"article:modified_time\" content=\"2025-09-27T14:29:46+00:00\" \/>\n<meta property=\"og:image\" content=\"https:\/\/static.africa-press.net\/cote\/sites\/43\/2025\/09\/sm_1758970718.975123.jpg\" \/>\n\t<meta property=\"og:image:width\" content=\"720\" \/>\n\t<meta property=\"og:image:height\" content=\"398\" \/>\n\t<meta property=\"og:image:type\" content=\"image\/jpeg\" \/>\n<meta name=\"author\" content=\"cfeditorfr\" \/>\n<meta name=\"twitter:card\" content=\"summary_large_image\" \/>\n<meta name=\"twitter:label1\" content=\"\u00c9crit par\" \/>\n\t<meta name=\"twitter:data1\" content=\"cfeditorfr\" \/>\n\t<meta name=\"twitter:label2\" content=\"Dur\u00e9e de lecture estim\u00e9e\" \/>\n\t<meta name=\"twitter:data2\" content=\"1 minute\" \/>\n<script type=\"application\/ld+json\" class=\"yoast-schema-graph\">{\"@context\":\"https:\/\/schema.org\",\"@graph\":[{\"@type\":\"Article\",\"@id\":\"https:\/\/www.africa-press.net\/cotedivoire\/sports\/trophee-des-champions-psg-om-pas-a-ebimpe#article\",\"isPartOf\":{\"@id\":\"https:\/\/www.africa-press.net\/cotedivoire\/sports\/trophee-des-champions-psg-om-pas-a-ebimpe\"},\"author\":{\"name\":\"cfeditorfr\",\"@id\":\"https:\/\/www.africa-press.net\/cotedivoire\/#\/schema\/person\/2b1cf3cd81a31e3cd26889ca66d677f1\"},\"headline\":\"Troph\u00e9e des Champions PSG-OM Pas \u00e0 Ebimp\u00e9\",\"datePublished\":\"2025-09-27T13:37:19+00:00\",\"dateModified\":\"2025-09-27T14:29:46+00:00\",\"mainEntityOfPage\":{\"@id\":\"https:\/\/www.africa-press.net\/cotedivoire\/sports\/trophee-des-champions-psg-om-pas-a-ebimpe\"},\"wordCount\":295,\"commentCount\":0,\"image\":{\"@id\":\"https:\/\/www.africa-press.net\/cotedivoire\/sports\/trophee-des-champions-psg-om-pas-a-ebimpe#primaryimage\"},\"thumbnailUrl\":\"https:\/\/static.africa-press.net\/cote\/sites\/43\/2025\/09\/sm_1758970718.975123.jpg\",\"keywords\":[\"champions\",\"C\u00d4TE D'IVOIRE\",\"Ebimp\u00e9\",\"Koweit\",\"LFP\",\"OM\",\"PSG\",\"troph\u00e9e\"],\"articleSection\":[\"Sports\",\"Toutes les actualit\u00e9s\"],\"inLanguage\":\"fr-FR\",\"potentialAction\":[{\"@type\":\"CommentAction\",\"name\":\"Comment\",\"target\":[\"https:\/\/www.africa-press.net\/cotedivoire\/sports\/trophee-des-champions-psg-om-pas-a-ebimpe#respond\"]}]},{\"@type\":\"WebPage\",\"@id\":\"https:\/\/www.africa-press.net\/cotedivoire\/sports\/trophee-des-champions-psg-om-pas-a-ebimpe\",\"url\":\"https:\/\/www.africa-press.net\/cotedivoire\/sports\/trophee-des-champions-psg-om-pas-a-ebimpe\",\"name\":\"Troph\u00e9e des Champions PSG-OM Pas \u00e0 Ebimp\u00e9 - C\u00f4te d&#039;Ivoire\",\"isPartOf\":{\"@id\":\"https:\/\/www.africa-press.net\/cotedivoire\/#website\"},\"primaryImageOfPage\":{\"@id\":\"https:\/\/www.africa-press.net\/cotedivoire\/sports\/trophee-des-champions-psg-om-pas-a-ebimpe#primaryimage\"},\"image\":{\"@id\":\"https:\/\/www.africa-press.net\/cotedivoire\/sports\/trophee-des-champions-psg-om-pas-a-ebimpe#primaryimage\"},\"thumbnailUrl\":\"https:\/\/static.africa-press.net\/cote\/sites\/43\/2025\/09\/sm_1758970718.975123.jpg\",\"datePublished\":\"2025-09-27T13:37:19+00:00\",\"dateModified\":\"2025-09-27T14:29:46+00:00\",\"author\":{\"@id\":\"https:\/\/www.africa-press.net\/cotedivoire\/#\/schema\/person\/2b1cf3cd81a31e3cd26889ca66d677f1\"},\"description\":\"Candidate pour accueillir le Trophe\u0301e des Champions entre le Paris Saint-Germain (PSG) et l\u2019Olympique de Marseille (OM), ...\",\"breadcrumb\":{\"@id\":\"https:\/\/www.africa-press.net\/cotedivoire\/sports\/trophee-des-champions-psg-om-pas-a-ebimpe#breadcrumb\"},\"inLanguage\":\"fr-FR\",\"potentialAction\":[{\"@type\":\"ReadAction\",\"target\":[\"https:\/\/www.africa-press.net\/cotedivoire\/sports\/trophee-des-champions-psg-om-pas-a-ebimpe\"]}]},{\"@type\":\"ImageObject\",\"inLanguage\":\"fr-FR\",\"@id\":\"https:\/\/www.africa-press.net\/cotedivoire\/sports\/trophee-des-champions-psg-om-pas-a-ebimpe#primaryimage\",\"url\":\"https:\/\/static.africa-press.net\/cote\/sites\/43\/2025\/09\/sm_1758970718.975123.jpg\",\"contentUrl\":\"https:\/\/static.africa-press.net\/cote\/sites\/43\/2025\/09\/sm_1758970718.975123.jpg\",\"width\":720,\"height\":398,\"caption\":\"Troph\u00e9e des Champions PSG-OM Pas \u00e0 Ebimp\u00e9\"},{\"@type\":\"BreadcrumbList\",\"@id\":\"https:\/\/www.africa-press.net\/cotedivoire\/sports\/trophee-des-champions-psg-om-pas-a-ebimpe#breadcrumb\",\"itemListElement\":[{\"@type\":\"ListItem\",\"position\":1,\"name\":\"Accueil\",\"item\":\"https:\/\/www.africa-press.net\/cotedivoire\/\"},{\"@type\":\"ListItem\",\"position\":2,\"name\":\"Troph\u00e9e des Champions PSG-OM Pas \u00e0 Ebimp\u00e9\"}]},{\"@type\":\"WebSite\",\"@id\":\"https:\/\/www.africa-press.net\/cotedivoire\/#website\",\"url\":\"https:\/\/www.africa-press.net\/cotedivoire\/\",\"name\":\"C\u00f4te d&#039;Ivoire\",\"description\":\"Just another Africa News Agency Sites site\",\"potentialAction\":[{\"@type\":\"SearchAction\",\"target\":{\"@type\":\"EntryPoint\",\"urlTemplate\":\"https:\/\/www.africa-press.net\/cotedivoire\/?s={search_term_string}\"},\"query-input\":{\"@type\":\"PropertyValueSpecification\",\"valueRequired\":true,\"valueName\":\"search_term_string\"}}],\"inLanguage\":\"fr-FR\"},{\"@type\":\"Person\",\"@id\":\"https:\/\/www.africa-press.net\/cotedivoire\/#\/schema\/person\/2b1cf3cd81a31e3cd26889ca66d677f1\",\"name\":\"cfeditorfr\"}]}<\/script>\n<!-- \/ Yoast SEO Premium plugin. -->","yoast_head_json":{"title":"Troph\u00e9e des Champions PSG-OM Pas \u00e0 Ebimp\u00e9 - C\u00f4te d&#039;Ivoire","description":"Candidate pour accueillir le Trophe\u0301e des Champions entre le Paris Saint-Germain (PSG) et l\u2019Olympique de Marseille (OM), ...","robots":{"index":"index","follow":"follow","max-snippet":"max-snippet:-1","max-image-preview":"max-image-preview:large","max-video-preview":"max-video-preview:-1"},"canonical":"https:\/\/www.africa-press.net\/cotedivoire\/sports\/trophee-des-champions-psg-om-pas-a-ebimpe","og_locale":"fr_FR","og_type":"article","og_title":"Troph\u00e9e des Champions PSG-OM Pas \u00e0 Ebimp\u00e9","og_description":"Candidate pour accueillir le Trophe\u0301e des Champions entre le Paris Saint-Germain (PSG) et l\u2019Olympique de Marseille (OM), ...","og_url":"https:\/\/www.africa-press.net\/cotedivoire\/sports\/trophee-des-champions-psg-om-pas-a-ebimpe","og_site_name":"C\u00f4te d&#039;Ivoire","article_published_time":"2025-09-27T13:37:19+00:00","article_modified_time":"2025-09-27T14:29:46+00:00","og_image":[{"width":720,"height":398,"url":"https:\/\/static.africa-press.net\/cote\/sites\/43\/2025\/09\/sm_1758970718.975123.jpg","type":"image\/jpeg"}],"author":"cfeditorfr","twitter_card":"summary_large_image","twitter_misc":{"\u00c9crit par":"cfeditorfr","Dur\u00e9e de lecture estim\u00e9e":"1 minute"},"schema":{"@context":"https:\/\/schema.org","@graph":[{"@type":"Article","@id":"https:\/\/www.africa-press.net\/cotedivoire\/sports\/trophee-des-champions-psg-om-pas-a-ebimpe#article","isPartOf":{"@id":"https:\/\/www.africa-press.net\/cotedivoire\/sports\/trophee-des-champions-psg-om-pas-a-ebimpe"},"author":{"name":"cfeditorfr","@id":"https:\/\/www.africa-press.net\/cotedivoire\/#\/schema\/person\/2b1cf3cd81a31e3cd26889ca66d677f1"},"headline":"Troph\u00e9e des Champions PSG-OM Pas \u00e0 Ebimp\u00e9","datePublished":"2025-09-27T13:37:19+00:00","dateModified":"2025-09-27T14:29:46+00:00","mainEntityOfPage":{"@id":"https:\/\/www.africa-press.net\/cotedivoire\/sports\/trophee-des-champions-psg-om-pas-a-ebimpe"},"wordCount":295,"commentCount":0,"image":{"@id":"https:\/\/www.africa-press.net\/cotedivoire\/sports\/trophee-des-champions-psg-om-pas-a-ebimpe#primaryimage"},"thumbnailUrl":"https:\/\/static.africa-press.net\/cote\/sites\/43\/2025\/09\/sm_1758970718.975123.jpg","keywords":["champions","C\u00d4TE D'IVOIRE","Ebimp\u00e9","Koweit","LFP","OM","PSG","troph\u00e9e"],"articleSection":["Sports","Toutes les actualit\u00e9s"],"inLanguage":"fr-FR","potentialAction":[{"@type":"CommentAction","name":"Comment","target":["https:\/\/www.africa-press.net\/cotedivoire\/sports\/trophee-des-champions-psg-om-pas-a-ebimpe#respond"]}]},{"@type":"WebPage","@id":"https:\/\/www.africa-press.net\/cotedivoire\/sports\/trophee-des-champions-psg-om-pas-a-ebimpe","url":"https:\/\/www.africa-press.net\/cotedivoire\/sports\/trophee-des-champions-psg-om-pas-a-ebimpe","name":"Troph\u00e9e des Champions PSG-OM Pas \u00e0 Ebimp\u00e9 - C\u00f4te d&#039;Ivoire","isPartOf":{"@id":"https:\/\/www.africa-press.net\/cotedivoire\/#website"},"primaryImageOfPage":{"@id":"https:\/\/www.africa-press.net\/cotedivoire\/sports\/trophee-des-champions-psg-om-pas-a-ebimpe#primaryimage"},"image":{"@id":"https:\/\/www.africa-press.net\/cotedivoire\/sports\/trophee-des-champions-psg-om-pas-a-ebimpe#primaryimage"},"thumbnailUrl":"https:\/\/static.africa-press.net\/cote\/sites\/43\/2025\/09\/sm_1758970718.975123.jpg","datePublished":"2025-09-27T13:37:19+00:00","dateModified":"2025-09-27T14:29:46+00:00","author":{"@id":"https:\/\/www.africa-press.net\/cotedivoire\/#\/schema\/person\/2b1cf3cd81a31e3cd26889ca66d677f1"},"description":"Candidate pour accueillir le Trophe\u0301e des Champions entre le Paris Saint-Germain (PSG) et l\u2019Olympique de Marseille (OM), ...","breadcrumb":{"@id":"https:\/\/www.africa-press.net\/cotedivoire\/sports\/trophee-des-champions-psg-om-pas-a-ebimpe#breadcrumb"},"inLanguage":"fr-FR","potentialAction":[{"@type":"ReadAction","target":["https:\/\/www.africa-press.net\/cotedivoire\/sports\/trophee-des-champions-psg-om-pas-a-ebimpe"]}]},{"@type":"ImageObject","inLanguage":"fr-FR","@id":"https:\/\/www.africa-press.net\/cotedivoire\/sports\/trophee-des-champions-psg-om-pas-a-ebimpe#primaryimage","url":"https:\/\/static.africa-press.net\/cote\/sites\/43\/2025\/09\/sm_1758970718.975123.jpg","contentUrl":"https:\/\/static.africa-press.net\/cote\/sites\/43\/2025\/09\/sm_1758970718.975123.jpg","width":720,"height":398,"caption":"Troph\u00e9e des Champions PSG-OM Pas \u00e0 Ebimp\u00e9"},{"@type":"BreadcrumbList","@id":"https:\/\/www.africa-press.net\/cotedivoire\/sports\/trophee-des-champions-psg-om-pas-a-ebimpe#breadcrumb","itemListElement":[{"@type":"ListItem","position":1,"name":"Accueil","item":"https:\/\/www.africa-press.net\/cotedivoire\/"},{"@type":"ListItem","position":2,"name":"Troph\u00e9e des Champions PSG-OM Pas \u00e0 Ebimp\u00e9"}]},{"@type":"WebSite","@id":"https:\/\/www.africa-press.net\/cotedivoire\/#website","url":"https:\/\/www.africa-press.net\/cotedivoire\/","name":"C\u00f4te d&#039;Ivoire","description":"Just another Africa News Agency Sites site","potentialAction":[{"@type":"SearchAction","target":{"@type":"EntryPoint","urlTemplate":"https:\/\/www.africa-press.net\/cotedivoire\/?s={search_term_string}"},"query-input":{"@type":"PropertyValueSpecification","valueRequired":true,"valueName":"search_term_string"}}],"inLanguage":"fr-FR"},{"@type":"Person","@id":"https:\/\/www.africa-press.net\/cotedivoire\/#\/schema\/person\/2b1cf3cd81a31e3cd26889ca66d677f1","name":"cfeditorfr"}]}},"_links":{"self":[{"href":"https:\/\/www.africa-press.net\/cotedivoire\/wp-json\/wp\/v2\/posts\/105886","targetHints":{"allow":["GET"]}}],"collection":[{"href":"https:\/\/www.africa-press.net\/cotedivoire\/wp-json\/wp\/v2\/posts"}],"about":[{"href":"https:\/\/www.africa-press.net\/cotedivoire\/wp-json\/wp\/v2\/types\/post"}],"author":[{"embeddable":true,"href":"https:\/\/www.africa-press.net\/cotedivoire\/wp-json\/wp\/v2\/users\/82"}],"replies":[{"embeddable":true,"href":"https:\/\/www.africa-press.net\/cotedivoire\/wp-json\/wp\/v2\/comments?post=105886"}],"version-history":[{"count":0,"href":"https:\/\/www.africa-press.net\/cotedivoire\/wp-json\/wp\/v2\/posts\/105886\/revisions"}],"wp:featuredmedia":[{"embeddable":true,"href":"https:\/\/www.africa-press.net\/cotedivoire\/wp-json\/wp\/v2\/media\/105885"}],"wp:attachment":[{"href":"https:\/\/www.africa-press.net\/cotedivoire\/wp-json\/wp\/v2\/media?parent=105886"}],"wp:term":[{"taxonomy":"category","embeddable":true,"href":"https:\/\/www.africa-press.net\/cotedivoire\/wp-json\/wp\/v2\/categories?post=105886"},{"taxonomy":"post_tag","embeddable":true,"href":"https:\/\/www.africa-press.net\/cotedivoire\/wp-json\/wp\/v2\/tags?post=105886"}],"curies":[{"name":"wp","href":"https:\/\/api.w.org\/{rel}","templated":true}]}}