{"id":10594,"date":"2021-07-30T14:55:10","date_gmt":"2021-07-30T14:55:10","guid":{"rendered":"https:\/\/www.africa-press.net\/cotedivoire\/?p=10594"},"modified":"2021-07-30T18:19:21","modified_gmt":"2021-07-30T18:19:21","slug":"cote-divoire-le-mandat-darret-de-la-cpi-contre-simone-gbagbo-est-leve","status":"publish","type":"post","link":"https:\/\/www.africa-press.net\/cotedivoire\/politique\/cote-divoire-le-mandat-darret-de-la-cpi-contre-simone-gbagbo-est-leve","title":{"rendered":"le mandat d\u2019arr\u00eat de la CPI contre Simone Gbagbo est lev\u00e9"},"content":{"rendered":"<p><span style=\"color: #ff6600\"><strong><a href=\"https:\/\/www.africa-press.net\/\">Africa-Press<\/a> &#8211; <a href=\"https:\/\/www.africa-press.net\/cotedivoire\">C\u00f4te d&rsquo;Ivoire<\/a>. <\/strong><\/span>Le mandat d\u2019arr\u00eat de la Cour p\u00e9nale internationale (CPI) contre Simone Gbagbo, l\u2019\u00e9pouse de l\u2019ancien pr\u00e9sident, accus\u00e9e notamment de crimes contre l\u2019humanit\u00e9 lors de la crise de 2010-2011, a \u00e9t\u00e9 lev\u00e9, selon une d\u00e9cision rendue publique, jeudi 29 juillet, et consult\u00e9e par l\u2019Agence France-Presse (AFP).<\/p>\n<p><b>\u00ab La Chambre consid\u00e8re qu\u2019il est appropri\u00e9 de d\u00e9cider que le mandat d\u2019arr\u00eat contre Simone Gbagbo cesse d\u2019\u00eatre effectif \u00bb<\/b><\/p>\n<p>, a \u00e9crit la CPI dans une d\u00e9cision de sept pages, dat\u00e9e du 19 juillet.<\/p>\n<p><b>\u00ab Bonne nouvelle pour Mme Simone Gbagbo<\/b><\/p>\n<p>(\u2026), elle pourra d\u00e9sormais librement voyager \u00e0 travers le monde entier \u00bb, a r\u00e9agi son avocat Ange Rodrigue Dadj\u00e9, dans une d\u00e9claration transmise \u00e0 l\u2019AFP. \u00ab Cette lev\u00e9e du mandat vient boucler d\u00e9finitivement les poursuites dont faisaient l\u2019objet les Gbagbo devant la CPI \u00bb, a-t-il ajout\u00e9.<\/p>\n<p><b>Quatre chefs de crimes contre l\u2019humanit\u00e9<\/b><\/p>\n<p>Simone Gbagbo \u00e9tait r\u00e9clam\u00e9e par la CPI pour quatre chefs de crimes contre l\u2019humanit\u00e9, \u00e0 savoir meurtre, viol, autres actes inhumains et pers\u00e9cution, commis pendant la crise post-\u00e9lectorale de 2010-2011. Cette crise, n\u00e9e du refus de Laurent Gbagbo de reconna\u00eetre sa d\u00e9faite \u00e0 la pr\u00e9sidentielle de 2010 face \u00e0 Alassane Ouattara, avait fait plus de 3 000 morts.<\/p>\n<p>En mars dernier, la CPI avait d\u00e9finitivement acquitt\u00e9 Laurent Gbagbo, \u00e9galement poursuivi pour crimes contre l\u2019humanit\u00e9, lequel avait pu faire son retour en C\u00f4te d\u2019Ivoire le 17 juin, apr\u00e8s dix ans d\u2019absence.<\/p>\n<p>Contrairement \u00e0 son \u00e9poux, Simone Gbagbo n\u2019avait jamais \u00e9t\u00e9 livr\u00e9e \u00e0 la CPI. Elle avait, en revanche, \u00e9t\u00e9 condamn\u00e9e en mars 2015 \u00e0 vingt ans de prison \u00e0 Abidjan pour atteinte \u00e0 la s\u00fbret\u00e9 de l\u2019Etat. Elle avait finalement \u00e9t\u00e9 lib\u00e9r\u00e9e le 8 ao\u00fbt 2018, apr\u00e8s une amnistie d\u00e9cr\u00e9t\u00e9e par le pr\u00e9sident, Alassane Ouattara, afin de favoriser la r\u00e9conciliation nationale.<\/p>\n","protected":false},"excerpt":{"rendered":"<p>Africa-Press &#8211; C\u00f4te d&rsquo;Ivoire. Le mandat d\u2019arr\u00eat de la Cour p\u00e9nale internationale (CPI) contre Simone Gbagbo, l\u2019\u00e9pouse de l\u2019ancien pr\u00e9sident, accus\u00e9e notamment de crimes contre l\u2019humanit\u00e9 lors de la crise de 2010-2011, a \u00e9t\u00e9 lev\u00e9, selon une d\u00e9cision rendue publique, jeudi 29 juillet, et consult\u00e9e par l\u2019Agence France-Presse (AFP). \u00ab La Chambre consid\u00e8re qu\u2019il est [&hellip;]<\/p>\n","protected":false},"author":82,"featured_media":10593,"comment_status":"open","ping_status":"closed","sticky":false,"template":"","format":"standard","meta":{"footnotes":""},"categories":[11,2,20,10],"tags":[56,63,29],"class_list":["post-10594","post","type-post","status-publish","format-standard","has-post-thumbnail","hentry","category-homepage-french","category-politique","category-top-nouvelles","category-toutes-les-actualites","tag-africa-press","tag-africa-press-cote-divoire","tag-cote-divoire"],"yoast_head":"<!-- This site is optimized with the Yoast SEO Premium plugin v26.1 (Yoast SEO v27.0) - https:\/\/yoast.com\/product\/yoast-seo-premium-wordpress\/ -->\n<title>le mandat d\u2019arr\u00eat de la CPI contre Simone Gbagbo est lev\u00e9 - C\u00f4te d&#039;Ivoire<\/title>\n<meta name=\"description\" content=\"Le mandat d\u2019arr\u00eat de la Cour p\u00e9nale internationale (CPI) contre Simone Gbagbo, l\u2019\u00e9pouse de l\u2019ancien pr\u00e9sident, accus\u00e9e n ...\" \/>\n<meta name=\"robots\" content=\"index, follow, max-snippet:-1, max-image-preview:large, max-video-preview:-1\" \/>\n<link rel=\"canonical\" href=\"https:\/\/www.africa-press.net\/cotedivoire\/politique\/cote-divoire-le-mandat-darret-de-la-cpi-contre-simone-gbagbo-est-leve\" \/>\n<meta property=\"og:locale\" content=\"fr_FR\" \/>\n<meta property=\"og:type\" content=\"article\" \/>\n<meta property=\"og:title\" content=\"le mandat d\u2019arr\u00eat de la CPI contre Simone Gbagbo est lev\u00e9\" \/>\n<meta property=\"og:description\" content=\"Le mandat d\u2019arr\u00eat de la Cour p\u00e9nale internationale (CPI) contre Simone Gbagbo, l\u2019\u00e9pouse de l\u2019ancien pr\u00e9sident, accus\u00e9e n ...\" \/>\n<meta property=\"og:url\" content=\"https:\/\/www.africa-press.net\/cotedivoire\/politique\/cote-divoire-le-mandat-darret-de-la-cpi-contre-simone-gbagbo-est-leve\" \/>\n<meta property=\"og:site_name\" content=\"C\u00f4te d&#039;Ivoire\" \/>\n<meta property=\"article:published_time\" content=\"2021-07-30T14:55:10+00:00\" \/>\n<meta property=\"article:modified_time\" content=\"2021-07-30T18:19:21+00:00\" \/>\n<meta property=\"og:image\" content=\"https:\/\/static.africa-press.net\/cote\/sites\/43\/2021\/07\/img-61041193e4214.jpg\" \/>\n\t<meta property=\"og:image:width\" content=\"1440\" \/>\n\t<meta property=\"og:image:height\" content=\"720\" \/>\n\t<meta property=\"og:image:type\" content=\"image\/jpeg\" \/>\n<meta name=\"author\" content=\"cfeditorfr\" \/>\n<meta name=\"twitter:card\" content=\"summary_large_image\" \/>\n<meta name=\"twitter:label1\" content=\"\u00c9crit par\" \/>\n\t<meta name=\"twitter:data1\" content=\"cfeditorfr\" \/>\n\t<meta name=\"twitter:label2\" content=\"Dur\u00e9e de lecture estim\u00e9e\" \/>\n\t<meta name=\"twitter:data2\" content=\"2 minutes\" \/>\n<script type=\"application\/ld+json\" class=\"yoast-schema-graph\">{\"@context\":\"https:\/\/schema.org\",\"@graph\":[{\"@type\":\"Article\",\"@id\":\"https:\/\/www.africa-press.net\/cotedivoire\/politique\/cote-divoire-le-mandat-darret-de-la-cpi-contre-simone-gbagbo-est-leve#article\",\"isPartOf\":{\"@id\":\"https:\/\/www.africa-press.net\/cotedivoire\/politique\/cote-divoire-le-mandat-darret-de-la-cpi-contre-simone-gbagbo-est-leve\"},\"author\":{\"name\":\"cfeditorfr\",\"@id\":\"https:\/\/www.africa-press.net\/cotedivoire\/#\/schema\/person\/2b1cf3cd81a31e3cd26889ca66d677f1\"},\"headline\":\"le mandat d\u2019arr\u00eat de la CPI contre Simone Gbagbo est lev\u00e9\",\"datePublished\":\"2021-07-30T14:55:10+00:00\",\"dateModified\":\"2021-07-30T18:19:21+00:00\",\"mainEntityOfPage\":{\"@id\":\"https:\/\/www.africa-press.net\/cotedivoire\/politique\/cote-divoire-le-mandat-darret-de-la-cpi-contre-simone-gbagbo-est-leve\"},\"wordCount\":337,\"commentCount\":0,\"image\":{\"@id\":\"https:\/\/www.africa-press.net\/cotedivoire\/politique\/cote-divoire-le-mandat-darret-de-la-cpi-contre-simone-gbagbo-est-leve#primaryimage\"},\"thumbnailUrl\":\"https:\/\/static.africa-press.net\/cote\/sites\/43\/2021\/07\/img-61041193e4214.jpg\",\"keywords\":[\"Africa Press\",\"Africa Press-C\u00f4te d'Ivoire\",\"C\u00d4TE D'IVOIRE\"],\"articleSection\":[\"homepage-french\",\"Politique\",\"Top Nouvelles\",\"Toutes les actualit\u00e9s\"],\"inLanguage\":\"fr-FR\",\"potentialAction\":[{\"@type\":\"CommentAction\",\"name\":\"Comment\",\"target\":[\"https:\/\/www.africa-press.net\/cotedivoire\/politique\/cote-divoire-le-mandat-darret-de-la-cpi-contre-simone-gbagbo-est-leve#respond\"]}]},{\"@type\":\"WebPage\",\"@id\":\"https:\/\/www.africa-press.net\/cotedivoire\/politique\/cote-divoire-le-mandat-darret-de-la-cpi-contre-simone-gbagbo-est-leve\",\"url\":\"https:\/\/www.africa-press.net\/cotedivoire\/politique\/cote-divoire-le-mandat-darret-de-la-cpi-contre-simone-gbagbo-est-leve\",\"name\":\"le mandat d\u2019arr\u00eat de la CPI contre Simone Gbagbo est lev\u00e9 - C\u00f4te d&#039;Ivoire\",\"isPartOf\":{\"@id\":\"https:\/\/www.africa-press.net\/cotedivoire\/#website\"},\"primaryImageOfPage\":{\"@id\":\"https:\/\/www.africa-press.net\/cotedivoire\/politique\/cote-divoire-le-mandat-darret-de-la-cpi-contre-simone-gbagbo-est-leve#primaryimage\"},\"image\":{\"@id\":\"https:\/\/www.africa-press.net\/cotedivoire\/politique\/cote-divoire-le-mandat-darret-de-la-cpi-contre-simone-gbagbo-est-leve#primaryimage\"},\"thumbnailUrl\":\"https:\/\/static.africa-press.net\/cote\/sites\/43\/2021\/07\/img-61041193e4214.jpg\",\"datePublished\":\"2021-07-30T14:55:10+00:00\",\"dateModified\":\"2021-07-30T18:19:21+00:00\",\"author\":{\"@id\":\"https:\/\/www.africa-press.net\/cotedivoire\/#\/schema\/person\/2b1cf3cd81a31e3cd26889ca66d677f1\"},\"description\":\"Le mandat d\u2019arr\u00eat de la Cour p\u00e9nale internationale (CPI) contre Simone Gbagbo, l\u2019\u00e9pouse de l\u2019ancien pr\u00e9sident, accus\u00e9e n ...\",\"breadcrumb\":{\"@id\":\"https:\/\/www.africa-press.net\/cotedivoire\/politique\/cote-divoire-le-mandat-darret-de-la-cpi-contre-simone-gbagbo-est-leve#breadcrumb\"},\"inLanguage\":\"fr-FR\",\"potentialAction\":[{\"@type\":\"ReadAction\",\"target\":[\"https:\/\/www.africa-press.net\/cotedivoire\/politique\/cote-divoire-le-mandat-darret-de-la-cpi-contre-simone-gbagbo-est-leve\"]}]},{\"@type\":\"ImageObject\",\"inLanguage\":\"fr-FR\",\"@id\":\"https:\/\/www.africa-press.net\/cotedivoire\/politique\/cote-divoire-le-mandat-darret-de-la-cpi-contre-simone-gbagbo-est-leve#primaryimage\",\"url\":\"https:\/\/static.africa-press.net\/cote\/sites\/43\/2021\/07\/img-61041193e4214.jpg\",\"contentUrl\":\"https:\/\/static.africa-press.net\/cote\/sites\/43\/2021\/07\/img-61041193e4214.jpg\",\"width\":1440,\"height\":720,\"caption\":\"C\u00f4te d\u2019Ivoire\u00a0: le mandat d\u2019arr\u00eat de la CPI contre Simone Gbagbo est lev\u00e9\"},{\"@type\":\"BreadcrumbList\",\"@id\":\"https:\/\/www.africa-press.net\/cotedivoire\/politique\/cote-divoire-le-mandat-darret-de-la-cpi-contre-simone-gbagbo-est-leve#breadcrumb\",\"itemListElement\":[{\"@type\":\"ListItem\",\"position\":1,\"name\":\"Accueil\",\"item\":\"https:\/\/www.africa-press.net\/cotedivoire\/\"},{\"@type\":\"ListItem\",\"position\":2,\"name\":\"le mandat d\u2019arr\u00eat de la CPI contre Simone Gbagbo est lev\u00e9\"}]},{\"@type\":\"WebSite\",\"@id\":\"https:\/\/www.africa-press.net\/cotedivoire\/#website\",\"url\":\"https:\/\/www.africa-press.net\/cotedivoire\/\",\"name\":\"C\u00f4te d&#039;Ivoire\",\"description\":\"Just another Africa News Agency Sites site\",\"potentialAction\":[{\"@type\":\"SearchAction\",\"target\":{\"@type\":\"EntryPoint\",\"urlTemplate\":\"https:\/\/www.africa-press.net\/cotedivoire\/?s={search_term_string}\"},\"query-input\":{\"@type\":\"PropertyValueSpecification\",\"valueRequired\":true,\"valueName\":\"search_term_string\"}}],\"inLanguage\":\"fr-FR\"},{\"@type\":\"Person\",\"@id\":\"https:\/\/www.africa-press.net\/cotedivoire\/#\/schema\/person\/2b1cf3cd81a31e3cd26889ca66d677f1\",\"name\":\"cfeditorfr\"}]}<\/script>\n<!-- \/ Yoast SEO Premium plugin. -->","yoast_head_json":{"title":"le mandat d\u2019arr\u00eat de la CPI contre Simone Gbagbo est lev\u00e9 - C\u00f4te d&#039;Ivoire","description":"Le mandat d\u2019arr\u00eat de la Cour p\u00e9nale internationale (CPI) contre Simone Gbagbo, l\u2019\u00e9pouse de l\u2019ancien pr\u00e9sident, accus\u00e9e n ...","robots":{"index":"index","follow":"follow","max-snippet":"max-snippet:-1","max-image-preview":"max-image-preview:large","max-video-preview":"max-video-preview:-1"},"canonical":"https:\/\/www.africa-press.net\/cotedivoire\/politique\/cote-divoire-le-mandat-darret-de-la-cpi-contre-simone-gbagbo-est-leve","og_locale":"fr_FR","og_type":"article","og_title":"le mandat d\u2019arr\u00eat de la CPI contre Simone Gbagbo est lev\u00e9","og_description":"Le mandat d\u2019arr\u00eat de la Cour p\u00e9nale internationale (CPI) contre Simone Gbagbo, l\u2019\u00e9pouse de l\u2019ancien pr\u00e9sident, accus\u00e9e n ...","og_url":"https:\/\/www.africa-press.net\/cotedivoire\/politique\/cote-divoire-le-mandat-darret-de-la-cpi-contre-simone-gbagbo-est-leve","og_site_name":"C\u00f4te d&#039;Ivoire","article_published_time":"2021-07-30T14:55:10+00:00","article_modified_time":"2021-07-30T18:19:21+00:00","og_image":[{"width":1440,"height":720,"url":"https:\/\/static.africa-press.net\/cote\/sites\/43\/2021\/07\/img-61041193e4214.jpg","type":"image\/jpeg"}],"author":"cfeditorfr","twitter_card":"summary_large_image","twitter_misc":{"\u00c9crit par":"cfeditorfr","Dur\u00e9e de lecture estim\u00e9e":"2 minutes"},"schema":{"@context":"https:\/\/schema.org","@graph":[{"@type":"Article","@id":"https:\/\/www.africa-press.net\/cotedivoire\/politique\/cote-divoire-le-mandat-darret-de-la-cpi-contre-simone-gbagbo-est-leve#article","isPartOf":{"@id":"https:\/\/www.africa-press.net\/cotedivoire\/politique\/cote-divoire-le-mandat-darret-de-la-cpi-contre-simone-gbagbo-est-leve"},"author":{"name":"cfeditorfr","@id":"https:\/\/www.africa-press.net\/cotedivoire\/#\/schema\/person\/2b1cf3cd81a31e3cd26889ca66d677f1"},"headline":"le mandat d\u2019arr\u00eat de la CPI contre Simone Gbagbo est lev\u00e9","datePublished":"2021-07-30T14:55:10+00:00","dateModified":"2021-07-30T18:19:21+00:00","mainEntityOfPage":{"@id":"https:\/\/www.africa-press.net\/cotedivoire\/politique\/cote-divoire-le-mandat-darret-de-la-cpi-contre-simone-gbagbo-est-leve"},"wordCount":337,"commentCount":0,"image":{"@id":"https:\/\/www.africa-press.net\/cotedivoire\/politique\/cote-divoire-le-mandat-darret-de-la-cpi-contre-simone-gbagbo-est-leve#primaryimage"},"thumbnailUrl":"https:\/\/static.africa-press.net\/cote\/sites\/43\/2021\/07\/img-61041193e4214.jpg","keywords":["Africa Press","Africa Press-C\u00f4te d'Ivoire","C\u00d4TE D'IVOIRE"],"articleSection":["homepage-french","Politique","Top Nouvelles","Toutes les actualit\u00e9s"],"inLanguage":"fr-FR","potentialAction":[{"@type":"CommentAction","name":"Comment","target":["https:\/\/www.africa-press.net\/cotedivoire\/politique\/cote-divoire-le-mandat-darret-de-la-cpi-contre-simone-gbagbo-est-leve#respond"]}]},{"@type":"WebPage","@id":"https:\/\/www.africa-press.net\/cotedivoire\/politique\/cote-divoire-le-mandat-darret-de-la-cpi-contre-simone-gbagbo-est-leve","url":"https:\/\/www.africa-press.net\/cotedivoire\/politique\/cote-divoire-le-mandat-darret-de-la-cpi-contre-simone-gbagbo-est-leve","name":"le mandat d\u2019arr\u00eat de la CPI contre Simone Gbagbo est lev\u00e9 - C\u00f4te d&#039;Ivoire","isPartOf":{"@id":"https:\/\/www.africa-press.net\/cotedivoire\/#website"},"primaryImageOfPage":{"@id":"https:\/\/www.africa-press.net\/cotedivoire\/politique\/cote-divoire-le-mandat-darret-de-la-cpi-contre-simone-gbagbo-est-leve#primaryimage"},"image":{"@id":"https:\/\/www.africa-press.net\/cotedivoire\/politique\/cote-divoire-le-mandat-darret-de-la-cpi-contre-simone-gbagbo-est-leve#primaryimage"},"thumbnailUrl":"https:\/\/static.africa-press.net\/cote\/sites\/43\/2021\/07\/img-61041193e4214.jpg","datePublished":"2021-07-30T14:55:10+00:00","dateModified":"2021-07-30T18:19:21+00:00","author":{"@id":"https:\/\/www.africa-press.net\/cotedivoire\/#\/schema\/person\/2b1cf3cd81a31e3cd26889ca66d677f1"},"description":"Le mandat d\u2019arr\u00eat de la Cour p\u00e9nale internationale (CPI) contre Simone Gbagbo, l\u2019\u00e9pouse de l\u2019ancien pr\u00e9sident, accus\u00e9e n ...","breadcrumb":{"@id":"https:\/\/www.africa-press.net\/cotedivoire\/politique\/cote-divoire-le-mandat-darret-de-la-cpi-contre-simone-gbagbo-est-leve#breadcrumb"},"inLanguage":"fr-FR","potentialAction":[{"@type":"ReadAction","target":["https:\/\/www.africa-press.net\/cotedivoire\/politique\/cote-divoire-le-mandat-darret-de-la-cpi-contre-simone-gbagbo-est-leve"]}]},{"@type":"ImageObject","inLanguage":"fr-FR","@id":"https:\/\/www.africa-press.net\/cotedivoire\/politique\/cote-divoire-le-mandat-darret-de-la-cpi-contre-simone-gbagbo-est-leve#primaryimage","url":"https:\/\/static.africa-press.net\/cote\/sites\/43\/2021\/07\/img-61041193e4214.jpg","contentUrl":"https:\/\/static.africa-press.net\/cote\/sites\/43\/2021\/07\/img-61041193e4214.jpg","width":1440,"height":720,"caption":"C\u00f4te d\u2019Ivoire\u00a0: le mandat d\u2019arr\u00eat de la CPI contre Simone Gbagbo est lev\u00e9"},{"@type":"BreadcrumbList","@id":"https:\/\/www.africa-press.net\/cotedivoire\/politique\/cote-divoire-le-mandat-darret-de-la-cpi-contre-simone-gbagbo-est-leve#breadcrumb","itemListElement":[{"@type":"ListItem","position":1,"name":"Accueil","item":"https:\/\/www.africa-press.net\/cotedivoire\/"},{"@type":"ListItem","position":2,"name":"le mandat d\u2019arr\u00eat de la CPI contre Simone Gbagbo est lev\u00e9"}]},{"@type":"WebSite","@id":"https:\/\/www.africa-press.net\/cotedivoire\/#website","url":"https:\/\/www.africa-press.net\/cotedivoire\/","name":"C\u00f4te d&#039;Ivoire","description":"Just another Africa News Agency Sites site","potentialAction":[{"@type":"SearchAction","target":{"@type":"EntryPoint","urlTemplate":"https:\/\/www.africa-press.net\/cotedivoire\/?s={search_term_string}"},"query-input":{"@type":"PropertyValueSpecification","valueRequired":true,"valueName":"search_term_string"}}],"inLanguage":"fr-FR"},{"@type":"Person","@id":"https:\/\/www.africa-press.net\/cotedivoire\/#\/schema\/person\/2b1cf3cd81a31e3cd26889ca66d677f1","name":"cfeditorfr"}]}},"_links":{"self":[{"href":"https:\/\/www.africa-press.net\/cotedivoire\/wp-json\/wp\/v2\/posts\/10594","targetHints":{"allow":["GET"]}}],"collection":[{"href":"https:\/\/www.africa-press.net\/cotedivoire\/wp-json\/wp\/v2\/posts"}],"about":[{"href":"https:\/\/www.africa-press.net\/cotedivoire\/wp-json\/wp\/v2\/types\/post"}],"author":[{"embeddable":true,"href":"https:\/\/www.africa-press.net\/cotedivoire\/wp-json\/wp\/v2\/users\/82"}],"replies":[{"embeddable":true,"href":"https:\/\/www.africa-press.net\/cotedivoire\/wp-json\/wp\/v2\/comments?post=10594"}],"version-history":[{"count":0,"href":"https:\/\/www.africa-press.net\/cotedivoire\/wp-json\/wp\/v2\/posts\/10594\/revisions"}],"wp:featuredmedia":[{"embeddable":true,"href":"https:\/\/www.africa-press.net\/cotedivoire\/wp-json\/wp\/v2\/media\/10593"}],"wp:attachment":[{"href":"https:\/\/www.africa-press.net\/cotedivoire\/wp-json\/wp\/v2\/media?parent=10594"}],"wp:term":[{"taxonomy":"category","embeddable":true,"href":"https:\/\/www.africa-press.net\/cotedivoire\/wp-json\/wp\/v2\/categories?post=10594"},{"taxonomy":"post_tag","embeddable":true,"href":"https:\/\/www.africa-press.net\/cotedivoire\/wp-json\/wp\/v2\/tags?post=10594"}],"curies":[{"name":"wp","href":"https:\/\/api.w.org\/{rel}","templated":true}]}}