{"id":105943,"date":"2025-09-29T17:14:17","date_gmt":"2025-09-29T17:14:17","guid":{"rendered":"https:\/\/www.africa-press.net\/cotedivoire\/politique\/developpement-local-un-manuel-inedit-pour-transformer-villages"},"modified":"2025-09-29T18:08:26","modified_gmt":"2025-09-29T18:08:26","slug":"developpement-local-un-manuel-inedit-pour-transformer-villages","status":"publish","type":"post","link":"https:\/\/www.africa-press.net\/cotedivoire\/toutes-les-actualites\/developpement-local-un-manuel-inedit-pour-transformer-villages","title":{"rendered":"D\u00e9veloppement Local Un Manuel In\u00e9dit Pour Transformer Villages"},"content":{"rendered":"<p><span style=\"color: #ff6600\"><strong>Africa-Press &#8211; C\u00f4te d&rsquo;Ivoire. <\/strong><\/span>Un pas de plus vers l\u2019autonomisation des communaute\u0301s rurales. Le Directeur ge\u0301ne\u0301ral de l\u2019Ame\u0301nagement du territoire, du De\u0301veloppement re\u0301gional et local, Allou Saraka Koffi Andre\u0301, a pre\u0301sente\u0301 officiellement, le vendredi 26 septembre 2025, le Manuel de planification du de\u0301veloppement du village, au sie\u0300ge de la Chambre de Commerce et d\u2019Industrie d\u2019Abidjan.<\/p>\n<p>Conc\u0327u pour accompagner les villages dans la de\u0301finition et la mise en \u0153uvre de leurs projets de de\u0301veloppement, cet ouvrage de 84 pages se veut un ve\u0301ritable guide me\u0301thodologique. Il propose une de\u0301marche simple, progressive et participative permettant aux communaute\u0301s rurales d\u2019e\u0301laborer leur Plan de De\u0301veloppement Local (PDL), d\u2019en assurer la mise en \u0153uvre et d\u2019en suivre les re\u0301sultats.<\/p>\n<p>\u00ab Il s\u2019agit de donner aux communaute\u0301s les moyens techniques de mieux planifier l\u2019avenir, en organisant la participation des populations, en identifiant leurs priorite\u0301s et en construisant des plans cohe\u0301rents et durables \u00bb, a de\u0301clare\u0301 Allou Saraka Andre\u0301, soulignant l\u2019approche inclusive et pragmatique du manuel.<\/p>\n<p>Fruit d\u2019une concertation entre les villages, les mutuelles de de\u0301veloppement et les partenaires techniques, ce manuel entend re\u0301pondre a\u0300 un besoin pressant de structuration des de\u0301marches de de\u0301veloppement local. Il est e\u0301galement pense\u0301 comme un levier de plaidoyer pour la mobilisation de ressources financie\u0300res, en particulier aupre\u0300s des partenaires publics, prive\u0301s, de la diaspora ou encore des ONG.<\/p>\n<p>\u00ab Ce manuel est aussi un outil de dialogue et de mobilisation. Il permet aux villages de parler d\u2019une seule voix, de de\u0301fendre leurs priorite\u0301s et de convaincre les bailleurs \u00bb, a ajoute\u0301 le Directeur Ge\u0301ne\u0301ral.<\/p>\n<p>La ce\u0301re\u0301monie a e\u0301te\u0301 marque\u0301e par deux panels riches en e\u0301changes, le premier s\u2019est inte\u0301resse\u0301 au ro\u0302le des mutuelles de de\u0301veloppement dans l\u2019e\u0301laboration des PDL, avec un accent sur le leadership local, la gouvernance participative, et le partage d\u2019expe\u0301riences re\u0301ussies et le second a explore\u0301 la question cruciale du financement des projets villageois, passant en revue les opportunite\u0301s offertes par la microfinance, les partenariats public-prive\u0301, la mobilisation de la diaspora et les appuis des ONG.<\/p>\n<p>La rencontre a rassemble\u0301 un large e\u0301ventail d\u2019acteurs implique\u0301s dans le de\u0301veloppement local: mutuelles villageoises, organisations communautaires, ONG, chefs traditionnels, et partenaires techniques et financiers.<\/p>\n<p>Un appel fort a e\u0301te\u0301 lance\u0301 par les autorite\u0301s a\u0300 l\u2019endroit de tous ces acteurs, afin qu\u2019ils s\u2019approprient pleinement le manuel, qu\u2019ils le diffusent largement, et qu\u2019ils l\u2019utilisent comme outil de transformation locale.<\/p>\n<p><strong>Pour plus d&rsquo;informations et d&rsquo;analyses sur la <span style=\"color: #ff6600\">C\u00f4te d&rsquo;Ivoire<\/span>, suivez <span style=\"color: #ff6600\">Africa-Press<\/span><\/strong><\/p>\n","protected":false},"excerpt":{"rendered":"<p>Africa-Press &#8211; C\u00f4te d&rsquo;Ivoire. Un pas de plus vers l\u2019autonomisation des communaute\u0301s rurales. Le Directeur ge\u0301ne\u0301ral de l\u2019Ame\u0301nagement du territoire, du De\u0301veloppement re\u0301gional et local, Allou Saraka Koffi Andre\u0301, a pre\u0301sente\u0301 officiellement, le vendredi 26 septembre 2025, le Manuel de planification du de\u0301veloppement du village, au sie\u0300ge de la Chambre de Commerce et d\u2019Industrie d\u2019Abidjan. [&hellip;]<\/p>\n","protected":false},"author":82,"featured_media":105942,"comment_status":"open","ping_status":"closed","sticky":false,"template":"","format":"standard","meta":{"footnotes":""},"categories":[21,10],"tags":[29,1583,18759,19006,7817,7768,2045,15378,12043,7767],"class_list":["post-105943","post","type-post","status-publish","format-standard","has-post-thumbnail","hentry","category-communaute","category-toutes-les-actualites","tag-cote-divoire","tag-developpement","tag-diaspora-ivoirienne","tag-financement-local","tag-local","tag-mutuelles","tag-ong","tag-participative","tag-planification","tag-villages"],"yoast_head":"<!-- This site is optimized with the Yoast SEO Premium plugin v26.1 (Yoast SEO v27.0) - https:\/\/yoast.com\/product\/yoast-seo-premium-wordpress\/ -->\n<title>D\u00e9veloppement Local Un Manuel In\u00e9dit Pour Transformer Villages - C\u00f4te d&#039;Ivoire<\/title>\n<meta name=\"description\" content=\"Un pas de plus vers l\u2019autonomisation des communaute\u0301s rurales. Le Directeur ge\u0301ne\u0301ral de l\u2019Ame\u0301nagement du territoire, d ...\" \/>\n<meta name=\"robots\" content=\"index, follow, max-snippet:-1, max-image-preview:large, max-video-preview:-1\" \/>\n<link rel=\"canonical\" href=\"https:\/\/www.africa-press.net\/cotedivoire\/toutes-les-actualites\/developpement-local-un-manuel-inedit-pour-transformer-villages\" \/>\n<meta property=\"og:locale\" content=\"fr_FR\" \/>\n<meta property=\"og:type\" content=\"article\" \/>\n<meta property=\"og:title\" content=\"D\u00e9veloppement Local Un Manuel In\u00e9dit Pour Transformer Villages\" \/>\n<meta property=\"og:description\" content=\"Un pas de plus vers l\u2019autonomisation des communaute\u0301s rurales. Le Directeur ge\u0301ne\u0301ral de l\u2019Ame\u0301nagement du territoire, d ...\" \/>\n<meta property=\"og:url\" content=\"https:\/\/www.africa-press.net\/cotedivoire\/toutes-les-actualites\/developpement-local-un-manuel-inedit-pour-transformer-villages\" \/>\n<meta property=\"og:site_name\" content=\"C\u00f4te d&#039;Ivoire\" \/>\n<meta property=\"article:published_time\" content=\"2025-09-29T17:14:17+00:00\" \/>\n<meta property=\"article:modified_time\" content=\"2025-09-29T18:08:26+00:00\" \/>\n<meta property=\"og:image\" content=\"https:\/\/static.africa-press.net\/cote\/sites\/43\/2025\/09\/sm_1759156656.35922.jpg\" \/>\n\t<meta property=\"og:image:width\" content=\"720\" \/>\n\t<meta property=\"og:image:height\" content=\"480\" \/>\n\t<meta property=\"og:image:type\" content=\"image\/jpeg\" \/>\n<meta name=\"author\" content=\"cfeditorfr\" \/>\n<meta name=\"twitter:card\" content=\"summary_large_image\" \/>\n<meta name=\"twitter:label1\" content=\"\u00c9crit par\" \/>\n\t<meta name=\"twitter:data1\" content=\"cfeditorfr\" \/>\n\t<meta name=\"twitter:label2\" content=\"Dur\u00e9e de lecture estim\u00e9e\" \/>\n\t<meta name=\"twitter:data2\" content=\"2 minutes\" \/>\n<script type=\"application\/ld+json\" class=\"yoast-schema-graph\">{\"@context\":\"https:\/\/schema.org\",\"@graph\":[{\"@type\":\"Article\",\"@id\":\"https:\/\/www.africa-press.net\/cotedivoire\/toutes-les-actualites\/developpement-local-un-manuel-inedit-pour-transformer-villages#article\",\"isPartOf\":{\"@id\":\"https:\/\/www.africa-press.net\/cotedivoire\/toutes-les-actualites\/developpement-local-un-manuel-inedit-pour-transformer-villages\"},\"author\":{\"name\":\"cfeditorfr\",\"@id\":\"https:\/\/www.africa-press.net\/cotedivoire\/#\/schema\/person\/2b1cf3cd81a31e3cd26889ca66d677f1\"},\"headline\":\"D\u00e9veloppement Local Un Manuel In\u00e9dit Pour Transformer Villages\",\"datePublished\":\"2025-09-29T17:14:17+00:00\",\"dateModified\":\"2025-09-29T18:08:26+00:00\",\"mainEntityOfPage\":{\"@id\":\"https:\/\/www.africa-press.net\/cotedivoire\/toutes-les-actualites\/developpement-local-un-manuel-inedit-pour-transformer-villages\"},\"wordCount\":480,\"commentCount\":0,\"image\":{\"@id\":\"https:\/\/www.africa-press.net\/cotedivoire\/toutes-les-actualites\/developpement-local-un-manuel-inedit-pour-transformer-villages#primaryimage\"},\"thumbnailUrl\":\"https:\/\/static.africa-press.net\/cote\/sites\/43\/2025\/09\/sm_1759156656.35922.jpg\",\"keywords\":[\"C\u00d4TE D'IVOIRE\",\"d\u00e9veloppement\",\"diaspora Ivoirienne\",\"financement local\",\"local\",\"mutuelles\",\"ONG\",\"participative\",\"planification\",\"villages\"],\"articleSection\":[\"Communaut\u00e9\",\"Toutes les actualit\u00e9s\"],\"inLanguage\":\"fr-FR\",\"potentialAction\":[{\"@type\":\"CommentAction\",\"name\":\"Comment\",\"target\":[\"https:\/\/www.africa-press.net\/cotedivoire\/toutes-les-actualites\/developpement-local-un-manuel-inedit-pour-transformer-villages#respond\"]}]},{\"@type\":\"WebPage\",\"@id\":\"https:\/\/www.africa-press.net\/cotedivoire\/toutes-les-actualites\/developpement-local-un-manuel-inedit-pour-transformer-villages\",\"url\":\"https:\/\/www.africa-press.net\/cotedivoire\/toutes-les-actualites\/developpement-local-un-manuel-inedit-pour-transformer-villages\",\"name\":\"D\u00e9veloppement Local Un Manuel In\u00e9dit Pour Transformer Villages - C\u00f4te d&#039;Ivoire\",\"isPartOf\":{\"@id\":\"https:\/\/www.africa-press.net\/cotedivoire\/#website\"},\"primaryImageOfPage\":{\"@id\":\"https:\/\/www.africa-press.net\/cotedivoire\/toutes-les-actualites\/developpement-local-un-manuel-inedit-pour-transformer-villages#primaryimage\"},\"image\":{\"@id\":\"https:\/\/www.africa-press.net\/cotedivoire\/toutes-les-actualites\/developpement-local-un-manuel-inedit-pour-transformer-villages#primaryimage\"},\"thumbnailUrl\":\"https:\/\/static.africa-press.net\/cote\/sites\/43\/2025\/09\/sm_1759156656.35922.jpg\",\"datePublished\":\"2025-09-29T17:14:17+00:00\",\"dateModified\":\"2025-09-29T18:08:26+00:00\",\"author\":{\"@id\":\"https:\/\/www.africa-press.net\/cotedivoire\/#\/schema\/person\/2b1cf3cd81a31e3cd26889ca66d677f1\"},\"description\":\"Un pas de plus vers l\u2019autonomisation des communaute\u0301s rurales. Le Directeur ge\u0301ne\u0301ral de l\u2019Ame\u0301nagement du territoire, d ...\",\"breadcrumb\":{\"@id\":\"https:\/\/www.africa-press.net\/cotedivoire\/toutes-les-actualites\/developpement-local-un-manuel-inedit-pour-transformer-villages#breadcrumb\"},\"inLanguage\":\"fr-FR\",\"potentialAction\":[{\"@type\":\"ReadAction\",\"target\":[\"https:\/\/www.africa-press.net\/cotedivoire\/toutes-les-actualites\/developpement-local-un-manuel-inedit-pour-transformer-villages\"]}]},{\"@type\":\"ImageObject\",\"inLanguage\":\"fr-FR\",\"@id\":\"https:\/\/www.africa-press.net\/cotedivoire\/toutes-les-actualites\/developpement-local-un-manuel-inedit-pour-transformer-villages#primaryimage\",\"url\":\"https:\/\/static.africa-press.net\/cote\/sites\/43\/2025\/09\/sm_1759156656.35922.jpg\",\"contentUrl\":\"https:\/\/static.africa-press.net\/cote\/sites\/43\/2025\/09\/sm_1759156656.35922.jpg\",\"width\":720,\"height\":480,\"caption\":\"D\u00e9veloppement Local Un Manuel In\u00e9dit Pour Transformer Villages\"},{\"@type\":\"BreadcrumbList\",\"@id\":\"https:\/\/www.africa-press.net\/cotedivoire\/toutes-les-actualites\/developpement-local-un-manuel-inedit-pour-transformer-villages#breadcrumb\",\"itemListElement\":[{\"@type\":\"ListItem\",\"position\":1,\"name\":\"Accueil\",\"item\":\"https:\/\/www.africa-press.net\/cotedivoire\/\"},{\"@type\":\"ListItem\",\"position\":2,\"name\":\"D\u00e9veloppement Local Un Manuel In\u00e9dit Pour Transformer Villages\"}]},{\"@type\":\"WebSite\",\"@id\":\"https:\/\/www.africa-press.net\/cotedivoire\/#website\",\"url\":\"https:\/\/www.africa-press.net\/cotedivoire\/\",\"name\":\"C\u00f4te d&#039;Ivoire\",\"description\":\"Just another Africa News Agency Sites site\",\"potentialAction\":[{\"@type\":\"SearchAction\",\"target\":{\"@type\":\"EntryPoint\",\"urlTemplate\":\"https:\/\/www.africa-press.net\/cotedivoire\/?s={search_term_string}\"},\"query-input\":{\"@type\":\"PropertyValueSpecification\",\"valueRequired\":true,\"valueName\":\"search_term_string\"}}],\"inLanguage\":\"fr-FR\"},{\"@type\":\"Person\",\"@id\":\"https:\/\/www.africa-press.net\/cotedivoire\/#\/schema\/person\/2b1cf3cd81a31e3cd26889ca66d677f1\",\"name\":\"cfeditorfr\"}]}<\/script>\n<!-- \/ Yoast SEO Premium plugin. -->","yoast_head_json":{"title":"D\u00e9veloppement Local Un Manuel In\u00e9dit Pour Transformer Villages - C\u00f4te d&#039;Ivoire","description":"Un pas de plus vers l\u2019autonomisation des communaute\u0301s rurales. Le Directeur ge\u0301ne\u0301ral de l\u2019Ame\u0301nagement du territoire, d ...","robots":{"index":"index","follow":"follow","max-snippet":"max-snippet:-1","max-image-preview":"max-image-preview:large","max-video-preview":"max-video-preview:-1"},"canonical":"https:\/\/www.africa-press.net\/cotedivoire\/toutes-les-actualites\/developpement-local-un-manuel-inedit-pour-transformer-villages","og_locale":"fr_FR","og_type":"article","og_title":"D\u00e9veloppement Local Un Manuel In\u00e9dit Pour Transformer Villages","og_description":"Un pas de plus vers l\u2019autonomisation des communaute\u0301s rurales. Le Directeur ge\u0301ne\u0301ral de l\u2019Ame\u0301nagement du territoire, d ...","og_url":"https:\/\/www.africa-press.net\/cotedivoire\/toutes-les-actualites\/developpement-local-un-manuel-inedit-pour-transformer-villages","og_site_name":"C\u00f4te d&#039;Ivoire","article_published_time":"2025-09-29T17:14:17+00:00","article_modified_time":"2025-09-29T18:08:26+00:00","og_image":[{"width":720,"height":480,"url":"https:\/\/static.africa-press.net\/cote\/sites\/43\/2025\/09\/sm_1759156656.35922.jpg","type":"image\/jpeg"}],"author":"cfeditorfr","twitter_card":"summary_large_image","twitter_misc":{"\u00c9crit par":"cfeditorfr","Dur\u00e9e de lecture estim\u00e9e":"2 minutes"},"schema":{"@context":"https:\/\/schema.org","@graph":[{"@type":"Article","@id":"https:\/\/www.africa-press.net\/cotedivoire\/toutes-les-actualites\/developpement-local-un-manuel-inedit-pour-transformer-villages#article","isPartOf":{"@id":"https:\/\/www.africa-press.net\/cotedivoire\/toutes-les-actualites\/developpement-local-un-manuel-inedit-pour-transformer-villages"},"author":{"name":"cfeditorfr","@id":"https:\/\/www.africa-press.net\/cotedivoire\/#\/schema\/person\/2b1cf3cd81a31e3cd26889ca66d677f1"},"headline":"D\u00e9veloppement Local Un Manuel In\u00e9dit Pour Transformer Villages","datePublished":"2025-09-29T17:14:17+00:00","dateModified":"2025-09-29T18:08:26+00:00","mainEntityOfPage":{"@id":"https:\/\/www.africa-press.net\/cotedivoire\/toutes-les-actualites\/developpement-local-un-manuel-inedit-pour-transformer-villages"},"wordCount":480,"commentCount":0,"image":{"@id":"https:\/\/www.africa-press.net\/cotedivoire\/toutes-les-actualites\/developpement-local-un-manuel-inedit-pour-transformer-villages#primaryimage"},"thumbnailUrl":"https:\/\/static.africa-press.net\/cote\/sites\/43\/2025\/09\/sm_1759156656.35922.jpg","keywords":["C\u00d4TE D'IVOIRE","d\u00e9veloppement","diaspora Ivoirienne","financement local","local","mutuelles","ONG","participative","planification","villages"],"articleSection":["Communaut\u00e9","Toutes les actualit\u00e9s"],"inLanguage":"fr-FR","potentialAction":[{"@type":"CommentAction","name":"Comment","target":["https:\/\/www.africa-press.net\/cotedivoire\/toutes-les-actualites\/developpement-local-un-manuel-inedit-pour-transformer-villages#respond"]}]},{"@type":"WebPage","@id":"https:\/\/www.africa-press.net\/cotedivoire\/toutes-les-actualites\/developpement-local-un-manuel-inedit-pour-transformer-villages","url":"https:\/\/www.africa-press.net\/cotedivoire\/toutes-les-actualites\/developpement-local-un-manuel-inedit-pour-transformer-villages","name":"D\u00e9veloppement Local Un Manuel In\u00e9dit Pour Transformer Villages - C\u00f4te d&#039;Ivoire","isPartOf":{"@id":"https:\/\/www.africa-press.net\/cotedivoire\/#website"},"primaryImageOfPage":{"@id":"https:\/\/www.africa-press.net\/cotedivoire\/toutes-les-actualites\/developpement-local-un-manuel-inedit-pour-transformer-villages#primaryimage"},"image":{"@id":"https:\/\/www.africa-press.net\/cotedivoire\/toutes-les-actualites\/developpement-local-un-manuel-inedit-pour-transformer-villages#primaryimage"},"thumbnailUrl":"https:\/\/static.africa-press.net\/cote\/sites\/43\/2025\/09\/sm_1759156656.35922.jpg","datePublished":"2025-09-29T17:14:17+00:00","dateModified":"2025-09-29T18:08:26+00:00","author":{"@id":"https:\/\/www.africa-press.net\/cotedivoire\/#\/schema\/person\/2b1cf3cd81a31e3cd26889ca66d677f1"},"description":"Un pas de plus vers l\u2019autonomisation des communaute\u0301s rurales. Le Directeur ge\u0301ne\u0301ral de l\u2019Ame\u0301nagement du territoire, d ...","breadcrumb":{"@id":"https:\/\/www.africa-press.net\/cotedivoire\/toutes-les-actualites\/developpement-local-un-manuel-inedit-pour-transformer-villages#breadcrumb"},"inLanguage":"fr-FR","potentialAction":[{"@type":"ReadAction","target":["https:\/\/www.africa-press.net\/cotedivoire\/toutes-les-actualites\/developpement-local-un-manuel-inedit-pour-transformer-villages"]}]},{"@type":"ImageObject","inLanguage":"fr-FR","@id":"https:\/\/www.africa-press.net\/cotedivoire\/toutes-les-actualites\/developpement-local-un-manuel-inedit-pour-transformer-villages#primaryimage","url":"https:\/\/static.africa-press.net\/cote\/sites\/43\/2025\/09\/sm_1759156656.35922.jpg","contentUrl":"https:\/\/static.africa-press.net\/cote\/sites\/43\/2025\/09\/sm_1759156656.35922.jpg","width":720,"height":480,"caption":"D\u00e9veloppement Local Un Manuel In\u00e9dit Pour Transformer Villages"},{"@type":"BreadcrumbList","@id":"https:\/\/www.africa-press.net\/cotedivoire\/toutes-les-actualites\/developpement-local-un-manuel-inedit-pour-transformer-villages#breadcrumb","itemListElement":[{"@type":"ListItem","position":1,"name":"Accueil","item":"https:\/\/www.africa-press.net\/cotedivoire\/"},{"@type":"ListItem","position":2,"name":"D\u00e9veloppement Local Un Manuel In\u00e9dit Pour Transformer Villages"}]},{"@type":"WebSite","@id":"https:\/\/www.africa-press.net\/cotedivoire\/#website","url":"https:\/\/www.africa-press.net\/cotedivoire\/","name":"C\u00f4te d&#039;Ivoire","description":"Just another Africa News Agency Sites site","potentialAction":[{"@type":"SearchAction","target":{"@type":"EntryPoint","urlTemplate":"https:\/\/www.africa-press.net\/cotedivoire\/?s={search_term_string}"},"query-input":{"@type":"PropertyValueSpecification","valueRequired":true,"valueName":"search_term_string"}}],"inLanguage":"fr-FR"},{"@type":"Person","@id":"https:\/\/www.africa-press.net\/cotedivoire\/#\/schema\/person\/2b1cf3cd81a31e3cd26889ca66d677f1","name":"cfeditorfr"}]}},"_links":{"self":[{"href":"https:\/\/www.africa-press.net\/cotedivoire\/wp-json\/wp\/v2\/posts\/105943","targetHints":{"allow":["GET"]}}],"collection":[{"href":"https:\/\/www.africa-press.net\/cotedivoire\/wp-json\/wp\/v2\/posts"}],"about":[{"href":"https:\/\/www.africa-press.net\/cotedivoire\/wp-json\/wp\/v2\/types\/post"}],"author":[{"embeddable":true,"href":"https:\/\/www.africa-press.net\/cotedivoire\/wp-json\/wp\/v2\/users\/82"}],"replies":[{"embeddable":true,"href":"https:\/\/www.africa-press.net\/cotedivoire\/wp-json\/wp\/v2\/comments?post=105943"}],"version-history":[{"count":0,"href":"https:\/\/www.africa-press.net\/cotedivoire\/wp-json\/wp\/v2\/posts\/105943\/revisions"}],"wp:featuredmedia":[{"embeddable":true,"href":"https:\/\/www.africa-press.net\/cotedivoire\/wp-json\/wp\/v2\/media\/105942"}],"wp:attachment":[{"href":"https:\/\/www.africa-press.net\/cotedivoire\/wp-json\/wp\/v2\/media?parent=105943"}],"wp:term":[{"taxonomy":"category","embeddable":true,"href":"https:\/\/www.africa-press.net\/cotedivoire\/wp-json\/wp\/v2\/categories?post=105943"},{"taxonomy":"post_tag","embeddable":true,"href":"https:\/\/www.africa-press.net\/cotedivoire\/wp-json\/wp\/v2\/tags?post=105943"}],"curies":[{"name":"wp","href":"https:\/\/api.w.org\/{rel}","templated":true}]}}