{"id":105955,"date":"2025-09-29T17:16:49","date_gmt":"2025-09-29T17:16:49","guid":{"rendered":"https:\/\/www.africa-press.net\/cotedivoire\/politique\/marche-du-4-octobre-pickass-et-koua-entendus-par-le-procureur"},"modified":"2025-09-29T18:09:51","modified_gmt":"2025-09-29T18:09:51","slug":"marche-du-4-octobre-pickass-et-koua-entendus-par-le-procureur","status":"publish","type":"post","link":"https:\/\/www.africa-press.net\/cotedivoire\/politique\/marche-du-4-octobre-pickass-et-koua-entendus-par-le-procureur","title":{"rendered":"Marche du 4 octobre: Pickass et Koua entendus par le Procureur"},"content":{"rendered":"<p><span style=\"color: #ff6600\"><strong>Africa-Press &#8211; C\u00f4te d&rsquo;Ivoire. <\/strong><\/span>Apre\u0300s l\u2019annonce d\u2019une marche du Front Commun compose\u0301 par le Parti des Peuples Africains de Co\u0302te d\u2019Ivoire (PPA-CI) et du Parti De\u0301mocratique de Co\u0302te d\u2019Ivoire (PDCI), nous apprenons de sources proches de Laurent Gbagbo, que Damana Adia Pickass , Koua Justin, Dahi Nestor, Lasm Blaise et Lagui Ipko seront entendus par le procureur de la Re\u0301publique, ce lundi 29 septembre 2025.<\/p>\n<p>\u00ab Nous tenons a\u0300 leur manifester tout notre soutien et notre solidarite\u0301 en ces moments difficiles. Nous sommes a\u0300 leurs co\u0302te\u0301s, convaincus que la justice et la ve\u0301rite\u0301 pre\u0301vaudront. Restons unis t forts, car notre de\u0301termination est notre meilleure arme. Ensemble, nous continuerons de de\u0301fendre nos convictions avec courage et conviction \u00bb, rapporte une source proche du PPA-CI.<\/p>\n<p>Pour rappel, sans candidat pour la pre\u0301sidentielle, affaibli, le PPA-CI tente, faute de mieux, leste\u0301 de moyens, de se faire entendre, pour ne pas dire d&rsquo;exister, essentiellement a\u0300 travers des appels a\u0300 marcher sans suite sauf pour de rares fois.<\/p>\n<p><strong>Pour plus d&rsquo;informations et d&rsquo;analyses sur la <span style=\"color: #ff6600\">C\u00f4te d&rsquo;Ivoire<\/span>, suivez <span style=\"color: #ff6600\">Africa-Press<\/span><\/strong><\/p>\n","protected":false},"excerpt":{"rendered":"<p>Africa-Press &#8211; C\u00f4te d&rsquo;Ivoire. Apre\u0300s l\u2019annonce d\u2019une marche du Front Commun compose\u0301 par le Parti des Peuples Africains de Co\u0302te d\u2019Ivoire (PPA-CI) et du Parti De\u0301mocratique de Co\u0302te d\u2019Ivoire (PDCI), nous apprenons de sources proches de Laurent Gbagbo, que Damana Adia Pickass , Koua Justin, Dahi Nestor, Lasm Blaise et Lagui Ipko seront entendus par [&hellip;]<\/p>\n","protected":false},"author":82,"featured_media":105954,"comment_status":"open","ping_status":"closed","sticky":false,"template":"","format":"standard","meta":{"footnotes":""},"categories":[2,10],"tags":[29,19009,1209,18085,19008,10655,19010,423,1952,949],"class_list":["post-105955","post","type-post","status-publish","format-standard","has-post-thumbnail","hentry","category-politique","category-toutes-les-actualites","tag-cote-divoire","tag-dahi","tag-damana","tag-front-commun","tag-ikpo","tag-koua","tag-lasm-blaise","tag-pdci","tag-ppa-ci","tag-procureur"],"yoast_head":"<!-- This site is optimized with the Yoast SEO Premium plugin v26.1 (Yoast SEO v27.0) - https:\/\/yoast.com\/product\/yoast-seo-premium-wordpress\/ -->\n<title>Marche du 4 octobre: Pickass et Koua entendus par le Procureur - C\u00f4te d&#039;Ivoire<\/title>\n<meta name=\"description\" content=\"Apre\u0300s l\u2019annonce d\u2019une marche du Front Commun compose\u0301 par le Parti des Peuples Africains de Co\u0302te d\u2019Ivoire (PPA-CI) et ...\" \/>\n<meta name=\"robots\" content=\"index, follow, max-snippet:-1, max-image-preview:large, max-video-preview:-1\" \/>\n<link rel=\"canonical\" href=\"https:\/\/www.africa-press.net\/cotedivoire\/politique\/marche-du-4-octobre-pickass-et-koua-entendus-par-le-procureur\" \/>\n<meta property=\"og:locale\" content=\"fr_FR\" \/>\n<meta property=\"og:type\" content=\"article\" \/>\n<meta property=\"og:title\" content=\"Marche du 4 octobre: Pickass et Koua entendus par le Procureur\" \/>\n<meta property=\"og:description\" content=\"Apre\u0300s l\u2019annonce d\u2019une marche du Front Commun compose\u0301 par le Parti des Peuples Africains de Co\u0302te d\u2019Ivoire (PPA-CI) et ...\" \/>\n<meta property=\"og:url\" content=\"https:\/\/www.africa-press.net\/cotedivoire\/politique\/marche-du-4-octobre-pickass-et-koua-entendus-par-le-procureur\" \/>\n<meta property=\"og:site_name\" content=\"C\u00f4te d&#039;Ivoire\" \/>\n<meta property=\"article:published_time\" content=\"2025-09-29T17:16:49+00:00\" \/>\n<meta property=\"article:modified_time\" content=\"2025-09-29T18:09:51+00:00\" \/>\n<meta property=\"og:image\" content=\"https:\/\/static.africa-press.net\/cote\/sites\/43\/2025\/09\/sm_1759156744.734434.jpg\" \/>\n\t<meta property=\"og:image:width\" content=\"720\" \/>\n\t<meta property=\"og:image:height\" content=\"346\" \/>\n\t<meta property=\"og:image:type\" content=\"image\/jpeg\" \/>\n<meta name=\"author\" content=\"cfeditorfr\" \/>\n<meta name=\"twitter:card\" content=\"summary_large_image\" \/>\n<meta name=\"twitter:label1\" content=\"\u00c9crit par\" \/>\n\t<meta name=\"twitter:data1\" content=\"cfeditorfr\" \/>\n\t<meta name=\"twitter:label2\" content=\"Dur\u00e9e de lecture estim\u00e9e\" \/>\n\t<meta name=\"twitter:data2\" content=\"1 minute\" \/>\n<script type=\"application\/ld+json\" class=\"yoast-schema-graph\">{\"@context\":\"https:\/\/schema.org\",\"@graph\":[{\"@type\":\"Article\",\"@id\":\"https:\/\/www.africa-press.net\/cotedivoire\/politique\/marche-du-4-octobre-pickass-et-koua-entendus-par-le-procureur#article\",\"isPartOf\":{\"@id\":\"https:\/\/www.africa-press.net\/cotedivoire\/politique\/marche-du-4-octobre-pickass-et-koua-entendus-par-le-procureur\"},\"author\":{\"name\":\"cfeditorfr\",\"@id\":\"https:\/\/www.africa-press.net\/cotedivoire\/#\/schema\/person\/2b1cf3cd81a31e3cd26889ca66d677f1\"},\"headline\":\"Marche du 4 octobre: Pickass et Koua entendus par le Procureur\",\"datePublished\":\"2025-09-29T17:16:49+00:00\",\"dateModified\":\"2025-09-29T18:09:51+00:00\",\"mainEntityOfPage\":{\"@id\":\"https:\/\/www.africa-press.net\/cotedivoire\/politique\/marche-du-4-octobre-pickass-et-koua-entendus-par-le-procureur\"},\"wordCount\":202,\"commentCount\":0,\"image\":{\"@id\":\"https:\/\/www.africa-press.net\/cotedivoire\/politique\/marche-du-4-octobre-pickass-et-koua-entendus-par-le-procureur#primaryimage\"},\"thumbnailUrl\":\"https:\/\/static.africa-press.net\/cote\/sites\/43\/2025\/09\/sm_1759156744.734434.jpg\",\"keywords\":[\"C\u00d4TE D'IVOIRE\",\"Dahi\",\"Damana\",\"front commun\",\"Ikpo\",\"Koua\",\"Lasm Blaise\",\"Pdci\",\"PPA-CI\",\"Procureur\"],\"articleSection\":[\"Politique\",\"Toutes les actualit\u00e9s\"],\"inLanguage\":\"fr-FR\",\"potentialAction\":[{\"@type\":\"CommentAction\",\"name\":\"Comment\",\"target\":[\"https:\/\/www.africa-press.net\/cotedivoire\/politique\/marche-du-4-octobre-pickass-et-koua-entendus-par-le-procureur#respond\"]}]},{\"@type\":\"WebPage\",\"@id\":\"https:\/\/www.africa-press.net\/cotedivoire\/politique\/marche-du-4-octobre-pickass-et-koua-entendus-par-le-procureur\",\"url\":\"https:\/\/www.africa-press.net\/cotedivoire\/politique\/marche-du-4-octobre-pickass-et-koua-entendus-par-le-procureur\",\"name\":\"Marche du 4 octobre: Pickass et Koua entendus par le Procureur - C\u00f4te d&#039;Ivoire\",\"isPartOf\":{\"@id\":\"https:\/\/www.africa-press.net\/cotedivoire\/#website\"},\"primaryImageOfPage\":{\"@id\":\"https:\/\/www.africa-press.net\/cotedivoire\/politique\/marche-du-4-octobre-pickass-et-koua-entendus-par-le-procureur#primaryimage\"},\"image\":{\"@id\":\"https:\/\/www.africa-press.net\/cotedivoire\/politique\/marche-du-4-octobre-pickass-et-koua-entendus-par-le-procureur#primaryimage\"},\"thumbnailUrl\":\"https:\/\/static.africa-press.net\/cote\/sites\/43\/2025\/09\/sm_1759156744.734434.jpg\",\"datePublished\":\"2025-09-29T17:16:49+00:00\",\"dateModified\":\"2025-09-29T18:09:51+00:00\",\"author\":{\"@id\":\"https:\/\/www.africa-press.net\/cotedivoire\/#\/schema\/person\/2b1cf3cd81a31e3cd26889ca66d677f1\"},\"description\":\"Apre\u0300s l\u2019annonce d\u2019une marche du Front Commun compose\u0301 par le Parti des Peuples Africains de Co\u0302te d\u2019Ivoire (PPA-CI) et ...\",\"breadcrumb\":{\"@id\":\"https:\/\/www.africa-press.net\/cotedivoire\/politique\/marche-du-4-octobre-pickass-et-koua-entendus-par-le-procureur#breadcrumb\"},\"inLanguage\":\"fr-FR\",\"potentialAction\":[{\"@type\":\"ReadAction\",\"target\":[\"https:\/\/www.africa-press.net\/cotedivoire\/politique\/marche-du-4-octobre-pickass-et-koua-entendus-par-le-procureur\"]}]},{\"@type\":\"ImageObject\",\"inLanguage\":\"fr-FR\",\"@id\":\"https:\/\/www.africa-press.net\/cotedivoire\/politique\/marche-du-4-octobre-pickass-et-koua-entendus-par-le-procureur#primaryimage\",\"url\":\"https:\/\/static.africa-press.net\/cote\/sites\/43\/2025\/09\/sm_1759156744.734434.jpg\",\"contentUrl\":\"https:\/\/static.africa-press.net\/cote\/sites\/43\/2025\/09\/sm_1759156744.734434.jpg\",\"width\":720,\"height\":346,\"caption\":\"Marche du 4 octobre: Pickass et Koua entendus par le Procureur\"},{\"@type\":\"BreadcrumbList\",\"@id\":\"https:\/\/www.africa-press.net\/cotedivoire\/politique\/marche-du-4-octobre-pickass-et-koua-entendus-par-le-procureur#breadcrumb\",\"itemListElement\":[{\"@type\":\"ListItem\",\"position\":1,\"name\":\"Accueil\",\"item\":\"https:\/\/www.africa-press.net\/cotedivoire\/\"},{\"@type\":\"ListItem\",\"position\":2,\"name\":\"Marche du 4 octobre: Pickass et Koua entendus par le Procureur\"}]},{\"@type\":\"WebSite\",\"@id\":\"https:\/\/www.africa-press.net\/cotedivoire\/#website\",\"url\":\"https:\/\/www.africa-press.net\/cotedivoire\/\",\"name\":\"C\u00f4te d&#039;Ivoire\",\"description\":\"Just another Africa News Agency Sites site\",\"potentialAction\":[{\"@type\":\"SearchAction\",\"target\":{\"@type\":\"EntryPoint\",\"urlTemplate\":\"https:\/\/www.africa-press.net\/cotedivoire\/?s={search_term_string}\"},\"query-input\":{\"@type\":\"PropertyValueSpecification\",\"valueRequired\":true,\"valueName\":\"search_term_string\"}}],\"inLanguage\":\"fr-FR\"},{\"@type\":\"Person\",\"@id\":\"https:\/\/www.africa-press.net\/cotedivoire\/#\/schema\/person\/2b1cf3cd81a31e3cd26889ca66d677f1\",\"name\":\"cfeditorfr\"}]}<\/script>\n<!-- \/ Yoast SEO Premium plugin. -->","yoast_head_json":{"title":"Marche du 4 octobre: Pickass et Koua entendus par le Procureur - C\u00f4te d&#039;Ivoire","description":"Apre\u0300s l\u2019annonce d\u2019une marche du Front Commun compose\u0301 par le Parti des Peuples Africains de Co\u0302te d\u2019Ivoire (PPA-CI) et ...","robots":{"index":"index","follow":"follow","max-snippet":"max-snippet:-1","max-image-preview":"max-image-preview:large","max-video-preview":"max-video-preview:-1"},"canonical":"https:\/\/www.africa-press.net\/cotedivoire\/politique\/marche-du-4-octobre-pickass-et-koua-entendus-par-le-procureur","og_locale":"fr_FR","og_type":"article","og_title":"Marche du 4 octobre: Pickass et Koua entendus par le Procureur","og_description":"Apre\u0300s l\u2019annonce d\u2019une marche du Front Commun compose\u0301 par le Parti des Peuples Africains de Co\u0302te d\u2019Ivoire (PPA-CI) et ...","og_url":"https:\/\/www.africa-press.net\/cotedivoire\/politique\/marche-du-4-octobre-pickass-et-koua-entendus-par-le-procureur","og_site_name":"C\u00f4te d&#039;Ivoire","article_published_time":"2025-09-29T17:16:49+00:00","article_modified_time":"2025-09-29T18:09:51+00:00","og_image":[{"width":720,"height":346,"url":"https:\/\/static.africa-press.net\/cote\/sites\/43\/2025\/09\/sm_1759156744.734434.jpg","type":"image\/jpeg"}],"author":"cfeditorfr","twitter_card":"summary_large_image","twitter_misc":{"\u00c9crit par":"cfeditorfr","Dur\u00e9e de lecture estim\u00e9e":"1 minute"},"schema":{"@context":"https:\/\/schema.org","@graph":[{"@type":"Article","@id":"https:\/\/www.africa-press.net\/cotedivoire\/politique\/marche-du-4-octobre-pickass-et-koua-entendus-par-le-procureur#article","isPartOf":{"@id":"https:\/\/www.africa-press.net\/cotedivoire\/politique\/marche-du-4-octobre-pickass-et-koua-entendus-par-le-procureur"},"author":{"name":"cfeditorfr","@id":"https:\/\/www.africa-press.net\/cotedivoire\/#\/schema\/person\/2b1cf3cd81a31e3cd26889ca66d677f1"},"headline":"Marche du 4 octobre: Pickass et Koua entendus par le Procureur","datePublished":"2025-09-29T17:16:49+00:00","dateModified":"2025-09-29T18:09:51+00:00","mainEntityOfPage":{"@id":"https:\/\/www.africa-press.net\/cotedivoire\/politique\/marche-du-4-octobre-pickass-et-koua-entendus-par-le-procureur"},"wordCount":202,"commentCount":0,"image":{"@id":"https:\/\/www.africa-press.net\/cotedivoire\/politique\/marche-du-4-octobre-pickass-et-koua-entendus-par-le-procureur#primaryimage"},"thumbnailUrl":"https:\/\/static.africa-press.net\/cote\/sites\/43\/2025\/09\/sm_1759156744.734434.jpg","keywords":["C\u00d4TE D'IVOIRE","Dahi","Damana","front commun","Ikpo","Koua","Lasm Blaise","Pdci","PPA-CI","Procureur"],"articleSection":["Politique","Toutes les actualit\u00e9s"],"inLanguage":"fr-FR","potentialAction":[{"@type":"CommentAction","name":"Comment","target":["https:\/\/www.africa-press.net\/cotedivoire\/politique\/marche-du-4-octobre-pickass-et-koua-entendus-par-le-procureur#respond"]}]},{"@type":"WebPage","@id":"https:\/\/www.africa-press.net\/cotedivoire\/politique\/marche-du-4-octobre-pickass-et-koua-entendus-par-le-procureur","url":"https:\/\/www.africa-press.net\/cotedivoire\/politique\/marche-du-4-octobre-pickass-et-koua-entendus-par-le-procureur","name":"Marche du 4 octobre: Pickass et Koua entendus par le Procureur - C\u00f4te d&#039;Ivoire","isPartOf":{"@id":"https:\/\/www.africa-press.net\/cotedivoire\/#website"},"primaryImageOfPage":{"@id":"https:\/\/www.africa-press.net\/cotedivoire\/politique\/marche-du-4-octobre-pickass-et-koua-entendus-par-le-procureur#primaryimage"},"image":{"@id":"https:\/\/www.africa-press.net\/cotedivoire\/politique\/marche-du-4-octobre-pickass-et-koua-entendus-par-le-procureur#primaryimage"},"thumbnailUrl":"https:\/\/static.africa-press.net\/cote\/sites\/43\/2025\/09\/sm_1759156744.734434.jpg","datePublished":"2025-09-29T17:16:49+00:00","dateModified":"2025-09-29T18:09:51+00:00","author":{"@id":"https:\/\/www.africa-press.net\/cotedivoire\/#\/schema\/person\/2b1cf3cd81a31e3cd26889ca66d677f1"},"description":"Apre\u0300s l\u2019annonce d\u2019une marche du Front Commun compose\u0301 par le Parti des Peuples Africains de Co\u0302te d\u2019Ivoire (PPA-CI) et ...","breadcrumb":{"@id":"https:\/\/www.africa-press.net\/cotedivoire\/politique\/marche-du-4-octobre-pickass-et-koua-entendus-par-le-procureur#breadcrumb"},"inLanguage":"fr-FR","potentialAction":[{"@type":"ReadAction","target":["https:\/\/www.africa-press.net\/cotedivoire\/politique\/marche-du-4-octobre-pickass-et-koua-entendus-par-le-procureur"]}]},{"@type":"ImageObject","inLanguage":"fr-FR","@id":"https:\/\/www.africa-press.net\/cotedivoire\/politique\/marche-du-4-octobre-pickass-et-koua-entendus-par-le-procureur#primaryimage","url":"https:\/\/static.africa-press.net\/cote\/sites\/43\/2025\/09\/sm_1759156744.734434.jpg","contentUrl":"https:\/\/static.africa-press.net\/cote\/sites\/43\/2025\/09\/sm_1759156744.734434.jpg","width":720,"height":346,"caption":"Marche du 4 octobre: Pickass et Koua entendus par le Procureur"},{"@type":"BreadcrumbList","@id":"https:\/\/www.africa-press.net\/cotedivoire\/politique\/marche-du-4-octobre-pickass-et-koua-entendus-par-le-procureur#breadcrumb","itemListElement":[{"@type":"ListItem","position":1,"name":"Accueil","item":"https:\/\/www.africa-press.net\/cotedivoire\/"},{"@type":"ListItem","position":2,"name":"Marche du 4 octobre: Pickass et Koua entendus par le Procureur"}]},{"@type":"WebSite","@id":"https:\/\/www.africa-press.net\/cotedivoire\/#website","url":"https:\/\/www.africa-press.net\/cotedivoire\/","name":"C\u00f4te d&#039;Ivoire","description":"Just another Africa News Agency Sites site","potentialAction":[{"@type":"SearchAction","target":{"@type":"EntryPoint","urlTemplate":"https:\/\/www.africa-press.net\/cotedivoire\/?s={search_term_string}"},"query-input":{"@type":"PropertyValueSpecification","valueRequired":true,"valueName":"search_term_string"}}],"inLanguage":"fr-FR"},{"@type":"Person","@id":"https:\/\/www.africa-press.net\/cotedivoire\/#\/schema\/person\/2b1cf3cd81a31e3cd26889ca66d677f1","name":"cfeditorfr"}]}},"_links":{"self":[{"href":"https:\/\/www.africa-press.net\/cotedivoire\/wp-json\/wp\/v2\/posts\/105955","targetHints":{"allow":["GET"]}}],"collection":[{"href":"https:\/\/www.africa-press.net\/cotedivoire\/wp-json\/wp\/v2\/posts"}],"about":[{"href":"https:\/\/www.africa-press.net\/cotedivoire\/wp-json\/wp\/v2\/types\/post"}],"author":[{"embeddable":true,"href":"https:\/\/www.africa-press.net\/cotedivoire\/wp-json\/wp\/v2\/users\/82"}],"replies":[{"embeddable":true,"href":"https:\/\/www.africa-press.net\/cotedivoire\/wp-json\/wp\/v2\/comments?post=105955"}],"version-history":[{"count":0,"href":"https:\/\/www.africa-press.net\/cotedivoire\/wp-json\/wp\/v2\/posts\/105955\/revisions"}],"wp:featuredmedia":[{"embeddable":true,"href":"https:\/\/www.africa-press.net\/cotedivoire\/wp-json\/wp\/v2\/media\/105954"}],"wp:attachment":[{"href":"https:\/\/www.africa-press.net\/cotedivoire\/wp-json\/wp\/v2\/media?parent=105955"}],"wp:term":[{"taxonomy":"category","embeddable":true,"href":"https:\/\/www.africa-press.net\/cotedivoire\/wp-json\/wp\/v2\/categories?post=105955"},{"taxonomy":"post_tag","embeddable":true,"href":"https:\/\/www.africa-press.net\/cotedivoire\/wp-json\/wp\/v2\/tags?post=105955"}],"curies":[{"name":"wp","href":"https:\/\/api.w.org\/{rel}","templated":true}]}}