{"id":105958,"date":"2025-09-29T17:18:35","date_gmt":"2025-09-29T17:18:35","guid":{"rendered":"https:\/\/www.africa-press.net\/cotedivoire\/politique\/rehabilitation-du-siege-du-burida-pour-les-artistes"},"modified":"2025-09-29T18:10:10","modified_gmt":"2025-09-29T18:10:10","slug":"rehabilitation-du-siege-du-burida-pour-les-artistes","status":"publish","type":"post","link":"https:\/\/www.africa-press.net\/cotedivoire\/culture-et-art\/rehabilitation-du-siege-du-burida-pour-les-artistes","title":{"rendered":"R\u00e9habilitation du Si\u00e8ge du BURIDA pour les Artistes"},"content":{"rendered":"<p><span style=\"color: #ff6600\"><strong>Africa-Press &#8211; C\u00f4te d&rsquo;Ivoire. <\/strong><\/span>La re\u0301habilitation du sie\u0300ge du Bureau Ivoirien du Droit d\u2019Auteur (BURIDA) situe\u0301 a\u0300 Abidjan-Cocody (Deux Plateaux x Vallons) a e\u0301te\u0301 relance\u0301e par la ministre de la Culture et de la Francophonie, Mme Franc\u0327oise Remarck, et le directeur ge\u0301ne\u0301ral du BURIDA, Ouattara Karim.<\/p>\n<p>A cette occasion, les deux (02) personnalite\u0301s ont exprime\u0301 leur gratitude au Chef de l\u2019E\u0301tat, Alassane Ouattara.<\/p>\n<p>Tous deux ont souligne\u0301 que cette de\u0301cision pre\u0301sidentielle, prise dans un contexte de fortes priorite\u0301s budge\u0301taires, traduit la place centrale qu\u2019occupe la culture dans le projet national.<\/p>\n<p>Depuis 2020, sous l\u2019impulsion du gouvernement, le BURIDA a connu une ve\u0301ritable me\u0301tamorphose. Les collectes sont passe\u0301es de 2 milliards FCFA par an a\u0300 plus de 5,5 milliards FCFA, tandis que les re\u0301partitions aux artistes ont double\u0301, atteignant 3,3 milliards FCFA en 2024. A\u0300 cela s\u2019ajoute la mise en \u0153uvre du de\u0301cret sur la copie prive\u0301e, permettant de\u0301ja\u0300 de collecter 1,7 milliard FCFA au be\u0301ne\u0301fice des cre\u0301ateurs.<\/p>\n<p>Sur le plan social, des acquis majeurs sont a\u0300 saluer a indique\u0301 la ministre Franc\u0327oise Remarck. Et souligner qu\u2019il s\u2019agit de la mise en place d\u2019une assurance maladie subventionne\u0301e a\u0300 50 % par l\u2019E\u0301tat, de l\u2019inte\u0301gration des artistes au re\u0301gime de la CNPS des travailleurs inde\u0301pendants, de la prise en charge me\u0301dicale ponctuelle et de l\u2019octroi d\u2019une rente viage\u0300re de 300 000 FCFA a\u0300 plusieurs figures emble\u0301matiques de la culture ivoirienne.<\/p>\n<p>Selon le Directeur ge\u0301ne\u0301ral du BURIDA, le futur e\u0301difice ne sera pas un simple ba\u0302timent administratif. Il inte\u0301grera des espaces multime\u0301dias, une salle d\u2019exposition de 150 places, une salle de re\u0301union de 80 places, des espaces de cre\u0301ation et de formation, un service cafe\u0301 et des zones de coworking, ainsi que des bureaux plus spacieux (33 au lieu de 22), dote\u0301s de sanitaires modernes (passant de 5 a\u0300 16), de cuisines et d\u2019un ascenseur.<\/p>\n<p>Un projet qui fera du sie\u0300ge du BURIDA une ve\u0301ritable Maison des artistes et une vitrine internationale de la cre\u0301ativite\u0301 ivoirienne.<\/p>\n<p>Pour Mme Remarck, cette re\u0301habilitation n\u2019est pas seulement mate\u0301rielle: \u00ab Chers artistes, ce chantier est le vo\u0302tre. A\u0300 travers ce geste, c\u2019est votre dignite\u0301 que l\u2019E\u0301tat restaure. \u00bb<\/p>\n<p>M. Ouattara Karim, de son co\u0302te\u0301, a insiste\u0301 sur le fait que cette avance\u0301e est le fruit du soutien constant du Chef de l\u2019E\u0301tat:<\/p>\n<p>\u00ab Ses multiples attentions en faveur des cre\u0301ateurs ivoiriens se traduisent toujours par des actions concre\u0300tes et de\u0301cisives. \u00bb<\/p>\n<p>Notons que, au-dela\u0300 de la re\u0301habilitation, cette de\u0301cision illustre la volonte\u0301 du Pre\u0301sident Ouattara de consolider les fondements du secteur culturel.<\/p>\n<p><strong>Pour plus d&rsquo;informations et d&rsquo;analyses sur la <span style=\"color: #ff6600\">C\u00f4te d&rsquo;Ivoire<\/span>, suivez <span style=\"color: #ff6600\">Africa-Press<\/span><\/strong><\/p>\n","protected":false},"excerpt":{"rendered":"<p>Africa-Press &#8211; C\u00f4te d&rsquo;Ivoire. La re\u0301habilitation du sie\u0300ge du Bureau Ivoirien du Droit d\u2019Auteur (BURIDA) situe\u0301 a\u0300 Abidjan-Cocody (Deux Plateaux x Vallons) a e\u0301te\u0301 relance\u0301e par la ministre de la Culture et de la Francophonie, Mme Franc\u0327oise Remarck, et le directeur ge\u0301ne\u0301ral du BURIDA, Ouattara Karim. A cette occasion, les deux (02) personnalite\u0301s ont exprime\u0301 [&hellip;]<\/p>\n","protected":false},"author":82,"featured_media":105957,"comment_status":"open","ping_status":"closed","sticky":false,"template":"","format":"standard","meta":{"footnotes":""},"categories":[5,10],"tags":[38,1401,29,7826,1397,1143,2843],"class_list":["post-105958","post","type-post","status-publish","format-standard","has-post-thumbnail","hentry","category-culture-et-art","category-toutes-les-actualites","tag-alassane-ouattara","tag-burida","tag-cote-divoire","tag-francoise-remarck","tag-ouattara-karim","tag-rehabilitation","tag-siege"],"yoast_head":"<!-- This site is optimized with the Yoast SEO Premium plugin v26.1 (Yoast SEO v27.0) - https:\/\/yoast.com\/product\/yoast-seo-premium-wordpress\/ -->\n<title>R\u00e9habilitation du Si\u00e8ge du BURIDA pour les Artistes - C\u00f4te d&#039;Ivoire<\/title>\n<meta name=\"description\" content=\"La re\u0301habilitation du sie\u0300ge du Bureau Ivoirien du Droit d\u2019Auteur (BURIDA) situe\u0301 a\u0300 Abidjan-Cocody (Deux Plateaux x Val ...\" \/>\n<meta name=\"robots\" content=\"index, follow, max-snippet:-1, max-image-preview:large, max-video-preview:-1\" \/>\n<link rel=\"canonical\" href=\"https:\/\/www.africa-press.net\/cotedivoire\/culture-et-art\/rehabilitation-du-siege-du-burida-pour-les-artistes\" \/>\n<meta property=\"og:locale\" content=\"fr_FR\" \/>\n<meta property=\"og:type\" content=\"article\" \/>\n<meta property=\"og:title\" content=\"R\u00e9habilitation du Si\u00e8ge du BURIDA pour les Artistes\" \/>\n<meta property=\"og:description\" content=\"La re\u0301habilitation du sie\u0300ge du Bureau Ivoirien du Droit d\u2019Auteur (BURIDA) situe\u0301 a\u0300 Abidjan-Cocody (Deux Plateaux x Val ...\" \/>\n<meta property=\"og:url\" content=\"https:\/\/www.africa-press.net\/cotedivoire\/culture-et-art\/rehabilitation-du-siege-du-burida-pour-les-artistes\" \/>\n<meta property=\"og:site_name\" content=\"C\u00f4te d&#039;Ivoire\" \/>\n<meta property=\"article:published_time\" content=\"2025-09-29T17:18:35+00:00\" \/>\n<meta property=\"article:modified_time\" content=\"2025-09-29T18:10:10+00:00\" \/>\n<meta property=\"og:image\" content=\"https:\/\/static.africa-press.net\/cote\/sites\/43\/2025\/09\/sm_1759156769.750007.jpg\" \/>\n\t<meta property=\"og:image:width\" content=\"720\" \/>\n\t<meta property=\"og:image:height\" content=\"480\" \/>\n\t<meta property=\"og:image:type\" content=\"image\/jpeg\" \/>\n<meta name=\"author\" content=\"cfeditorfr\" \/>\n<meta name=\"twitter:card\" content=\"summary_large_image\" \/>\n<meta name=\"twitter:label1\" content=\"\u00c9crit par\" \/>\n\t<meta name=\"twitter:data1\" content=\"cfeditorfr\" \/>\n\t<meta name=\"twitter:label2\" content=\"Dur\u00e9e de lecture estim\u00e9e\" \/>\n\t<meta name=\"twitter:data2\" content=\"3 minutes\" \/>\n<script type=\"application\/ld+json\" class=\"yoast-schema-graph\">{\"@context\":\"https:\/\/schema.org\",\"@graph\":[{\"@type\":\"Article\",\"@id\":\"https:\/\/www.africa-press.net\/cotedivoire\/culture-et-art\/rehabilitation-du-siege-du-burida-pour-les-artistes#article\",\"isPartOf\":{\"@id\":\"https:\/\/www.africa-press.net\/cotedivoire\/culture-et-art\/rehabilitation-du-siege-du-burida-pour-les-artistes\"},\"author\":{\"name\":\"cfeditorfr\",\"@id\":\"https:\/\/www.africa-press.net\/cotedivoire\/#\/schema\/person\/2b1cf3cd81a31e3cd26889ca66d677f1\"},\"headline\":\"R\u00e9habilitation du Si\u00e8ge du BURIDA pour les Artistes\",\"datePublished\":\"2025-09-29T17:18:35+00:00\",\"dateModified\":\"2025-09-29T18:10:10+00:00\",\"mainEntityOfPage\":{\"@id\":\"https:\/\/www.africa-press.net\/cotedivoire\/culture-et-art\/rehabilitation-du-siege-du-burida-pour-les-artistes\"},\"wordCount\":496,\"commentCount\":0,\"image\":{\"@id\":\"https:\/\/www.africa-press.net\/cotedivoire\/culture-et-art\/rehabilitation-du-siege-du-burida-pour-les-artistes#primaryimage\"},\"thumbnailUrl\":\"https:\/\/static.africa-press.net\/cote\/sites\/43\/2025\/09\/sm_1759156769.750007.jpg\",\"keywords\":[\"Alassane Ouattara\",\"Burida\",\"C\u00d4TE D'IVOIRE\",\"Fran\u00e7oise Remarck\",\"Ouattara Karim\",\"r\u00e9habilitation\",\"Si\u00e8ge\"],\"articleSection\":[\"Culture et Art\",\"Toutes les actualit\u00e9s\"],\"inLanguage\":\"fr-FR\",\"potentialAction\":[{\"@type\":\"CommentAction\",\"name\":\"Comment\",\"target\":[\"https:\/\/www.africa-press.net\/cotedivoire\/culture-et-art\/rehabilitation-du-siege-du-burida-pour-les-artistes#respond\"]}]},{\"@type\":\"WebPage\",\"@id\":\"https:\/\/www.africa-press.net\/cotedivoire\/culture-et-art\/rehabilitation-du-siege-du-burida-pour-les-artistes\",\"url\":\"https:\/\/www.africa-press.net\/cotedivoire\/culture-et-art\/rehabilitation-du-siege-du-burida-pour-les-artistes\",\"name\":\"R\u00e9habilitation du Si\u00e8ge du BURIDA pour les Artistes - C\u00f4te d&#039;Ivoire\",\"isPartOf\":{\"@id\":\"https:\/\/www.africa-press.net\/cotedivoire\/#website\"},\"primaryImageOfPage\":{\"@id\":\"https:\/\/www.africa-press.net\/cotedivoire\/culture-et-art\/rehabilitation-du-siege-du-burida-pour-les-artistes#primaryimage\"},\"image\":{\"@id\":\"https:\/\/www.africa-press.net\/cotedivoire\/culture-et-art\/rehabilitation-du-siege-du-burida-pour-les-artistes#primaryimage\"},\"thumbnailUrl\":\"https:\/\/static.africa-press.net\/cote\/sites\/43\/2025\/09\/sm_1759156769.750007.jpg\",\"datePublished\":\"2025-09-29T17:18:35+00:00\",\"dateModified\":\"2025-09-29T18:10:10+00:00\",\"author\":{\"@id\":\"https:\/\/www.africa-press.net\/cotedivoire\/#\/schema\/person\/2b1cf3cd81a31e3cd26889ca66d677f1\"},\"description\":\"La re\u0301habilitation du sie\u0300ge du Bureau Ivoirien du Droit d\u2019Auteur (BURIDA) situe\u0301 a\u0300 Abidjan-Cocody (Deux Plateaux x Val ...\",\"breadcrumb\":{\"@id\":\"https:\/\/www.africa-press.net\/cotedivoire\/culture-et-art\/rehabilitation-du-siege-du-burida-pour-les-artistes#breadcrumb\"},\"inLanguage\":\"fr-FR\",\"potentialAction\":[{\"@type\":\"ReadAction\",\"target\":[\"https:\/\/www.africa-press.net\/cotedivoire\/culture-et-art\/rehabilitation-du-siege-du-burida-pour-les-artistes\"]}]},{\"@type\":\"ImageObject\",\"inLanguage\":\"fr-FR\",\"@id\":\"https:\/\/www.africa-press.net\/cotedivoire\/culture-et-art\/rehabilitation-du-siege-du-burida-pour-les-artistes#primaryimage\",\"url\":\"https:\/\/static.africa-press.net\/cote\/sites\/43\/2025\/09\/sm_1759156769.750007.jpg\",\"contentUrl\":\"https:\/\/static.africa-press.net\/cote\/sites\/43\/2025\/09\/sm_1759156769.750007.jpg\",\"width\":720,\"height\":480,\"caption\":\"R\u00e9habilitation du Si\u00e8ge du BURIDA pour les Artistes\"},{\"@type\":\"BreadcrumbList\",\"@id\":\"https:\/\/www.africa-press.net\/cotedivoire\/culture-et-art\/rehabilitation-du-siege-du-burida-pour-les-artistes#breadcrumb\",\"itemListElement\":[{\"@type\":\"ListItem\",\"position\":1,\"name\":\"Accueil\",\"item\":\"https:\/\/www.africa-press.net\/cotedivoire\/\"},{\"@type\":\"ListItem\",\"position\":2,\"name\":\"R\u00e9habilitation du Si\u00e8ge du BURIDA pour les Artistes\"}]},{\"@type\":\"WebSite\",\"@id\":\"https:\/\/www.africa-press.net\/cotedivoire\/#website\",\"url\":\"https:\/\/www.africa-press.net\/cotedivoire\/\",\"name\":\"C\u00f4te d&#039;Ivoire\",\"description\":\"Just another Africa News Agency Sites site\",\"potentialAction\":[{\"@type\":\"SearchAction\",\"target\":{\"@type\":\"EntryPoint\",\"urlTemplate\":\"https:\/\/www.africa-press.net\/cotedivoire\/?s={search_term_string}\"},\"query-input\":{\"@type\":\"PropertyValueSpecification\",\"valueRequired\":true,\"valueName\":\"search_term_string\"}}],\"inLanguage\":\"fr-FR\"},{\"@type\":\"Person\",\"@id\":\"https:\/\/www.africa-press.net\/cotedivoire\/#\/schema\/person\/2b1cf3cd81a31e3cd26889ca66d677f1\",\"name\":\"cfeditorfr\"}]}<\/script>\n<!-- \/ Yoast SEO Premium plugin. -->","yoast_head_json":{"title":"R\u00e9habilitation du Si\u00e8ge du BURIDA pour les Artistes - C\u00f4te d&#039;Ivoire","description":"La re\u0301habilitation du sie\u0300ge du Bureau Ivoirien du Droit d\u2019Auteur (BURIDA) situe\u0301 a\u0300 Abidjan-Cocody (Deux Plateaux x Val ...","robots":{"index":"index","follow":"follow","max-snippet":"max-snippet:-1","max-image-preview":"max-image-preview:large","max-video-preview":"max-video-preview:-1"},"canonical":"https:\/\/www.africa-press.net\/cotedivoire\/culture-et-art\/rehabilitation-du-siege-du-burida-pour-les-artistes","og_locale":"fr_FR","og_type":"article","og_title":"R\u00e9habilitation du Si\u00e8ge du BURIDA pour les Artistes","og_description":"La re\u0301habilitation du sie\u0300ge du Bureau Ivoirien du Droit d\u2019Auteur (BURIDA) situe\u0301 a\u0300 Abidjan-Cocody (Deux Plateaux x Val ...","og_url":"https:\/\/www.africa-press.net\/cotedivoire\/culture-et-art\/rehabilitation-du-siege-du-burida-pour-les-artistes","og_site_name":"C\u00f4te d&#039;Ivoire","article_published_time":"2025-09-29T17:18:35+00:00","article_modified_time":"2025-09-29T18:10:10+00:00","og_image":[{"width":720,"height":480,"url":"https:\/\/static.africa-press.net\/cote\/sites\/43\/2025\/09\/sm_1759156769.750007.jpg","type":"image\/jpeg"}],"author":"cfeditorfr","twitter_card":"summary_large_image","twitter_misc":{"\u00c9crit par":"cfeditorfr","Dur\u00e9e de lecture estim\u00e9e":"3 minutes"},"schema":{"@context":"https:\/\/schema.org","@graph":[{"@type":"Article","@id":"https:\/\/www.africa-press.net\/cotedivoire\/culture-et-art\/rehabilitation-du-siege-du-burida-pour-les-artistes#article","isPartOf":{"@id":"https:\/\/www.africa-press.net\/cotedivoire\/culture-et-art\/rehabilitation-du-siege-du-burida-pour-les-artistes"},"author":{"name":"cfeditorfr","@id":"https:\/\/www.africa-press.net\/cotedivoire\/#\/schema\/person\/2b1cf3cd81a31e3cd26889ca66d677f1"},"headline":"R\u00e9habilitation du Si\u00e8ge du BURIDA pour les Artistes","datePublished":"2025-09-29T17:18:35+00:00","dateModified":"2025-09-29T18:10:10+00:00","mainEntityOfPage":{"@id":"https:\/\/www.africa-press.net\/cotedivoire\/culture-et-art\/rehabilitation-du-siege-du-burida-pour-les-artistes"},"wordCount":496,"commentCount":0,"image":{"@id":"https:\/\/www.africa-press.net\/cotedivoire\/culture-et-art\/rehabilitation-du-siege-du-burida-pour-les-artistes#primaryimage"},"thumbnailUrl":"https:\/\/static.africa-press.net\/cote\/sites\/43\/2025\/09\/sm_1759156769.750007.jpg","keywords":["Alassane Ouattara","Burida","C\u00d4TE D'IVOIRE","Fran\u00e7oise Remarck","Ouattara Karim","r\u00e9habilitation","Si\u00e8ge"],"articleSection":["Culture et Art","Toutes les actualit\u00e9s"],"inLanguage":"fr-FR","potentialAction":[{"@type":"CommentAction","name":"Comment","target":["https:\/\/www.africa-press.net\/cotedivoire\/culture-et-art\/rehabilitation-du-siege-du-burida-pour-les-artistes#respond"]}]},{"@type":"WebPage","@id":"https:\/\/www.africa-press.net\/cotedivoire\/culture-et-art\/rehabilitation-du-siege-du-burida-pour-les-artistes","url":"https:\/\/www.africa-press.net\/cotedivoire\/culture-et-art\/rehabilitation-du-siege-du-burida-pour-les-artistes","name":"R\u00e9habilitation du Si\u00e8ge du BURIDA pour les Artistes - C\u00f4te d&#039;Ivoire","isPartOf":{"@id":"https:\/\/www.africa-press.net\/cotedivoire\/#website"},"primaryImageOfPage":{"@id":"https:\/\/www.africa-press.net\/cotedivoire\/culture-et-art\/rehabilitation-du-siege-du-burida-pour-les-artistes#primaryimage"},"image":{"@id":"https:\/\/www.africa-press.net\/cotedivoire\/culture-et-art\/rehabilitation-du-siege-du-burida-pour-les-artistes#primaryimage"},"thumbnailUrl":"https:\/\/static.africa-press.net\/cote\/sites\/43\/2025\/09\/sm_1759156769.750007.jpg","datePublished":"2025-09-29T17:18:35+00:00","dateModified":"2025-09-29T18:10:10+00:00","author":{"@id":"https:\/\/www.africa-press.net\/cotedivoire\/#\/schema\/person\/2b1cf3cd81a31e3cd26889ca66d677f1"},"description":"La re\u0301habilitation du sie\u0300ge du Bureau Ivoirien du Droit d\u2019Auteur (BURIDA) situe\u0301 a\u0300 Abidjan-Cocody (Deux Plateaux x Val ...","breadcrumb":{"@id":"https:\/\/www.africa-press.net\/cotedivoire\/culture-et-art\/rehabilitation-du-siege-du-burida-pour-les-artistes#breadcrumb"},"inLanguage":"fr-FR","potentialAction":[{"@type":"ReadAction","target":["https:\/\/www.africa-press.net\/cotedivoire\/culture-et-art\/rehabilitation-du-siege-du-burida-pour-les-artistes"]}]},{"@type":"ImageObject","inLanguage":"fr-FR","@id":"https:\/\/www.africa-press.net\/cotedivoire\/culture-et-art\/rehabilitation-du-siege-du-burida-pour-les-artistes#primaryimage","url":"https:\/\/static.africa-press.net\/cote\/sites\/43\/2025\/09\/sm_1759156769.750007.jpg","contentUrl":"https:\/\/static.africa-press.net\/cote\/sites\/43\/2025\/09\/sm_1759156769.750007.jpg","width":720,"height":480,"caption":"R\u00e9habilitation du Si\u00e8ge du BURIDA pour les Artistes"},{"@type":"BreadcrumbList","@id":"https:\/\/www.africa-press.net\/cotedivoire\/culture-et-art\/rehabilitation-du-siege-du-burida-pour-les-artistes#breadcrumb","itemListElement":[{"@type":"ListItem","position":1,"name":"Accueil","item":"https:\/\/www.africa-press.net\/cotedivoire\/"},{"@type":"ListItem","position":2,"name":"R\u00e9habilitation du Si\u00e8ge du BURIDA pour les Artistes"}]},{"@type":"WebSite","@id":"https:\/\/www.africa-press.net\/cotedivoire\/#website","url":"https:\/\/www.africa-press.net\/cotedivoire\/","name":"C\u00f4te d&#039;Ivoire","description":"Just another Africa News Agency Sites site","potentialAction":[{"@type":"SearchAction","target":{"@type":"EntryPoint","urlTemplate":"https:\/\/www.africa-press.net\/cotedivoire\/?s={search_term_string}"},"query-input":{"@type":"PropertyValueSpecification","valueRequired":true,"valueName":"search_term_string"}}],"inLanguage":"fr-FR"},{"@type":"Person","@id":"https:\/\/www.africa-press.net\/cotedivoire\/#\/schema\/person\/2b1cf3cd81a31e3cd26889ca66d677f1","name":"cfeditorfr"}]}},"_links":{"self":[{"href":"https:\/\/www.africa-press.net\/cotedivoire\/wp-json\/wp\/v2\/posts\/105958","targetHints":{"allow":["GET"]}}],"collection":[{"href":"https:\/\/www.africa-press.net\/cotedivoire\/wp-json\/wp\/v2\/posts"}],"about":[{"href":"https:\/\/www.africa-press.net\/cotedivoire\/wp-json\/wp\/v2\/types\/post"}],"author":[{"embeddable":true,"href":"https:\/\/www.africa-press.net\/cotedivoire\/wp-json\/wp\/v2\/users\/82"}],"replies":[{"embeddable":true,"href":"https:\/\/www.africa-press.net\/cotedivoire\/wp-json\/wp\/v2\/comments?post=105958"}],"version-history":[{"count":0,"href":"https:\/\/www.africa-press.net\/cotedivoire\/wp-json\/wp\/v2\/posts\/105958\/revisions"}],"wp:featuredmedia":[{"embeddable":true,"href":"https:\/\/www.africa-press.net\/cotedivoire\/wp-json\/wp\/v2\/media\/105957"}],"wp:attachment":[{"href":"https:\/\/www.africa-press.net\/cotedivoire\/wp-json\/wp\/v2\/media?parent=105958"}],"wp:term":[{"taxonomy":"category","embeddable":true,"href":"https:\/\/www.africa-press.net\/cotedivoire\/wp-json\/wp\/v2\/categories?post=105958"},{"taxonomy":"post_tag","embeddable":true,"href":"https:\/\/www.africa-press.net\/cotedivoire\/wp-json\/wp\/v2\/tags?post=105958"}],"curies":[{"name":"wp","href":"https:\/\/api.w.org\/{rel}","templated":true}]}}