{"id":10597,"date":"2021-07-30T15:02:39","date_gmt":"2021-07-30T15:02:39","guid":{"rendered":"https:\/\/www.africa-press.net\/cotedivoire\/?p=10597"},"modified":"2021-07-30T18:19:36","modified_gmt":"2021-07-30T18:19:36","slug":"cote-divoire-nouvelles-tensions-entre-le-ministre-vagondo-et-youssouf-kouyate-le-patron-de-la-police","status":"publish","type":"post","link":"https:\/\/www.africa-press.net\/cotedivoire\/politique\/cote-divoire-nouvelles-tensions-entre-le-ministre-vagondo-et-youssouf-kouyate-le-patron-de-la-police","title":{"rendered":"nouvelles tensions entre le ministre Vagondo et Youssouf Kouyat\u00e9, le patron de la police"},"content":{"rendered":"<p><span style=\"color: #ff6600\"><strong><a href=\"https:\/\/www.africa-press.net\/\">Africa-Press<\/a> &#8211; <a href=\"https:\/\/www.africa-press.net\/cotedivoire\">C\u00f4te d&rsquo;Ivoire<\/a>. <\/strong><\/span>Le bras de fer se poursuit entre les deux g\u00e9n\u00e9raux, au sujet cette fois de nouvelles affectations au sein de la police. Explications. <b>Diomand\u00e9 Vagondo<\/b><\/p>\n<p>, le ministre de l\u2019Int\u00e9rieur et de la S\u00e9curit\u00e9, s\u2019est heurt\u00e9 aux r\u00e9ticences de Youssouf Kouyat\u00e9, le directeur g\u00e9n\u00e9ral de la police, concernant la diffusion de nouvelles affectations dans les districts et commissariats.<\/p>\n<p><b>\u00a0<\/b><\/p>\n","protected":false},"excerpt":{"rendered":"<p>Africa-Press &#8211; C\u00f4te d&rsquo;Ivoire. Le bras de fer se poursuit entre les deux g\u00e9n\u00e9raux, au sujet cette fois de nouvelles affectations au sein de la police. Explications. Diomand\u00e9 Vagondo , le ministre de l\u2019Int\u00e9rieur et de la S\u00e9curit\u00e9, s\u2019est heurt\u00e9 aux r\u00e9ticences de Youssouf Kouyat\u00e9, le directeur g\u00e9n\u00e9ral de la police, concernant la diffusion de [&hellip;]<\/p>\n","protected":false},"author":82,"featured_media":10596,"comment_status":"open","ping_status":"closed","sticky":false,"template":"","format":"standard","meta":{"footnotes":""},"categories":[11,2,20,10],"tags":[56,63,29],"class_list":["post-10597","post","type-post","status-publish","format-standard","has-post-thumbnail","hentry","category-homepage-french","category-politique","category-top-nouvelles","category-toutes-les-actualites","tag-africa-press","tag-africa-press-cote-divoire","tag-cote-divoire"],"yoast_head":"<!-- This site is optimized with the Yoast SEO Premium plugin v26.1 (Yoast SEO v27.0) - https:\/\/yoast.com\/product\/yoast-seo-premium-wordpress\/ -->\n<title>nouvelles tensions entre le ministre Vagondo et Youssouf Kouyat\u00e9, le patron de la police - C\u00f4te d&#039;Ivoire<\/title>\n<meta name=\"description\" content=\"Le bras de fer se poursuit entre les deux g\u00e9n\u00e9raux, au sujet cette fois de nouvelles affectations au sein de la police. ...\" \/>\n<meta name=\"robots\" content=\"index, follow, max-snippet:-1, max-image-preview:large, max-video-preview:-1\" \/>\n<link rel=\"canonical\" href=\"https:\/\/www.africa-press.net\/cotedivoire\/politique\/cote-divoire-nouvelles-tensions-entre-le-ministre-vagondo-et-youssouf-kouyate-le-patron-de-la-police\" \/>\n<meta property=\"og:locale\" content=\"fr_FR\" \/>\n<meta property=\"og:type\" content=\"article\" \/>\n<meta property=\"og:title\" content=\"nouvelles tensions entre le ministre Vagondo et Youssouf Kouyat\u00e9, le patron de la police\" \/>\n<meta property=\"og:description\" content=\"Le bras de fer se poursuit entre les deux g\u00e9n\u00e9raux, au sujet cette fois de nouvelles affectations au sein de la police. ...\" \/>\n<meta property=\"og:url\" content=\"https:\/\/www.africa-press.net\/cotedivoire\/politique\/cote-divoire-nouvelles-tensions-entre-le-ministre-vagondo-et-youssouf-kouyate-le-patron-de-la-police\" \/>\n<meta property=\"og:site_name\" content=\"C\u00f4te d&#039;Ivoire\" \/>\n<meta property=\"article:published_time\" content=\"2021-07-30T15:02:39+00:00\" \/>\n<meta property=\"article:modified_time\" content=\"2021-07-30T18:19:36+00:00\" \/>\n<meta property=\"og:image\" content=\"https:\/\/static.africa-press.net\/cote\/sites\/43\/2021\/07\/img-610411f0358b6.jpg\" \/>\n\t<meta property=\"og:image:width\" content=\"720\" \/>\n\t<meta property=\"og:image:height\" content=\"360\" \/>\n\t<meta property=\"og:image:type\" content=\"image\/jpeg\" \/>\n<meta name=\"author\" content=\"cfeditorfr\" \/>\n<meta name=\"twitter:card\" content=\"summary_large_image\" \/>\n<meta name=\"twitter:label1\" content=\"\u00c9crit par\" \/>\n\t<meta name=\"twitter:data1\" content=\"cfeditorfr\" \/>\n\t<meta name=\"twitter:label2\" content=\"Dur\u00e9e de lecture estim\u00e9e\" \/>\n\t<meta name=\"twitter:data2\" content=\"1 minute\" \/>\n<script type=\"application\/ld+json\" class=\"yoast-schema-graph\">{\"@context\":\"https:\/\/schema.org\",\"@graph\":[{\"@type\":\"Article\",\"@id\":\"https:\/\/www.africa-press.net\/cotedivoire\/politique\/cote-divoire-nouvelles-tensions-entre-le-ministre-vagondo-et-youssouf-kouyate-le-patron-de-la-police#article\",\"isPartOf\":{\"@id\":\"https:\/\/www.africa-press.net\/cotedivoire\/politique\/cote-divoire-nouvelles-tensions-entre-le-ministre-vagondo-et-youssouf-kouyate-le-patron-de-la-police\"},\"author\":{\"name\":\"cfeditorfr\",\"@id\":\"https:\/\/www.africa-press.net\/cotedivoire\/#\/schema\/person\/2b1cf3cd81a31e3cd26889ca66d677f1\"},\"headline\":\"nouvelles tensions entre le ministre Vagondo et Youssouf Kouyat\u00e9, le patron de la police\",\"datePublished\":\"2021-07-30T15:02:39+00:00\",\"dateModified\":\"2021-07-30T18:19:36+00:00\",\"mainEntityOfPage\":{\"@id\":\"https:\/\/www.africa-press.net\/cotedivoire\/politique\/cote-divoire-nouvelles-tensions-entre-le-ministre-vagondo-et-youssouf-kouyate-le-patron-de-la-police\"},\"wordCount\":86,\"commentCount\":0,\"image\":{\"@id\":\"https:\/\/www.africa-press.net\/cotedivoire\/politique\/cote-divoire-nouvelles-tensions-entre-le-ministre-vagondo-et-youssouf-kouyate-le-patron-de-la-police#primaryimage\"},\"thumbnailUrl\":\"https:\/\/static.africa-press.net\/cote\/sites\/43\/2021\/07\/img-610411f0358b6.jpg\",\"keywords\":[\"Africa Press\",\"Africa Press-C\u00f4te d'Ivoire\",\"C\u00d4TE D'IVOIRE\"],\"articleSection\":[\"homepage-french\",\"Politique\",\"Top Nouvelles\",\"Toutes les actualit\u00e9s\"],\"inLanguage\":\"fr-FR\",\"potentialAction\":[{\"@type\":\"CommentAction\",\"name\":\"Comment\",\"target\":[\"https:\/\/www.africa-press.net\/cotedivoire\/politique\/cote-divoire-nouvelles-tensions-entre-le-ministre-vagondo-et-youssouf-kouyate-le-patron-de-la-police#respond\"]}]},{\"@type\":\"WebPage\",\"@id\":\"https:\/\/www.africa-press.net\/cotedivoire\/politique\/cote-divoire-nouvelles-tensions-entre-le-ministre-vagondo-et-youssouf-kouyate-le-patron-de-la-police\",\"url\":\"https:\/\/www.africa-press.net\/cotedivoire\/politique\/cote-divoire-nouvelles-tensions-entre-le-ministre-vagondo-et-youssouf-kouyate-le-patron-de-la-police\",\"name\":\"nouvelles tensions entre le ministre Vagondo et Youssouf Kouyat\u00e9, le patron de la police - C\u00f4te d&#039;Ivoire\",\"isPartOf\":{\"@id\":\"https:\/\/www.africa-press.net\/cotedivoire\/#website\"},\"primaryImageOfPage\":{\"@id\":\"https:\/\/www.africa-press.net\/cotedivoire\/politique\/cote-divoire-nouvelles-tensions-entre-le-ministre-vagondo-et-youssouf-kouyate-le-patron-de-la-police#primaryimage\"},\"image\":{\"@id\":\"https:\/\/www.africa-press.net\/cotedivoire\/politique\/cote-divoire-nouvelles-tensions-entre-le-ministre-vagondo-et-youssouf-kouyate-le-patron-de-la-police#primaryimage\"},\"thumbnailUrl\":\"https:\/\/static.africa-press.net\/cote\/sites\/43\/2021\/07\/img-610411f0358b6.jpg\",\"datePublished\":\"2021-07-30T15:02:39+00:00\",\"dateModified\":\"2021-07-30T18:19:36+00:00\",\"author\":{\"@id\":\"https:\/\/www.africa-press.net\/cotedivoire\/#\/schema\/person\/2b1cf3cd81a31e3cd26889ca66d677f1\"},\"description\":\"Le bras de fer se poursuit entre les deux g\u00e9n\u00e9raux, au sujet cette fois de nouvelles affectations au sein de la police. ...\",\"breadcrumb\":{\"@id\":\"https:\/\/www.africa-press.net\/cotedivoire\/politique\/cote-divoire-nouvelles-tensions-entre-le-ministre-vagondo-et-youssouf-kouyate-le-patron-de-la-police#breadcrumb\"},\"inLanguage\":\"fr-FR\",\"potentialAction\":[{\"@type\":\"ReadAction\",\"target\":[\"https:\/\/www.africa-press.net\/cotedivoire\/politique\/cote-divoire-nouvelles-tensions-entre-le-ministre-vagondo-et-youssouf-kouyate-le-patron-de-la-police\"]}]},{\"@type\":\"ImageObject\",\"inLanguage\":\"fr-FR\",\"@id\":\"https:\/\/www.africa-press.net\/cotedivoire\/politique\/cote-divoire-nouvelles-tensions-entre-le-ministre-vagondo-et-youssouf-kouyate-le-patron-de-la-police#primaryimage\",\"url\":\"https:\/\/static.africa-press.net\/cote\/sites\/43\/2021\/07\/img-610411f0358b6.jpg\",\"contentUrl\":\"https:\/\/static.africa-press.net\/cote\/sites\/43\/2021\/07\/img-610411f0358b6.jpg\",\"width\":720,\"height\":360,\"caption\":\"C\u00f4te d\u2019Ivoire : nouvelles tensions entre le ministre Vagondo et Youssouf Kouyat\u00e9, le patron de la police\"},{\"@type\":\"BreadcrumbList\",\"@id\":\"https:\/\/www.africa-press.net\/cotedivoire\/politique\/cote-divoire-nouvelles-tensions-entre-le-ministre-vagondo-et-youssouf-kouyate-le-patron-de-la-police#breadcrumb\",\"itemListElement\":[{\"@type\":\"ListItem\",\"position\":1,\"name\":\"Accueil\",\"item\":\"https:\/\/www.africa-press.net\/cotedivoire\/\"},{\"@type\":\"ListItem\",\"position\":2,\"name\":\"nouvelles tensions entre le ministre Vagondo et Youssouf Kouyat\u00e9, le patron de la police\"}]},{\"@type\":\"WebSite\",\"@id\":\"https:\/\/www.africa-press.net\/cotedivoire\/#website\",\"url\":\"https:\/\/www.africa-press.net\/cotedivoire\/\",\"name\":\"C\u00f4te d&#039;Ivoire\",\"description\":\"Just another Africa News Agency Sites site\",\"potentialAction\":[{\"@type\":\"SearchAction\",\"target\":{\"@type\":\"EntryPoint\",\"urlTemplate\":\"https:\/\/www.africa-press.net\/cotedivoire\/?s={search_term_string}\"},\"query-input\":{\"@type\":\"PropertyValueSpecification\",\"valueRequired\":true,\"valueName\":\"search_term_string\"}}],\"inLanguage\":\"fr-FR\"},{\"@type\":\"Person\",\"@id\":\"https:\/\/www.africa-press.net\/cotedivoire\/#\/schema\/person\/2b1cf3cd81a31e3cd26889ca66d677f1\",\"name\":\"cfeditorfr\"}]}<\/script>\n<!-- \/ Yoast SEO Premium plugin. -->","yoast_head_json":{"title":"nouvelles tensions entre le ministre Vagondo et Youssouf Kouyat\u00e9, le patron de la police - C\u00f4te d&#039;Ivoire","description":"Le bras de fer se poursuit entre les deux g\u00e9n\u00e9raux, au sujet cette fois de nouvelles affectations au sein de la police. ...","robots":{"index":"index","follow":"follow","max-snippet":"max-snippet:-1","max-image-preview":"max-image-preview:large","max-video-preview":"max-video-preview:-1"},"canonical":"https:\/\/www.africa-press.net\/cotedivoire\/politique\/cote-divoire-nouvelles-tensions-entre-le-ministre-vagondo-et-youssouf-kouyate-le-patron-de-la-police","og_locale":"fr_FR","og_type":"article","og_title":"nouvelles tensions entre le ministre Vagondo et Youssouf Kouyat\u00e9, le patron de la police","og_description":"Le bras de fer se poursuit entre les deux g\u00e9n\u00e9raux, au sujet cette fois de nouvelles affectations au sein de la police. ...","og_url":"https:\/\/www.africa-press.net\/cotedivoire\/politique\/cote-divoire-nouvelles-tensions-entre-le-ministre-vagondo-et-youssouf-kouyate-le-patron-de-la-police","og_site_name":"C\u00f4te d&#039;Ivoire","article_published_time":"2021-07-30T15:02:39+00:00","article_modified_time":"2021-07-30T18:19:36+00:00","og_image":[{"width":720,"height":360,"url":"https:\/\/static.africa-press.net\/cote\/sites\/43\/2021\/07\/img-610411f0358b6.jpg","type":"image\/jpeg"}],"author":"cfeditorfr","twitter_card":"summary_large_image","twitter_misc":{"\u00c9crit par":"cfeditorfr","Dur\u00e9e de lecture estim\u00e9e":"1 minute"},"schema":{"@context":"https:\/\/schema.org","@graph":[{"@type":"Article","@id":"https:\/\/www.africa-press.net\/cotedivoire\/politique\/cote-divoire-nouvelles-tensions-entre-le-ministre-vagondo-et-youssouf-kouyate-le-patron-de-la-police#article","isPartOf":{"@id":"https:\/\/www.africa-press.net\/cotedivoire\/politique\/cote-divoire-nouvelles-tensions-entre-le-ministre-vagondo-et-youssouf-kouyate-le-patron-de-la-police"},"author":{"name":"cfeditorfr","@id":"https:\/\/www.africa-press.net\/cotedivoire\/#\/schema\/person\/2b1cf3cd81a31e3cd26889ca66d677f1"},"headline":"nouvelles tensions entre le ministre Vagondo et Youssouf Kouyat\u00e9, le patron de la police","datePublished":"2021-07-30T15:02:39+00:00","dateModified":"2021-07-30T18:19:36+00:00","mainEntityOfPage":{"@id":"https:\/\/www.africa-press.net\/cotedivoire\/politique\/cote-divoire-nouvelles-tensions-entre-le-ministre-vagondo-et-youssouf-kouyate-le-patron-de-la-police"},"wordCount":86,"commentCount":0,"image":{"@id":"https:\/\/www.africa-press.net\/cotedivoire\/politique\/cote-divoire-nouvelles-tensions-entre-le-ministre-vagondo-et-youssouf-kouyate-le-patron-de-la-police#primaryimage"},"thumbnailUrl":"https:\/\/static.africa-press.net\/cote\/sites\/43\/2021\/07\/img-610411f0358b6.jpg","keywords":["Africa Press","Africa Press-C\u00f4te d'Ivoire","C\u00d4TE D'IVOIRE"],"articleSection":["homepage-french","Politique","Top Nouvelles","Toutes les actualit\u00e9s"],"inLanguage":"fr-FR","potentialAction":[{"@type":"CommentAction","name":"Comment","target":["https:\/\/www.africa-press.net\/cotedivoire\/politique\/cote-divoire-nouvelles-tensions-entre-le-ministre-vagondo-et-youssouf-kouyate-le-patron-de-la-police#respond"]}]},{"@type":"WebPage","@id":"https:\/\/www.africa-press.net\/cotedivoire\/politique\/cote-divoire-nouvelles-tensions-entre-le-ministre-vagondo-et-youssouf-kouyate-le-patron-de-la-police","url":"https:\/\/www.africa-press.net\/cotedivoire\/politique\/cote-divoire-nouvelles-tensions-entre-le-ministre-vagondo-et-youssouf-kouyate-le-patron-de-la-police","name":"nouvelles tensions entre le ministre Vagondo et Youssouf Kouyat\u00e9, le patron de la police - C\u00f4te d&#039;Ivoire","isPartOf":{"@id":"https:\/\/www.africa-press.net\/cotedivoire\/#website"},"primaryImageOfPage":{"@id":"https:\/\/www.africa-press.net\/cotedivoire\/politique\/cote-divoire-nouvelles-tensions-entre-le-ministre-vagondo-et-youssouf-kouyate-le-patron-de-la-police#primaryimage"},"image":{"@id":"https:\/\/www.africa-press.net\/cotedivoire\/politique\/cote-divoire-nouvelles-tensions-entre-le-ministre-vagondo-et-youssouf-kouyate-le-patron-de-la-police#primaryimage"},"thumbnailUrl":"https:\/\/static.africa-press.net\/cote\/sites\/43\/2021\/07\/img-610411f0358b6.jpg","datePublished":"2021-07-30T15:02:39+00:00","dateModified":"2021-07-30T18:19:36+00:00","author":{"@id":"https:\/\/www.africa-press.net\/cotedivoire\/#\/schema\/person\/2b1cf3cd81a31e3cd26889ca66d677f1"},"description":"Le bras de fer se poursuit entre les deux g\u00e9n\u00e9raux, au sujet cette fois de nouvelles affectations au sein de la police. ...","breadcrumb":{"@id":"https:\/\/www.africa-press.net\/cotedivoire\/politique\/cote-divoire-nouvelles-tensions-entre-le-ministre-vagondo-et-youssouf-kouyate-le-patron-de-la-police#breadcrumb"},"inLanguage":"fr-FR","potentialAction":[{"@type":"ReadAction","target":["https:\/\/www.africa-press.net\/cotedivoire\/politique\/cote-divoire-nouvelles-tensions-entre-le-ministre-vagondo-et-youssouf-kouyate-le-patron-de-la-police"]}]},{"@type":"ImageObject","inLanguage":"fr-FR","@id":"https:\/\/www.africa-press.net\/cotedivoire\/politique\/cote-divoire-nouvelles-tensions-entre-le-ministre-vagondo-et-youssouf-kouyate-le-patron-de-la-police#primaryimage","url":"https:\/\/static.africa-press.net\/cote\/sites\/43\/2021\/07\/img-610411f0358b6.jpg","contentUrl":"https:\/\/static.africa-press.net\/cote\/sites\/43\/2021\/07\/img-610411f0358b6.jpg","width":720,"height":360,"caption":"C\u00f4te d\u2019Ivoire : nouvelles tensions entre le ministre Vagondo et Youssouf Kouyat\u00e9, le patron de la police"},{"@type":"BreadcrumbList","@id":"https:\/\/www.africa-press.net\/cotedivoire\/politique\/cote-divoire-nouvelles-tensions-entre-le-ministre-vagondo-et-youssouf-kouyate-le-patron-de-la-police#breadcrumb","itemListElement":[{"@type":"ListItem","position":1,"name":"Accueil","item":"https:\/\/www.africa-press.net\/cotedivoire\/"},{"@type":"ListItem","position":2,"name":"nouvelles tensions entre le ministre Vagondo et Youssouf Kouyat\u00e9, le patron de la police"}]},{"@type":"WebSite","@id":"https:\/\/www.africa-press.net\/cotedivoire\/#website","url":"https:\/\/www.africa-press.net\/cotedivoire\/","name":"C\u00f4te d&#039;Ivoire","description":"Just another Africa News Agency Sites site","potentialAction":[{"@type":"SearchAction","target":{"@type":"EntryPoint","urlTemplate":"https:\/\/www.africa-press.net\/cotedivoire\/?s={search_term_string}"},"query-input":{"@type":"PropertyValueSpecification","valueRequired":true,"valueName":"search_term_string"}}],"inLanguage":"fr-FR"},{"@type":"Person","@id":"https:\/\/www.africa-press.net\/cotedivoire\/#\/schema\/person\/2b1cf3cd81a31e3cd26889ca66d677f1","name":"cfeditorfr"}]}},"_links":{"self":[{"href":"https:\/\/www.africa-press.net\/cotedivoire\/wp-json\/wp\/v2\/posts\/10597","targetHints":{"allow":["GET"]}}],"collection":[{"href":"https:\/\/www.africa-press.net\/cotedivoire\/wp-json\/wp\/v2\/posts"}],"about":[{"href":"https:\/\/www.africa-press.net\/cotedivoire\/wp-json\/wp\/v2\/types\/post"}],"author":[{"embeddable":true,"href":"https:\/\/www.africa-press.net\/cotedivoire\/wp-json\/wp\/v2\/users\/82"}],"replies":[{"embeddable":true,"href":"https:\/\/www.africa-press.net\/cotedivoire\/wp-json\/wp\/v2\/comments?post=10597"}],"version-history":[{"count":0,"href":"https:\/\/www.africa-press.net\/cotedivoire\/wp-json\/wp\/v2\/posts\/10597\/revisions"}],"wp:featuredmedia":[{"embeddable":true,"href":"https:\/\/www.africa-press.net\/cotedivoire\/wp-json\/wp\/v2\/media\/10596"}],"wp:attachment":[{"href":"https:\/\/www.africa-press.net\/cotedivoire\/wp-json\/wp\/v2\/media?parent=10597"}],"wp:term":[{"taxonomy":"category","embeddable":true,"href":"https:\/\/www.africa-press.net\/cotedivoire\/wp-json\/wp\/v2\/categories?post=10597"},{"taxonomy":"post_tag","embeddable":true,"href":"https:\/\/www.africa-press.net\/cotedivoire\/wp-json\/wp\/v2\/tags?post=10597"}],"curies":[{"name":"wp","href":"https:\/\/api.w.org\/{rel}","templated":true}]}}