{"id":106012,"date":"2025-09-30T15:59:52","date_gmt":"2025-09-30T15:59:52","guid":{"rendered":"https:\/\/www.africa-press.net\/cotedivoire\/politique\/protocole-daccord-pour-lutte-contre-la-drepanocytose"},"modified":"2025-09-30T16:18:24","modified_gmt":"2025-09-30T16:18:24","slug":"protocole-daccord-pour-lutte-contre-la-drepanocytose","status":"publish","type":"post","link":"https:\/\/www.africa-press.net\/cotedivoire\/toutes-les-actualites\/protocole-daccord-pour-lutte-contre-la-drepanocytose","title":{"rendered":"Protocole d&rsquo;Accord pour Lutte Contre la Dr\u00e9panocytose"},"content":{"rendered":"<p><span style=\"color: #ff6600\"><strong>Africa-Press &#8211; C\u00f4te d&rsquo;Ivoire. <\/strong><\/span>La lutte contre la dre\u0301panocytose franchit un nouveau cap en Co\u0302te d\u2019Ivoire. Le lundi 29 septembre, a\u0300 Abidjan, le Ministe\u0300re de la Sante\u0301, de l\u2019Hygie\u0300ne Publique et de la Couverture Maladie Universelle (MSHPCMU), a\u0300 travers le Programme National de Lutte contre les Maladies Me\u0301taboliques et la Pre\u0301vention des Maladies Non Transmissibles (PNLMM\/PMNT), a signe\u0301 un protocole d\u2019accord avec la socie\u0301te\u0301 TERUMO BLOOD and Cell Technologies. Cette convention marque le lancement officiel des activite\u0301s de terrain dans la re\u0301gion du Gbe\u0302ke\u0302, e\u0301picentre du projet pilote.<\/p>\n<p>A\u0300 l\u2019occasion de cette ce\u0301re\u0301monie, Dr Ehoueni Vale\u0301rie, point focal du projet, a de\u0301taille\u0301 l\u2019architecture du dispositif.<\/p>\n<p>\u00ab C\u2019est un projet qui va se de\u0301rouler dans la re\u0301gion du Gbe\u0302ke\u0302, dont Bouake\u0301 est la capitale. TERUMO BLOOD apporte l\u2019inte\u0301gralite\u0301 du financement pour une prise en charge totale de la dre\u0301panocytose, depuis les e\u0301tablissements de premier contact jusqu\u2019au CHU \u00bb, a-t-elle explique\u0301.<\/p>\n<p>Le programme pre\u0301voit un syste\u0300me de re\u0301fe\u0301rence efficace: diagnostic dans les villages, confirmation dans les centres de re\u0301fe\u0301rence et suivi dans les structures hospitalie\u0300res spe\u0301cialise\u0301es.<\/p>\n<p>\u00ab C\u2019est une prise en charge globale, avec un responsable de\u0301signe\u0301 pour piloter le projet \u00bb, a insiste\u0301 Dr Ehoueni, soulignant que les e\u0301quipes techniques ont mene\u0301 toutes les de\u0301marches en amont, avant l\u2019approbation du ministe\u0300re.<\/p>\n<p>Pour les personnes directement concerne\u0301es, cette initiative est perc\u0327ue comme un ve\u0301ritable souffle de vie. Mme Kassi Jose\u0301phine, repre\u0301sentant les malades a\u0300 travers l\u2019association Drepafam-CI, n\u2019a pas cache\u0301 son e\u0301motion.<\/p>\n<p>\u00ab Notre association lutte depuis des anne\u0301es pour soulager tant bien que mal les souffrances des personnes atteintes. Aujourd\u2019hui, nous crions de joie: enfin, quel soulagement ! \u00bb, s\u2019est-elle re\u0301jouie.<\/p>\n<p>Elle a rappele\u0301 le quotidien douloureux de nombreuses familles brise\u0301es par la maladie:\u00ab Plusieurs femmes se retrouvent seules a\u0300 e\u0301lever leurs enfants dre\u0301panocytaires apre\u0300s avoir e\u0301te\u0301 abandonne\u0301es par leur conjoint. Beaucoup de malades n\u2019arrivent pas a\u0300 se soigner correctement et trai\u0302nent des complications \u00bb, a-t-elle de\u0301nonce\u0301, tout en saluant la vision des autorite\u0301s et le soutien de TERUMO BLOOD.<\/p>\n<p>Le Directeur ge\u0301ne\u0301ral de la sante\u0301, Samba Mamadou, a replace\u0301 cette avance\u0301e dans le contexte national.<\/p>\n<p>\u00ab Ce que nous devons retenir, c\u2019est que 12 % de la population en Co\u0302te d\u2019Ivoire est porteuse du ge\u0300ne de la dre\u0301panocytose. Si nous faisions un de\u0301pistage dans cette salle, il est probable que nous de\u0301couvrions des porteurs \u00bb, a-t-il affirme\u0301.<\/p>\n<p>Pour lui, la re\u0301ponse a\u0300 ce fle\u0301au doit de\u0301passer le seul cadre me\u0301dical.<\/p>\n<p>\u00ab C\u2019est un engagement collectif. Ce n\u2019est pas seulement le ministe\u0300re ou les spe\u0301cialistes de la sante\u0301, c\u2019est nous tous. C\u2019est un devoir moral, social et politique \u00bb, a martele\u0301 le responsable.<\/p>\n<p>Le DG a e\u0301galement salue\u0301 la mise en place d\u2019un ve\u0301ritable programme strate\u0301gique national.<\/p>\n<p>\u00ab Au de\u0301but, on ne parlait de la dre\u0301panocytose qu\u2019au CHU, et encore sous un angle clinique. Aujourd\u2019hui, nous avons choisi d\u2019inte\u0301grer la lutte dans le syste\u0300me de sante\u0301, avec une vision claire et adapte\u0301e a\u0300 notre contexte \u00bb, a-t-il souligne\u0301.<\/p>\n<p>La signature de ce protocole d\u2019accord a e\u0301te\u0301 paraphe\u0301e par le Professeur Samba Mamadou pour la partie ivoirienne, et par un repre\u0301sentant de TERUMO BLOOD and Cell Technologies. Au-dela\u0300 de la re\u0301gion du Gbe\u0302ke\u0302, les autorite\u0301s espe\u0300rent que ce projet servira de mode\u0300le pour e\u0301tendre la prise en charge a\u0300 l\u2019ensemble du territoire.<\/p>\n<p>Avec cette initiative, la Co\u0302te d\u2019Ivoire se donne les moyens d\u2019attaquer de front un mal silencieux qui mine sa population et fragilise des milliers de familles. Entre diagnostic, traitement et accompagnement, c\u2019est toute une chai\u0302ne de solidarite\u0301 et de sante\u0301 publique qui se met de\u0301sormais en place.<\/p>\n<p><strong>Pour plus d&rsquo;informations et d&rsquo;analyses sur la <span style=\"color: #ff6600\">C\u00f4te d&rsquo;Ivoire<\/span>, suivez <span style=\"color: #ff6600\">Africa-Press<\/span><\/strong><\/p>\n","protected":false},"excerpt":{"rendered":"<p>Africa-Press &#8211; C\u00f4te d&rsquo;Ivoire. La lutte contre la dre\u0301panocytose franchit un nouveau cap en Co\u0302te d\u2019Ivoire. Le lundi 29 septembre, a\u0300 Abidjan, le Ministe\u0300re de la Sante\u0301, de l\u2019Hygie\u0300ne Publique et de la Couverture Maladie Universelle (MSHPCMU), a\u0300 travers le Programme National de Lutte contre les Maladies Me\u0301taboliques et la Pre\u0301vention des Maladies Non Transmissibles [&hellip;]<\/p>\n","protected":false},"author":82,"featured_media":106011,"comment_status":"open","ping_status":"closed","sticky":false,"template":"","format":"standard","meta":{"footnotes":""},"categories":[21,10],"tags":[366,29,12945,14259,741,16939,19018,18648,19019],"class_list":["post-106012","post","type-post","status-publish","format-standard","has-post-thumbnail","hentry","category-communaute","category-toutes-les-actualites","tag-bouake","tag-cote-divoire","tag-depistage","tag-drepanocytose","tag-gbeke","tag-mshpcmu","tag-partenariat-sante","tag-sante-publique","tag-terumo-blood"],"yoast_head":"<!-- This site is optimized with the Yoast SEO Premium plugin v26.1 (Yoast SEO v27.0) - https:\/\/yoast.com\/product\/yoast-seo-premium-wordpress\/ -->\n<title>Protocole d&#039;Accord pour Lutte Contre la Dr\u00e9panocytose - C\u00f4te d&#039;Ivoire<\/title>\n<meta name=\"description\" content=\"La lutte contre la dre\u0301panocytose franchit un nouveau cap en Co\u0302te d\u2019Ivoire. Le lundi 29 septembre, a\u0300 Abidjan, le Minis ...\" \/>\n<meta name=\"robots\" content=\"index, follow, max-snippet:-1, max-image-preview:large, max-video-preview:-1\" \/>\n<link rel=\"canonical\" href=\"https:\/\/www.africa-press.net\/cotedivoire\/toutes-les-actualites\/protocole-daccord-pour-lutte-contre-la-drepanocytose\" \/>\n<meta property=\"og:locale\" content=\"fr_FR\" \/>\n<meta property=\"og:type\" content=\"article\" \/>\n<meta property=\"og:title\" content=\"Protocole d&#039;Accord pour Lutte Contre la Dr\u00e9panocytose\" \/>\n<meta property=\"og:description\" content=\"La lutte contre la dre\u0301panocytose franchit un nouveau cap en Co\u0302te d\u2019Ivoire. Le lundi 29 septembre, a\u0300 Abidjan, le Minis ...\" \/>\n<meta property=\"og:url\" content=\"https:\/\/www.africa-press.net\/cotedivoire\/toutes-les-actualites\/protocole-daccord-pour-lutte-contre-la-drepanocytose\" \/>\n<meta property=\"og:site_name\" content=\"C\u00f4te d&#039;Ivoire\" \/>\n<meta property=\"article:published_time\" content=\"2025-09-30T15:59:52+00:00\" \/>\n<meta property=\"article:modified_time\" content=\"2025-09-30T16:18:24+00:00\" \/>\n<meta property=\"og:image\" content=\"https:\/\/static.africa-press.net\/cote\/sites\/43\/2025\/09\/sm_1759236484.755363.jpg\" \/>\n\t<meta property=\"og:image:width\" content=\"720\" \/>\n\t<meta property=\"og:image:height\" content=\"340\" \/>\n\t<meta property=\"og:image:type\" content=\"image\/jpeg\" \/>\n<meta name=\"author\" content=\"cfeditorfr\" \/>\n<meta name=\"twitter:card\" content=\"summary_large_image\" \/>\n<meta name=\"twitter:label1\" content=\"\u00c9crit par\" \/>\n\t<meta name=\"twitter:data1\" content=\"cfeditorfr\" \/>\n\t<meta name=\"twitter:label2\" content=\"Dur\u00e9e de lecture estim\u00e9e\" \/>\n\t<meta name=\"twitter:data2\" content=\"3 minutes\" \/>\n<script type=\"application\/ld+json\" class=\"yoast-schema-graph\">{\"@context\":\"https:\/\/schema.org\",\"@graph\":[{\"@type\":\"Article\",\"@id\":\"https:\/\/www.africa-press.net\/cotedivoire\/toutes-les-actualites\/protocole-daccord-pour-lutte-contre-la-drepanocytose#article\",\"isPartOf\":{\"@id\":\"https:\/\/www.africa-press.net\/cotedivoire\/toutes-les-actualites\/protocole-daccord-pour-lutte-contre-la-drepanocytose\"},\"author\":{\"name\":\"cfeditorfr\",\"@id\":\"https:\/\/www.africa-press.net\/cotedivoire\/#\/schema\/person\/2b1cf3cd81a31e3cd26889ca66d677f1\"},\"headline\":\"Protocole d&rsquo;Accord pour Lutte Contre la Dr\u00e9panocytose\",\"datePublished\":\"2025-09-30T15:59:52+00:00\",\"dateModified\":\"2025-09-30T16:18:24+00:00\",\"mainEntityOfPage\":{\"@id\":\"https:\/\/www.africa-press.net\/cotedivoire\/toutes-les-actualites\/protocole-daccord-pour-lutte-contre-la-drepanocytose\"},\"wordCount\":712,\"commentCount\":0,\"image\":{\"@id\":\"https:\/\/www.africa-press.net\/cotedivoire\/toutes-les-actualites\/protocole-daccord-pour-lutte-contre-la-drepanocytose#primaryimage\"},\"thumbnailUrl\":\"https:\/\/static.africa-press.net\/cote\/sites\/43\/2025\/09\/sm_1759236484.755363.jpg\",\"keywords\":[\"Bouak\u00e9\",\"C\u00d4TE D'IVOIRE\",\"d\u00e9pistage\",\"dr\u00e9panocytose\",\"Gb\u00eak\u00ea\",\"MSHPCMU\",\"partenariat sant\u00e9\",\"sant\u00e9 publique\",\"TERUMO Blood\"],\"articleSection\":[\"Communaut\u00e9\",\"Toutes les actualit\u00e9s\"],\"inLanguage\":\"fr-FR\",\"potentialAction\":[{\"@type\":\"CommentAction\",\"name\":\"Comment\",\"target\":[\"https:\/\/www.africa-press.net\/cotedivoire\/toutes-les-actualites\/protocole-daccord-pour-lutte-contre-la-drepanocytose#respond\"]}]},{\"@type\":\"WebPage\",\"@id\":\"https:\/\/www.africa-press.net\/cotedivoire\/toutes-les-actualites\/protocole-daccord-pour-lutte-contre-la-drepanocytose\",\"url\":\"https:\/\/www.africa-press.net\/cotedivoire\/toutes-les-actualites\/protocole-daccord-pour-lutte-contre-la-drepanocytose\",\"name\":\"Protocole d'Accord pour Lutte Contre la Dr\u00e9panocytose - C\u00f4te d&#039;Ivoire\",\"isPartOf\":{\"@id\":\"https:\/\/www.africa-press.net\/cotedivoire\/#website\"},\"primaryImageOfPage\":{\"@id\":\"https:\/\/www.africa-press.net\/cotedivoire\/toutes-les-actualites\/protocole-daccord-pour-lutte-contre-la-drepanocytose#primaryimage\"},\"image\":{\"@id\":\"https:\/\/www.africa-press.net\/cotedivoire\/toutes-les-actualites\/protocole-daccord-pour-lutte-contre-la-drepanocytose#primaryimage\"},\"thumbnailUrl\":\"https:\/\/static.africa-press.net\/cote\/sites\/43\/2025\/09\/sm_1759236484.755363.jpg\",\"datePublished\":\"2025-09-30T15:59:52+00:00\",\"dateModified\":\"2025-09-30T16:18:24+00:00\",\"author\":{\"@id\":\"https:\/\/www.africa-press.net\/cotedivoire\/#\/schema\/person\/2b1cf3cd81a31e3cd26889ca66d677f1\"},\"description\":\"La lutte contre la dre\u0301panocytose franchit un nouveau cap en Co\u0302te d\u2019Ivoire. Le lundi 29 septembre, a\u0300 Abidjan, le Minis ...\",\"breadcrumb\":{\"@id\":\"https:\/\/www.africa-press.net\/cotedivoire\/toutes-les-actualites\/protocole-daccord-pour-lutte-contre-la-drepanocytose#breadcrumb\"},\"inLanguage\":\"fr-FR\",\"potentialAction\":[{\"@type\":\"ReadAction\",\"target\":[\"https:\/\/www.africa-press.net\/cotedivoire\/toutes-les-actualites\/protocole-daccord-pour-lutte-contre-la-drepanocytose\"]}]},{\"@type\":\"ImageObject\",\"inLanguage\":\"fr-FR\",\"@id\":\"https:\/\/www.africa-press.net\/cotedivoire\/toutes-les-actualites\/protocole-daccord-pour-lutte-contre-la-drepanocytose#primaryimage\",\"url\":\"https:\/\/static.africa-press.net\/cote\/sites\/43\/2025\/09\/sm_1759236484.755363.jpg\",\"contentUrl\":\"https:\/\/static.africa-press.net\/cote\/sites\/43\/2025\/09\/sm_1759236484.755363.jpg\",\"width\":720,\"height\":340,\"caption\":\"Protocole d'Accord pour Lutte Contre la Dr\u00e9panocytose\"},{\"@type\":\"BreadcrumbList\",\"@id\":\"https:\/\/www.africa-press.net\/cotedivoire\/toutes-les-actualites\/protocole-daccord-pour-lutte-contre-la-drepanocytose#breadcrumb\",\"itemListElement\":[{\"@type\":\"ListItem\",\"position\":1,\"name\":\"Accueil\",\"item\":\"https:\/\/www.africa-press.net\/cotedivoire\/\"},{\"@type\":\"ListItem\",\"position\":2,\"name\":\"Protocole d&#8217;Accord pour Lutte Contre la Dr\u00e9panocytose\"}]},{\"@type\":\"WebSite\",\"@id\":\"https:\/\/www.africa-press.net\/cotedivoire\/#website\",\"url\":\"https:\/\/www.africa-press.net\/cotedivoire\/\",\"name\":\"C\u00f4te d&#039;Ivoire\",\"description\":\"Just another Africa News Agency Sites site\",\"potentialAction\":[{\"@type\":\"SearchAction\",\"target\":{\"@type\":\"EntryPoint\",\"urlTemplate\":\"https:\/\/www.africa-press.net\/cotedivoire\/?s={search_term_string}\"},\"query-input\":{\"@type\":\"PropertyValueSpecification\",\"valueRequired\":true,\"valueName\":\"search_term_string\"}}],\"inLanguage\":\"fr-FR\"},{\"@type\":\"Person\",\"@id\":\"https:\/\/www.africa-press.net\/cotedivoire\/#\/schema\/person\/2b1cf3cd81a31e3cd26889ca66d677f1\",\"name\":\"cfeditorfr\"}]}<\/script>\n<!-- \/ Yoast SEO Premium plugin. -->","yoast_head_json":{"title":"Protocole d'Accord pour Lutte Contre la Dr\u00e9panocytose - C\u00f4te d&#039;Ivoire","description":"La lutte contre la dre\u0301panocytose franchit un nouveau cap en Co\u0302te d\u2019Ivoire. Le lundi 29 septembre, a\u0300 Abidjan, le Minis ...","robots":{"index":"index","follow":"follow","max-snippet":"max-snippet:-1","max-image-preview":"max-image-preview:large","max-video-preview":"max-video-preview:-1"},"canonical":"https:\/\/www.africa-press.net\/cotedivoire\/toutes-les-actualites\/protocole-daccord-pour-lutte-contre-la-drepanocytose","og_locale":"fr_FR","og_type":"article","og_title":"Protocole d'Accord pour Lutte Contre la Dr\u00e9panocytose","og_description":"La lutte contre la dre\u0301panocytose franchit un nouveau cap en Co\u0302te d\u2019Ivoire. Le lundi 29 septembre, a\u0300 Abidjan, le Minis ...","og_url":"https:\/\/www.africa-press.net\/cotedivoire\/toutes-les-actualites\/protocole-daccord-pour-lutte-contre-la-drepanocytose","og_site_name":"C\u00f4te d&#039;Ivoire","article_published_time":"2025-09-30T15:59:52+00:00","article_modified_time":"2025-09-30T16:18:24+00:00","og_image":[{"width":720,"height":340,"url":"https:\/\/static.africa-press.net\/cote\/sites\/43\/2025\/09\/sm_1759236484.755363.jpg","type":"image\/jpeg"}],"author":"cfeditorfr","twitter_card":"summary_large_image","twitter_misc":{"\u00c9crit par":"cfeditorfr","Dur\u00e9e de lecture estim\u00e9e":"3 minutes"},"schema":{"@context":"https:\/\/schema.org","@graph":[{"@type":"Article","@id":"https:\/\/www.africa-press.net\/cotedivoire\/toutes-les-actualites\/protocole-daccord-pour-lutte-contre-la-drepanocytose#article","isPartOf":{"@id":"https:\/\/www.africa-press.net\/cotedivoire\/toutes-les-actualites\/protocole-daccord-pour-lutte-contre-la-drepanocytose"},"author":{"name":"cfeditorfr","@id":"https:\/\/www.africa-press.net\/cotedivoire\/#\/schema\/person\/2b1cf3cd81a31e3cd26889ca66d677f1"},"headline":"Protocole d&rsquo;Accord pour Lutte Contre la Dr\u00e9panocytose","datePublished":"2025-09-30T15:59:52+00:00","dateModified":"2025-09-30T16:18:24+00:00","mainEntityOfPage":{"@id":"https:\/\/www.africa-press.net\/cotedivoire\/toutes-les-actualites\/protocole-daccord-pour-lutte-contre-la-drepanocytose"},"wordCount":712,"commentCount":0,"image":{"@id":"https:\/\/www.africa-press.net\/cotedivoire\/toutes-les-actualites\/protocole-daccord-pour-lutte-contre-la-drepanocytose#primaryimage"},"thumbnailUrl":"https:\/\/static.africa-press.net\/cote\/sites\/43\/2025\/09\/sm_1759236484.755363.jpg","keywords":["Bouak\u00e9","C\u00d4TE D'IVOIRE","d\u00e9pistage","dr\u00e9panocytose","Gb\u00eak\u00ea","MSHPCMU","partenariat sant\u00e9","sant\u00e9 publique","TERUMO Blood"],"articleSection":["Communaut\u00e9","Toutes les actualit\u00e9s"],"inLanguage":"fr-FR","potentialAction":[{"@type":"CommentAction","name":"Comment","target":["https:\/\/www.africa-press.net\/cotedivoire\/toutes-les-actualites\/protocole-daccord-pour-lutte-contre-la-drepanocytose#respond"]}]},{"@type":"WebPage","@id":"https:\/\/www.africa-press.net\/cotedivoire\/toutes-les-actualites\/protocole-daccord-pour-lutte-contre-la-drepanocytose","url":"https:\/\/www.africa-press.net\/cotedivoire\/toutes-les-actualites\/protocole-daccord-pour-lutte-contre-la-drepanocytose","name":"Protocole d'Accord pour Lutte Contre la Dr\u00e9panocytose - C\u00f4te d&#039;Ivoire","isPartOf":{"@id":"https:\/\/www.africa-press.net\/cotedivoire\/#website"},"primaryImageOfPage":{"@id":"https:\/\/www.africa-press.net\/cotedivoire\/toutes-les-actualites\/protocole-daccord-pour-lutte-contre-la-drepanocytose#primaryimage"},"image":{"@id":"https:\/\/www.africa-press.net\/cotedivoire\/toutes-les-actualites\/protocole-daccord-pour-lutte-contre-la-drepanocytose#primaryimage"},"thumbnailUrl":"https:\/\/static.africa-press.net\/cote\/sites\/43\/2025\/09\/sm_1759236484.755363.jpg","datePublished":"2025-09-30T15:59:52+00:00","dateModified":"2025-09-30T16:18:24+00:00","author":{"@id":"https:\/\/www.africa-press.net\/cotedivoire\/#\/schema\/person\/2b1cf3cd81a31e3cd26889ca66d677f1"},"description":"La lutte contre la dre\u0301panocytose franchit un nouveau cap en Co\u0302te d\u2019Ivoire. Le lundi 29 septembre, a\u0300 Abidjan, le Minis ...","breadcrumb":{"@id":"https:\/\/www.africa-press.net\/cotedivoire\/toutes-les-actualites\/protocole-daccord-pour-lutte-contre-la-drepanocytose#breadcrumb"},"inLanguage":"fr-FR","potentialAction":[{"@type":"ReadAction","target":["https:\/\/www.africa-press.net\/cotedivoire\/toutes-les-actualites\/protocole-daccord-pour-lutte-contre-la-drepanocytose"]}]},{"@type":"ImageObject","inLanguage":"fr-FR","@id":"https:\/\/www.africa-press.net\/cotedivoire\/toutes-les-actualites\/protocole-daccord-pour-lutte-contre-la-drepanocytose#primaryimage","url":"https:\/\/static.africa-press.net\/cote\/sites\/43\/2025\/09\/sm_1759236484.755363.jpg","contentUrl":"https:\/\/static.africa-press.net\/cote\/sites\/43\/2025\/09\/sm_1759236484.755363.jpg","width":720,"height":340,"caption":"Protocole d'Accord pour Lutte Contre la Dr\u00e9panocytose"},{"@type":"BreadcrumbList","@id":"https:\/\/www.africa-press.net\/cotedivoire\/toutes-les-actualites\/protocole-daccord-pour-lutte-contre-la-drepanocytose#breadcrumb","itemListElement":[{"@type":"ListItem","position":1,"name":"Accueil","item":"https:\/\/www.africa-press.net\/cotedivoire\/"},{"@type":"ListItem","position":2,"name":"Protocole d&#8217;Accord pour Lutte Contre la Dr\u00e9panocytose"}]},{"@type":"WebSite","@id":"https:\/\/www.africa-press.net\/cotedivoire\/#website","url":"https:\/\/www.africa-press.net\/cotedivoire\/","name":"C\u00f4te d&#039;Ivoire","description":"Just another Africa News Agency Sites site","potentialAction":[{"@type":"SearchAction","target":{"@type":"EntryPoint","urlTemplate":"https:\/\/www.africa-press.net\/cotedivoire\/?s={search_term_string}"},"query-input":{"@type":"PropertyValueSpecification","valueRequired":true,"valueName":"search_term_string"}}],"inLanguage":"fr-FR"},{"@type":"Person","@id":"https:\/\/www.africa-press.net\/cotedivoire\/#\/schema\/person\/2b1cf3cd81a31e3cd26889ca66d677f1","name":"cfeditorfr"}]}},"_links":{"self":[{"href":"https:\/\/www.africa-press.net\/cotedivoire\/wp-json\/wp\/v2\/posts\/106012","targetHints":{"allow":["GET"]}}],"collection":[{"href":"https:\/\/www.africa-press.net\/cotedivoire\/wp-json\/wp\/v2\/posts"}],"about":[{"href":"https:\/\/www.africa-press.net\/cotedivoire\/wp-json\/wp\/v2\/types\/post"}],"author":[{"embeddable":true,"href":"https:\/\/www.africa-press.net\/cotedivoire\/wp-json\/wp\/v2\/users\/82"}],"replies":[{"embeddable":true,"href":"https:\/\/www.africa-press.net\/cotedivoire\/wp-json\/wp\/v2\/comments?post=106012"}],"version-history":[{"count":0,"href":"https:\/\/www.africa-press.net\/cotedivoire\/wp-json\/wp\/v2\/posts\/106012\/revisions"}],"wp:featuredmedia":[{"embeddable":true,"href":"https:\/\/www.africa-press.net\/cotedivoire\/wp-json\/wp\/v2\/media\/106011"}],"wp:attachment":[{"href":"https:\/\/www.africa-press.net\/cotedivoire\/wp-json\/wp\/v2\/media?parent=106012"}],"wp:term":[{"taxonomy":"category","embeddable":true,"href":"https:\/\/www.africa-press.net\/cotedivoire\/wp-json\/wp\/v2\/categories?post=106012"},{"taxonomy":"post_tag","embeddable":true,"href":"https:\/\/www.africa-press.net\/cotedivoire\/wp-json\/wp\/v2\/tags?post=106012"}],"curies":[{"name":"wp","href":"https:\/\/api.w.org\/{rel}","templated":true}]}}