{"id":106024,"date":"2025-09-30T16:01:22","date_gmt":"2025-09-30T16:01:22","guid":{"rendered":"https:\/\/www.africa-press.net\/cotedivoire\/politique\/traore-yakouba-relance-la-fesaci-cg-pour-un-nouveau-depart"},"modified":"2025-09-30T16:19:44","modified_gmt":"2025-09-30T16:19:44","slug":"traore-yakouba-relance-la-fesaci-cg-pour-un-nouveau-depart","status":"publish","type":"post","link":"https:\/\/www.africa-press.net\/cotedivoire\/toutes-les-actualites\/traore-yakouba-relance-la-fesaci-cg-pour-un-nouveau-depart","title":{"rendered":"Traor\u00e9 Yakouba Relance la FESACI-CG pour un Nouveau D\u00e9part"},"content":{"rendered":"<p><span style=\"color: #ff6600\"><strong>Africa-Press &#8211; C\u00f4te d&rsquo;Ivoire. <\/strong><\/span>Apre\u0300s une pe\u0301riode de relative le\u0301thargie, la Fe\u0301de\u0301ration des Syndicats Autonomes de Co\u0302te d&rsquo;Ivoire-Confe\u0301de\u0301ration Ge\u0301ne\u0301rale (FESACI-CG) se remet en ordre de bataille. A\u0300 l\u2019occasion d\u2019une Assemble\u0301e ge\u0301ne\u0301rale extraordinaire tenue ce samedi au sie\u0300ge de l&rsquo;organisation a\u0300 la Riviera, plus de 195 de\u0301le\u0301gue\u0301s issus des syndicats membres et affilie\u0301s a\u0300 travers tout le pays se sont re\u0301unis autour de leur Secre\u0301taire Ge\u0301ne\u0301ral, Traore\u0301 Yacouba, pour redonner un nouvel e\u0301lan a\u0300 la centrale syndicale.<\/p>\n<p>L\u2019un des points majeurs de cette rencontre exceptionnelle a e\u0301te\u0301 l\u2019examen et la re\u0301vision des textes fondateurs de la FESACI-CG, datant du 14 mars 2020. Ce toilettage s\u2019imposait pour aligner le fonctionnement de la confe\u0301de\u0301ration avec les nouvelles re\u0301alite\u0301s du monde syndical et les de\u0301fis actuels du monde du travail.<\/p>\n<p>\u00ab Il e\u0301tait indispensable d\u2019adapter notre cadre juridique afin de re\u0301pondre efficacement aux attentes des travailleurs \u00bb, a explique\u0301 un membre du comite\u0301 de re\u0301daction des nouveaux statuts.<\/p>\n<p>Dans son discours d\u2019ouverture, Traore\u0301 Yakouba a salue\u0301 la re\u0301silience de la FESACI-CG face aux turbulences passe\u0301es, assurant que \u00ab la crise est de\u0301sormais derrie\u0300re nous \u00bb. Il a tenu a\u0300 rassurer les militants: \u00abAucun syndicat n\u2019est parti. La FESACI-CG est reste\u0301e debout. Elle est ouverte a\u0300 tous, y compris a\u0300 ceux qui, a\u0300 un moment, ont pris leurs distances. Nous pro\u0302nons l\u2019unite\u0301 et la cohe\u0301sion. \u00bb<\/p>\n<p>Le leader syndical a profite\u0301 de l\u2019occasion pour re\u0301affirmer sa vision: faire de la FESACI-CG un acteur central dans l\u2019ame\u0301lioration durable des conditions de vie et de travail des Ivoiriens.<\/p>\n<p>S\u2019exprimant sur les acquis re\u0301cents obtenus sans mouvements de gre\u0300ve, Traore\u0301 Yacouba a salue\u0301 l\u2019instauration du dialogue social par le gouvernement depuis 2017, un me\u0301canisme qu\u2019il juge efficace, apaise\u0301 et porteur de re\u0301sultats concrets.<\/p>\n<p>\u00ab Pendant des de\u0301cennies, les gre\u0300ves e\u0301taient notre seul outil de revendication. Cela nous a souvent cou\u0302te\u0301 des suspensions de salaires et des tensions sociales. Mais depuis que nous avons opte\u0301 pour le dialogue social, les travailleurs ont obtenu des avance\u0301es majeures chiffre\u0301es en milliards de FCFA, sans recourir a\u0300 des humeurs \u00bb, a-t-il souligne\u0301.<\/p>\n<p>Il a ainsi appele\u0301 les de\u0301le\u0301gue\u0301s a\u0300 s\u2019approprier et a\u0300 promouvoir cette dynamique qui renforce les droits des travailleurs tout en consolidant la paix sociale.<\/p>\n<p>Clo\u0302turant les travaux, le Secre\u0301taire Ge\u0301ne\u0301ral a lance\u0301 un appel renouvele\u0301 a\u0300 la fraternite\u0301 syndicale: \u00ab La FESACI est l\u2019affaire de tous. Nous devons la ba\u0302tir ensemble dans un esprit de camaraderie. Notre ambition, c\u2019est une FESACI rassemble\u0301e, plus forte, et capable d\u2019obtenir des re\u0301sultats tangibles pour tous les travailleurs, qu\u2019ils soient du secteur public ou prive\u0301. \u00bb<\/p>\n<p>Cette Assemble\u0301e ge\u0301ne\u0301rale extraordinaire marque une nouvelle e\u0301tape dans la vie de la FESACI-CG. Avec des textes re\u0301nove\u0301s, une direction affirme\u0301e et un cap clair, la centrale syndicale veut jouer pleinement son ro\u0302le dans le paysage social ivoirien.<\/p>\n<p>Le de\u0301fi est de\u0301sormais lance\u0301: consolider l\u2019unite\u0301 syndicale, renforcer la voix des travailleurs, et inscrire durablement les revendications dans un cadre de dialogue social constructif et efficace.<\/p>\n<p><strong>Pour plus d&rsquo;informations et d&rsquo;analyses sur la <span style=\"color: #ff6600\">C\u00f4te d&rsquo;Ivoire<\/span>, suivez <span style=\"color: #ff6600\">Africa-Press<\/span><\/strong><\/p>\n","protected":false},"excerpt":{"rendered":"<p>Africa-Press &#8211; C\u00f4te d&rsquo;Ivoire. Apre\u0300s une pe\u0301riode de relative le\u0301thargie, la Fe\u0301de\u0301ration des Syndicats Autonomes de Co\u0302te d&rsquo;Ivoire-Confe\u0301de\u0301ration Ge\u0301ne\u0301rale (FESACI-CG) se remet en ordre de bataille. A\u0300 l\u2019occasion d\u2019une Assemble\u0301e ge\u0301ne\u0301rale extraordinaire tenue ce samedi au sie\u0300ge de l&rsquo;organisation a\u0300 la Riviera, plus de 195 de\u0301le\u0301gue\u0301s issus des syndicats membres et affilie\u0301s a\u0300 travers tout [&hellip;]<\/p>\n","protected":false},"author":82,"featured_media":106023,"comment_status":"open","ping_status":"closed","sticky":false,"template":"","format":"standard","meta":{"footnotes":""},"categories":[21,10],"tags":[29,18466,11461,13953,4348,844,14184,4252],"class_list":["post-106024","post","type-post","status-publish","format-standard","has-post-thumbnail","hentry","category-communaute","category-toutes-les-actualites","tag-cote-divoire","tag-dialogue-social","tag-fesaci-cg","tag-reformes","tag-syndicales","tag-syndicat","tag-traore-yakouba","tag-travailleurs"],"yoast_head":"<!-- This site is optimized with the Yoast SEO Premium plugin v26.1 (Yoast SEO v27.0) - https:\/\/yoast.com\/product\/yoast-seo-premium-wordpress\/ -->\n<title>Traor\u00e9 Yakouba Relance la FESACI-CG pour un Nouveau D\u00e9part - C\u00f4te d&#039;Ivoire<\/title>\n<meta name=\"description\" content=\"Apre\u0300s une pe\u0301riode de relative le\u0301thargie, la Fe\u0301de\u0301ration des Syndicats Autonomes de Co\u0302te d&#039;Ivoire-Confe\u0301de\u0301ration Ge ...\" \/>\n<meta name=\"robots\" content=\"index, follow, max-snippet:-1, max-image-preview:large, max-video-preview:-1\" \/>\n<link rel=\"canonical\" href=\"https:\/\/www.africa-press.net\/cotedivoire\/toutes-les-actualites\/traore-yakouba-relance-la-fesaci-cg-pour-un-nouveau-depart\" \/>\n<meta property=\"og:locale\" content=\"fr_FR\" \/>\n<meta property=\"og:type\" content=\"article\" \/>\n<meta property=\"og:title\" content=\"Traor\u00e9 Yakouba Relance la FESACI-CG pour un Nouveau D\u00e9part\" \/>\n<meta property=\"og:description\" content=\"Apre\u0300s une pe\u0301riode de relative le\u0301thargie, la Fe\u0301de\u0301ration des Syndicats Autonomes de Co\u0302te d&#039;Ivoire-Confe\u0301de\u0301ration Ge ...\" \/>\n<meta property=\"og:url\" content=\"https:\/\/www.africa-press.net\/cotedivoire\/toutes-les-actualites\/traore-yakouba-relance-la-fesaci-cg-pour-un-nouveau-depart\" \/>\n<meta property=\"og:site_name\" content=\"C\u00f4te d&#039;Ivoire\" \/>\n<meta property=\"article:published_time\" content=\"2025-09-30T16:01:22+00:00\" \/>\n<meta property=\"article:modified_time\" content=\"2025-09-30T16:19:44+00:00\" \/>\n<meta property=\"og:image\" content=\"https:\/\/static.africa-press.net\/cote\/sites\/43\/2025\/09\/sm_1759236557.885335.jpg\" \/>\n\t<meta property=\"og:image:width\" content=\"720\" \/>\n\t<meta property=\"og:image:height\" content=\"316\" \/>\n\t<meta property=\"og:image:type\" content=\"image\/jpeg\" \/>\n<meta name=\"author\" content=\"cfeditorfr\" \/>\n<meta name=\"twitter:card\" content=\"summary_large_image\" \/>\n<meta name=\"twitter:label1\" content=\"\u00c9crit par\" \/>\n\t<meta name=\"twitter:data1\" content=\"cfeditorfr\" \/>\n\t<meta name=\"twitter:label2\" content=\"Dur\u00e9e de lecture estim\u00e9e\" \/>\n\t<meta name=\"twitter:data2\" content=\"3 minutes\" \/>\n<script type=\"application\/ld+json\" class=\"yoast-schema-graph\">{\"@context\":\"https:\/\/schema.org\",\"@graph\":[{\"@type\":\"Article\",\"@id\":\"https:\/\/www.africa-press.net\/cotedivoire\/toutes-les-actualites\/traore-yakouba-relance-la-fesaci-cg-pour-un-nouveau-depart#article\",\"isPartOf\":{\"@id\":\"https:\/\/www.africa-press.net\/cotedivoire\/toutes-les-actualites\/traore-yakouba-relance-la-fesaci-cg-pour-un-nouveau-depart\"},\"author\":{\"name\":\"cfeditorfr\",\"@id\":\"https:\/\/www.africa-press.net\/cotedivoire\/#\/schema\/person\/2b1cf3cd81a31e3cd26889ca66d677f1\"},\"headline\":\"Traor\u00e9 Yakouba Relance la FESACI-CG pour un Nouveau D\u00e9part\",\"datePublished\":\"2025-09-30T16:01:22+00:00\",\"dateModified\":\"2025-09-30T16:19:44+00:00\",\"mainEntityOfPage\":{\"@id\":\"https:\/\/www.africa-press.net\/cotedivoire\/toutes-les-actualites\/traore-yakouba-relance-la-fesaci-cg-pour-un-nouveau-depart\"},\"wordCount\":596,\"commentCount\":0,\"image\":{\"@id\":\"https:\/\/www.africa-press.net\/cotedivoire\/toutes-les-actualites\/traore-yakouba-relance-la-fesaci-cg-pour-un-nouveau-depart#primaryimage\"},\"thumbnailUrl\":\"https:\/\/static.africa-press.net\/cote\/sites\/43\/2025\/09\/sm_1759236557.885335.jpg\",\"keywords\":[\"C\u00d4TE D'IVOIRE\",\"Dialogue Social\",\"FESACI-CG\",\"r\u00e9formes\",\"syndicales\",\"syndicat\",\"Traor\u00e9 Yakouba\",\"travailleurs\"],\"articleSection\":[\"Communaut\u00e9\",\"Toutes les actualit\u00e9s\"],\"inLanguage\":\"fr-FR\",\"potentialAction\":[{\"@type\":\"CommentAction\",\"name\":\"Comment\",\"target\":[\"https:\/\/www.africa-press.net\/cotedivoire\/toutes-les-actualites\/traore-yakouba-relance-la-fesaci-cg-pour-un-nouveau-depart#respond\"]}]},{\"@type\":\"WebPage\",\"@id\":\"https:\/\/www.africa-press.net\/cotedivoire\/toutes-les-actualites\/traore-yakouba-relance-la-fesaci-cg-pour-un-nouveau-depart\",\"url\":\"https:\/\/www.africa-press.net\/cotedivoire\/toutes-les-actualites\/traore-yakouba-relance-la-fesaci-cg-pour-un-nouveau-depart\",\"name\":\"Traor\u00e9 Yakouba Relance la FESACI-CG pour un Nouveau D\u00e9part - C\u00f4te d&#039;Ivoire\",\"isPartOf\":{\"@id\":\"https:\/\/www.africa-press.net\/cotedivoire\/#website\"},\"primaryImageOfPage\":{\"@id\":\"https:\/\/www.africa-press.net\/cotedivoire\/toutes-les-actualites\/traore-yakouba-relance-la-fesaci-cg-pour-un-nouveau-depart#primaryimage\"},\"image\":{\"@id\":\"https:\/\/www.africa-press.net\/cotedivoire\/toutes-les-actualites\/traore-yakouba-relance-la-fesaci-cg-pour-un-nouveau-depart#primaryimage\"},\"thumbnailUrl\":\"https:\/\/static.africa-press.net\/cote\/sites\/43\/2025\/09\/sm_1759236557.885335.jpg\",\"datePublished\":\"2025-09-30T16:01:22+00:00\",\"dateModified\":\"2025-09-30T16:19:44+00:00\",\"author\":{\"@id\":\"https:\/\/www.africa-press.net\/cotedivoire\/#\/schema\/person\/2b1cf3cd81a31e3cd26889ca66d677f1\"},\"description\":\"Apre\u0300s une pe\u0301riode de relative le\u0301thargie, la Fe\u0301de\u0301ration des Syndicats Autonomes de Co\u0302te d'Ivoire-Confe\u0301de\u0301ration Ge ...\",\"breadcrumb\":{\"@id\":\"https:\/\/www.africa-press.net\/cotedivoire\/toutes-les-actualites\/traore-yakouba-relance-la-fesaci-cg-pour-un-nouveau-depart#breadcrumb\"},\"inLanguage\":\"fr-FR\",\"potentialAction\":[{\"@type\":\"ReadAction\",\"target\":[\"https:\/\/www.africa-press.net\/cotedivoire\/toutes-les-actualites\/traore-yakouba-relance-la-fesaci-cg-pour-un-nouveau-depart\"]}]},{\"@type\":\"ImageObject\",\"inLanguage\":\"fr-FR\",\"@id\":\"https:\/\/www.africa-press.net\/cotedivoire\/toutes-les-actualites\/traore-yakouba-relance-la-fesaci-cg-pour-un-nouveau-depart#primaryimage\",\"url\":\"https:\/\/static.africa-press.net\/cote\/sites\/43\/2025\/09\/sm_1759236557.885335.jpg\",\"contentUrl\":\"https:\/\/static.africa-press.net\/cote\/sites\/43\/2025\/09\/sm_1759236557.885335.jpg\",\"width\":720,\"height\":316,\"caption\":\"Traor\u00e9 Yakouba Relance la FESACI-CG pour un Nouveau D\u00e9part\"},{\"@type\":\"BreadcrumbList\",\"@id\":\"https:\/\/www.africa-press.net\/cotedivoire\/toutes-les-actualites\/traore-yakouba-relance-la-fesaci-cg-pour-un-nouveau-depart#breadcrumb\",\"itemListElement\":[{\"@type\":\"ListItem\",\"position\":1,\"name\":\"Accueil\",\"item\":\"https:\/\/www.africa-press.net\/cotedivoire\/\"},{\"@type\":\"ListItem\",\"position\":2,\"name\":\"Traor\u00e9 Yakouba Relance la FESACI-CG pour un Nouveau D\u00e9part\"}]},{\"@type\":\"WebSite\",\"@id\":\"https:\/\/www.africa-press.net\/cotedivoire\/#website\",\"url\":\"https:\/\/www.africa-press.net\/cotedivoire\/\",\"name\":\"C\u00f4te d&#039;Ivoire\",\"description\":\"Just another Africa News Agency Sites site\",\"potentialAction\":[{\"@type\":\"SearchAction\",\"target\":{\"@type\":\"EntryPoint\",\"urlTemplate\":\"https:\/\/www.africa-press.net\/cotedivoire\/?s={search_term_string}\"},\"query-input\":{\"@type\":\"PropertyValueSpecification\",\"valueRequired\":true,\"valueName\":\"search_term_string\"}}],\"inLanguage\":\"fr-FR\"},{\"@type\":\"Person\",\"@id\":\"https:\/\/www.africa-press.net\/cotedivoire\/#\/schema\/person\/2b1cf3cd81a31e3cd26889ca66d677f1\",\"name\":\"cfeditorfr\"}]}<\/script>\n<!-- \/ Yoast SEO Premium plugin. -->","yoast_head_json":{"title":"Traor\u00e9 Yakouba Relance la FESACI-CG pour un Nouveau D\u00e9part - C\u00f4te d&#039;Ivoire","description":"Apre\u0300s une pe\u0301riode de relative le\u0301thargie, la Fe\u0301de\u0301ration des Syndicats Autonomes de Co\u0302te d'Ivoire-Confe\u0301de\u0301ration Ge ...","robots":{"index":"index","follow":"follow","max-snippet":"max-snippet:-1","max-image-preview":"max-image-preview:large","max-video-preview":"max-video-preview:-1"},"canonical":"https:\/\/www.africa-press.net\/cotedivoire\/toutes-les-actualites\/traore-yakouba-relance-la-fesaci-cg-pour-un-nouveau-depart","og_locale":"fr_FR","og_type":"article","og_title":"Traor\u00e9 Yakouba Relance la FESACI-CG pour un Nouveau D\u00e9part","og_description":"Apre\u0300s une pe\u0301riode de relative le\u0301thargie, la Fe\u0301de\u0301ration des Syndicats Autonomes de Co\u0302te d'Ivoire-Confe\u0301de\u0301ration Ge ...","og_url":"https:\/\/www.africa-press.net\/cotedivoire\/toutes-les-actualites\/traore-yakouba-relance-la-fesaci-cg-pour-un-nouveau-depart","og_site_name":"C\u00f4te d&#039;Ivoire","article_published_time":"2025-09-30T16:01:22+00:00","article_modified_time":"2025-09-30T16:19:44+00:00","og_image":[{"width":720,"height":316,"url":"https:\/\/static.africa-press.net\/cote\/sites\/43\/2025\/09\/sm_1759236557.885335.jpg","type":"image\/jpeg"}],"author":"cfeditorfr","twitter_card":"summary_large_image","twitter_misc":{"\u00c9crit par":"cfeditorfr","Dur\u00e9e de lecture estim\u00e9e":"3 minutes"},"schema":{"@context":"https:\/\/schema.org","@graph":[{"@type":"Article","@id":"https:\/\/www.africa-press.net\/cotedivoire\/toutes-les-actualites\/traore-yakouba-relance-la-fesaci-cg-pour-un-nouveau-depart#article","isPartOf":{"@id":"https:\/\/www.africa-press.net\/cotedivoire\/toutes-les-actualites\/traore-yakouba-relance-la-fesaci-cg-pour-un-nouveau-depart"},"author":{"name":"cfeditorfr","@id":"https:\/\/www.africa-press.net\/cotedivoire\/#\/schema\/person\/2b1cf3cd81a31e3cd26889ca66d677f1"},"headline":"Traor\u00e9 Yakouba Relance la FESACI-CG pour un Nouveau D\u00e9part","datePublished":"2025-09-30T16:01:22+00:00","dateModified":"2025-09-30T16:19:44+00:00","mainEntityOfPage":{"@id":"https:\/\/www.africa-press.net\/cotedivoire\/toutes-les-actualites\/traore-yakouba-relance-la-fesaci-cg-pour-un-nouveau-depart"},"wordCount":596,"commentCount":0,"image":{"@id":"https:\/\/www.africa-press.net\/cotedivoire\/toutes-les-actualites\/traore-yakouba-relance-la-fesaci-cg-pour-un-nouveau-depart#primaryimage"},"thumbnailUrl":"https:\/\/static.africa-press.net\/cote\/sites\/43\/2025\/09\/sm_1759236557.885335.jpg","keywords":["C\u00d4TE D'IVOIRE","Dialogue Social","FESACI-CG","r\u00e9formes","syndicales","syndicat","Traor\u00e9 Yakouba","travailleurs"],"articleSection":["Communaut\u00e9","Toutes les actualit\u00e9s"],"inLanguage":"fr-FR","potentialAction":[{"@type":"CommentAction","name":"Comment","target":["https:\/\/www.africa-press.net\/cotedivoire\/toutes-les-actualites\/traore-yakouba-relance-la-fesaci-cg-pour-un-nouveau-depart#respond"]}]},{"@type":"WebPage","@id":"https:\/\/www.africa-press.net\/cotedivoire\/toutes-les-actualites\/traore-yakouba-relance-la-fesaci-cg-pour-un-nouveau-depart","url":"https:\/\/www.africa-press.net\/cotedivoire\/toutes-les-actualites\/traore-yakouba-relance-la-fesaci-cg-pour-un-nouveau-depart","name":"Traor\u00e9 Yakouba Relance la FESACI-CG pour un Nouveau D\u00e9part - C\u00f4te d&#039;Ivoire","isPartOf":{"@id":"https:\/\/www.africa-press.net\/cotedivoire\/#website"},"primaryImageOfPage":{"@id":"https:\/\/www.africa-press.net\/cotedivoire\/toutes-les-actualites\/traore-yakouba-relance-la-fesaci-cg-pour-un-nouveau-depart#primaryimage"},"image":{"@id":"https:\/\/www.africa-press.net\/cotedivoire\/toutes-les-actualites\/traore-yakouba-relance-la-fesaci-cg-pour-un-nouveau-depart#primaryimage"},"thumbnailUrl":"https:\/\/static.africa-press.net\/cote\/sites\/43\/2025\/09\/sm_1759236557.885335.jpg","datePublished":"2025-09-30T16:01:22+00:00","dateModified":"2025-09-30T16:19:44+00:00","author":{"@id":"https:\/\/www.africa-press.net\/cotedivoire\/#\/schema\/person\/2b1cf3cd81a31e3cd26889ca66d677f1"},"description":"Apre\u0300s une pe\u0301riode de relative le\u0301thargie, la Fe\u0301de\u0301ration des Syndicats Autonomes de Co\u0302te d'Ivoire-Confe\u0301de\u0301ration Ge ...","breadcrumb":{"@id":"https:\/\/www.africa-press.net\/cotedivoire\/toutes-les-actualites\/traore-yakouba-relance-la-fesaci-cg-pour-un-nouveau-depart#breadcrumb"},"inLanguage":"fr-FR","potentialAction":[{"@type":"ReadAction","target":["https:\/\/www.africa-press.net\/cotedivoire\/toutes-les-actualites\/traore-yakouba-relance-la-fesaci-cg-pour-un-nouveau-depart"]}]},{"@type":"ImageObject","inLanguage":"fr-FR","@id":"https:\/\/www.africa-press.net\/cotedivoire\/toutes-les-actualites\/traore-yakouba-relance-la-fesaci-cg-pour-un-nouveau-depart#primaryimage","url":"https:\/\/static.africa-press.net\/cote\/sites\/43\/2025\/09\/sm_1759236557.885335.jpg","contentUrl":"https:\/\/static.africa-press.net\/cote\/sites\/43\/2025\/09\/sm_1759236557.885335.jpg","width":720,"height":316,"caption":"Traor\u00e9 Yakouba Relance la FESACI-CG pour un Nouveau D\u00e9part"},{"@type":"BreadcrumbList","@id":"https:\/\/www.africa-press.net\/cotedivoire\/toutes-les-actualites\/traore-yakouba-relance-la-fesaci-cg-pour-un-nouveau-depart#breadcrumb","itemListElement":[{"@type":"ListItem","position":1,"name":"Accueil","item":"https:\/\/www.africa-press.net\/cotedivoire\/"},{"@type":"ListItem","position":2,"name":"Traor\u00e9 Yakouba Relance la FESACI-CG pour un Nouveau D\u00e9part"}]},{"@type":"WebSite","@id":"https:\/\/www.africa-press.net\/cotedivoire\/#website","url":"https:\/\/www.africa-press.net\/cotedivoire\/","name":"C\u00f4te d&#039;Ivoire","description":"Just another Africa News Agency Sites site","potentialAction":[{"@type":"SearchAction","target":{"@type":"EntryPoint","urlTemplate":"https:\/\/www.africa-press.net\/cotedivoire\/?s={search_term_string}"},"query-input":{"@type":"PropertyValueSpecification","valueRequired":true,"valueName":"search_term_string"}}],"inLanguage":"fr-FR"},{"@type":"Person","@id":"https:\/\/www.africa-press.net\/cotedivoire\/#\/schema\/person\/2b1cf3cd81a31e3cd26889ca66d677f1","name":"cfeditorfr"}]}},"_links":{"self":[{"href":"https:\/\/www.africa-press.net\/cotedivoire\/wp-json\/wp\/v2\/posts\/106024","targetHints":{"allow":["GET"]}}],"collection":[{"href":"https:\/\/www.africa-press.net\/cotedivoire\/wp-json\/wp\/v2\/posts"}],"about":[{"href":"https:\/\/www.africa-press.net\/cotedivoire\/wp-json\/wp\/v2\/types\/post"}],"author":[{"embeddable":true,"href":"https:\/\/www.africa-press.net\/cotedivoire\/wp-json\/wp\/v2\/users\/82"}],"replies":[{"embeddable":true,"href":"https:\/\/www.africa-press.net\/cotedivoire\/wp-json\/wp\/v2\/comments?post=106024"}],"version-history":[{"count":0,"href":"https:\/\/www.africa-press.net\/cotedivoire\/wp-json\/wp\/v2\/posts\/106024\/revisions"}],"wp:featuredmedia":[{"embeddable":true,"href":"https:\/\/www.africa-press.net\/cotedivoire\/wp-json\/wp\/v2\/media\/106023"}],"wp:attachment":[{"href":"https:\/\/www.africa-press.net\/cotedivoire\/wp-json\/wp\/v2\/media?parent=106024"}],"wp:term":[{"taxonomy":"category","embeddable":true,"href":"https:\/\/www.africa-press.net\/cotedivoire\/wp-json\/wp\/v2\/categories?post=106024"},{"taxonomy":"post_tag","embeddable":true,"href":"https:\/\/www.africa-press.net\/cotedivoire\/wp-json\/wp\/v2\/tags?post=106024"}],"curies":[{"name":"wp","href":"https:\/\/api.w.org\/{rel}","templated":true}]}}