{"id":10603,"date":"2021-07-30T15:14:59","date_gmt":"2021-07-30T15:14:59","guid":{"rendered":"https:\/\/www.africa-press.net\/cotedivoire\/?p=10603"},"modified":"2021-07-30T18:19:51","modified_gmt":"2021-07-30T18:19:51","slug":"cote-divoire-la-cpi-leve-son-mandat-darret-contre-simone-gbagbo","status":"publish","type":"post","link":"https:\/\/www.africa-press.net\/cotedivoire\/dossiers\/cote-divoire-la-cpi-leve-son-mandat-darret-contre-simone-gbagbo","title":{"rendered":"la CPI l\u00e8ve son mandat d\u2019arr\u00eat contre Simone Gbagbo"},"content":{"rendered":"<p><span style=\"color: #ff6600\"><strong><a href=\"https:\/\/www.africa-press.net\/\">Africa-Press<\/a> &#8211; <a href=\"https:\/\/www.africa-press.net\/cotedivoire\">C\u00f4te d&rsquo;Ivoire<\/a>. <\/strong><\/span>Le mandat d\u2019arr\u00eat de la Cour p\u00e9nale internationale (CPI) contre l\u2019ex-Premi\u00e8re dame ivoirienne, accus\u00e9e notamment de crimes contre l\u2019humanit\u00e9 lors de la crise de 2010-2011, a \u00e9t\u00e9 lev\u00e9.<\/p>\n<p>Dans une d\u00e9cision rendue publique jeudi, la Cour p\u00e9nale internationale (CPI) a lev\u00e9 son mandat d\u2019arr\u00eat contre l\u2019ex-\u00e9pouse de Laurent Gbagbo. Elle \u00e9tait accus\u00e9e de crimes contre l\u2019humanit\u00e9 durant la crise post-\u00e9lectorale de 2010-2011, qui a fait plus de 3 000 victimes.<\/p>\n<p>\u00ab La Chambre consid\u00e8re qu\u2019il est appropri\u00e9 de d\u00e9cider que le mandat d\u2019arr\u00eat contre Simone Gbagbo cesse d\u2019\u00eatre effectif \u00bb, a \u00e9crit la CPI dans une d\u00e9cision de 7 pages, dat\u00e9e du 19 juillet mais d\u00e9voil\u00e9e seulement ce jeudi. Deux jours plus t\u00f4t, Alassane Ouattara et Laurent Gbagbo se retrouvaient pour la premi\u00e8re fois depuis dix ans, lors d\u2019une tr\u00e8s m\u00e9diatique rencontre au palais pr\u00e9sidentiel \u00e0 Abidjan.<\/p>\n<p><b>Chefs de crimes contre l\u2019humanit\u00e9<\/b><\/p>\n<p>\u00ab Bonne nouvelle pour Mme Simone Gbagbo (\u2026), elle pourra d\u00e9sormais librement voyager \u00e0 travers le monde entier, a r\u00e9agi son avocat Ange Rodrigue Dadj\u00e9, dans une d\u00e9claration transmise \u00e0 l\u2019AFP. Cette lev\u00e9e du mandat vient boucler d\u00e9finitivement les poursuites dont faisaient l\u2019objet les Gbagbo devant la CPI. \u00bb<\/p>\n<p>Simone Gbagbo \u00e9tait r\u00e9clam\u00e9e par la CPI pour quatre chefs de crimes contre l\u2019humanit\u00e9, \u00e0 savoir meurtre, viol, autres actes inhumains et pers\u00e9cution, commis pendant la crise post-\u00e9lectorale de 2010-2011.<\/p>\n<p>En mars dernier, la CPI avait d\u00e9finitivement acquitt\u00e9 Laurent Gbagbo, \u00e9galement poursuivi pour crimes contre l\u2019humanit\u00e9 ainsi que pour crimes de guerre. L\u2019ancien pr\u00e9sident avait pu faire son retour en C\u00f4te d\u2019Ivoire le 17 juin, apr\u00e8s dix ans d\u2019absence.<\/p>\n<p>Contrairement \u00e0 son \u00e9poux, Simone Gbagbo n\u2019avait jamais \u00e9t\u00e9 livr\u00e9e \u00e0 la CPI par les autorit\u00e9s ivoiriennes. Elle avait en revanche \u00e9t\u00e9 condamn\u00e9e en mars 2015 \u00e0 20 ans de prison \u00e0 Abidjan pour atteinte \u00e0 la s\u00fbret\u00e9 de l\u2019\u00c9tat. Elle avait finalement \u00e9t\u00e9 lib\u00e9r\u00e9e le 8 ao\u00fbt 2018, apr\u00e8s une amnistie d\u00e9cr\u00e9t\u00e9e par le pr\u00e9sident Alassane Ouattara afin de favoriser la r\u00e9conciliation nationale.<\/p>\n<p><b>\u00a0<\/b><\/p>\n","protected":false},"excerpt":{"rendered":"<p>Africa-Press &#8211; C\u00f4te d&rsquo;Ivoire. Le mandat d\u2019arr\u00eat de la Cour p\u00e9nale internationale (CPI) contre l\u2019ex-Premi\u00e8re dame ivoirienne, accus\u00e9e notamment de crimes contre l\u2019humanit\u00e9 lors de la crise de 2010-2011, a \u00e9t\u00e9 lev\u00e9. Dans une d\u00e9cision rendue publique jeudi, la Cour p\u00e9nale internationale (CPI) a lev\u00e9 son mandat d\u2019arr\u00eat contre l\u2019ex-\u00e9pouse de Laurent Gbagbo. Elle \u00e9tait [&hellip;]<\/p>\n","protected":false},"author":82,"featured_media":10602,"comment_status":"open","ping_status":"closed","sticky":false,"template":"","format":"standard","meta":{"footnotes":""},"categories":[7,11,10],"tags":[56,63,29],"class_list":["post-10603","post","type-post","status-publish","format-standard","has-post-thumbnail","hentry","category-dossiers","category-homepage-french","category-toutes-les-actualites","tag-africa-press","tag-africa-press-cote-divoire","tag-cote-divoire"],"yoast_head":"<!-- This site is optimized with the Yoast SEO Premium plugin v26.1 (Yoast SEO v27.0) - https:\/\/yoast.com\/product\/yoast-seo-premium-wordpress\/ -->\n<title>la CPI l\u00e8ve son mandat d\u2019arr\u00eat contre Simone Gbagbo - C\u00f4te d&#039;Ivoire<\/title>\n<meta name=\"description\" content=\"Le mandat d\u2019arr\u00eat de la Cour p\u00e9nale internationale (CPI) contre l\u2019ex-Premi\u00e8re dame ivoirienne, accus\u00e9e notamment de crim ...\" \/>\n<meta name=\"robots\" content=\"index, follow, max-snippet:-1, max-image-preview:large, max-video-preview:-1\" \/>\n<link rel=\"canonical\" href=\"https:\/\/www.africa-press.net\/cotedivoire\/dossiers\/cote-divoire-la-cpi-leve-son-mandat-darret-contre-simone-gbagbo\" \/>\n<meta property=\"og:locale\" content=\"fr_FR\" \/>\n<meta property=\"og:type\" content=\"article\" \/>\n<meta property=\"og:title\" content=\"la CPI l\u00e8ve son mandat d\u2019arr\u00eat contre Simone Gbagbo\" \/>\n<meta property=\"og:description\" content=\"Le mandat d\u2019arr\u00eat de la Cour p\u00e9nale internationale (CPI) contre l\u2019ex-Premi\u00e8re dame ivoirienne, accus\u00e9e notamment de crim ...\" \/>\n<meta property=\"og:url\" content=\"https:\/\/www.africa-press.net\/cotedivoire\/dossiers\/cote-divoire-la-cpi-leve-son-mandat-darret-contre-simone-gbagbo\" \/>\n<meta property=\"og:site_name\" content=\"C\u00f4te d&#039;Ivoire\" \/>\n<meta property=\"article:published_time\" content=\"2021-07-30T15:14:59+00:00\" \/>\n<meta property=\"article:modified_time\" content=\"2021-07-30T18:19:51+00:00\" \/>\n<meta property=\"og:image\" content=\"https:\/\/static.africa-press.net\/cote\/sites\/43\/2021\/07\/img-610412404a033.jpg\" \/>\n\t<meta property=\"og:image:width\" content=\"720\" \/>\n\t<meta property=\"og:image:height\" content=\"360\" \/>\n\t<meta property=\"og:image:type\" content=\"image\/jpeg\" \/>\n<meta name=\"author\" content=\"cfeditorfr\" \/>\n<meta name=\"twitter:card\" content=\"summary_large_image\" \/>\n<meta name=\"twitter:label1\" content=\"\u00c9crit par\" \/>\n\t<meta name=\"twitter:data1\" content=\"cfeditorfr\" \/>\n\t<meta name=\"twitter:label2\" content=\"Dur\u00e9e de lecture estim\u00e9e\" \/>\n\t<meta name=\"twitter:data2\" content=\"2 minutes\" \/>\n<script type=\"application\/ld+json\" class=\"yoast-schema-graph\">{\"@context\":\"https:\/\/schema.org\",\"@graph\":[{\"@type\":\"Article\",\"@id\":\"https:\/\/www.africa-press.net\/cotedivoire\/dossiers\/cote-divoire-la-cpi-leve-son-mandat-darret-contre-simone-gbagbo#article\",\"isPartOf\":{\"@id\":\"https:\/\/www.africa-press.net\/cotedivoire\/dossiers\/cote-divoire-la-cpi-leve-son-mandat-darret-contre-simone-gbagbo\"},\"author\":{\"name\":\"cfeditorfr\",\"@id\":\"https:\/\/www.africa-press.net\/cotedivoire\/#\/schema\/person\/2b1cf3cd81a31e3cd26889ca66d677f1\"},\"headline\":\"la CPI l\u00e8ve son mandat d\u2019arr\u00eat contre Simone Gbagbo\",\"datePublished\":\"2021-07-30T15:14:59+00:00\",\"dateModified\":\"2021-07-30T18:19:51+00:00\",\"mainEntityOfPage\":{\"@id\":\"https:\/\/www.africa-press.net\/cotedivoire\/dossiers\/cote-divoire-la-cpi-leve-son-mandat-darret-contre-simone-gbagbo\"},\"wordCount\":387,\"commentCount\":0,\"image\":{\"@id\":\"https:\/\/www.africa-press.net\/cotedivoire\/dossiers\/cote-divoire-la-cpi-leve-son-mandat-darret-contre-simone-gbagbo#primaryimage\"},\"thumbnailUrl\":\"https:\/\/static.africa-press.net\/cote\/sites\/43\/2021\/07\/img-610412404a033.jpg\",\"keywords\":[\"Africa Press\",\"Africa Press-C\u00f4te d'Ivoire\",\"C\u00d4TE D'IVOIRE\"],\"articleSection\":[\"Dossiers\",\"homepage-french\",\"Toutes les actualit\u00e9s\"],\"inLanguage\":\"fr-FR\",\"potentialAction\":[{\"@type\":\"CommentAction\",\"name\":\"Comment\",\"target\":[\"https:\/\/www.africa-press.net\/cotedivoire\/dossiers\/cote-divoire-la-cpi-leve-son-mandat-darret-contre-simone-gbagbo#respond\"]}]},{\"@type\":\"WebPage\",\"@id\":\"https:\/\/www.africa-press.net\/cotedivoire\/dossiers\/cote-divoire-la-cpi-leve-son-mandat-darret-contre-simone-gbagbo\",\"url\":\"https:\/\/www.africa-press.net\/cotedivoire\/dossiers\/cote-divoire-la-cpi-leve-son-mandat-darret-contre-simone-gbagbo\",\"name\":\"la CPI l\u00e8ve son mandat d\u2019arr\u00eat contre Simone Gbagbo - C\u00f4te d&#039;Ivoire\",\"isPartOf\":{\"@id\":\"https:\/\/www.africa-press.net\/cotedivoire\/#website\"},\"primaryImageOfPage\":{\"@id\":\"https:\/\/www.africa-press.net\/cotedivoire\/dossiers\/cote-divoire-la-cpi-leve-son-mandat-darret-contre-simone-gbagbo#primaryimage\"},\"image\":{\"@id\":\"https:\/\/www.africa-press.net\/cotedivoire\/dossiers\/cote-divoire-la-cpi-leve-son-mandat-darret-contre-simone-gbagbo#primaryimage\"},\"thumbnailUrl\":\"https:\/\/static.africa-press.net\/cote\/sites\/43\/2021\/07\/img-610412404a033.jpg\",\"datePublished\":\"2021-07-30T15:14:59+00:00\",\"dateModified\":\"2021-07-30T18:19:51+00:00\",\"author\":{\"@id\":\"https:\/\/www.africa-press.net\/cotedivoire\/#\/schema\/person\/2b1cf3cd81a31e3cd26889ca66d677f1\"},\"description\":\"Le mandat d\u2019arr\u00eat de la Cour p\u00e9nale internationale (CPI) contre l\u2019ex-Premi\u00e8re dame ivoirienne, accus\u00e9e notamment de crim ...\",\"breadcrumb\":{\"@id\":\"https:\/\/www.africa-press.net\/cotedivoire\/dossiers\/cote-divoire-la-cpi-leve-son-mandat-darret-contre-simone-gbagbo#breadcrumb\"},\"inLanguage\":\"fr-FR\",\"potentialAction\":[{\"@type\":\"ReadAction\",\"target\":[\"https:\/\/www.africa-press.net\/cotedivoire\/dossiers\/cote-divoire-la-cpi-leve-son-mandat-darret-contre-simone-gbagbo\"]}]},{\"@type\":\"ImageObject\",\"inLanguage\":\"fr-FR\",\"@id\":\"https:\/\/www.africa-press.net\/cotedivoire\/dossiers\/cote-divoire-la-cpi-leve-son-mandat-darret-contre-simone-gbagbo#primaryimage\",\"url\":\"https:\/\/static.africa-press.net\/cote\/sites\/43\/2021\/07\/img-610412404a033.jpg\",\"contentUrl\":\"https:\/\/static.africa-press.net\/cote\/sites\/43\/2021\/07\/img-610412404a033.jpg\",\"width\":720,\"height\":360,\"caption\":\"C\u00f4te d\u2019Ivoire : la CPI l\u00e8ve son mandat d\u2019arr\u00eat contre Simone Gbagbo\"},{\"@type\":\"BreadcrumbList\",\"@id\":\"https:\/\/www.africa-press.net\/cotedivoire\/dossiers\/cote-divoire-la-cpi-leve-son-mandat-darret-contre-simone-gbagbo#breadcrumb\",\"itemListElement\":[{\"@type\":\"ListItem\",\"position\":1,\"name\":\"Accueil\",\"item\":\"https:\/\/www.africa-press.net\/cotedivoire\/\"},{\"@type\":\"ListItem\",\"position\":2,\"name\":\"la CPI l\u00e8ve son mandat d\u2019arr\u00eat contre Simone Gbagbo\"}]},{\"@type\":\"WebSite\",\"@id\":\"https:\/\/www.africa-press.net\/cotedivoire\/#website\",\"url\":\"https:\/\/www.africa-press.net\/cotedivoire\/\",\"name\":\"C\u00f4te d&#039;Ivoire\",\"description\":\"Just another Africa News Agency Sites site\",\"potentialAction\":[{\"@type\":\"SearchAction\",\"target\":{\"@type\":\"EntryPoint\",\"urlTemplate\":\"https:\/\/www.africa-press.net\/cotedivoire\/?s={search_term_string}\"},\"query-input\":{\"@type\":\"PropertyValueSpecification\",\"valueRequired\":true,\"valueName\":\"search_term_string\"}}],\"inLanguage\":\"fr-FR\"},{\"@type\":\"Person\",\"@id\":\"https:\/\/www.africa-press.net\/cotedivoire\/#\/schema\/person\/2b1cf3cd81a31e3cd26889ca66d677f1\",\"name\":\"cfeditorfr\"}]}<\/script>\n<!-- \/ Yoast SEO Premium plugin. -->","yoast_head_json":{"title":"la CPI l\u00e8ve son mandat d\u2019arr\u00eat contre Simone Gbagbo - C\u00f4te d&#039;Ivoire","description":"Le mandat d\u2019arr\u00eat de la Cour p\u00e9nale internationale (CPI) contre l\u2019ex-Premi\u00e8re dame ivoirienne, accus\u00e9e notamment de crim ...","robots":{"index":"index","follow":"follow","max-snippet":"max-snippet:-1","max-image-preview":"max-image-preview:large","max-video-preview":"max-video-preview:-1"},"canonical":"https:\/\/www.africa-press.net\/cotedivoire\/dossiers\/cote-divoire-la-cpi-leve-son-mandat-darret-contre-simone-gbagbo","og_locale":"fr_FR","og_type":"article","og_title":"la CPI l\u00e8ve son mandat d\u2019arr\u00eat contre Simone Gbagbo","og_description":"Le mandat d\u2019arr\u00eat de la Cour p\u00e9nale internationale (CPI) contre l\u2019ex-Premi\u00e8re dame ivoirienne, accus\u00e9e notamment de crim ...","og_url":"https:\/\/www.africa-press.net\/cotedivoire\/dossiers\/cote-divoire-la-cpi-leve-son-mandat-darret-contre-simone-gbagbo","og_site_name":"C\u00f4te d&#039;Ivoire","article_published_time":"2021-07-30T15:14:59+00:00","article_modified_time":"2021-07-30T18:19:51+00:00","og_image":[{"width":720,"height":360,"url":"https:\/\/static.africa-press.net\/cote\/sites\/43\/2021\/07\/img-610412404a033.jpg","type":"image\/jpeg"}],"author":"cfeditorfr","twitter_card":"summary_large_image","twitter_misc":{"\u00c9crit par":"cfeditorfr","Dur\u00e9e de lecture estim\u00e9e":"2 minutes"},"schema":{"@context":"https:\/\/schema.org","@graph":[{"@type":"Article","@id":"https:\/\/www.africa-press.net\/cotedivoire\/dossiers\/cote-divoire-la-cpi-leve-son-mandat-darret-contre-simone-gbagbo#article","isPartOf":{"@id":"https:\/\/www.africa-press.net\/cotedivoire\/dossiers\/cote-divoire-la-cpi-leve-son-mandat-darret-contre-simone-gbagbo"},"author":{"name":"cfeditorfr","@id":"https:\/\/www.africa-press.net\/cotedivoire\/#\/schema\/person\/2b1cf3cd81a31e3cd26889ca66d677f1"},"headline":"la CPI l\u00e8ve son mandat d\u2019arr\u00eat contre Simone Gbagbo","datePublished":"2021-07-30T15:14:59+00:00","dateModified":"2021-07-30T18:19:51+00:00","mainEntityOfPage":{"@id":"https:\/\/www.africa-press.net\/cotedivoire\/dossiers\/cote-divoire-la-cpi-leve-son-mandat-darret-contre-simone-gbagbo"},"wordCount":387,"commentCount":0,"image":{"@id":"https:\/\/www.africa-press.net\/cotedivoire\/dossiers\/cote-divoire-la-cpi-leve-son-mandat-darret-contre-simone-gbagbo#primaryimage"},"thumbnailUrl":"https:\/\/static.africa-press.net\/cote\/sites\/43\/2021\/07\/img-610412404a033.jpg","keywords":["Africa Press","Africa Press-C\u00f4te d'Ivoire","C\u00d4TE D'IVOIRE"],"articleSection":["Dossiers","homepage-french","Toutes les actualit\u00e9s"],"inLanguage":"fr-FR","potentialAction":[{"@type":"CommentAction","name":"Comment","target":["https:\/\/www.africa-press.net\/cotedivoire\/dossiers\/cote-divoire-la-cpi-leve-son-mandat-darret-contre-simone-gbagbo#respond"]}]},{"@type":"WebPage","@id":"https:\/\/www.africa-press.net\/cotedivoire\/dossiers\/cote-divoire-la-cpi-leve-son-mandat-darret-contre-simone-gbagbo","url":"https:\/\/www.africa-press.net\/cotedivoire\/dossiers\/cote-divoire-la-cpi-leve-son-mandat-darret-contre-simone-gbagbo","name":"la CPI l\u00e8ve son mandat d\u2019arr\u00eat contre Simone Gbagbo - C\u00f4te d&#039;Ivoire","isPartOf":{"@id":"https:\/\/www.africa-press.net\/cotedivoire\/#website"},"primaryImageOfPage":{"@id":"https:\/\/www.africa-press.net\/cotedivoire\/dossiers\/cote-divoire-la-cpi-leve-son-mandat-darret-contre-simone-gbagbo#primaryimage"},"image":{"@id":"https:\/\/www.africa-press.net\/cotedivoire\/dossiers\/cote-divoire-la-cpi-leve-son-mandat-darret-contre-simone-gbagbo#primaryimage"},"thumbnailUrl":"https:\/\/static.africa-press.net\/cote\/sites\/43\/2021\/07\/img-610412404a033.jpg","datePublished":"2021-07-30T15:14:59+00:00","dateModified":"2021-07-30T18:19:51+00:00","author":{"@id":"https:\/\/www.africa-press.net\/cotedivoire\/#\/schema\/person\/2b1cf3cd81a31e3cd26889ca66d677f1"},"description":"Le mandat d\u2019arr\u00eat de la Cour p\u00e9nale internationale (CPI) contre l\u2019ex-Premi\u00e8re dame ivoirienne, accus\u00e9e notamment de crim ...","breadcrumb":{"@id":"https:\/\/www.africa-press.net\/cotedivoire\/dossiers\/cote-divoire-la-cpi-leve-son-mandat-darret-contre-simone-gbagbo#breadcrumb"},"inLanguage":"fr-FR","potentialAction":[{"@type":"ReadAction","target":["https:\/\/www.africa-press.net\/cotedivoire\/dossiers\/cote-divoire-la-cpi-leve-son-mandat-darret-contre-simone-gbagbo"]}]},{"@type":"ImageObject","inLanguage":"fr-FR","@id":"https:\/\/www.africa-press.net\/cotedivoire\/dossiers\/cote-divoire-la-cpi-leve-son-mandat-darret-contre-simone-gbagbo#primaryimage","url":"https:\/\/static.africa-press.net\/cote\/sites\/43\/2021\/07\/img-610412404a033.jpg","contentUrl":"https:\/\/static.africa-press.net\/cote\/sites\/43\/2021\/07\/img-610412404a033.jpg","width":720,"height":360,"caption":"C\u00f4te d\u2019Ivoire : la CPI l\u00e8ve son mandat d\u2019arr\u00eat contre Simone Gbagbo"},{"@type":"BreadcrumbList","@id":"https:\/\/www.africa-press.net\/cotedivoire\/dossiers\/cote-divoire-la-cpi-leve-son-mandat-darret-contre-simone-gbagbo#breadcrumb","itemListElement":[{"@type":"ListItem","position":1,"name":"Accueil","item":"https:\/\/www.africa-press.net\/cotedivoire\/"},{"@type":"ListItem","position":2,"name":"la CPI l\u00e8ve son mandat d\u2019arr\u00eat contre Simone Gbagbo"}]},{"@type":"WebSite","@id":"https:\/\/www.africa-press.net\/cotedivoire\/#website","url":"https:\/\/www.africa-press.net\/cotedivoire\/","name":"C\u00f4te d&#039;Ivoire","description":"Just another Africa News Agency Sites site","potentialAction":[{"@type":"SearchAction","target":{"@type":"EntryPoint","urlTemplate":"https:\/\/www.africa-press.net\/cotedivoire\/?s={search_term_string}"},"query-input":{"@type":"PropertyValueSpecification","valueRequired":true,"valueName":"search_term_string"}}],"inLanguage":"fr-FR"},{"@type":"Person","@id":"https:\/\/www.africa-press.net\/cotedivoire\/#\/schema\/person\/2b1cf3cd81a31e3cd26889ca66d677f1","name":"cfeditorfr"}]}},"_links":{"self":[{"href":"https:\/\/www.africa-press.net\/cotedivoire\/wp-json\/wp\/v2\/posts\/10603","targetHints":{"allow":["GET"]}}],"collection":[{"href":"https:\/\/www.africa-press.net\/cotedivoire\/wp-json\/wp\/v2\/posts"}],"about":[{"href":"https:\/\/www.africa-press.net\/cotedivoire\/wp-json\/wp\/v2\/types\/post"}],"author":[{"embeddable":true,"href":"https:\/\/www.africa-press.net\/cotedivoire\/wp-json\/wp\/v2\/users\/82"}],"replies":[{"embeddable":true,"href":"https:\/\/www.africa-press.net\/cotedivoire\/wp-json\/wp\/v2\/comments?post=10603"}],"version-history":[{"count":0,"href":"https:\/\/www.africa-press.net\/cotedivoire\/wp-json\/wp\/v2\/posts\/10603\/revisions"}],"wp:featuredmedia":[{"embeddable":true,"href":"https:\/\/www.africa-press.net\/cotedivoire\/wp-json\/wp\/v2\/media\/10602"}],"wp:attachment":[{"href":"https:\/\/www.africa-press.net\/cotedivoire\/wp-json\/wp\/v2\/media?parent=10603"}],"wp:term":[{"taxonomy":"category","embeddable":true,"href":"https:\/\/www.africa-press.net\/cotedivoire\/wp-json\/wp\/v2\/categories?post=10603"},{"taxonomy":"post_tag","embeddable":true,"href":"https:\/\/www.africa-press.net\/cotedivoire\/wp-json\/wp\/v2\/tags?post=10603"}],"curies":[{"name":"wp","href":"https:\/\/api.w.org\/{rel}","templated":true}]}}