{"id":106030,"date":"2025-09-30T16:01:48","date_gmt":"2025-09-30T16:01:48","guid":{"rendered":"https:\/\/www.africa-press.net\/cotedivoire\/politique\/jeunesse-dabobo-ndotre-soutient-ouattara-2025"},"modified":"2025-09-30T16:20:24","modified_gmt":"2025-09-30T16:20:24","slug":"jeunesse-dabobo-ndotre-soutient-ouattara-2025","status":"publish","type":"post","link":"https:\/\/www.africa-press.net\/cotedivoire\/politique\/jeunesse-dabobo-ndotre-soutient-ouattara-2025","title":{"rendered":"Jeunesse d&rsquo;Abobo-N&rsquo;dotr\u00e9 Soutient Ouattara 2025"},"content":{"rendered":"<p><span style=\"color: #ff6600\"><strong>Africa-Press &#8211; C\u00f4te d&rsquo;Ivoire. <\/strong><\/span>C\u2019est dans une ambiance survolte\u0301e et pleine de ferveur militante que s\u2019est tenue la ce\u0301re\u0301monie de clo\u0302ture de la Tribune du Jeune Militant (TJM), organise\u0301e par l\u2019Union des Jeunes du RHDP (UJ-RHDP) d\u2019Abobo-N\u2019dotre\u0301. A\u0300 quelques mois des prochaines e\u0301che\u0301ances e\u0301lectorales, cette initiative strate\u0301gique a mobilise\u0301 la jeunesse locale autour d\u2019un objectif clair: assurer une victoire e\u0301clatante du Pre\u0301sident Alassane Ouattara de\u0300s le premier tour.<\/p>\n<p>Lance\u0301 comme un espace d\u2019expression, de formation et de consolidation de l\u2019engagement politique des jeunes, le programme TJM a su tenir toutes ses promesses. A\u0300 travers plusieurs sessions anime\u0301es avec rigueur et passion, les jeunes militants ont renforce\u0301 leurs compe\u0301tences, enrichi leur culture politique et consolide\u0301 leur attachement aux ide\u0301aux du RHDP.<\/p>\n<p>Lors de son allocution de clo\u0302ture, Sekongo Lagniguy Souleymane, Pre\u0301sident de l\u2019UJ-RHDP Abobo-N\u2019dotre\u0301, a salue\u0301 \u00ab la mobilisation constante et la discipline exemplaire des jeunes \u00bb. Il a dresse\u0301 un bilan positif de cette initiative, en soulignant le ro\u0302le structurant du TJM dans la formation de cadres politiques de demain.<\/p>\n<p>\u00ab Cette tribune a permis de re\u0301ve\u0301ler des talents, de susciter des vocations et de pre\u0301parer la rele\u0300ve militante \u00bb, a-t-il affirme\u0301.<\/p>\n<p>La soire\u0301e a e\u0301te\u0301 ponctue\u0301e par un moment fort: la remise de distinctions honorifiques aux participants les plus assidus et engage\u0301s. Les jeunes re\u0301compense\u0301s ont e\u0301te\u0301 salue\u0301s pour leur dynamisme et leur esprit de responsabilite\u0301, tandis que les encadreurs et ai\u0302ne\u0301s ont rec\u0327u une reconnaissance appuye\u0301e pour leur accompagnement constant.<\/p>\n<p>L\u2019instant le plus marquant fut sans doute l\u2019hommage rendu a\u0300 l\u2019Honorable Ye\u0301o Brahima, Secre\u0301taire De\u0301partemental RHDP d\u2019Abobo-N\u2019dotre\u0301, qui a e\u0301te\u0301 symboliquement e\u0301leve\u0301 au rang de \u00ab Porte-Flambeau de la Jeunesse Militante \u00bb. Cette distinction vient saluer son leadership e\u0301claire\u0301 et son engagement sans rela\u0302che pour l\u2019encadrement de la jeunesse politique locale.<\/p>\n<p>En pre\u0301sence de nombreuses figures politiques locales, dont les Directeurs Ge\u0301ne\u0301raux Likane Cisse\u0301 et Che\u0301rif Karamoko, le PDG Soumaro Lancine\u0301, Mlle Bamba du Bureau National de l\u2019UJ-RHDP, Hamed Kone\u0301, Coordonnateur Re\u0301gional des jeunes RHDP Abobo, ainsi que le Pre\u0301sident National du RDA Dosso Moussa, le ton e\u0301tait donne\u0301: la mobilisation doit s\u2019intensifier.<\/p>\n<p>Tous les intervenants ont lance\u0301 un appel fort a\u0300 l\u2019action collective, a\u0300 la discipline et a\u0300 la loyaute\u0301 politique. Le mot d\u2019ordre: \u00ab Mouiller le maillot \u00bb pour une victoire au premier tour du Pre\u0301sident Alassane Ouattara.<\/p>\n<p>Cette ce\u0301re\u0301monie de clo\u0302ture n\u2019a pas seulement marque\u0301 la fin d\u2019un programme ; elle a insuffle\u0301 un nouvel e\u0301lan dans la dynamique politique locale. La Tribune du Jeune Militant s\u2019impose de\u0301sormais comme un mode\u0300le de formation, d\u2019engagement et de transmission des valeurs du RHDP a\u0300 la jeunesse.<\/p>\n<p>Les organisateurs ont tenu a\u0300 remercier l\u2019ensemble des participants et partenaires pour leur implication sans faille, promettant de capitaliser sur cet acquis pour les prochaines campagnes.<\/p>\n<p>La jeunesse d\u2019Abobo-N\u2019dotre\u0301 a prouve\u0301 qu\u2019elle est pre\u0302te, organise\u0301e et motive\u0301e pour jouer pleinement sa partition dans la construction politique du pays. Fortifie\u0301e par les acquis de la TJM, elle se dresse aujourd\u2019hui comme un acteur incontournable de la victoire du RHDP en 2025.<\/p>\n<p><strong>Pour plus d&rsquo;informations et d&rsquo;analyses sur la <span style=\"color: #ff6600\">C\u00f4te d&rsquo;Ivoire<\/span>, suivez <span style=\"color: #ff6600\">Africa-Press<\/span><\/strong><\/p>\n","protected":false},"excerpt":{"rendered":"<p>Africa-Press &#8211; C\u00f4te d&rsquo;Ivoire. C\u2019est dans une ambiance survolte\u0301e et pleine de ferveur militante que s\u2019est tenue la ce\u0301re\u0301monie de clo\u0302ture de la Tribune du Jeune Militant (TJM), organise\u0301e par l\u2019Union des Jeunes du RHDP (UJ-RHDP) d\u2019Abobo-N\u2019dotre\u0301. A\u0300 quelques mois des prochaines e\u0301che\u0301ances e\u0301lectorales, cette initiative strate\u0301gique a mobilise\u0301 la jeunesse locale autour d\u2019un objectif [&hellip;]<\/p>\n","protected":false},"author":82,"featured_media":106029,"comment_status":"open","ping_status":"closed","sticky":false,"template":"","format":"standard","meta":{"footnotes":""},"categories":[2,10],"tags":[787,7436,29,19023,950,19025,9252,19024,11996],"class_list":["post-106030","post","type-post","status-publish","format-standard","has-post-thumbnail","hentry","category-politique","category-toutes-les-actualites","tag-abobo","tag-cloture","tag-cote-divoire","tag-jeune-militant","tag-ndotre","tag-tjm","tag-tribune","tag-triomphale","tag-uj-rhdp"],"yoast_head":"<!-- This site is optimized with the Yoast SEO Premium plugin v26.1 (Yoast SEO v27.0) - https:\/\/yoast.com\/product\/yoast-seo-premium-wordpress\/ -->\n<title>Jeunesse d&#039;Abobo-N&#039;dotr\u00e9 Soutient Ouattara 2025 - C\u00f4te d&#039;Ivoire<\/title>\n<meta name=\"description\" content=\"C\u2019est dans une ambiance survolte\u0301e et pleine de ferveur militante que s\u2019est tenue la ce\u0301re\u0301monie de clo\u0302ture de la Tribu ...\" \/>\n<meta name=\"robots\" content=\"index, follow, max-snippet:-1, max-image-preview:large, max-video-preview:-1\" \/>\n<link rel=\"canonical\" href=\"https:\/\/www.africa-press.net\/cotedivoire\/politique\/jeunesse-dabobo-ndotre-soutient-ouattara-2025\" \/>\n<meta property=\"og:locale\" content=\"fr_FR\" \/>\n<meta property=\"og:type\" content=\"article\" \/>\n<meta property=\"og:title\" content=\"Jeunesse d&#039;Abobo-N&#039;dotr\u00e9 Soutient Ouattara 2025\" \/>\n<meta property=\"og:description\" content=\"C\u2019est dans une ambiance survolte\u0301e et pleine de ferveur militante que s\u2019est tenue la ce\u0301re\u0301monie de clo\u0302ture de la Tribu ...\" \/>\n<meta property=\"og:url\" content=\"https:\/\/www.africa-press.net\/cotedivoire\/politique\/jeunesse-dabobo-ndotre-soutient-ouattara-2025\" \/>\n<meta property=\"og:site_name\" content=\"C\u00f4te d&#039;Ivoire\" \/>\n<meta property=\"article:published_time\" content=\"2025-09-30T16:01:48+00:00\" \/>\n<meta property=\"article:modified_time\" content=\"2025-09-30T16:20:24+00:00\" \/>\n<meta property=\"og:image\" content=\"https:\/\/static.africa-press.net\/cote\/sites\/43\/2025\/09\/sm_1759236592.41861.jpg\" \/>\n\t<meta property=\"og:image:width\" content=\"720\" \/>\n\t<meta property=\"og:image:height\" content=\"345\" \/>\n\t<meta property=\"og:image:type\" content=\"image\/jpeg\" \/>\n<meta name=\"author\" content=\"cfeditorfr\" \/>\n<meta name=\"twitter:card\" content=\"summary_large_image\" \/>\n<meta name=\"twitter:label1\" content=\"\u00c9crit par\" \/>\n\t<meta name=\"twitter:data1\" content=\"cfeditorfr\" \/>\n\t<meta name=\"twitter:label2\" content=\"Dur\u00e9e de lecture estim\u00e9e\" \/>\n\t<meta name=\"twitter:data2\" content=\"3 minutes\" \/>\n<script type=\"application\/ld+json\" class=\"yoast-schema-graph\">{\"@context\":\"https:\/\/schema.org\",\"@graph\":[{\"@type\":\"Article\",\"@id\":\"https:\/\/www.africa-press.net\/cotedivoire\/politique\/jeunesse-dabobo-ndotre-soutient-ouattara-2025#article\",\"isPartOf\":{\"@id\":\"https:\/\/www.africa-press.net\/cotedivoire\/politique\/jeunesse-dabobo-ndotre-soutient-ouattara-2025\"},\"author\":{\"name\":\"cfeditorfr\",\"@id\":\"https:\/\/www.africa-press.net\/cotedivoire\/#\/schema\/person\/2b1cf3cd81a31e3cd26889ca66d677f1\"},\"headline\":\"Jeunesse d&rsquo;Abobo-N&rsquo;dotr\u00e9 Soutient Ouattara 2025\",\"datePublished\":\"2025-09-30T16:01:48+00:00\",\"dateModified\":\"2025-09-30T16:20:24+00:00\",\"mainEntityOfPage\":{\"@id\":\"https:\/\/www.africa-press.net\/cotedivoire\/politique\/jeunesse-dabobo-ndotre-soutient-ouattara-2025\"},\"wordCount\":600,\"commentCount\":0,\"image\":{\"@id\":\"https:\/\/www.africa-press.net\/cotedivoire\/politique\/jeunesse-dabobo-ndotre-soutient-ouattara-2025#primaryimage\"},\"thumbnailUrl\":\"https:\/\/static.africa-press.net\/cote\/sites\/43\/2025\/09\/sm_1759236592.41861.jpg\",\"keywords\":[\"Abobo\",\"cl\u00f4ture\",\"C\u00d4TE D'IVOIRE\",\"jeune militant\",\"N'Dotr\u00e9\",\"TJM\",\"Tribune\",\"triomphale\",\"UJ-RHDP\"],\"articleSection\":[\"Politique\",\"Toutes les actualit\u00e9s\"],\"inLanguage\":\"fr-FR\",\"potentialAction\":[{\"@type\":\"CommentAction\",\"name\":\"Comment\",\"target\":[\"https:\/\/www.africa-press.net\/cotedivoire\/politique\/jeunesse-dabobo-ndotre-soutient-ouattara-2025#respond\"]}]},{\"@type\":\"WebPage\",\"@id\":\"https:\/\/www.africa-press.net\/cotedivoire\/politique\/jeunesse-dabobo-ndotre-soutient-ouattara-2025\",\"url\":\"https:\/\/www.africa-press.net\/cotedivoire\/politique\/jeunesse-dabobo-ndotre-soutient-ouattara-2025\",\"name\":\"Jeunesse d'Abobo-N'dotr\u00e9 Soutient Ouattara 2025 - C\u00f4te d&#039;Ivoire\",\"isPartOf\":{\"@id\":\"https:\/\/www.africa-press.net\/cotedivoire\/#website\"},\"primaryImageOfPage\":{\"@id\":\"https:\/\/www.africa-press.net\/cotedivoire\/politique\/jeunesse-dabobo-ndotre-soutient-ouattara-2025#primaryimage\"},\"image\":{\"@id\":\"https:\/\/www.africa-press.net\/cotedivoire\/politique\/jeunesse-dabobo-ndotre-soutient-ouattara-2025#primaryimage\"},\"thumbnailUrl\":\"https:\/\/static.africa-press.net\/cote\/sites\/43\/2025\/09\/sm_1759236592.41861.jpg\",\"datePublished\":\"2025-09-30T16:01:48+00:00\",\"dateModified\":\"2025-09-30T16:20:24+00:00\",\"author\":{\"@id\":\"https:\/\/www.africa-press.net\/cotedivoire\/#\/schema\/person\/2b1cf3cd81a31e3cd26889ca66d677f1\"},\"description\":\"C\u2019est dans une ambiance survolte\u0301e et pleine de ferveur militante que s\u2019est tenue la ce\u0301re\u0301monie de clo\u0302ture de la Tribu ...\",\"breadcrumb\":{\"@id\":\"https:\/\/www.africa-press.net\/cotedivoire\/politique\/jeunesse-dabobo-ndotre-soutient-ouattara-2025#breadcrumb\"},\"inLanguage\":\"fr-FR\",\"potentialAction\":[{\"@type\":\"ReadAction\",\"target\":[\"https:\/\/www.africa-press.net\/cotedivoire\/politique\/jeunesse-dabobo-ndotre-soutient-ouattara-2025\"]}]},{\"@type\":\"ImageObject\",\"inLanguage\":\"fr-FR\",\"@id\":\"https:\/\/www.africa-press.net\/cotedivoire\/politique\/jeunesse-dabobo-ndotre-soutient-ouattara-2025#primaryimage\",\"url\":\"https:\/\/static.africa-press.net\/cote\/sites\/43\/2025\/09\/sm_1759236592.41861.jpg\",\"contentUrl\":\"https:\/\/static.africa-press.net\/cote\/sites\/43\/2025\/09\/sm_1759236592.41861.jpg\",\"width\":720,\"height\":345,\"caption\":\"Jeunesse d'Abobo-N'dotr\u00e9 Soutient Ouattara 2025\"},{\"@type\":\"BreadcrumbList\",\"@id\":\"https:\/\/www.africa-press.net\/cotedivoire\/politique\/jeunesse-dabobo-ndotre-soutient-ouattara-2025#breadcrumb\",\"itemListElement\":[{\"@type\":\"ListItem\",\"position\":1,\"name\":\"Accueil\",\"item\":\"https:\/\/www.africa-press.net\/cotedivoire\/\"},{\"@type\":\"ListItem\",\"position\":2,\"name\":\"Jeunesse d&#8217;Abobo-N&#8217;dotr\u00e9 Soutient Ouattara 2025\"}]},{\"@type\":\"WebSite\",\"@id\":\"https:\/\/www.africa-press.net\/cotedivoire\/#website\",\"url\":\"https:\/\/www.africa-press.net\/cotedivoire\/\",\"name\":\"C\u00f4te d&#039;Ivoire\",\"description\":\"Just another Africa News Agency Sites site\",\"potentialAction\":[{\"@type\":\"SearchAction\",\"target\":{\"@type\":\"EntryPoint\",\"urlTemplate\":\"https:\/\/www.africa-press.net\/cotedivoire\/?s={search_term_string}\"},\"query-input\":{\"@type\":\"PropertyValueSpecification\",\"valueRequired\":true,\"valueName\":\"search_term_string\"}}],\"inLanguage\":\"fr-FR\"},{\"@type\":\"Person\",\"@id\":\"https:\/\/www.africa-press.net\/cotedivoire\/#\/schema\/person\/2b1cf3cd81a31e3cd26889ca66d677f1\",\"name\":\"cfeditorfr\"}]}<\/script>\n<!-- \/ Yoast SEO Premium plugin. -->","yoast_head_json":{"title":"Jeunesse d'Abobo-N'dotr\u00e9 Soutient Ouattara 2025 - C\u00f4te d&#039;Ivoire","description":"C\u2019est dans une ambiance survolte\u0301e et pleine de ferveur militante que s\u2019est tenue la ce\u0301re\u0301monie de clo\u0302ture de la Tribu ...","robots":{"index":"index","follow":"follow","max-snippet":"max-snippet:-1","max-image-preview":"max-image-preview:large","max-video-preview":"max-video-preview:-1"},"canonical":"https:\/\/www.africa-press.net\/cotedivoire\/politique\/jeunesse-dabobo-ndotre-soutient-ouattara-2025","og_locale":"fr_FR","og_type":"article","og_title":"Jeunesse d'Abobo-N'dotr\u00e9 Soutient Ouattara 2025","og_description":"C\u2019est dans une ambiance survolte\u0301e et pleine de ferveur militante que s\u2019est tenue la ce\u0301re\u0301monie de clo\u0302ture de la Tribu ...","og_url":"https:\/\/www.africa-press.net\/cotedivoire\/politique\/jeunesse-dabobo-ndotre-soutient-ouattara-2025","og_site_name":"C\u00f4te d&#039;Ivoire","article_published_time":"2025-09-30T16:01:48+00:00","article_modified_time":"2025-09-30T16:20:24+00:00","og_image":[{"width":720,"height":345,"url":"https:\/\/static.africa-press.net\/cote\/sites\/43\/2025\/09\/sm_1759236592.41861.jpg","type":"image\/jpeg"}],"author":"cfeditorfr","twitter_card":"summary_large_image","twitter_misc":{"\u00c9crit par":"cfeditorfr","Dur\u00e9e de lecture estim\u00e9e":"3 minutes"},"schema":{"@context":"https:\/\/schema.org","@graph":[{"@type":"Article","@id":"https:\/\/www.africa-press.net\/cotedivoire\/politique\/jeunesse-dabobo-ndotre-soutient-ouattara-2025#article","isPartOf":{"@id":"https:\/\/www.africa-press.net\/cotedivoire\/politique\/jeunesse-dabobo-ndotre-soutient-ouattara-2025"},"author":{"name":"cfeditorfr","@id":"https:\/\/www.africa-press.net\/cotedivoire\/#\/schema\/person\/2b1cf3cd81a31e3cd26889ca66d677f1"},"headline":"Jeunesse d&rsquo;Abobo-N&rsquo;dotr\u00e9 Soutient Ouattara 2025","datePublished":"2025-09-30T16:01:48+00:00","dateModified":"2025-09-30T16:20:24+00:00","mainEntityOfPage":{"@id":"https:\/\/www.africa-press.net\/cotedivoire\/politique\/jeunesse-dabobo-ndotre-soutient-ouattara-2025"},"wordCount":600,"commentCount":0,"image":{"@id":"https:\/\/www.africa-press.net\/cotedivoire\/politique\/jeunesse-dabobo-ndotre-soutient-ouattara-2025#primaryimage"},"thumbnailUrl":"https:\/\/static.africa-press.net\/cote\/sites\/43\/2025\/09\/sm_1759236592.41861.jpg","keywords":["Abobo","cl\u00f4ture","C\u00d4TE D'IVOIRE","jeune militant","N'Dotr\u00e9","TJM","Tribune","triomphale","UJ-RHDP"],"articleSection":["Politique","Toutes les actualit\u00e9s"],"inLanguage":"fr-FR","potentialAction":[{"@type":"CommentAction","name":"Comment","target":["https:\/\/www.africa-press.net\/cotedivoire\/politique\/jeunesse-dabobo-ndotre-soutient-ouattara-2025#respond"]}]},{"@type":"WebPage","@id":"https:\/\/www.africa-press.net\/cotedivoire\/politique\/jeunesse-dabobo-ndotre-soutient-ouattara-2025","url":"https:\/\/www.africa-press.net\/cotedivoire\/politique\/jeunesse-dabobo-ndotre-soutient-ouattara-2025","name":"Jeunesse d'Abobo-N'dotr\u00e9 Soutient Ouattara 2025 - C\u00f4te d&#039;Ivoire","isPartOf":{"@id":"https:\/\/www.africa-press.net\/cotedivoire\/#website"},"primaryImageOfPage":{"@id":"https:\/\/www.africa-press.net\/cotedivoire\/politique\/jeunesse-dabobo-ndotre-soutient-ouattara-2025#primaryimage"},"image":{"@id":"https:\/\/www.africa-press.net\/cotedivoire\/politique\/jeunesse-dabobo-ndotre-soutient-ouattara-2025#primaryimage"},"thumbnailUrl":"https:\/\/static.africa-press.net\/cote\/sites\/43\/2025\/09\/sm_1759236592.41861.jpg","datePublished":"2025-09-30T16:01:48+00:00","dateModified":"2025-09-30T16:20:24+00:00","author":{"@id":"https:\/\/www.africa-press.net\/cotedivoire\/#\/schema\/person\/2b1cf3cd81a31e3cd26889ca66d677f1"},"description":"C\u2019est dans une ambiance survolte\u0301e et pleine de ferveur militante que s\u2019est tenue la ce\u0301re\u0301monie de clo\u0302ture de la Tribu ...","breadcrumb":{"@id":"https:\/\/www.africa-press.net\/cotedivoire\/politique\/jeunesse-dabobo-ndotre-soutient-ouattara-2025#breadcrumb"},"inLanguage":"fr-FR","potentialAction":[{"@type":"ReadAction","target":["https:\/\/www.africa-press.net\/cotedivoire\/politique\/jeunesse-dabobo-ndotre-soutient-ouattara-2025"]}]},{"@type":"ImageObject","inLanguage":"fr-FR","@id":"https:\/\/www.africa-press.net\/cotedivoire\/politique\/jeunesse-dabobo-ndotre-soutient-ouattara-2025#primaryimage","url":"https:\/\/static.africa-press.net\/cote\/sites\/43\/2025\/09\/sm_1759236592.41861.jpg","contentUrl":"https:\/\/static.africa-press.net\/cote\/sites\/43\/2025\/09\/sm_1759236592.41861.jpg","width":720,"height":345,"caption":"Jeunesse d'Abobo-N'dotr\u00e9 Soutient Ouattara 2025"},{"@type":"BreadcrumbList","@id":"https:\/\/www.africa-press.net\/cotedivoire\/politique\/jeunesse-dabobo-ndotre-soutient-ouattara-2025#breadcrumb","itemListElement":[{"@type":"ListItem","position":1,"name":"Accueil","item":"https:\/\/www.africa-press.net\/cotedivoire\/"},{"@type":"ListItem","position":2,"name":"Jeunesse d&#8217;Abobo-N&#8217;dotr\u00e9 Soutient Ouattara 2025"}]},{"@type":"WebSite","@id":"https:\/\/www.africa-press.net\/cotedivoire\/#website","url":"https:\/\/www.africa-press.net\/cotedivoire\/","name":"C\u00f4te d&#039;Ivoire","description":"Just another Africa News Agency Sites site","potentialAction":[{"@type":"SearchAction","target":{"@type":"EntryPoint","urlTemplate":"https:\/\/www.africa-press.net\/cotedivoire\/?s={search_term_string}"},"query-input":{"@type":"PropertyValueSpecification","valueRequired":true,"valueName":"search_term_string"}}],"inLanguage":"fr-FR"},{"@type":"Person","@id":"https:\/\/www.africa-press.net\/cotedivoire\/#\/schema\/person\/2b1cf3cd81a31e3cd26889ca66d677f1","name":"cfeditorfr"}]}},"_links":{"self":[{"href":"https:\/\/www.africa-press.net\/cotedivoire\/wp-json\/wp\/v2\/posts\/106030","targetHints":{"allow":["GET"]}}],"collection":[{"href":"https:\/\/www.africa-press.net\/cotedivoire\/wp-json\/wp\/v2\/posts"}],"about":[{"href":"https:\/\/www.africa-press.net\/cotedivoire\/wp-json\/wp\/v2\/types\/post"}],"author":[{"embeddable":true,"href":"https:\/\/www.africa-press.net\/cotedivoire\/wp-json\/wp\/v2\/users\/82"}],"replies":[{"embeddable":true,"href":"https:\/\/www.africa-press.net\/cotedivoire\/wp-json\/wp\/v2\/comments?post=106030"}],"version-history":[{"count":0,"href":"https:\/\/www.africa-press.net\/cotedivoire\/wp-json\/wp\/v2\/posts\/106030\/revisions"}],"wp:featuredmedia":[{"embeddable":true,"href":"https:\/\/www.africa-press.net\/cotedivoire\/wp-json\/wp\/v2\/media\/106029"}],"wp:attachment":[{"href":"https:\/\/www.africa-press.net\/cotedivoire\/wp-json\/wp\/v2\/media?parent=106030"}],"wp:term":[{"taxonomy":"category","embeddable":true,"href":"https:\/\/www.africa-press.net\/cotedivoire\/wp-json\/wp\/v2\/categories?post=106030"},{"taxonomy":"post_tag","embeddable":true,"href":"https:\/\/www.africa-press.net\/cotedivoire\/wp-json\/wp\/v2\/tags?post=106030"}],"curies":[{"name":"wp","href":"https:\/\/api.w.org\/{rel}","templated":true}]}}