{"id":106041,"date":"2025-09-30T16:03:36","date_gmt":"2025-09-30T16:03:36","guid":{"rendered":"https:\/\/www.africa-press.net\/cotedivoire\/politique\/abidjan-et-riyad-celebrent-40-ans-de-relations"},"modified":"2025-09-30T16:21:35","modified_gmt":"2025-09-30T16:21:35","slug":"abidjan-et-riyad-celebrent-40-ans-de-relations","status":"publish","type":"post","link":"https:\/\/www.africa-press.net\/cotedivoire\/politique\/abidjan-et-riyad-celebrent-40-ans-de-relations","title":{"rendered":"Abidjan Et Riyad C\u00e9l\u00e8brent 40 Ans De Relations"},"content":{"rendered":"<p><span style=\"color: #ff6600\"><strong>Africa-Press &#8211; C\u00f4te d&rsquo;Ivoire. <\/strong><\/span>Le Sofitel Ho\u0302tel Ivoire d\u2019Abidjan a accueilli, le 24 septembre 2025, la ce\u0301le\u0301bration de la 95e Fe\u0302te nationale du Royaume d\u2019Arabie Saoudite. Un e\u0301ve\u0301nement prestigieux organise\u0301 par l\u2019ambassade saoudienne en Co\u0302te d\u2019Ivoire, marque\u0301 par la pre\u0301sence de nombreuses personnalite\u0301s politiques, diplomatiques et religieuses.<\/p>\n<p>Dans une atmosphe\u0300re empreinte de fraternite\u0301, Son Excellence Saad Bin Bakheat Alqathami, ambassadeur du Royaume en Co\u0302te d\u2019Ivoire, a salue\u0301 l\u2019unite\u0301 nationale saoudienne, instaure\u0301e le 23 septembre 1932 par le roi Abdelaziz Ibn Saoud. Il a e\u0301galement rendu hommage aux dirigeants actuels, Sa Majeste\u0301 le Roi Salman bin Abdulaziz Al Saoud et le Prince he\u0301ritier Mohammed bin Salman, pour leur ro\u0302le dans la transformation du pays a\u0300 travers la vision ambitieuse \u00ab Vision 2030 \u00bb.<\/p>\n<p>L\u2019ambassadeur Alqathami a mis en lumie\u0300re les excellentes relations entre Riyad et Abidjan, e\u0301tablies depuis 1985, et renforce\u0301es sous la pre\u0301sidence d\u2019Alassane Ouattara. Il a notamment salue\u0301 plusieurs projets emble\u0301matiques, dont l\u2019initiative \u00ab Route de la Mecque \u00bb, qui a facilite\u0301, ces trois dernie\u0300res anne\u0301es, le pe\u0300lerinage de milliers d\u2019Ivoiriens dans des conditions optimales, le programme humanitaire \u00ab Noor Saudi Arabia \u00bb, gra\u0302ce auquel plus de 800 patients ivoiriens atteints de cataracte ont pu be\u0301ne\u0301ficier d\u2019interventions chirurgicales gratuites au CHU de Treichville.<\/p>\n<p>L\u2019ambassadeur a e\u0301galement remercie\u0301 le gouvernement ivoirien et les professionnels de sante\u0301 pour leur implication dans ces initiatives a\u0300 fort impact social.<\/p>\n<p>Repre\u0301sentant les autorite\u0301s ivoiriennes, le ministre de\u0301le\u0301gue\u0301 Adama Dosso a transmis les fe\u0301licitations du pre\u0301sident Alassane Ouattara au peuple saoudien. Il a salue\u0301 les re\u0301formes e\u0301conomiques et sociales mene\u0301es par le Royaume dans le cadre de la strate\u0301gie \u00ab Vision 2030 \u00bb, qui contribue a\u0300 sa diversification e\u0301conomique et a\u0300 son positionnement international.<\/p>\n<p>Le ministre a mis en exergue plusieurs actes de solidarite\u0301 saoudienne, tels que, le don de 500 000 dollars octroye\u0301 lors de la COP15 pour la lutte contre la de\u0301sertification, le soutien financier a\u0300 hauteur de 2 milliards de FCFA pour l\u2019ache\u0300vement de la Grande Mosque\u0301e Salam du Plateau et le don annuel de 50 tonnes de dattes pendant le mois de Ramadan.<\/p>\n<p>Les deux parties ont e\u0301galement re\u0301affirme\u0301 leur volonte\u0301 de dynamiser leur coope\u0301ration a\u0300 travers des cadres juridiques re\u0301cemment signe\u0301s: l\u2019accord-cadre de coope\u0301ration (2021) et le me\u0301morandum d\u2019entente sur les consultations politiques (2023).<\/p>\n<p>Ces instruments visent a\u0300 de\u0301velopper des projets dans les infrastructures, l&rsquo;agriculture, l&rsquo;e\u0301nergies renouvelables, la se\u0301curite\u0301 alimentaire, la sante\u0301, e\u0301ducation, la culture, la transformation nume\u0301rique et les investissements prive\u0301s.<\/p>\n<p>La ce\u0301re\u0301monie s\u2019est conclue par la remise d\u2019une distinction honorifique a\u0300 l\u2019Association des E\u0301poux et E\u0301pouses d\u2019Ambassadeurs en Co\u0302te d\u2019Ivoire, pour leur ro\u0302le de\u0301terminant dans le projet \u00ab Noor Saudi Arabia \u00bb. Cette distinction symbolique a illustre\u0301 l\u2019esprit de coope\u0301ration et d\u2019humanite\u0301 qui anime les relations ivoiro-saoudiennes.<\/p>\n<p>L\u2019e\u0301ve\u0301nement a ainsi te\u0301moigne\u0301 de la solidite\u0301 d\u2019un partenariat bilate\u0301ral tourne\u0301 vers un avenir commun, au service du de\u0301veloppement, de la paix et de la prospe\u0301rite\u0301 partage\u0301e.<\/p>\n<p><strong>Pour plus d&rsquo;informations et d&rsquo;analyses sur la <span style=\"color: #ff6600\">C\u00f4te d&rsquo;Ivoire<\/span>, suivez <span style=\"color: #ff6600\">Africa-Press<\/span><\/strong><\/p>\n","protected":false},"excerpt":{"rendered":"<p>Africa-Press &#8211; C\u00f4te d&rsquo;Ivoire. Le Sofitel Ho\u0302tel Ivoire d\u2019Abidjan a accueilli, le 24 septembre 2025, la ce\u0301le\u0301bration de la 95e Fe\u0302te nationale du Royaume d\u2019Arabie Saoudite. Un e\u0301ve\u0301nement prestigieux organise\u0301 par l\u2019ambassade saoudienne en Co\u0302te d\u2019Ivoire, marque\u0301 par la pre\u0301sence de nombreuses personnalite\u0301s politiques, diplomatiques et religieuses. Dans une atmosphe\u0300re empreinte de fraternite\u0301, Son Excellence [&hellip;]<\/p>\n","protected":false},"author":82,"featured_media":106040,"comment_status":"open","ping_status":"closed","sticky":false,"template":"","format":"standard","meta":{"footnotes":""},"categories":[2,10],"tags":[30,6620,17368,3042,29,276,19026,11803,142],"class_list":["post-106041","post","type-post","status-publish","format-standard","has-post-thumbnail","hentry","category-politique","category-toutes-les-actualites","tag-abidjan","tag-arabie-saoudite","tag-bilaterale","tag-cooperation","tag-cote-divoire","tag-diplomatie","tag-fete-nationale","tag-hadj","tag-sante"],"yoast_head":"<!-- This site is optimized with the Yoast SEO Premium plugin v26.1 (Yoast SEO v27.0) - https:\/\/yoast.com\/product\/yoast-seo-premium-wordpress\/ -->\n<title>Abidjan Et Riyad C\u00e9l\u00e8brent 40 Ans De Relations - C\u00f4te d&#039;Ivoire<\/title>\n<meta name=\"description\" content=\"Le Sofitel Ho\u0302tel Ivoire d\u2019Abidjan a accueilli, le 24 septembre 2025, la ce\u0301le\u0301bration de la 95e Fe\u0302te nationale du Roya ...\" \/>\n<meta name=\"robots\" content=\"index, follow, max-snippet:-1, max-image-preview:large, max-video-preview:-1\" \/>\n<link rel=\"canonical\" href=\"https:\/\/www.africa-press.net\/cotedivoire\/politique\/abidjan-et-riyad-celebrent-40-ans-de-relations\" \/>\n<meta property=\"og:locale\" content=\"fr_FR\" \/>\n<meta property=\"og:type\" content=\"article\" \/>\n<meta property=\"og:title\" content=\"Abidjan Et Riyad C\u00e9l\u00e8brent 40 Ans De Relations\" \/>\n<meta property=\"og:description\" content=\"Le Sofitel Ho\u0302tel Ivoire d\u2019Abidjan a accueilli, le 24 septembre 2025, la ce\u0301le\u0301bration de la 95e Fe\u0302te nationale du Roya ...\" \/>\n<meta property=\"og:url\" content=\"https:\/\/www.africa-press.net\/cotedivoire\/politique\/abidjan-et-riyad-celebrent-40-ans-de-relations\" \/>\n<meta property=\"og:site_name\" content=\"C\u00f4te d&#039;Ivoire\" \/>\n<meta property=\"article:published_time\" content=\"2025-09-30T16:03:36+00:00\" \/>\n<meta property=\"article:modified_time\" content=\"2025-09-30T16:21:35+00:00\" \/>\n<meta property=\"og:image\" content=\"https:\/\/static.africa-press.net\/cote\/sites\/43\/2025\/09\/sm_1759236668.843477.jpg\" \/>\n\t<meta property=\"og:image:width\" content=\"720\" \/>\n\t<meta property=\"og:image:height\" content=\"396\" \/>\n\t<meta property=\"og:image:type\" content=\"image\/jpeg\" \/>\n<meta name=\"author\" content=\"cfeditorfr\" \/>\n<meta name=\"twitter:card\" content=\"summary_large_image\" \/>\n<meta name=\"twitter:label1\" content=\"\u00c9crit par\" \/>\n\t<meta name=\"twitter:data1\" content=\"cfeditorfr\" \/>\n\t<meta name=\"twitter:label2\" content=\"Dur\u00e9e de lecture estim\u00e9e\" \/>\n\t<meta name=\"twitter:data2\" content=\"3 minutes\" \/>\n<script type=\"application\/ld+json\" class=\"yoast-schema-graph\">{\"@context\":\"https:\/\/schema.org\",\"@graph\":[{\"@type\":\"Article\",\"@id\":\"https:\/\/www.africa-press.net\/cotedivoire\/politique\/abidjan-et-riyad-celebrent-40-ans-de-relations#article\",\"isPartOf\":{\"@id\":\"https:\/\/www.africa-press.net\/cotedivoire\/politique\/abidjan-et-riyad-celebrent-40-ans-de-relations\"},\"author\":{\"name\":\"cfeditorfr\",\"@id\":\"https:\/\/www.africa-press.net\/cotedivoire\/#\/schema\/person\/2b1cf3cd81a31e3cd26889ca66d677f1\"},\"headline\":\"Abidjan Et Riyad C\u00e9l\u00e8brent 40 Ans De Relations\",\"datePublished\":\"2025-09-30T16:03:36+00:00\",\"dateModified\":\"2025-09-30T16:21:35+00:00\",\"mainEntityOfPage\":{\"@id\":\"https:\/\/www.africa-press.net\/cotedivoire\/politique\/abidjan-et-riyad-celebrent-40-ans-de-relations\"},\"wordCount\":573,\"commentCount\":0,\"image\":{\"@id\":\"https:\/\/www.africa-press.net\/cotedivoire\/politique\/abidjan-et-riyad-celebrent-40-ans-de-relations#primaryimage\"},\"thumbnailUrl\":\"https:\/\/static.africa-press.net\/cote\/sites\/43\/2025\/09\/sm_1759236668.843477.jpg\",\"keywords\":[\"Abidjan\",\"Arabie Saoudite\",\"bilat\u00e9rale\",\"Coop\u00e9ration\",\"C\u00d4TE D'IVOIRE\",\"DIPLOMATIE\",\"f\u00eate nationale\",\"Hadj\",\"sant\u00e9\"],\"articleSection\":[\"Politique\",\"Toutes les actualit\u00e9s\"],\"inLanguage\":\"fr-FR\",\"potentialAction\":[{\"@type\":\"CommentAction\",\"name\":\"Comment\",\"target\":[\"https:\/\/www.africa-press.net\/cotedivoire\/politique\/abidjan-et-riyad-celebrent-40-ans-de-relations#respond\"]}]},{\"@type\":\"WebPage\",\"@id\":\"https:\/\/www.africa-press.net\/cotedivoire\/politique\/abidjan-et-riyad-celebrent-40-ans-de-relations\",\"url\":\"https:\/\/www.africa-press.net\/cotedivoire\/politique\/abidjan-et-riyad-celebrent-40-ans-de-relations\",\"name\":\"Abidjan Et Riyad C\u00e9l\u00e8brent 40 Ans De Relations - C\u00f4te d&#039;Ivoire\",\"isPartOf\":{\"@id\":\"https:\/\/www.africa-press.net\/cotedivoire\/#website\"},\"primaryImageOfPage\":{\"@id\":\"https:\/\/www.africa-press.net\/cotedivoire\/politique\/abidjan-et-riyad-celebrent-40-ans-de-relations#primaryimage\"},\"image\":{\"@id\":\"https:\/\/www.africa-press.net\/cotedivoire\/politique\/abidjan-et-riyad-celebrent-40-ans-de-relations#primaryimage\"},\"thumbnailUrl\":\"https:\/\/static.africa-press.net\/cote\/sites\/43\/2025\/09\/sm_1759236668.843477.jpg\",\"datePublished\":\"2025-09-30T16:03:36+00:00\",\"dateModified\":\"2025-09-30T16:21:35+00:00\",\"author\":{\"@id\":\"https:\/\/www.africa-press.net\/cotedivoire\/#\/schema\/person\/2b1cf3cd81a31e3cd26889ca66d677f1\"},\"description\":\"Le Sofitel Ho\u0302tel Ivoire d\u2019Abidjan a accueilli, le 24 septembre 2025, la ce\u0301le\u0301bration de la 95e Fe\u0302te nationale du Roya ...\",\"breadcrumb\":{\"@id\":\"https:\/\/www.africa-press.net\/cotedivoire\/politique\/abidjan-et-riyad-celebrent-40-ans-de-relations#breadcrumb\"},\"inLanguage\":\"fr-FR\",\"potentialAction\":[{\"@type\":\"ReadAction\",\"target\":[\"https:\/\/www.africa-press.net\/cotedivoire\/politique\/abidjan-et-riyad-celebrent-40-ans-de-relations\"]}]},{\"@type\":\"ImageObject\",\"inLanguage\":\"fr-FR\",\"@id\":\"https:\/\/www.africa-press.net\/cotedivoire\/politique\/abidjan-et-riyad-celebrent-40-ans-de-relations#primaryimage\",\"url\":\"https:\/\/static.africa-press.net\/cote\/sites\/43\/2025\/09\/sm_1759236668.843477.jpg\",\"contentUrl\":\"https:\/\/static.africa-press.net\/cote\/sites\/43\/2025\/09\/sm_1759236668.843477.jpg\",\"width\":720,\"height\":396,\"caption\":\"Abidjan Et Riyad C\u00e9l\u00e8brent 40 Ans De Relations\"},{\"@type\":\"BreadcrumbList\",\"@id\":\"https:\/\/www.africa-press.net\/cotedivoire\/politique\/abidjan-et-riyad-celebrent-40-ans-de-relations#breadcrumb\",\"itemListElement\":[{\"@type\":\"ListItem\",\"position\":1,\"name\":\"Accueil\",\"item\":\"https:\/\/www.africa-press.net\/cotedivoire\/\"},{\"@type\":\"ListItem\",\"position\":2,\"name\":\"Abidjan Et Riyad C\u00e9l\u00e8brent 40 Ans De Relations\"}]},{\"@type\":\"WebSite\",\"@id\":\"https:\/\/www.africa-press.net\/cotedivoire\/#website\",\"url\":\"https:\/\/www.africa-press.net\/cotedivoire\/\",\"name\":\"C\u00f4te d&#039;Ivoire\",\"description\":\"Just another Africa News Agency Sites site\",\"potentialAction\":[{\"@type\":\"SearchAction\",\"target\":{\"@type\":\"EntryPoint\",\"urlTemplate\":\"https:\/\/www.africa-press.net\/cotedivoire\/?s={search_term_string}\"},\"query-input\":{\"@type\":\"PropertyValueSpecification\",\"valueRequired\":true,\"valueName\":\"search_term_string\"}}],\"inLanguage\":\"fr-FR\"},{\"@type\":\"Person\",\"@id\":\"https:\/\/www.africa-press.net\/cotedivoire\/#\/schema\/person\/2b1cf3cd81a31e3cd26889ca66d677f1\",\"name\":\"cfeditorfr\"}]}<\/script>\n<!-- \/ Yoast SEO Premium plugin. -->","yoast_head_json":{"title":"Abidjan Et Riyad C\u00e9l\u00e8brent 40 Ans De Relations - C\u00f4te d&#039;Ivoire","description":"Le Sofitel Ho\u0302tel Ivoire d\u2019Abidjan a accueilli, le 24 septembre 2025, la ce\u0301le\u0301bration de la 95e Fe\u0302te nationale du Roya ...","robots":{"index":"index","follow":"follow","max-snippet":"max-snippet:-1","max-image-preview":"max-image-preview:large","max-video-preview":"max-video-preview:-1"},"canonical":"https:\/\/www.africa-press.net\/cotedivoire\/politique\/abidjan-et-riyad-celebrent-40-ans-de-relations","og_locale":"fr_FR","og_type":"article","og_title":"Abidjan Et Riyad C\u00e9l\u00e8brent 40 Ans De Relations","og_description":"Le Sofitel Ho\u0302tel Ivoire d\u2019Abidjan a accueilli, le 24 septembre 2025, la ce\u0301le\u0301bration de la 95e Fe\u0302te nationale du Roya ...","og_url":"https:\/\/www.africa-press.net\/cotedivoire\/politique\/abidjan-et-riyad-celebrent-40-ans-de-relations","og_site_name":"C\u00f4te d&#039;Ivoire","article_published_time":"2025-09-30T16:03:36+00:00","article_modified_time":"2025-09-30T16:21:35+00:00","og_image":[{"width":720,"height":396,"url":"https:\/\/static.africa-press.net\/cote\/sites\/43\/2025\/09\/sm_1759236668.843477.jpg","type":"image\/jpeg"}],"author":"cfeditorfr","twitter_card":"summary_large_image","twitter_misc":{"\u00c9crit par":"cfeditorfr","Dur\u00e9e de lecture estim\u00e9e":"3 minutes"},"schema":{"@context":"https:\/\/schema.org","@graph":[{"@type":"Article","@id":"https:\/\/www.africa-press.net\/cotedivoire\/politique\/abidjan-et-riyad-celebrent-40-ans-de-relations#article","isPartOf":{"@id":"https:\/\/www.africa-press.net\/cotedivoire\/politique\/abidjan-et-riyad-celebrent-40-ans-de-relations"},"author":{"name":"cfeditorfr","@id":"https:\/\/www.africa-press.net\/cotedivoire\/#\/schema\/person\/2b1cf3cd81a31e3cd26889ca66d677f1"},"headline":"Abidjan Et Riyad C\u00e9l\u00e8brent 40 Ans De Relations","datePublished":"2025-09-30T16:03:36+00:00","dateModified":"2025-09-30T16:21:35+00:00","mainEntityOfPage":{"@id":"https:\/\/www.africa-press.net\/cotedivoire\/politique\/abidjan-et-riyad-celebrent-40-ans-de-relations"},"wordCount":573,"commentCount":0,"image":{"@id":"https:\/\/www.africa-press.net\/cotedivoire\/politique\/abidjan-et-riyad-celebrent-40-ans-de-relations#primaryimage"},"thumbnailUrl":"https:\/\/static.africa-press.net\/cote\/sites\/43\/2025\/09\/sm_1759236668.843477.jpg","keywords":["Abidjan","Arabie Saoudite","bilat\u00e9rale","Coop\u00e9ration","C\u00d4TE D'IVOIRE","DIPLOMATIE","f\u00eate nationale","Hadj","sant\u00e9"],"articleSection":["Politique","Toutes les actualit\u00e9s"],"inLanguage":"fr-FR","potentialAction":[{"@type":"CommentAction","name":"Comment","target":["https:\/\/www.africa-press.net\/cotedivoire\/politique\/abidjan-et-riyad-celebrent-40-ans-de-relations#respond"]}]},{"@type":"WebPage","@id":"https:\/\/www.africa-press.net\/cotedivoire\/politique\/abidjan-et-riyad-celebrent-40-ans-de-relations","url":"https:\/\/www.africa-press.net\/cotedivoire\/politique\/abidjan-et-riyad-celebrent-40-ans-de-relations","name":"Abidjan Et Riyad C\u00e9l\u00e8brent 40 Ans De Relations - C\u00f4te d&#039;Ivoire","isPartOf":{"@id":"https:\/\/www.africa-press.net\/cotedivoire\/#website"},"primaryImageOfPage":{"@id":"https:\/\/www.africa-press.net\/cotedivoire\/politique\/abidjan-et-riyad-celebrent-40-ans-de-relations#primaryimage"},"image":{"@id":"https:\/\/www.africa-press.net\/cotedivoire\/politique\/abidjan-et-riyad-celebrent-40-ans-de-relations#primaryimage"},"thumbnailUrl":"https:\/\/static.africa-press.net\/cote\/sites\/43\/2025\/09\/sm_1759236668.843477.jpg","datePublished":"2025-09-30T16:03:36+00:00","dateModified":"2025-09-30T16:21:35+00:00","author":{"@id":"https:\/\/www.africa-press.net\/cotedivoire\/#\/schema\/person\/2b1cf3cd81a31e3cd26889ca66d677f1"},"description":"Le Sofitel Ho\u0302tel Ivoire d\u2019Abidjan a accueilli, le 24 septembre 2025, la ce\u0301le\u0301bration de la 95e Fe\u0302te nationale du Roya ...","breadcrumb":{"@id":"https:\/\/www.africa-press.net\/cotedivoire\/politique\/abidjan-et-riyad-celebrent-40-ans-de-relations#breadcrumb"},"inLanguage":"fr-FR","potentialAction":[{"@type":"ReadAction","target":["https:\/\/www.africa-press.net\/cotedivoire\/politique\/abidjan-et-riyad-celebrent-40-ans-de-relations"]}]},{"@type":"ImageObject","inLanguage":"fr-FR","@id":"https:\/\/www.africa-press.net\/cotedivoire\/politique\/abidjan-et-riyad-celebrent-40-ans-de-relations#primaryimage","url":"https:\/\/static.africa-press.net\/cote\/sites\/43\/2025\/09\/sm_1759236668.843477.jpg","contentUrl":"https:\/\/static.africa-press.net\/cote\/sites\/43\/2025\/09\/sm_1759236668.843477.jpg","width":720,"height":396,"caption":"Abidjan Et Riyad C\u00e9l\u00e8brent 40 Ans De Relations"},{"@type":"BreadcrumbList","@id":"https:\/\/www.africa-press.net\/cotedivoire\/politique\/abidjan-et-riyad-celebrent-40-ans-de-relations#breadcrumb","itemListElement":[{"@type":"ListItem","position":1,"name":"Accueil","item":"https:\/\/www.africa-press.net\/cotedivoire\/"},{"@type":"ListItem","position":2,"name":"Abidjan Et Riyad C\u00e9l\u00e8brent 40 Ans De Relations"}]},{"@type":"WebSite","@id":"https:\/\/www.africa-press.net\/cotedivoire\/#website","url":"https:\/\/www.africa-press.net\/cotedivoire\/","name":"C\u00f4te d&#039;Ivoire","description":"Just another Africa News Agency Sites site","potentialAction":[{"@type":"SearchAction","target":{"@type":"EntryPoint","urlTemplate":"https:\/\/www.africa-press.net\/cotedivoire\/?s={search_term_string}"},"query-input":{"@type":"PropertyValueSpecification","valueRequired":true,"valueName":"search_term_string"}}],"inLanguage":"fr-FR"},{"@type":"Person","@id":"https:\/\/www.africa-press.net\/cotedivoire\/#\/schema\/person\/2b1cf3cd81a31e3cd26889ca66d677f1","name":"cfeditorfr"}]}},"_links":{"self":[{"href":"https:\/\/www.africa-press.net\/cotedivoire\/wp-json\/wp\/v2\/posts\/106041","targetHints":{"allow":["GET"]}}],"collection":[{"href":"https:\/\/www.africa-press.net\/cotedivoire\/wp-json\/wp\/v2\/posts"}],"about":[{"href":"https:\/\/www.africa-press.net\/cotedivoire\/wp-json\/wp\/v2\/types\/post"}],"author":[{"embeddable":true,"href":"https:\/\/www.africa-press.net\/cotedivoire\/wp-json\/wp\/v2\/users\/82"}],"replies":[{"embeddable":true,"href":"https:\/\/www.africa-press.net\/cotedivoire\/wp-json\/wp\/v2\/comments?post=106041"}],"version-history":[{"count":0,"href":"https:\/\/www.africa-press.net\/cotedivoire\/wp-json\/wp\/v2\/posts\/106041\/revisions"}],"wp:featuredmedia":[{"embeddable":true,"href":"https:\/\/www.africa-press.net\/cotedivoire\/wp-json\/wp\/v2\/media\/106040"}],"wp:attachment":[{"href":"https:\/\/www.africa-press.net\/cotedivoire\/wp-json\/wp\/v2\/media?parent=106041"}],"wp:term":[{"taxonomy":"category","embeddable":true,"href":"https:\/\/www.africa-press.net\/cotedivoire\/wp-json\/wp\/v2\/categories?post=106041"},{"taxonomy":"post_tag","embeddable":true,"href":"https:\/\/www.africa-press.net\/cotedivoire\/wp-json\/wp\/v2\/tags?post=106041"}],"curies":[{"name":"wp","href":"https:\/\/api.w.org\/{rel}","templated":true}]}}