{"id":106055,"date":"2025-10-01T18:06:53","date_gmt":"2025-10-01T18:06:53","guid":{"rendered":"https:\/\/www.africa-press.net\/cotedivoire\/politique\/ppa-ci-denonce-atteinte-aux-libertes-individuelles"},"modified":"2025-10-01T18:42:39","modified_gmt":"2025-10-01T18:42:39","slug":"ppa-ci-denonce-atteinte-aux-libertes-individuelles","status":"publish","type":"post","link":"https:\/\/www.africa-press.net\/cotedivoire\/parties\/ppa-ci-denonce-atteinte-aux-libertes-individuelles","title":{"rendered":"PPA-CI D\u00e9nonce Atteinte Aux Libert\u00e9s Individuelles"},"content":{"rendered":"<p><span style=\"color: #ff6600\"><strong>Africa-Press &#8211; C\u00f4te d&rsquo;Ivoire. <\/strong><\/span>Le Parti des Peuples Africains \u2013 Co\u0302te d&rsquo;Ivoire (PPA-CI) a officiellement informe\u0301 l\u2019opinion nationale et internationale du de\u0301ferrement de deux de ses hauts responsables, Blaise Lasm et Dahi Nestor, au Po\u0302le Pe\u0301nitentiaire d\u2019Abidjan, ce mardi 30 septembre 2025. Apre\u0300s avoir e\u0301te\u0301 interpelle\u0301s et maintenus en garde a\u0300 vue pendant plus de 24 heures, les deux Secre\u0301taires Ge\u0301ne\u0301raux Adjoints du PPA-CI ont e\u0301te\u0301 de\u0301fe\u0301re\u0301s pour des accusations graves.<\/p>\n<p>Les charges retenues contre Blaise Lasm, en charge des Grands Ponts, et Dahi Nestor, responsable de Yopougon et Songon, incluent la provocation a\u0300 l\u2019insurrection, l\u2019atteinte a\u0300 l\u2019autorite\u0301 de l\u2019E\u0301tat et a\u0300 l\u2019inte\u0301grite\u0301 du territoire national, ainsi que des troubles a\u0300 l\u2019ordre public.<\/p>\n<p>Le PPA-CI dans une communique\u0301 dont copie est parvenue a\u0300 KOACI, a exprime\u0301 son indignation face a\u0300 cette de\u0301cision qu&rsquo;il conside\u0300re comme arbitraire et injuste. Le parti de\u0301nonce ce qu\u2019il conside\u0300re comme une tentative de re\u0301pression visant a\u0300 e\u0301touffer l\u2019opposition et a\u0300 limiter les voix discordantes face aux de\u0301rives antide\u0301mocratiques du pouvoir en place.<\/p>\n<p>Le parti de Gbagbo a affirme\u0301 sa solidarite\u0301 totale envers ses membres emprisonne\u0301s et a exprime\u0301 son engagement a\u0300 poursuivre le combat pour la de\u0301mocratie, la justice et la liberte\u0301. Le parti appelle e\u0301galement ses militants et sympathisants, ainsi que toutes les forces vives de la Nation, a\u0300 rester mobilise\u0301s, vigilants et de\u0301termine\u0301s pour faire face a\u0300 cette nouvelle forme de re\u0301pression.<\/p>\n<p>Le PPA-CI conside\u0300re cette situation comme un affront aux liberte\u0301s individuelles et au droit d\u2019expression politique.<\/p>\n<p><strong>Pour plus d&rsquo;informations et d&rsquo;analyses sur la <span style=\"color: #ff6600\">C\u00f4te d&rsquo;Ivoire<\/span>, suivez <span style=\"color: #ff6600\">Africa-Press<\/span><\/strong><\/p>\n","protected":false},"excerpt":{"rendered":"<p>Africa-Press &#8211; C\u00f4te d&rsquo;Ivoire. Le Parti des Peuples Africains \u2013 Co\u0302te d&rsquo;Ivoire (PPA-CI) a officiellement informe\u0301 l\u2019opinion nationale et internationale du de\u0301ferrement de deux de ses hauts responsables, Blaise Lasm et Dahi Nestor, au Po\u0302le Pe\u0301nitentiaire d\u2019Abidjan, ce mardi 30 septembre 2025. Apre\u0300s avoir e\u0301te\u0301 interpelle\u0301s et maintenus en garde a\u0300 vue pendant plus de [&hellip;]<\/p>\n","protected":false},"author":82,"featured_media":106054,"comment_status":"open","ping_status":"closed","sticky":false,"template":"","format":"standard","meta":{"footnotes":""},"categories":[4,10],"tags":[6161,29,19028,320,1952,551],"class_list":["post-106055","post","type-post","status-publish","format-standard","has-post-thumbnail","hentry","category-parties","category-toutes-les-actualites","tag-blaise","tag-cote-divoire","tag-dagi","tag-gbagbo","tag-ppa-ci","tag-prison"],"yoast_head":"<!-- This site is optimized with the Yoast SEO Premium plugin v26.1 (Yoast SEO v27.0) - https:\/\/yoast.com\/product\/yoast-seo-premium-wordpress\/ -->\n<title>PPA-CI D\u00e9nonce Atteinte Aux Libert\u00e9s Individuelles - C\u00f4te d&#039;Ivoire<\/title>\n<meta name=\"description\" content=\"Le Parti des Peuples Africains \u2013 Co\u0302te d&#039;Ivoire (PPA-CI) a officiellement informe\u0301 l\u2019opinion nationale et internationale ...\" \/>\n<meta name=\"robots\" content=\"index, follow, max-snippet:-1, max-image-preview:large, max-video-preview:-1\" \/>\n<link rel=\"canonical\" href=\"https:\/\/www.africa-press.net\/cotedivoire\/parties\/ppa-ci-denonce-atteinte-aux-libertes-individuelles\" \/>\n<meta property=\"og:locale\" content=\"fr_FR\" \/>\n<meta property=\"og:type\" content=\"article\" \/>\n<meta property=\"og:title\" content=\"PPA-CI D\u00e9nonce Atteinte Aux Libert\u00e9s Individuelles\" \/>\n<meta property=\"og:description\" content=\"Le Parti des Peuples Africains \u2013 Co\u0302te d&#039;Ivoire (PPA-CI) a officiellement informe\u0301 l\u2019opinion nationale et internationale ...\" \/>\n<meta property=\"og:url\" content=\"https:\/\/www.africa-press.net\/cotedivoire\/parties\/ppa-ci-denonce-atteinte-aux-libertes-individuelles\" \/>\n<meta property=\"og:site_name\" content=\"C\u00f4te d&#039;Ivoire\" \/>\n<meta property=\"article:published_time\" content=\"2025-10-01T18:06:53+00:00\" \/>\n<meta property=\"article:modified_time\" content=\"2025-10-01T18:42:39+00:00\" \/>\n<meta property=\"og:image\" content=\"https:\/\/static.africa-press.net\/cote\/sites\/43\/2025\/10\/sm_1759331512.964409.jpg\" \/>\n\t<meta property=\"og:image:width\" content=\"720\" \/>\n\t<meta property=\"og:image:height\" content=\"405\" \/>\n\t<meta property=\"og:image:type\" content=\"image\/jpeg\" \/>\n<meta name=\"author\" content=\"cfeditorfr\" \/>\n<meta name=\"twitter:card\" content=\"summary_large_image\" \/>\n<meta name=\"twitter:label1\" content=\"\u00c9crit par\" \/>\n\t<meta name=\"twitter:data1\" content=\"cfeditorfr\" \/>\n\t<meta name=\"twitter:label2\" content=\"Dur\u00e9e de lecture estim\u00e9e\" \/>\n\t<meta name=\"twitter:data2\" content=\"2 minutes\" \/>\n<script type=\"application\/ld+json\" class=\"yoast-schema-graph\">{\"@context\":\"https:\/\/schema.org\",\"@graph\":[{\"@type\":\"Article\",\"@id\":\"https:\/\/www.africa-press.net\/cotedivoire\/parties\/ppa-ci-denonce-atteinte-aux-libertes-individuelles#article\",\"isPartOf\":{\"@id\":\"https:\/\/www.africa-press.net\/cotedivoire\/parties\/ppa-ci-denonce-atteinte-aux-libertes-individuelles\"},\"author\":{\"name\":\"cfeditorfr\",\"@id\":\"https:\/\/www.africa-press.net\/cotedivoire\/#\/schema\/person\/2b1cf3cd81a31e3cd26889ca66d677f1\"},\"headline\":\"PPA-CI D\u00e9nonce Atteinte Aux Libert\u00e9s Individuelles\",\"datePublished\":\"2025-10-01T18:06:53+00:00\",\"dateModified\":\"2025-10-01T18:42:39+00:00\",\"mainEntityOfPage\":{\"@id\":\"https:\/\/www.africa-press.net\/cotedivoire\/parties\/ppa-ci-denonce-atteinte-aux-libertes-individuelles\"},\"wordCount\":312,\"commentCount\":0,\"image\":{\"@id\":\"https:\/\/www.africa-press.net\/cotedivoire\/parties\/ppa-ci-denonce-atteinte-aux-libertes-individuelles#primaryimage\"},\"thumbnailUrl\":\"https:\/\/static.africa-press.net\/cote\/sites\/43\/2025\/10\/sm_1759331512.964409.jpg\",\"keywords\":[\"Blaise\",\"C\u00d4TE D'IVOIRE\",\"Dagi\",\"Gbagbo\",\"PPA-CI\",\"prison\"],\"articleSection\":[\"Parties\",\"Toutes les actualit\u00e9s\"],\"inLanguage\":\"fr-FR\",\"potentialAction\":[{\"@type\":\"CommentAction\",\"name\":\"Comment\",\"target\":[\"https:\/\/www.africa-press.net\/cotedivoire\/parties\/ppa-ci-denonce-atteinte-aux-libertes-individuelles#respond\"]}]},{\"@type\":\"WebPage\",\"@id\":\"https:\/\/www.africa-press.net\/cotedivoire\/parties\/ppa-ci-denonce-atteinte-aux-libertes-individuelles\",\"url\":\"https:\/\/www.africa-press.net\/cotedivoire\/parties\/ppa-ci-denonce-atteinte-aux-libertes-individuelles\",\"name\":\"PPA-CI D\u00e9nonce Atteinte Aux Libert\u00e9s Individuelles - C\u00f4te d&#039;Ivoire\",\"isPartOf\":{\"@id\":\"https:\/\/www.africa-press.net\/cotedivoire\/#website\"},\"primaryImageOfPage\":{\"@id\":\"https:\/\/www.africa-press.net\/cotedivoire\/parties\/ppa-ci-denonce-atteinte-aux-libertes-individuelles#primaryimage\"},\"image\":{\"@id\":\"https:\/\/www.africa-press.net\/cotedivoire\/parties\/ppa-ci-denonce-atteinte-aux-libertes-individuelles#primaryimage\"},\"thumbnailUrl\":\"https:\/\/static.africa-press.net\/cote\/sites\/43\/2025\/10\/sm_1759331512.964409.jpg\",\"datePublished\":\"2025-10-01T18:06:53+00:00\",\"dateModified\":\"2025-10-01T18:42:39+00:00\",\"author\":{\"@id\":\"https:\/\/www.africa-press.net\/cotedivoire\/#\/schema\/person\/2b1cf3cd81a31e3cd26889ca66d677f1\"},\"description\":\"Le Parti des Peuples Africains \u2013 Co\u0302te d'Ivoire (PPA-CI) a officiellement informe\u0301 l\u2019opinion nationale et internationale ...\",\"breadcrumb\":{\"@id\":\"https:\/\/www.africa-press.net\/cotedivoire\/parties\/ppa-ci-denonce-atteinte-aux-libertes-individuelles#breadcrumb\"},\"inLanguage\":\"fr-FR\",\"potentialAction\":[{\"@type\":\"ReadAction\",\"target\":[\"https:\/\/www.africa-press.net\/cotedivoire\/parties\/ppa-ci-denonce-atteinte-aux-libertes-individuelles\"]}]},{\"@type\":\"ImageObject\",\"inLanguage\":\"fr-FR\",\"@id\":\"https:\/\/www.africa-press.net\/cotedivoire\/parties\/ppa-ci-denonce-atteinte-aux-libertes-individuelles#primaryimage\",\"url\":\"https:\/\/static.africa-press.net\/cote\/sites\/43\/2025\/10\/sm_1759331512.964409.jpg\",\"contentUrl\":\"https:\/\/static.africa-press.net\/cote\/sites\/43\/2025\/10\/sm_1759331512.964409.jpg\",\"width\":720,\"height\":405,\"caption\":\"PPA-CI D\u00e9nonce Atteinte Aux Libert\u00e9s Individuelles\"},{\"@type\":\"BreadcrumbList\",\"@id\":\"https:\/\/www.africa-press.net\/cotedivoire\/parties\/ppa-ci-denonce-atteinte-aux-libertes-individuelles#breadcrumb\",\"itemListElement\":[{\"@type\":\"ListItem\",\"position\":1,\"name\":\"Accueil\",\"item\":\"https:\/\/www.africa-press.net\/cotedivoire\/\"},{\"@type\":\"ListItem\",\"position\":2,\"name\":\"PPA-CI D\u00e9nonce Atteinte Aux Libert\u00e9s Individuelles\"}]},{\"@type\":\"WebSite\",\"@id\":\"https:\/\/www.africa-press.net\/cotedivoire\/#website\",\"url\":\"https:\/\/www.africa-press.net\/cotedivoire\/\",\"name\":\"C\u00f4te d&#039;Ivoire\",\"description\":\"Just another Africa News Agency Sites site\",\"potentialAction\":[{\"@type\":\"SearchAction\",\"target\":{\"@type\":\"EntryPoint\",\"urlTemplate\":\"https:\/\/www.africa-press.net\/cotedivoire\/?s={search_term_string}\"},\"query-input\":{\"@type\":\"PropertyValueSpecification\",\"valueRequired\":true,\"valueName\":\"search_term_string\"}}],\"inLanguage\":\"fr-FR\"},{\"@type\":\"Person\",\"@id\":\"https:\/\/www.africa-press.net\/cotedivoire\/#\/schema\/person\/2b1cf3cd81a31e3cd26889ca66d677f1\",\"name\":\"cfeditorfr\"}]}<\/script>\n<!-- \/ Yoast SEO Premium plugin. -->","yoast_head_json":{"title":"PPA-CI D\u00e9nonce Atteinte Aux Libert\u00e9s Individuelles - C\u00f4te d&#039;Ivoire","description":"Le Parti des Peuples Africains \u2013 Co\u0302te d'Ivoire (PPA-CI) a officiellement informe\u0301 l\u2019opinion nationale et internationale ...","robots":{"index":"index","follow":"follow","max-snippet":"max-snippet:-1","max-image-preview":"max-image-preview:large","max-video-preview":"max-video-preview:-1"},"canonical":"https:\/\/www.africa-press.net\/cotedivoire\/parties\/ppa-ci-denonce-atteinte-aux-libertes-individuelles","og_locale":"fr_FR","og_type":"article","og_title":"PPA-CI D\u00e9nonce Atteinte Aux Libert\u00e9s Individuelles","og_description":"Le Parti des Peuples Africains \u2013 Co\u0302te d'Ivoire (PPA-CI) a officiellement informe\u0301 l\u2019opinion nationale et internationale ...","og_url":"https:\/\/www.africa-press.net\/cotedivoire\/parties\/ppa-ci-denonce-atteinte-aux-libertes-individuelles","og_site_name":"C\u00f4te d&#039;Ivoire","article_published_time":"2025-10-01T18:06:53+00:00","article_modified_time":"2025-10-01T18:42:39+00:00","og_image":[{"width":720,"height":405,"url":"https:\/\/static.africa-press.net\/cote\/sites\/43\/2025\/10\/sm_1759331512.964409.jpg","type":"image\/jpeg"}],"author":"cfeditorfr","twitter_card":"summary_large_image","twitter_misc":{"\u00c9crit par":"cfeditorfr","Dur\u00e9e de lecture estim\u00e9e":"2 minutes"},"schema":{"@context":"https:\/\/schema.org","@graph":[{"@type":"Article","@id":"https:\/\/www.africa-press.net\/cotedivoire\/parties\/ppa-ci-denonce-atteinte-aux-libertes-individuelles#article","isPartOf":{"@id":"https:\/\/www.africa-press.net\/cotedivoire\/parties\/ppa-ci-denonce-atteinte-aux-libertes-individuelles"},"author":{"name":"cfeditorfr","@id":"https:\/\/www.africa-press.net\/cotedivoire\/#\/schema\/person\/2b1cf3cd81a31e3cd26889ca66d677f1"},"headline":"PPA-CI D\u00e9nonce Atteinte Aux Libert\u00e9s Individuelles","datePublished":"2025-10-01T18:06:53+00:00","dateModified":"2025-10-01T18:42:39+00:00","mainEntityOfPage":{"@id":"https:\/\/www.africa-press.net\/cotedivoire\/parties\/ppa-ci-denonce-atteinte-aux-libertes-individuelles"},"wordCount":312,"commentCount":0,"image":{"@id":"https:\/\/www.africa-press.net\/cotedivoire\/parties\/ppa-ci-denonce-atteinte-aux-libertes-individuelles#primaryimage"},"thumbnailUrl":"https:\/\/static.africa-press.net\/cote\/sites\/43\/2025\/10\/sm_1759331512.964409.jpg","keywords":["Blaise","C\u00d4TE D'IVOIRE","Dagi","Gbagbo","PPA-CI","prison"],"articleSection":["Parties","Toutes les actualit\u00e9s"],"inLanguage":"fr-FR","potentialAction":[{"@type":"CommentAction","name":"Comment","target":["https:\/\/www.africa-press.net\/cotedivoire\/parties\/ppa-ci-denonce-atteinte-aux-libertes-individuelles#respond"]}]},{"@type":"WebPage","@id":"https:\/\/www.africa-press.net\/cotedivoire\/parties\/ppa-ci-denonce-atteinte-aux-libertes-individuelles","url":"https:\/\/www.africa-press.net\/cotedivoire\/parties\/ppa-ci-denonce-atteinte-aux-libertes-individuelles","name":"PPA-CI D\u00e9nonce Atteinte Aux Libert\u00e9s Individuelles - C\u00f4te d&#039;Ivoire","isPartOf":{"@id":"https:\/\/www.africa-press.net\/cotedivoire\/#website"},"primaryImageOfPage":{"@id":"https:\/\/www.africa-press.net\/cotedivoire\/parties\/ppa-ci-denonce-atteinte-aux-libertes-individuelles#primaryimage"},"image":{"@id":"https:\/\/www.africa-press.net\/cotedivoire\/parties\/ppa-ci-denonce-atteinte-aux-libertes-individuelles#primaryimage"},"thumbnailUrl":"https:\/\/static.africa-press.net\/cote\/sites\/43\/2025\/10\/sm_1759331512.964409.jpg","datePublished":"2025-10-01T18:06:53+00:00","dateModified":"2025-10-01T18:42:39+00:00","author":{"@id":"https:\/\/www.africa-press.net\/cotedivoire\/#\/schema\/person\/2b1cf3cd81a31e3cd26889ca66d677f1"},"description":"Le Parti des Peuples Africains \u2013 Co\u0302te d'Ivoire (PPA-CI) a officiellement informe\u0301 l\u2019opinion nationale et internationale ...","breadcrumb":{"@id":"https:\/\/www.africa-press.net\/cotedivoire\/parties\/ppa-ci-denonce-atteinte-aux-libertes-individuelles#breadcrumb"},"inLanguage":"fr-FR","potentialAction":[{"@type":"ReadAction","target":["https:\/\/www.africa-press.net\/cotedivoire\/parties\/ppa-ci-denonce-atteinte-aux-libertes-individuelles"]}]},{"@type":"ImageObject","inLanguage":"fr-FR","@id":"https:\/\/www.africa-press.net\/cotedivoire\/parties\/ppa-ci-denonce-atteinte-aux-libertes-individuelles#primaryimage","url":"https:\/\/static.africa-press.net\/cote\/sites\/43\/2025\/10\/sm_1759331512.964409.jpg","contentUrl":"https:\/\/static.africa-press.net\/cote\/sites\/43\/2025\/10\/sm_1759331512.964409.jpg","width":720,"height":405,"caption":"PPA-CI D\u00e9nonce Atteinte Aux Libert\u00e9s Individuelles"},{"@type":"BreadcrumbList","@id":"https:\/\/www.africa-press.net\/cotedivoire\/parties\/ppa-ci-denonce-atteinte-aux-libertes-individuelles#breadcrumb","itemListElement":[{"@type":"ListItem","position":1,"name":"Accueil","item":"https:\/\/www.africa-press.net\/cotedivoire\/"},{"@type":"ListItem","position":2,"name":"PPA-CI D\u00e9nonce Atteinte Aux Libert\u00e9s Individuelles"}]},{"@type":"WebSite","@id":"https:\/\/www.africa-press.net\/cotedivoire\/#website","url":"https:\/\/www.africa-press.net\/cotedivoire\/","name":"C\u00f4te d&#039;Ivoire","description":"Just another Africa News Agency Sites site","potentialAction":[{"@type":"SearchAction","target":{"@type":"EntryPoint","urlTemplate":"https:\/\/www.africa-press.net\/cotedivoire\/?s={search_term_string}"},"query-input":{"@type":"PropertyValueSpecification","valueRequired":true,"valueName":"search_term_string"}}],"inLanguage":"fr-FR"},{"@type":"Person","@id":"https:\/\/www.africa-press.net\/cotedivoire\/#\/schema\/person\/2b1cf3cd81a31e3cd26889ca66d677f1","name":"cfeditorfr"}]}},"_links":{"self":[{"href":"https:\/\/www.africa-press.net\/cotedivoire\/wp-json\/wp\/v2\/posts\/106055","targetHints":{"allow":["GET"]}}],"collection":[{"href":"https:\/\/www.africa-press.net\/cotedivoire\/wp-json\/wp\/v2\/posts"}],"about":[{"href":"https:\/\/www.africa-press.net\/cotedivoire\/wp-json\/wp\/v2\/types\/post"}],"author":[{"embeddable":true,"href":"https:\/\/www.africa-press.net\/cotedivoire\/wp-json\/wp\/v2\/users\/82"}],"replies":[{"embeddable":true,"href":"https:\/\/www.africa-press.net\/cotedivoire\/wp-json\/wp\/v2\/comments?post=106055"}],"version-history":[{"count":0,"href":"https:\/\/www.africa-press.net\/cotedivoire\/wp-json\/wp\/v2\/posts\/106055\/revisions"}],"wp:featuredmedia":[{"embeddable":true,"href":"https:\/\/www.africa-press.net\/cotedivoire\/wp-json\/wp\/v2\/media\/106054"}],"wp:attachment":[{"href":"https:\/\/www.africa-press.net\/cotedivoire\/wp-json\/wp\/v2\/media?parent=106055"}],"wp:term":[{"taxonomy":"category","embeddable":true,"href":"https:\/\/www.africa-press.net\/cotedivoire\/wp-json\/wp\/v2\/categories?post=106055"},{"taxonomy":"post_tag","embeddable":true,"href":"https:\/\/www.africa-press.net\/cotedivoire\/wp-json\/wp\/v2\/tags?post=106055"}],"curies":[{"name":"wp","href":"https:\/\/api.w.org\/{rel}","templated":true}]}}