{"id":106059,"date":"2025-10-01T18:07:19","date_gmt":"2025-10-01T18:07:19","guid":{"rendered":"https:\/\/www.africa-press.net\/cotedivoire\/politique\/abidjan-en-mutation-par-le-mclu-et-ladressage-urbain"},"modified":"2025-10-01T18:42:59","modified_gmt":"2025-10-01T18:42:59","slug":"abidjan-en-mutation-par-le-mclu-et-ladressage-urbain","status":"publish","type":"post","link":"https:\/\/www.africa-press.net\/cotedivoire\/economie\/abidjan-en-mutation-par-le-mclu-et-ladressage-urbain","title":{"rendered":"Abidjan en Mutation par le MCLU et l&rsquo;Adressage Urbain"},"content":{"rendered":"<p><span style=\"color: #ff6600\"><strong>Africa-Press &#8211; C\u00f4te d&rsquo;Ivoire. <\/strong><\/span>La troisie\u0300me e\u0301dition de \u00ab La Matinale du Ba\u0302tir \u00bb, une initiative lance\u0301e par le Ministe\u0300re de la Construction, du Logement et de l\u2019Urbanisme (MCLU), a eu lieu au Plateau, ce mardi 30 septembre 2025, pour discuter de l\u2019avenir urbain d\u2019Abidjan. Sous le the\u0300me \u00ab Adressage des rues, re\u0301novation urbaine et restructuration des quartiers pre\u0301caires: quel apport pour le nouveau visage d\u2019Abidjan? \u00bb, cet e\u0301ve\u0301nement a offert une plateforme de dialogue entre les autorite\u0301s publiques et les me\u0301dias.<\/p>\n<p>L&rsquo;invite\u0301 principal, M. Alphonse N\u2019guessan, directeur de l\u2019Adressage, de la Gestion et de la Restructuration Urbaine (DAGERU), a fait le point sur les re\u0301sultats obtenus dans le cadre du Projet d\u2019Adressage du District d\u2019Abidjan (PADA), lance\u0301 en 2017 avec l&rsquo;appui de la Banque Mondiale. Avec un financement total de 12 milliards de FCFA (dont 10 milliards provenant de la Banque Mondiale et 2 milliards de l&rsquo;E\u0301tat ivoirien), le projet a permis d&rsquo;attribuer pre\u0300s de 500 000 adresses a\u0300 ce jour et de poser 210 000 plaques d&rsquo;adresse a\u0300 travers les 13 communes du district d&rsquo;Abidjan. Cette ope\u0301ration, qui devrait se terminer en 2025, vise a\u0300 faciliter la mobilite\u0301 et l&rsquo;identification des lieux dans une ville en pleine croissance.<\/p>\n<p>A\u0300 l\u2019horizon 2030, le programme pre\u0301voit une extension du projet a\u0300 15 autres villes du pays, dans l\u2019objectif d\u2019offrir a\u0300 75 % de la population urbaine une adresse formelle. Ce travail colossal devrait apporter des solutions durables et inclusives aux quartiers pre\u0301caires, contribuant a\u0300 une meilleure gestion de la ville.<\/p>\n<p>Au-dela\u0300 de l\u2019adressage, M. N\u2019guessan a souligne\u0301 l\u2019importance de la re\u0301novation urbaine, un autre pilier essentiel de la transformation d\u2019Abidjan. Selon lui, l\u2019enjeu est de redonner de la valeur aux \u00ab noyaux \u00bb des grandes villes, souvent de\u0301valorise\u0301s malgre\u0301 des investissements dans leurs infrastructures pe\u0301riphe\u0301riques. La re\u0301novation de ces zones doit e\u0302tre une de\u0301marche continue, mobilisant l\u2019E\u0301tat, le secteur prive\u0301, ainsi que les populations locales.<\/p>\n<p>Le de\u0301fi des quartiers pre\u0301caires a e\u0301galement e\u0301te\u0301 au c\u0153ur des discussions. M. N\u2019guessan a pre\u0301sente\u0301 une analyse alarmante de l\u2019e\u0301volution de ces quartiers, qui abritent aujourd&rsquo;hui pre\u0300s de 2 millions de personnes, soit 20 % de la population d\u2019Abidjan. De 45 quartiers pre\u0301caires en 1985, le chiffre a grimpe\u0301 a\u0300 199 en 2024. Dans cette situation, la question du traitement de ces quartiers ne peut e\u0302tre uniforme. Certaines zones, notamment celles expose\u0301es a\u0300 des risques, comme les lignes haute tension ou les zones inondables, devront e\u0302tre reloge\u0301es sur des sites ame\u0301nage\u0301s. D\u2019autres pourront e\u0302tre restructure\u0301es sur place, en fonction de leur potentiel de de\u0301veloppement.<\/p>\n<p>L\u2019approche vise a\u0300 garantir a\u0300 long terme une qualite\u0301 de vie pour tous les habitants tout en respectant les principes de durabilite\u0301 et d\u2019inclusivite\u0301. L\u2019objectif est d\u2019offrir aux quartiers pre\u0301caires une ve\u0301ritable transformation, permettant a\u0300 leurs habitants de sortir de la pre\u0301carite\u0301.<\/p>\n<p>Une autre facette du projet de transformation d\u2019Abidjan est le de\u0301veloppement de quartiers verts et mode\u0300les. M. N\u2019guessan a e\u0301voque\u0301 un projet urbain ambitieux qui pre\u0301voit la cre\u0301ation de quartiers ou\u0300 les habitants pourront vivre, travailler et se divertir dans un me\u0302me espace, tout en minimisant les transports et la pollution. Ce projet s\u2019appuie sur une analyse environnementale rigoureuse pour garantir une gestion durable de l\u2019espace urbain.<\/p>\n<p>L&rsquo;architecte Danny El Feghaly, qui a contribue\u0301 a\u0300 la conception de ce projet, a pre\u0301sente\u0301 une vision innovante d\u2019urbanisme durable, axe\u0301e sur la re\u0301duction de l&#8217;empreinte e\u0301cologique et l\u2019ame\u0301lioration du cadre de vie des habitants. Ce projet ambitieux s&rsquo;inscrit dans la volonte\u0301 de cre\u0301er une me\u0301tropole moderne, connecte\u0301e aux enjeux e\u0301cologiques, tout en re\u0301pondant aux besoins de ses citoyens.<\/p>\n<p>Le succe\u0300s de ce projet est e\u0301galement du\u0302 a\u0300 la collaboration avec des partenaires internationaux. Des ope\u0301rateurs comme Marriott, entre autres, sont envisage\u0301s pour garantir la qualite\u0301 de gestion du projet. Ces partenariats permettent d\u2019assurer la pe\u0301rennite\u0301 et la durabilite\u0301 de cette transformation urbaine tout en apportant un savoir-faire mondial reconnu.<\/p>\n<p>Pour conclure, M. Check Kone\u0301, directeur de la Communication et des Relations Exte\u0301rieures du MCLU, a re\u0301affirme\u0301 la volonte\u0301 du ministe\u0300re de maintenir cet espace d\u2019e\u0301changes entre les autorite\u0301s publiques et les me\u0301dias. Selon lui, \u00ab La ville d\u2019Abidjan change, nos cite\u0301s de l\u2019inte\u0301rieur e\u0301voluent aussi, et ce changement doit e\u0302tre lisible, accessible et compris par chacun. \u00bb<\/p>\n<p>Cet e\u0301ve\u0301nement confirme la volonte\u0301 de l\u2019administration d\u2019Abidjan de conduire une transformation urbaine ambitieuse, en conciliant modernisation, gestion durable, et respect de l\u2019environnement. Abidjan, a\u0300 travers ces grands chantiers, entend devenir un mode\u0300le de me\u0301tropole africaine du 21e sie\u0300cle.<\/p>\n<p><strong>Pour plus d&rsquo;informations et d&rsquo;analyses sur la <span style=\"color: #ff6600\">C\u00f4te d&rsquo;Ivoire<\/span>, suivez <span style=\"color: #ff6600\">Africa-Press<\/span><\/strong><\/p>\n","protected":false},"excerpt":{"rendered":"<p>Africa-Press &#8211; C\u00f4te d&rsquo;Ivoire. La troisie\u0300me e\u0301dition de \u00ab La Matinale du Ba\u0302tir \u00bb, une initiative lance\u0301e par le Ministe\u0300re de la Construction, du Logement et de l\u2019Urbanisme (MCLU), a eu lieu au Plateau, ce mardi 30 septembre 2025, pour discuter de l\u2019avenir urbain d\u2019Abidjan. Sous le the\u0300me \u00ab Adressage des rues, re\u0301novation urbaine et [&hellip;]<\/p>\n","protected":false},"author":82,"featured_media":106057,"comment_status":"open","ping_status":"closed","sticky":false,"template":"","format":"standard","meta":{"footnotes":""},"categories":[3,10],"tags":[30,9134,29,1749,8729,8781,527,4176,878,2176,1886],"class_list":["post-106059","post","type-post","status-publish","format-standard","has-post-thumbnail","hentry","category-economie","category-toutes-les-actualites","tag-abidjan","tag-check","tag-cote-divoire","tag-mclu","tag-nguessan","tag-pada","tag-plateau","tag-programme","tag-projet","tag-quartier","tag-ville"],"yoast_head":"<!-- This site is optimized with the Yoast SEO Premium plugin v26.1 (Yoast SEO v27.0) - https:\/\/yoast.com\/product\/yoast-seo-premium-wordpress\/ -->\n<title>Abidjan en Mutation par le MCLU et l&#039;Adressage Urbain - C\u00f4te d&#039;Ivoire<\/title>\n<meta name=\"description\" content=\"La troisie\u0300me e\u0301dition de \u00ab La Matinale du Ba\u0302tir \u00bb, une initiative lance\u0301e par le Ministe\u0300re de la Construction, du Log ...\" \/>\n<meta name=\"robots\" content=\"index, follow, max-snippet:-1, max-image-preview:large, max-video-preview:-1\" \/>\n<link rel=\"canonical\" href=\"https:\/\/www.africa-press.net\/cotedivoire\/economie\/abidjan-en-mutation-par-le-mclu-et-ladressage-urbain\" \/>\n<meta property=\"og:locale\" content=\"fr_FR\" \/>\n<meta property=\"og:type\" content=\"article\" \/>\n<meta property=\"og:title\" content=\"Abidjan en Mutation par le MCLU et l&#039;Adressage Urbain\" \/>\n<meta property=\"og:description\" content=\"La troisie\u0300me e\u0301dition de \u00ab La Matinale du Ba\u0302tir \u00bb, une initiative lance\u0301e par le Ministe\u0300re de la Construction, du Log ...\" \/>\n<meta property=\"og:url\" content=\"https:\/\/www.africa-press.net\/cotedivoire\/economie\/abidjan-en-mutation-par-le-mclu-et-ladressage-urbain\" \/>\n<meta property=\"og:site_name\" content=\"C\u00f4te d&#039;Ivoire\" \/>\n<meta property=\"article:published_time\" content=\"2025-10-01T18:07:19+00:00\" \/>\n<meta property=\"article:modified_time\" content=\"2025-10-01T18:42:59+00:00\" \/>\n<meta property=\"og:image\" content=\"https:\/\/static.africa-press.net\/cote\/sites\/43\/2025\/10\/sm_1759331531.307135.jpg\" \/>\n\t<meta property=\"og:image:width\" content=\"720\" \/>\n\t<meta property=\"og:image:height\" content=\"480\" \/>\n\t<meta property=\"og:image:type\" content=\"image\/jpeg\" \/>\n<meta name=\"author\" content=\"cfeditorfr\" \/>\n<meta name=\"twitter:card\" content=\"summary_large_image\" \/>\n<meta name=\"twitter:label1\" content=\"\u00c9crit par\" \/>\n\t<meta name=\"twitter:data1\" content=\"cfeditorfr\" \/>\n\t<meta name=\"twitter:label2\" content=\"Dur\u00e9e de lecture estim\u00e9e\" \/>\n\t<meta name=\"twitter:data2\" content=\"4 minutes\" \/>\n<script type=\"application\/ld+json\" class=\"yoast-schema-graph\">{\"@context\":\"https:\/\/schema.org\",\"@graph\":[{\"@type\":\"Article\",\"@id\":\"https:\/\/www.africa-press.net\/cotedivoire\/economie\/abidjan-en-mutation-par-le-mclu-et-ladressage-urbain#article\",\"isPartOf\":{\"@id\":\"https:\/\/www.africa-press.net\/cotedivoire\/economie\/abidjan-en-mutation-par-le-mclu-et-ladressage-urbain\"},\"author\":{\"name\":\"cfeditorfr\",\"@id\":\"https:\/\/www.africa-press.net\/cotedivoire\/#\/schema\/person\/2b1cf3cd81a31e3cd26889ca66d677f1\"},\"headline\":\"Abidjan en Mutation par le MCLU et l&rsquo;Adressage Urbain\",\"datePublished\":\"2025-10-01T18:07:19+00:00\",\"dateModified\":\"2025-10-01T18:42:59+00:00\",\"mainEntityOfPage\":{\"@id\":\"https:\/\/www.africa-press.net\/cotedivoire\/economie\/abidjan-en-mutation-par-le-mclu-et-ladressage-urbain\"},\"wordCount\":865,\"commentCount\":0,\"image\":{\"@id\":\"https:\/\/www.africa-press.net\/cotedivoire\/economie\/abidjan-en-mutation-par-le-mclu-et-ladressage-urbain#primaryimage\"},\"thumbnailUrl\":\"https:\/\/static.africa-press.net\/cote\/sites\/43\/2025\/10\/sm_1759331531.307135.jpg\",\"keywords\":[\"Abidjan\",\"Check\",\"C\u00d4TE D'IVOIRE\",\"MCLU\",\"N'guessan\",\"PADA\",\"Plateau\",\"Programme\",\"Projet\",\"quartier\",\"ville\"],\"articleSection\":[\"\u00c9conomie\",\"Toutes les actualit\u00e9s\"],\"inLanguage\":\"fr-FR\",\"potentialAction\":[{\"@type\":\"CommentAction\",\"name\":\"Comment\",\"target\":[\"https:\/\/www.africa-press.net\/cotedivoire\/economie\/abidjan-en-mutation-par-le-mclu-et-ladressage-urbain#respond\"]}]},{\"@type\":\"WebPage\",\"@id\":\"https:\/\/www.africa-press.net\/cotedivoire\/economie\/abidjan-en-mutation-par-le-mclu-et-ladressage-urbain\",\"url\":\"https:\/\/www.africa-press.net\/cotedivoire\/economie\/abidjan-en-mutation-par-le-mclu-et-ladressage-urbain\",\"name\":\"Abidjan en Mutation par le MCLU et l'Adressage Urbain - C\u00f4te d&#039;Ivoire\",\"isPartOf\":{\"@id\":\"https:\/\/www.africa-press.net\/cotedivoire\/#website\"},\"primaryImageOfPage\":{\"@id\":\"https:\/\/www.africa-press.net\/cotedivoire\/economie\/abidjan-en-mutation-par-le-mclu-et-ladressage-urbain#primaryimage\"},\"image\":{\"@id\":\"https:\/\/www.africa-press.net\/cotedivoire\/economie\/abidjan-en-mutation-par-le-mclu-et-ladressage-urbain#primaryimage\"},\"thumbnailUrl\":\"https:\/\/static.africa-press.net\/cote\/sites\/43\/2025\/10\/sm_1759331531.307135.jpg\",\"datePublished\":\"2025-10-01T18:07:19+00:00\",\"dateModified\":\"2025-10-01T18:42:59+00:00\",\"author\":{\"@id\":\"https:\/\/www.africa-press.net\/cotedivoire\/#\/schema\/person\/2b1cf3cd81a31e3cd26889ca66d677f1\"},\"description\":\"La troisie\u0300me e\u0301dition de \u00ab La Matinale du Ba\u0302tir \u00bb, une initiative lance\u0301e par le Ministe\u0300re de la Construction, du Log ...\",\"breadcrumb\":{\"@id\":\"https:\/\/www.africa-press.net\/cotedivoire\/economie\/abidjan-en-mutation-par-le-mclu-et-ladressage-urbain#breadcrumb\"},\"inLanguage\":\"fr-FR\",\"potentialAction\":[{\"@type\":\"ReadAction\",\"target\":[\"https:\/\/www.africa-press.net\/cotedivoire\/economie\/abidjan-en-mutation-par-le-mclu-et-ladressage-urbain\"]}]},{\"@type\":\"ImageObject\",\"inLanguage\":\"fr-FR\",\"@id\":\"https:\/\/www.africa-press.net\/cotedivoire\/economie\/abidjan-en-mutation-par-le-mclu-et-ladressage-urbain#primaryimage\",\"url\":\"https:\/\/static.africa-press.net\/cote\/sites\/43\/2025\/10\/sm_1759331531.307135.jpg\",\"contentUrl\":\"https:\/\/static.africa-press.net\/cote\/sites\/43\/2025\/10\/sm_1759331531.307135.jpg\",\"width\":720,\"height\":480,\"caption\":\"Abidjan en Mutation par le MCLU et l'Adressage Urbain\"},{\"@type\":\"BreadcrumbList\",\"@id\":\"https:\/\/www.africa-press.net\/cotedivoire\/economie\/abidjan-en-mutation-par-le-mclu-et-ladressage-urbain#breadcrumb\",\"itemListElement\":[{\"@type\":\"ListItem\",\"position\":1,\"name\":\"Accueil\",\"item\":\"https:\/\/www.africa-press.net\/cotedivoire\/\"},{\"@type\":\"ListItem\",\"position\":2,\"name\":\"Abidjan en Mutation par le MCLU et l&#8217;Adressage Urbain\"}]},{\"@type\":\"WebSite\",\"@id\":\"https:\/\/www.africa-press.net\/cotedivoire\/#website\",\"url\":\"https:\/\/www.africa-press.net\/cotedivoire\/\",\"name\":\"C\u00f4te d&#039;Ivoire\",\"description\":\"Just another Africa News Agency Sites site\",\"potentialAction\":[{\"@type\":\"SearchAction\",\"target\":{\"@type\":\"EntryPoint\",\"urlTemplate\":\"https:\/\/www.africa-press.net\/cotedivoire\/?s={search_term_string}\"},\"query-input\":{\"@type\":\"PropertyValueSpecification\",\"valueRequired\":true,\"valueName\":\"search_term_string\"}}],\"inLanguage\":\"fr-FR\"},{\"@type\":\"Person\",\"@id\":\"https:\/\/www.africa-press.net\/cotedivoire\/#\/schema\/person\/2b1cf3cd81a31e3cd26889ca66d677f1\",\"name\":\"cfeditorfr\"}]}<\/script>\n<!-- \/ Yoast SEO Premium plugin. -->","yoast_head_json":{"title":"Abidjan en Mutation par le MCLU et l'Adressage Urbain - C\u00f4te d&#039;Ivoire","description":"La troisie\u0300me e\u0301dition de \u00ab La Matinale du Ba\u0302tir \u00bb, une initiative lance\u0301e par le Ministe\u0300re de la Construction, du Log ...","robots":{"index":"index","follow":"follow","max-snippet":"max-snippet:-1","max-image-preview":"max-image-preview:large","max-video-preview":"max-video-preview:-1"},"canonical":"https:\/\/www.africa-press.net\/cotedivoire\/economie\/abidjan-en-mutation-par-le-mclu-et-ladressage-urbain","og_locale":"fr_FR","og_type":"article","og_title":"Abidjan en Mutation par le MCLU et l'Adressage Urbain","og_description":"La troisie\u0300me e\u0301dition de \u00ab La Matinale du Ba\u0302tir \u00bb, une initiative lance\u0301e par le Ministe\u0300re de la Construction, du Log ...","og_url":"https:\/\/www.africa-press.net\/cotedivoire\/economie\/abidjan-en-mutation-par-le-mclu-et-ladressage-urbain","og_site_name":"C\u00f4te d&#039;Ivoire","article_published_time":"2025-10-01T18:07:19+00:00","article_modified_time":"2025-10-01T18:42:59+00:00","og_image":[{"width":720,"height":480,"url":"https:\/\/static.africa-press.net\/cote\/sites\/43\/2025\/10\/sm_1759331531.307135.jpg","type":"image\/jpeg"}],"author":"cfeditorfr","twitter_card":"summary_large_image","twitter_misc":{"\u00c9crit par":"cfeditorfr","Dur\u00e9e de lecture estim\u00e9e":"4 minutes"},"schema":{"@context":"https:\/\/schema.org","@graph":[{"@type":"Article","@id":"https:\/\/www.africa-press.net\/cotedivoire\/economie\/abidjan-en-mutation-par-le-mclu-et-ladressage-urbain#article","isPartOf":{"@id":"https:\/\/www.africa-press.net\/cotedivoire\/economie\/abidjan-en-mutation-par-le-mclu-et-ladressage-urbain"},"author":{"name":"cfeditorfr","@id":"https:\/\/www.africa-press.net\/cotedivoire\/#\/schema\/person\/2b1cf3cd81a31e3cd26889ca66d677f1"},"headline":"Abidjan en Mutation par le MCLU et l&rsquo;Adressage Urbain","datePublished":"2025-10-01T18:07:19+00:00","dateModified":"2025-10-01T18:42:59+00:00","mainEntityOfPage":{"@id":"https:\/\/www.africa-press.net\/cotedivoire\/economie\/abidjan-en-mutation-par-le-mclu-et-ladressage-urbain"},"wordCount":865,"commentCount":0,"image":{"@id":"https:\/\/www.africa-press.net\/cotedivoire\/economie\/abidjan-en-mutation-par-le-mclu-et-ladressage-urbain#primaryimage"},"thumbnailUrl":"https:\/\/static.africa-press.net\/cote\/sites\/43\/2025\/10\/sm_1759331531.307135.jpg","keywords":["Abidjan","Check","C\u00d4TE D'IVOIRE","MCLU","N'guessan","PADA","Plateau","Programme","Projet","quartier","ville"],"articleSection":["\u00c9conomie","Toutes les actualit\u00e9s"],"inLanguage":"fr-FR","potentialAction":[{"@type":"CommentAction","name":"Comment","target":["https:\/\/www.africa-press.net\/cotedivoire\/economie\/abidjan-en-mutation-par-le-mclu-et-ladressage-urbain#respond"]}]},{"@type":"WebPage","@id":"https:\/\/www.africa-press.net\/cotedivoire\/economie\/abidjan-en-mutation-par-le-mclu-et-ladressage-urbain","url":"https:\/\/www.africa-press.net\/cotedivoire\/economie\/abidjan-en-mutation-par-le-mclu-et-ladressage-urbain","name":"Abidjan en Mutation par le MCLU et l'Adressage Urbain - C\u00f4te d&#039;Ivoire","isPartOf":{"@id":"https:\/\/www.africa-press.net\/cotedivoire\/#website"},"primaryImageOfPage":{"@id":"https:\/\/www.africa-press.net\/cotedivoire\/economie\/abidjan-en-mutation-par-le-mclu-et-ladressage-urbain#primaryimage"},"image":{"@id":"https:\/\/www.africa-press.net\/cotedivoire\/economie\/abidjan-en-mutation-par-le-mclu-et-ladressage-urbain#primaryimage"},"thumbnailUrl":"https:\/\/static.africa-press.net\/cote\/sites\/43\/2025\/10\/sm_1759331531.307135.jpg","datePublished":"2025-10-01T18:07:19+00:00","dateModified":"2025-10-01T18:42:59+00:00","author":{"@id":"https:\/\/www.africa-press.net\/cotedivoire\/#\/schema\/person\/2b1cf3cd81a31e3cd26889ca66d677f1"},"description":"La troisie\u0300me e\u0301dition de \u00ab La Matinale du Ba\u0302tir \u00bb, une initiative lance\u0301e par le Ministe\u0300re de la Construction, du Log ...","breadcrumb":{"@id":"https:\/\/www.africa-press.net\/cotedivoire\/economie\/abidjan-en-mutation-par-le-mclu-et-ladressage-urbain#breadcrumb"},"inLanguage":"fr-FR","potentialAction":[{"@type":"ReadAction","target":["https:\/\/www.africa-press.net\/cotedivoire\/economie\/abidjan-en-mutation-par-le-mclu-et-ladressage-urbain"]}]},{"@type":"ImageObject","inLanguage":"fr-FR","@id":"https:\/\/www.africa-press.net\/cotedivoire\/economie\/abidjan-en-mutation-par-le-mclu-et-ladressage-urbain#primaryimage","url":"https:\/\/static.africa-press.net\/cote\/sites\/43\/2025\/10\/sm_1759331531.307135.jpg","contentUrl":"https:\/\/static.africa-press.net\/cote\/sites\/43\/2025\/10\/sm_1759331531.307135.jpg","width":720,"height":480,"caption":"Abidjan en Mutation par le MCLU et l'Adressage Urbain"},{"@type":"BreadcrumbList","@id":"https:\/\/www.africa-press.net\/cotedivoire\/economie\/abidjan-en-mutation-par-le-mclu-et-ladressage-urbain#breadcrumb","itemListElement":[{"@type":"ListItem","position":1,"name":"Accueil","item":"https:\/\/www.africa-press.net\/cotedivoire\/"},{"@type":"ListItem","position":2,"name":"Abidjan en Mutation par le MCLU et l&#8217;Adressage Urbain"}]},{"@type":"WebSite","@id":"https:\/\/www.africa-press.net\/cotedivoire\/#website","url":"https:\/\/www.africa-press.net\/cotedivoire\/","name":"C\u00f4te d&#039;Ivoire","description":"Just another Africa News Agency Sites site","potentialAction":[{"@type":"SearchAction","target":{"@type":"EntryPoint","urlTemplate":"https:\/\/www.africa-press.net\/cotedivoire\/?s={search_term_string}"},"query-input":{"@type":"PropertyValueSpecification","valueRequired":true,"valueName":"search_term_string"}}],"inLanguage":"fr-FR"},{"@type":"Person","@id":"https:\/\/www.africa-press.net\/cotedivoire\/#\/schema\/person\/2b1cf3cd81a31e3cd26889ca66d677f1","name":"cfeditorfr"}]}},"_links":{"self":[{"href":"https:\/\/www.africa-press.net\/cotedivoire\/wp-json\/wp\/v2\/posts\/106059","targetHints":{"allow":["GET"]}}],"collection":[{"href":"https:\/\/www.africa-press.net\/cotedivoire\/wp-json\/wp\/v2\/posts"}],"about":[{"href":"https:\/\/www.africa-press.net\/cotedivoire\/wp-json\/wp\/v2\/types\/post"}],"author":[{"embeddable":true,"href":"https:\/\/www.africa-press.net\/cotedivoire\/wp-json\/wp\/v2\/users\/82"}],"replies":[{"embeddable":true,"href":"https:\/\/www.africa-press.net\/cotedivoire\/wp-json\/wp\/v2\/comments?post=106059"}],"version-history":[{"count":0,"href":"https:\/\/www.africa-press.net\/cotedivoire\/wp-json\/wp\/v2\/posts\/106059\/revisions"}],"wp:featuredmedia":[{"embeddable":true,"href":"https:\/\/www.africa-press.net\/cotedivoire\/wp-json\/wp\/v2\/media\/106057"}],"wp:attachment":[{"href":"https:\/\/www.africa-press.net\/cotedivoire\/wp-json\/wp\/v2\/media?parent=106059"}],"wp:term":[{"taxonomy":"category","embeddable":true,"href":"https:\/\/www.africa-press.net\/cotedivoire\/wp-json\/wp\/v2\/categories?post=106059"},{"taxonomy":"post_tag","embeddable":true,"href":"https:\/\/www.africa-press.net\/cotedivoire\/wp-json\/wp\/v2\/tags?post=106059"}],"curies":[{"name":"wp","href":"https:\/\/api.w.org\/{rel}","templated":true}]}}