{"id":10606,"date":"2021-07-30T15:26:38","date_gmt":"2021-07-30T15:26:38","guid":{"rendered":"https:\/\/www.africa-press.net\/cotedivoire\/?p=10606"},"modified":"2021-07-30T18:20:04","modified_gmt":"2021-07-30T18:20:04","slug":"absent-a-la-rencontre-entre-ouattara-et-gbagbo-en-cote-divoire-ou-etait-kkb-un-desaveu","status":"publish","type":"post","link":"https:\/\/www.africa-press.net\/cotedivoire\/politique\/absent-a-la-rencontre-entre-ouattara-et-gbagbo-en-cote-divoire-ou-etait-kkb-un-desaveu","title":{"rendered":"Absent \u00e0 la rencontre entre Ouattara et Gbagbo en C\u00f4te-d\u2019Ivoire, o\u00f9 \u00e9tait KKB ? Un d\u00e9saveu ?"},"content":{"rendered":"<p><span style=\"color: #ff6600\"><strong><a href=\"https:\/\/www.africa-press.net\/\">Africa-Press<\/a> &#8211; <a href=\"https:\/\/www.africa-press.net\/cotedivoire\">C\u00f4te d&rsquo;Ivoire<\/a>. <\/strong><\/span>L\u2019actuel ministre sens\u00e9 r\u00e9concilier les Ivoiriens et cr\u00e9er les conditions de la coh\u00e9sion sociale \u00e9tait \u00e0 la surprise g\u00e9n\u00e9rale absent \u00e0 la rencontre entre les Pr\u00e9sidents Ouattara et Gbagbo du 27\/072021. Pourquoi ?<\/p>\n<p>Sa pr\u00e9sence \u00e0 un conseil conjoint des gouvernements de la C\u00f4te d\u2019Ivoire et du Burkina Faso \u00e0 Abidjan, organis\u00e9 concomitamment \u00e0 l\u2019histoire de la Nation qui s\u2019\u00e9crivait en nouvelles lettres depuis le Palais pr\u00e9sidentiel au Plateau, pour expliquer son absence, arrive difficilement \u00e0 convaincre.<\/p>\n<p>\u00c0 l\u2019analyse, il s\u2019agit purement et simplement d\u2019un d\u00e9saveu cinglant, d\u2019un v\u00e9ritable camouflet pour l\u2019actuel ministre de la r\u00e9conciliation et de la coh\u00e9sion sociale.<\/p>\n<p>Liman Serge<\/p>\n<p>Arnaud Houssou<\/p>\n<p>Le ministre de la R\u00e9conciliation nationale et de la Coh\u00e9sion sociale, Kouadio Konan Bertin dit KKB n\u2019a pas pris part \u00e0 la rencontre entre les pr\u00e9sidents Alassane Ouattara et Laurent Gbagbo le mardi 27 juillet 2021. Une absence qui suscite des interrogations.<\/p>\n<p>Le rendez-vous \u00e9tait attendu, il a eu lieu et a tenu ses promesses. Le pr\u00e9sident ivoirien Alassane Ouattara a re\u00e7u son pr\u00e9d\u00e9cesseur Laurent Gbagbo le mardi 27 juillet 2021. Un moment historique pour la d\u00e9crispation socio-politique en C\u00f4te d\u2019Ivoire. Si cette rencontre est per\u00e7ue en effet comme un \u2018\u2019grand\u2019\u2019 pas vers la r\u00e9conciliation nationale, en panne depuis la crise post\u00e9lectorale de 2010-2011, elle s\u2019est d\u00e9roul\u00e9e en l\u2019absence de celui qui en a officiellement la charge.<\/p>\n<p>Kouadio Konan Bertin dit KKB, le ministre de la R\u00e9conciliation nationale et de la Coh\u00e9sion sociale, n\u2019a pas pris part \u00e0 ce rendez-vous politique, tous les journalistes pr\u00e9sents au palais pr\u00e9sidentiel ont pu le constater.<\/p>\n<p>Mais o\u00f9 donc se trouvait le ministre Kouadio Konan Bertin, au moment de la rencontre Gbagbo\/Ouattara? Il prenait part, comme tous les autres membres du gouvernement, au conseil conjoint des gouvernements de la C\u00f4te d\u2019Ivoire et du Burkina Faso dans le cadre de la neuvi\u00e8me \u00e9dition du Trait\u00e9 d\u2019amiti\u00e9 et de coop\u00e9ration (TAC) qui s\u2019est tenu \u00e0 Cocody. C\u2019est bien la raison qui a tenu le ministre de la r\u00e9conciliation \u00e9loign\u00e9 du palais pr\u00e9sidentiel.<\/p>\n<p>24 heures avant la rencontre entre les deux adversaires politiques, le pr\u00e9sident Alassane Ouattara a proc\u00e9d\u00e9 \u00e0 la nomination \u00e0 la Pr\u00e9sidence de la R\u00e9publique d\u2019Ibrahima Ciss\u00e9 Bacongo au poste de Conseiller sp\u00e9cial, charg\u00e9 des Affaires politiques. A ce titre, le maire de Koumassi \u00e9tait, lui, pr\u00e9sent au rendez-vous des Pr\u00e9sidents.<\/p>\n<p>&nbsp;<\/p>\n","protected":false},"excerpt":{"rendered":"<p>Africa-Press &#8211; C\u00f4te d&rsquo;Ivoire. L\u2019actuel ministre sens\u00e9 r\u00e9concilier les Ivoiriens et cr\u00e9er les conditions de la coh\u00e9sion sociale \u00e9tait \u00e0 la surprise g\u00e9n\u00e9rale absent \u00e0 la rencontre entre les Pr\u00e9sidents Ouattara et Gbagbo du 27\/072021. Pourquoi ? Sa pr\u00e9sence \u00e0 un conseil conjoint des gouvernements de la C\u00f4te d\u2019Ivoire et du Burkina Faso \u00e0 Abidjan, [&hellip;]<\/p>\n","protected":false},"author":82,"featured_media":10605,"comment_status":"open","ping_status":"closed","sticky":false,"template":"","format":"standard","meta":{"footnotes":""},"categories":[11,2,20,10],"tags":[56,63,29],"class_list":["post-10606","post","type-post","status-publish","format-standard","has-post-thumbnail","hentry","category-homepage-french","category-politique","category-top-nouvelles","category-toutes-les-actualites","tag-africa-press","tag-africa-press-cote-divoire","tag-cote-divoire"],"yoast_head":"<!-- This site is optimized with the Yoast SEO Premium plugin v26.1 (Yoast SEO v27.0) - https:\/\/yoast.com\/product\/yoast-seo-premium-wordpress\/ -->\n<title>Absent \u00e0 la rencontre entre Ouattara et Gbagbo en C\u00f4te-d\u2019Ivoire, o\u00f9 \u00e9tait KKB ? Un d\u00e9saveu ? - C\u00f4te d&#039;Ivoire<\/title>\n<meta name=\"description\" content=\"L\u2019actuel ministre sens\u00e9 r\u00e9concilier les Ivoiriens et cr\u00e9er les conditions de la coh\u00e9sion sociale \u00e9tait \u00e0 la surprise g\u00e9n ...\" \/>\n<meta name=\"robots\" content=\"index, follow, max-snippet:-1, max-image-preview:large, max-video-preview:-1\" \/>\n<link rel=\"canonical\" href=\"https:\/\/www.africa-press.net\/cotedivoire\/politique\/absent-a-la-rencontre-entre-ouattara-et-gbagbo-en-cote-divoire-ou-etait-kkb-un-desaveu\" \/>\n<meta property=\"og:locale\" content=\"fr_FR\" \/>\n<meta property=\"og:type\" content=\"article\" \/>\n<meta property=\"og:title\" content=\"Absent \u00e0 la rencontre entre Ouattara et Gbagbo en C\u00f4te-d\u2019Ivoire, o\u00f9 \u00e9tait KKB ? Un d\u00e9saveu ?\" \/>\n<meta property=\"og:description\" content=\"L\u2019actuel ministre sens\u00e9 r\u00e9concilier les Ivoiriens et cr\u00e9er les conditions de la coh\u00e9sion sociale \u00e9tait \u00e0 la surprise g\u00e9n ...\" \/>\n<meta property=\"og:url\" content=\"https:\/\/www.africa-press.net\/cotedivoire\/politique\/absent-a-la-rencontre-entre-ouattara-et-gbagbo-en-cote-divoire-ou-etait-kkb-un-desaveu\" \/>\n<meta property=\"og:site_name\" content=\"C\u00f4te d&#039;Ivoire\" \/>\n<meta property=\"article:published_time\" content=\"2021-07-30T15:26:38+00:00\" \/>\n<meta property=\"article:modified_time\" content=\"2021-07-30T18:20:04+00:00\" \/>\n<meta property=\"og:image\" content=\"https:\/\/static.africa-press.net\/cote\/sites\/43\/2021\/07\/img-61041265a1745.jpg\" \/>\n\t<meta property=\"og:image:width\" content=\"1070\" \/>\n\t<meta property=\"og:image:height\" content=\"713\" \/>\n\t<meta property=\"og:image:type\" content=\"image\/jpeg\" \/>\n<meta name=\"author\" content=\"cfeditorfr\" \/>\n<meta name=\"twitter:card\" content=\"summary_large_image\" \/>\n<meta name=\"twitter:label1\" content=\"\u00c9crit par\" \/>\n\t<meta name=\"twitter:data1\" content=\"cfeditorfr\" \/>\n\t<meta name=\"twitter:label2\" content=\"Dur\u00e9e de lecture estim\u00e9e\" \/>\n\t<meta name=\"twitter:data2\" content=\"2 minutes\" \/>\n<script type=\"application\/ld+json\" class=\"yoast-schema-graph\">{\"@context\":\"https:\/\/schema.org\",\"@graph\":[{\"@type\":\"Article\",\"@id\":\"https:\/\/www.africa-press.net\/cotedivoire\/politique\/absent-a-la-rencontre-entre-ouattara-et-gbagbo-en-cote-divoire-ou-etait-kkb-un-desaveu#article\",\"isPartOf\":{\"@id\":\"https:\/\/www.africa-press.net\/cotedivoire\/politique\/absent-a-la-rencontre-entre-ouattara-et-gbagbo-en-cote-divoire-ou-etait-kkb-un-desaveu\"},\"author\":{\"name\":\"cfeditorfr\",\"@id\":\"https:\/\/www.africa-press.net\/cotedivoire\/#\/schema\/person\/2b1cf3cd81a31e3cd26889ca66d677f1\"},\"headline\":\"Absent \u00e0 la rencontre entre Ouattara et Gbagbo en C\u00f4te-d\u2019Ivoire, o\u00f9 \u00e9tait KKB ? Un d\u00e9saveu ?\",\"datePublished\":\"2021-07-30T15:26:38+00:00\",\"dateModified\":\"2021-07-30T18:20:04+00:00\",\"mainEntityOfPage\":{\"@id\":\"https:\/\/www.africa-press.net\/cotedivoire\/politique\/absent-a-la-rencontre-entre-ouattara-et-gbagbo-en-cote-divoire-ou-etait-kkb-un-desaveu\"},\"wordCount\":450,\"commentCount\":0,\"image\":{\"@id\":\"https:\/\/www.africa-press.net\/cotedivoire\/politique\/absent-a-la-rencontre-entre-ouattara-et-gbagbo-en-cote-divoire-ou-etait-kkb-un-desaveu#primaryimage\"},\"thumbnailUrl\":\"https:\/\/static.africa-press.net\/cote\/sites\/43\/2021\/07\/img-61041265a1745.jpg\",\"keywords\":[\"Africa Press\",\"Africa Press-C\u00f4te d'Ivoire\",\"C\u00d4TE D'IVOIRE\"],\"articleSection\":[\"homepage-french\",\"Politique\",\"Top Nouvelles\",\"Toutes les actualit\u00e9s\"],\"inLanguage\":\"fr-FR\",\"potentialAction\":[{\"@type\":\"CommentAction\",\"name\":\"Comment\",\"target\":[\"https:\/\/www.africa-press.net\/cotedivoire\/politique\/absent-a-la-rencontre-entre-ouattara-et-gbagbo-en-cote-divoire-ou-etait-kkb-un-desaveu#respond\"]}]},{\"@type\":\"WebPage\",\"@id\":\"https:\/\/www.africa-press.net\/cotedivoire\/politique\/absent-a-la-rencontre-entre-ouattara-et-gbagbo-en-cote-divoire-ou-etait-kkb-un-desaveu\",\"url\":\"https:\/\/www.africa-press.net\/cotedivoire\/politique\/absent-a-la-rencontre-entre-ouattara-et-gbagbo-en-cote-divoire-ou-etait-kkb-un-desaveu\",\"name\":\"Absent \u00e0 la rencontre entre Ouattara et Gbagbo en C\u00f4te-d\u2019Ivoire, o\u00f9 \u00e9tait KKB ? Un d\u00e9saveu ? - C\u00f4te d&#039;Ivoire\",\"isPartOf\":{\"@id\":\"https:\/\/www.africa-press.net\/cotedivoire\/#website\"},\"primaryImageOfPage\":{\"@id\":\"https:\/\/www.africa-press.net\/cotedivoire\/politique\/absent-a-la-rencontre-entre-ouattara-et-gbagbo-en-cote-divoire-ou-etait-kkb-un-desaveu#primaryimage\"},\"image\":{\"@id\":\"https:\/\/www.africa-press.net\/cotedivoire\/politique\/absent-a-la-rencontre-entre-ouattara-et-gbagbo-en-cote-divoire-ou-etait-kkb-un-desaveu#primaryimage\"},\"thumbnailUrl\":\"https:\/\/static.africa-press.net\/cote\/sites\/43\/2021\/07\/img-61041265a1745.jpg\",\"datePublished\":\"2021-07-30T15:26:38+00:00\",\"dateModified\":\"2021-07-30T18:20:04+00:00\",\"author\":{\"@id\":\"https:\/\/www.africa-press.net\/cotedivoire\/#\/schema\/person\/2b1cf3cd81a31e3cd26889ca66d677f1\"},\"description\":\"L\u2019actuel ministre sens\u00e9 r\u00e9concilier les Ivoiriens et cr\u00e9er les conditions de la coh\u00e9sion sociale \u00e9tait \u00e0 la surprise g\u00e9n ...\",\"breadcrumb\":{\"@id\":\"https:\/\/www.africa-press.net\/cotedivoire\/politique\/absent-a-la-rencontre-entre-ouattara-et-gbagbo-en-cote-divoire-ou-etait-kkb-un-desaveu#breadcrumb\"},\"inLanguage\":\"fr-FR\",\"potentialAction\":[{\"@type\":\"ReadAction\",\"target\":[\"https:\/\/www.africa-press.net\/cotedivoire\/politique\/absent-a-la-rencontre-entre-ouattara-et-gbagbo-en-cote-divoire-ou-etait-kkb-un-desaveu\"]}]},{\"@type\":\"ImageObject\",\"inLanguage\":\"fr-FR\",\"@id\":\"https:\/\/www.africa-press.net\/cotedivoire\/politique\/absent-a-la-rencontre-entre-ouattara-et-gbagbo-en-cote-divoire-ou-etait-kkb-un-desaveu#primaryimage\",\"url\":\"https:\/\/static.africa-press.net\/cote\/sites\/43\/2021\/07\/img-61041265a1745.jpg\",\"contentUrl\":\"https:\/\/static.africa-press.net\/cote\/sites\/43\/2021\/07\/img-61041265a1745.jpg\",\"width\":1070,\"height\":713,\"caption\":\"Absent \u00e0 la rencontre entre Ouattara et Gbagbo en C\u00f4te-d\u2019Ivoire, o\u00f9 \u00e9tait KKB ? Un d\u00e9saveu ?\"},{\"@type\":\"BreadcrumbList\",\"@id\":\"https:\/\/www.africa-press.net\/cotedivoire\/politique\/absent-a-la-rencontre-entre-ouattara-et-gbagbo-en-cote-divoire-ou-etait-kkb-un-desaveu#breadcrumb\",\"itemListElement\":[{\"@type\":\"ListItem\",\"position\":1,\"name\":\"Accueil\",\"item\":\"https:\/\/www.africa-press.net\/cotedivoire\/\"},{\"@type\":\"ListItem\",\"position\":2,\"name\":\"Absent \u00e0 la rencontre entre Ouattara et Gbagbo en C\u00f4te-d\u2019Ivoire, o\u00f9 \u00e9tait KKB ? Un d\u00e9saveu ?\"}]},{\"@type\":\"WebSite\",\"@id\":\"https:\/\/www.africa-press.net\/cotedivoire\/#website\",\"url\":\"https:\/\/www.africa-press.net\/cotedivoire\/\",\"name\":\"C\u00f4te d&#039;Ivoire\",\"description\":\"Just another Africa News Agency Sites site\",\"potentialAction\":[{\"@type\":\"SearchAction\",\"target\":{\"@type\":\"EntryPoint\",\"urlTemplate\":\"https:\/\/www.africa-press.net\/cotedivoire\/?s={search_term_string}\"},\"query-input\":{\"@type\":\"PropertyValueSpecification\",\"valueRequired\":true,\"valueName\":\"search_term_string\"}}],\"inLanguage\":\"fr-FR\"},{\"@type\":\"Person\",\"@id\":\"https:\/\/www.africa-press.net\/cotedivoire\/#\/schema\/person\/2b1cf3cd81a31e3cd26889ca66d677f1\",\"name\":\"cfeditorfr\"}]}<\/script>\n<!-- \/ Yoast SEO Premium plugin. -->","yoast_head_json":{"title":"Absent \u00e0 la rencontre entre Ouattara et Gbagbo en C\u00f4te-d\u2019Ivoire, o\u00f9 \u00e9tait KKB ? Un d\u00e9saveu ? - C\u00f4te d&#039;Ivoire","description":"L\u2019actuel ministre sens\u00e9 r\u00e9concilier les Ivoiriens et cr\u00e9er les conditions de la coh\u00e9sion sociale \u00e9tait \u00e0 la surprise g\u00e9n ...","robots":{"index":"index","follow":"follow","max-snippet":"max-snippet:-1","max-image-preview":"max-image-preview:large","max-video-preview":"max-video-preview:-1"},"canonical":"https:\/\/www.africa-press.net\/cotedivoire\/politique\/absent-a-la-rencontre-entre-ouattara-et-gbagbo-en-cote-divoire-ou-etait-kkb-un-desaveu","og_locale":"fr_FR","og_type":"article","og_title":"Absent \u00e0 la rencontre entre Ouattara et Gbagbo en C\u00f4te-d\u2019Ivoire, o\u00f9 \u00e9tait KKB ? Un d\u00e9saveu ?","og_description":"L\u2019actuel ministre sens\u00e9 r\u00e9concilier les Ivoiriens et cr\u00e9er les conditions de la coh\u00e9sion sociale \u00e9tait \u00e0 la surprise g\u00e9n ...","og_url":"https:\/\/www.africa-press.net\/cotedivoire\/politique\/absent-a-la-rencontre-entre-ouattara-et-gbagbo-en-cote-divoire-ou-etait-kkb-un-desaveu","og_site_name":"C\u00f4te d&#039;Ivoire","article_published_time":"2021-07-30T15:26:38+00:00","article_modified_time":"2021-07-30T18:20:04+00:00","og_image":[{"width":1070,"height":713,"url":"https:\/\/static.africa-press.net\/cote\/sites\/43\/2021\/07\/img-61041265a1745.jpg","type":"image\/jpeg"}],"author":"cfeditorfr","twitter_card":"summary_large_image","twitter_misc":{"\u00c9crit par":"cfeditorfr","Dur\u00e9e de lecture estim\u00e9e":"2 minutes"},"schema":{"@context":"https:\/\/schema.org","@graph":[{"@type":"Article","@id":"https:\/\/www.africa-press.net\/cotedivoire\/politique\/absent-a-la-rencontre-entre-ouattara-et-gbagbo-en-cote-divoire-ou-etait-kkb-un-desaveu#article","isPartOf":{"@id":"https:\/\/www.africa-press.net\/cotedivoire\/politique\/absent-a-la-rencontre-entre-ouattara-et-gbagbo-en-cote-divoire-ou-etait-kkb-un-desaveu"},"author":{"name":"cfeditorfr","@id":"https:\/\/www.africa-press.net\/cotedivoire\/#\/schema\/person\/2b1cf3cd81a31e3cd26889ca66d677f1"},"headline":"Absent \u00e0 la rencontre entre Ouattara et Gbagbo en C\u00f4te-d\u2019Ivoire, o\u00f9 \u00e9tait KKB ? Un d\u00e9saveu ?","datePublished":"2021-07-30T15:26:38+00:00","dateModified":"2021-07-30T18:20:04+00:00","mainEntityOfPage":{"@id":"https:\/\/www.africa-press.net\/cotedivoire\/politique\/absent-a-la-rencontre-entre-ouattara-et-gbagbo-en-cote-divoire-ou-etait-kkb-un-desaveu"},"wordCount":450,"commentCount":0,"image":{"@id":"https:\/\/www.africa-press.net\/cotedivoire\/politique\/absent-a-la-rencontre-entre-ouattara-et-gbagbo-en-cote-divoire-ou-etait-kkb-un-desaveu#primaryimage"},"thumbnailUrl":"https:\/\/static.africa-press.net\/cote\/sites\/43\/2021\/07\/img-61041265a1745.jpg","keywords":["Africa Press","Africa Press-C\u00f4te d'Ivoire","C\u00d4TE D'IVOIRE"],"articleSection":["homepage-french","Politique","Top Nouvelles","Toutes les actualit\u00e9s"],"inLanguage":"fr-FR","potentialAction":[{"@type":"CommentAction","name":"Comment","target":["https:\/\/www.africa-press.net\/cotedivoire\/politique\/absent-a-la-rencontre-entre-ouattara-et-gbagbo-en-cote-divoire-ou-etait-kkb-un-desaveu#respond"]}]},{"@type":"WebPage","@id":"https:\/\/www.africa-press.net\/cotedivoire\/politique\/absent-a-la-rencontre-entre-ouattara-et-gbagbo-en-cote-divoire-ou-etait-kkb-un-desaveu","url":"https:\/\/www.africa-press.net\/cotedivoire\/politique\/absent-a-la-rencontre-entre-ouattara-et-gbagbo-en-cote-divoire-ou-etait-kkb-un-desaveu","name":"Absent \u00e0 la rencontre entre Ouattara et Gbagbo en C\u00f4te-d\u2019Ivoire, o\u00f9 \u00e9tait KKB ? Un d\u00e9saveu ? - C\u00f4te d&#039;Ivoire","isPartOf":{"@id":"https:\/\/www.africa-press.net\/cotedivoire\/#website"},"primaryImageOfPage":{"@id":"https:\/\/www.africa-press.net\/cotedivoire\/politique\/absent-a-la-rencontre-entre-ouattara-et-gbagbo-en-cote-divoire-ou-etait-kkb-un-desaveu#primaryimage"},"image":{"@id":"https:\/\/www.africa-press.net\/cotedivoire\/politique\/absent-a-la-rencontre-entre-ouattara-et-gbagbo-en-cote-divoire-ou-etait-kkb-un-desaveu#primaryimage"},"thumbnailUrl":"https:\/\/static.africa-press.net\/cote\/sites\/43\/2021\/07\/img-61041265a1745.jpg","datePublished":"2021-07-30T15:26:38+00:00","dateModified":"2021-07-30T18:20:04+00:00","author":{"@id":"https:\/\/www.africa-press.net\/cotedivoire\/#\/schema\/person\/2b1cf3cd81a31e3cd26889ca66d677f1"},"description":"L\u2019actuel ministre sens\u00e9 r\u00e9concilier les Ivoiriens et cr\u00e9er les conditions de la coh\u00e9sion sociale \u00e9tait \u00e0 la surprise g\u00e9n ...","breadcrumb":{"@id":"https:\/\/www.africa-press.net\/cotedivoire\/politique\/absent-a-la-rencontre-entre-ouattara-et-gbagbo-en-cote-divoire-ou-etait-kkb-un-desaveu#breadcrumb"},"inLanguage":"fr-FR","potentialAction":[{"@type":"ReadAction","target":["https:\/\/www.africa-press.net\/cotedivoire\/politique\/absent-a-la-rencontre-entre-ouattara-et-gbagbo-en-cote-divoire-ou-etait-kkb-un-desaveu"]}]},{"@type":"ImageObject","inLanguage":"fr-FR","@id":"https:\/\/www.africa-press.net\/cotedivoire\/politique\/absent-a-la-rencontre-entre-ouattara-et-gbagbo-en-cote-divoire-ou-etait-kkb-un-desaveu#primaryimage","url":"https:\/\/static.africa-press.net\/cote\/sites\/43\/2021\/07\/img-61041265a1745.jpg","contentUrl":"https:\/\/static.africa-press.net\/cote\/sites\/43\/2021\/07\/img-61041265a1745.jpg","width":1070,"height":713,"caption":"Absent \u00e0 la rencontre entre Ouattara et Gbagbo en C\u00f4te-d\u2019Ivoire, o\u00f9 \u00e9tait KKB ? Un d\u00e9saveu ?"},{"@type":"BreadcrumbList","@id":"https:\/\/www.africa-press.net\/cotedivoire\/politique\/absent-a-la-rencontre-entre-ouattara-et-gbagbo-en-cote-divoire-ou-etait-kkb-un-desaveu#breadcrumb","itemListElement":[{"@type":"ListItem","position":1,"name":"Accueil","item":"https:\/\/www.africa-press.net\/cotedivoire\/"},{"@type":"ListItem","position":2,"name":"Absent \u00e0 la rencontre entre Ouattara et Gbagbo en C\u00f4te-d\u2019Ivoire, o\u00f9 \u00e9tait KKB ? Un d\u00e9saveu ?"}]},{"@type":"WebSite","@id":"https:\/\/www.africa-press.net\/cotedivoire\/#website","url":"https:\/\/www.africa-press.net\/cotedivoire\/","name":"C\u00f4te d&#039;Ivoire","description":"Just another Africa News Agency Sites site","potentialAction":[{"@type":"SearchAction","target":{"@type":"EntryPoint","urlTemplate":"https:\/\/www.africa-press.net\/cotedivoire\/?s={search_term_string}"},"query-input":{"@type":"PropertyValueSpecification","valueRequired":true,"valueName":"search_term_string"}}],"inLanguage":"fr-FR"},{"@type":"Person","@id":"https:\/\/www.africa-press.net\/cotedivoire\/#\/schema\/person\/2b1cf3cd81a31e3cd26889ca66d677f1","name":"cfeditorfr"}]}},"_links":{"self":[{"href":"https:\/\/www.africa-press.net\/cotedivoire\/wp-json\/wp\/v2\/posts\/10606","targetHints":{"allow":["GET"]}}],"collection":[{"href":"https:\/\/www.africa-press.net\/cotedivoire\/wp-json\/wp\/v2\/posts"}],"about":[{"href":"https:\/\/www.africa-press.net\/cotedivoire\/wp-json\/wp\/v2\/types\/post"}],"author":[{"embeddable":true,"href":"https:\/\/www.africa-press.net\/cotedivoire\/wp-json\/wp\/v2\/users\/82"}],"replies":[{"embeddable":true,"href":"https:\/\/www.africa-press.net\/cotedivoire\/wp-json\/wp\/v2\/comments?post=10606"}],"version-history":[{"count":0,"href":"https:\/\/www.africa-press.net\/cotedivoire\/wp-json\/wp\/v2\/posts\/10606\/revisions"}],"wp:featuredmedia":[{"embeddable":true,"href":"https:\/\/www.africa-press.net\/cotedivoire\/wp-json\/wp\/v2\/media\/10605"}],"wp:attachment":[{"href":"https:\/\/www.africa-press.net\/cotedivoire\/wp-json\/wp\/v2\/media?parent=10606"}],"wp:term":[{"taxonomy":"category","embeddable":true,"href":"https:\/\/www.africa-press.net\/cotedivoire\/wp-json\/wp\/v2\/categories?post=10606"},{"taxonomy":"post_tag","embeddable":true,"href":"https:\/\/www.africa-press.net\/cotedivoire\/wp-json\/wp\/v2\/tags?post=10606"}],"curies":[{"name":"wp","href":"https:\/\/api.w.org\/{rel}","templated":true}]}}