{"id":106068,"date":"2025-10-01T18:10:37","date_gmt":"2025-10-01T18:10:37","guid":{"rendered":"https:\/\/www.africa-press.net\/cotedivoire\/politique\/lutte-antiterroriste-au-centre-commercial-cosmos"},"modified":"2025-10-01T18:43:58","modified_gmt":"2025-10-01T18:43:58","slug":"lutte-antiterroriste-au-centre-commercial-cosmos","status":"publish","type":"post","link":"https:\/\/www.africa-press.net\/cotedivoire\/politique\/lutte-antiterroriste-au-centre-commercial-cosmos","title":{"rendered":"Lutte Antiterroriste au Centre Commercial Cosmos"},"content":{"rendered":"<p><span style=\"color: #ff6600\"><strong>Africa-Press &#8211; C\u00f4te d&rsquo;Ivoire. <\/strong><\/span>Dans le cadre de la lutte contre le terrorisme, les unite\u0301s spe\u0301ciales de la Gendarmerie renforcent leurs capacite\u0301s ope\u0301rationnelles.<\/p>\n<p>Sous la supervision du Ge\u0301ne\u0301ral de Brigade, Bassante\u0301 Badara Aly, Commandant des Unite\u0301s Spe\u0301ciales de la Gendarmerie nationale, les e\u0301le\u0301ments ont mene\u0301 dans la nuit du dimanche 28 au lundi 29 septembre 2025, un exercice grandeur nature au centre commercial Cosmos de Yopougon.<\/p>\n<p>Cette simulation visait a\u0300 renforcer les capacite\u0301s ope\u0301rationnelles des unite\u0301s place\u0301es sous son commandement.<\/p>\n<p>L\u2019exercice a permis de mettre en \u0153uvre le plan d\u2019alerte contre le terrorisme, allant de l\u2019intervention des primo-intervenants jusqu\u2019a\u0300 l\u2019emploi de l\u2019Unite\u0301 d\u2019Intervention de la Gendarmerie Nationale (UIGN), structure\u0301e, entraine\u0301e et e\u0301quipe\u0301e spe\u0301cifiquement en matie\u0300re de lutte antiterroriste.<\/p>\n<p>La simulation a inte\u0301gre\u0301, le confinement d\u2019une zone de prise d\u2019otages, la neutralisation de terroristes, la libe\u0301ration d\u2019otages et le de\u0301pie\u0301geage d\u2019engins explosifs improvise\u0301s dans le cadre d\u2019une de tuerie de masse en milieu clos.<\/p>\n<p>A\u0300 travers cette de\u0301monstration, la Gendarmerie Nationale re\u0301affirme sa de\u0301termination a\u0300 rester en alerte permanente et a\u0300 maintenir un haut niveau de pre\u0301paration face aux menaces se\u0301curitaires.<\/p>\n<p><strong>Pour plus d&rsquo;informations et d&rsquo;analyses sur la <span style=\"color: #ff6600\">C\u00f4te d&rsquo;Ivoire<\/span>, suivez <span style=\"color: #ff6600\">Africa-Press<\/span><\/strong><\/p>\n","protected":false},"excerpt":{"rendered":"<p>Africa-Press &#8211; C\u00f4te d&rsquo;Ivoire. Dans le cadre de la lutte contre le terrorisme, les unite\u0301s spe\u0301ciales de la Gendarmerie renforcent leurs capacite\u0301s ope\u0301rationnelles. Sous la supervision du Ge\u0301ne\u0301ral de Brigade, Bassante\u0301 Badara Aly, Commandant des Unite\u0301s Spe\u0301ciales de la Gendarmerie nationale, les e\u0301le\u0301ments ont mene\u0301 dans la nuit du dimanche 28 au lundi 29 septembre [&hellip;]<\/p>\n","protected":false},"author":82,"featured_media":106067,"comment_status":"open","ping_status":"closed","sticky":false,"template":"","format":"standard","meta":{"footnotes":""},"categories":[2,10],"tags":[19033,17709,29,2516,447,166,12068,540],"class_list":["post-106068","post","type-post","status-publish","format-standard","has-post-thumbnail","hentry","category-politique","category-toutes-les-actualites","tag-bassante-badara-aly","tag-cosmos","tag-cote-divoire","tag-exercice","tag-gendarmerie","tag-terrorisme","tag-unites","tag-yopougon"],"yoast_head":"<!-- This site is optimized with the Yoast SEO Premium plugin v26.1 (Yoast SEO v27.0) - https:\/\/yoast.com\/product\/yoast-seo-premium-wordpress\/ -->\n<title>Lutte Antiterroriste au Centre Commercial Cosmos - C\u00f4te d&#039;Ivoire<\/title>\n<meta name=\"description\" content=\"Dans le cadre de la lutte contre le terrorisme, les unite\u0301s spe\u0301ciales de la Gendarmerie renforcent leurs capacite\u0301s ope ...\" \/>\n<meta name=\"robots\" content=\"index, follow, max-snippet:-1, max-image-preview:large, max-video-preview:-1\" \/>\n<link rel=\"canonical\" href=\"https:\/\/www.africa-press.net\/cotedivoire\/politique\/lutte-antiterroriste-au-centre-commercial-cosmos\" \/>\n<meta property=\"og:locale\" content=\"fr_FR\" \/>\n<meta property=\"og:type\" content=\"article\" \/>\n<meta property=\"og:title\" content=\"Lutte Antiterroriste au Centre Commercial Cosmos\" \/>\n<meta property=\"og:description\" content=\"Dans le cadre de la lutte contre le terrorisme, les unite\u0301s spe\u0301ciales de la Gendarmerie renforcent leurs capacite\u0301s ope ...\" \/>\n<meta property=\"og:url\" content=\"https:\/\/www.africa-press.net\/cotedivoire\/politique\/lutte-antiterroriste-au-centre-commercial-cosmos\" \/>\n<meta property=\"og:site_name\" content=\"C\u00f4te d&#039;Ivoire\" \/>\n<meta property=\"article:published_time\" content=\"2025-10-01T18:10:37+00:00\" \/>\n<meta property=\"article:modified_time\" content=\"2025-10-01T18:43:58+00:00\" \/>\n<meta property=\"og:image\" content=\"https:\/\/static.africa-press.net\/cote\/sites\/43\/2025\/10\/sm_1759331606.353829.jpg\" \/>\n\t<meta property=\"og:image:width\" content=\"720\" \/>\n\t<meta property=\"og:image:height\" content=\"481\" \/>\n\t<meta property=\"og:image:type\" content=\"image\/jpeg\" \/>\n<meta name=\"author\" content=\"cfeditorfr\" \/>\n<meta name=\"twitter:card\" content=\"summary_large_image\" \/>\n<meta name=\"twitter:label1\" content=\"\u00c9crit par\" \/>\n\t<meta name=\"twitter:data1\" content=\"cfeditorfr\" \/>\n\t<meta name=\"twitter:label2\" content=\"Dur\u00e9e de lecture estim\u00e9e\" \/>\n\t<meta name=\"twitter:data2\" content=\"2 minutes\" \/>\n<script type=\"application\/ld+json\" class=\"yoast-schema-graph\">{\"@context\":\"https:\/\/schema.org\",\"@graph\":[{\"@type\":\"Article\",\"@id\":\"https:\/\/www.africa-press.net\/cotedivoire\/politique\/lutte-antiterroriste-au-centre-commercial-cosmos#article\",\"isPartOf\":{\"@id\":\"https:\/\/www.africa-press.net\/cotedivoire\/politique\/lutte-antiterroriste-au-centre-commercial-cosmos\"},\"author\":{\"name\":\"cfeditorfr\",\"@id\":\"https:\/\/www.africa-press.net\/cotedivoire\/#\/schema\/person\/2b1cf3cd81a31e3cd26889ca66d677f1\"},\"headline\":\"Lutte Antiterroriste au Centre Commercial Cosmos\",\"datePublished\":\"2025-10-01T18:10:37+00:00\",\"dateModified\":\"2025-10-01T18:43:58+00:00\",\"mainEntityOfPage\":{\"@id\":\"https:\/\/www.africa-press.net\/cotedivoire\/politique\/lutte-antiterroriste-au-centre-commercial-cosmos\"},\"wordCount\":242,\"commentCount\":0,\"image\":{\"@id\":\"https:\/\/www.africa-press.net\/cotedivoire\/politique\/lutte-antiterroriste-au-centre-commercial-cosmos#primaryimage\"},\"thumbnailUrl\":\"https:\/\/static.africa-press.net\/cote\/sites\/43\/2025\/10\/sm_1759331606.353829.jpg\",\"keywords\":[\"Bassant\u00e9 Badara Aly\",\"Cosmos\",\"C\u00d4TE D'IVOIRE\",\"exercice\",\"Gendarmerie\",\"Terrorisme\",\"unit\u00e9s\",\"Yopougon\"],\"articleSection\":[\"Politique\",\"Toutes les actualit\u00e9s\"],\"inLanguage\":\"fr-FR\",\"potentialAction\":[{\"@type\":\"CommentAction\",\"name\":\"Comment\",\"target\":[\"https:\/\/www.africa-press.net\/cotedivoire\/politique\/lutte-antiterroriste-au-centre-commercial-cosmos#respond\"]}]},{\"@type\":\"WebPage\",\"@id\":\"https:\/\/www.africa-press.net\/cotedivoire\/politique\/lutte-antiterroriste-au-centre-commercial-cosmos\",\"url\":\"https:\/\/www.africa-press.net\/cotedivoire\/politique\/lutte-antiterroriste-au-centre-commercial-cosmos\",\"name\":\"Lutte Antiterroriste au Centre Commercial Cosmos - C\u00f4te d&#039;Ivoire\",\"isPartOf\":{\"@id\":\"https:\/\/www.africa-press.net\/cotedivoire\/#website\"},\"primaryImageOfPage\":{\"@id\":\"https:\/\/www.africa-press.net\/cotedivoire\/politique\/lutte-antiterroriste-au-centre-commercial-cosmos#primaryimage\"},\"image\":{\"@id\":\"https:\/\/www.africa-press.net\/cotedivoire\/politique\/lutte-antiterroriste-au-centre-commercial-cosmos#primaryimage\"},\"thumbnailUrl\":\"https:\/\/static.africa-press.net\/cote\/sites\/43\/2025\/10\/sm_1759331606.353829.jpg\",\"datePublished\":\"2025-10-01T18:10:37+00:00\",\"dateModified\":\"2025-10-01T18:43:58+00:00\",\"author\":{\"@id\":\"https:\/\/www.africa-press.net\/cotedivoire\/#\/schema\/person\/2b1cf3cd81a31e3cd26889ca66d677f1\"},\"description\":\"Dans le cadre de la lutte contre le terrorisme, les unite\u0301s spe\u0301ciales de la Gendarmerie renforcent leurs capacite\u0301s ope ...\",\"breadcrumb\":{\"@id\":\"https:\/\/www.africa-press.net\/cotedivoire\/politique\/lutte-antiterroriste-au-centre-commercial-cosmos#breadcrumb\"},\"inLanguage\":\"fr-FR\",\"potentialAction\":[{\"@type\":\"ReadAction\",\"target\":[\"https:\/\/www.africa-press.net\/cotedivoire\/politique\/lutte-antiterroriste-au-centre-commercial-cosmos\"]}]},{\"@type\":\"ImageObject\",\"inLanguage\":\"fr-FR\",\"@id\":\"https:\/\/www.africa-press.net\/cotedivoire\/politique\/lutte-antiterroriste-au-centre-commercial-cosmos#primaryimage\",\"url\":\"https:\/\/static.africa-press.net\/cote\/sites\/43\/2025\/10\/sm_1759331606.353829.jpg\",\"contentUrl\":\"https:\/\/static.africa-press.net\/cote\/sites\/43\/2025\/10\/sm_1759331606.353829.jpg\",\"width\":720,\"height\":481,\"caption\":\"Lutte Antiterroriste au Centre Commercial Cosmos\"},{\"@type\":\"BreadcrumbList\",\"@id\":\"https:\/\/www.africa-press.net\/cotedivoire\/politique\/lutte-antiterroriste-au-centre-commercial-cosmos#breadcrumb\",\"itemListElement\":[{\"@type\":\"ListItem\",\"position\":1,\"name\":\"Accueil\",\"item\":\"https:\/\/www.africa-press.net\/cotedivoire\/\"},{\"@type\":\"ListItem\",\"position\":2,\"name\":\"Lutte Antiterroriste au Centre Commercial Cosmos\"}]},{\"@type\":\"WebSite\",\"@id\":\"https:\/\/www.africa-press.net\/cotedivoire\/#website\",\"url\":\"https:\/\/www.africa-press.net\/cotedivoire\/\",\"name\":\"C\u00f4te d&#039;Ivoire\",\"description\":\"Just another Africa News Agency Sites site\",\"potentialAction\":[{\"@type\":\"SearchAction\",\"target\":{\"@type\":\"EntryPoint\",\"urlTemplate\":\"https:\/\/www.africa-press.net\/cotedivoire\/?s={search_term_string}\"},\"query-input\":{\"@type\":\"PropertyValueSpecification\",\"valueRequired\":true,\"valueName\":\"search_term_string\"}}],\"inLanguage\":\"fr-FR\"},{\"@type\":\"Person\",\"@id\":\"https:\/\/www.africa-press.net\/cotedivoire\/#\/schema\/person\/2b1cf3cd81a31e3cd26889ca66d677f1\",\"name\":\"cfeditorfr\"}]}<\/script>\n<!-- \/ Yoast SEO Premium plugin. -->","yoast_head_json":{"title":"Lutte Antiterroriste au Centre Commercial Cosmos - C\u00f4te d&#039;Ivoire","description":"Dans le cadre de la lutte contre le terrorisme, les unite\u0301s spe\u0301ciales de la Gendarmerie renforcent leurs capacite\u0301s ope ...","robots":{"index":"index","follow":"follow","max-snippet":"max-snippet:-1","max-image-preview":"max-image-preview:large","max-video-preview":"max-video-preview:-1"},"canonical":"https:\/\/www.africa-press.net\/cotedivoire\/politique\/lutte-antiterroriste-au-centre-commercial-cosmos","og_locale":"fr_FR","og_type":"article","og_title":"Lutte Antiterroriste au Centre Commercial Cosmos","og_description":"Dans le cadre de la lutte contre le terrorisme, les unite\u0301s spe\u0301ciales de la Gendarmerie renforcent leurs capacite\u0301s ope ...","og_url":"https:\/\/www.africa-press.net\/cotedivoire\/politique\/lutte-antiterroriste-au-centre-commercial-cosmos","og_site_name":"C\u00f4te d&#039;Ivoire","article_published_time":"2025-10-01T18:10:37+00:00","article_modified_time":"2025-10-01T18:43:58+00:00","og_image":[{"width":720,"height":481,"url":"https:\/\/static.africa-press.net\/cote\/sites\/43\/2025\/10\/sm_1759331606.353829.jpg","type":"image\/jpeg"}],"author":"cfeditorfr","twitter_card":"summary_large_image","twitter_misc":{"\u00c9crit par":"cfeditorfr","Dur\u00e9e de lecture estim\u00e9e":"2 minutes"},"schema":{"@context":"https:\/\/schema.org","@graph":[{"@type":"Article","@id":"https:\/\/www.africa-press.net\/cotedivoire\/politique\/lutte-antiterroriste-au-centre-commercial-cosmos#article","isPartOf":{"@id":"https:\/\/www.africa-press.net\/cotedivoire\/politique\/lutte-antiterroriste-au-centre-commercial-cosmos"},"author":{"name":"cfeditorfr","@id":"https:\/\/www.africa-press.net\/cotedivoire\/#\/schema\/person\/2b1cf3cd81a31e3cd26889ca66d677f1"},"headline":"Lutte Antiterroriste au Centre Commercial Cosmos","datePublished":"2025-10-01T18:10:37+00:00","dateModified":"2025-10-01T18:43:58+00:00","mainEntityOfPage":{"@id":"https:\/\/www.africa-press.net\/cotedivoire\/politique\/lutte-antiterroriste-au-centre-commercial-cosmos"},"wordCount":242,"commentCount":0,"image":{"@id":"https:\/\/www.africa-press.net\/cotedivoire\/politique\/lutte-antiterroriste-au-centre-commercial-cosmos#primaryimage"},"thumbnailUrl":"https:\/\/static.africa-press.net\/cote\/sites\/43\/2025\/10\/sm_1759331606.353829.jpg","keywords":["Bassant\u00e9 Badara Aly","Cosmos","C\u00d4TE D'IVOIRE","exercice","Gendarmerie","Terrorisme","unit\u00e9s","Yopougon"],"articleSection":["Politique","Toutes les actualit\u00e9s"],"inLanguage":"fr-FR","potentialAction":[{"@type":"CommentAction","name":"Comment","target":["https:\/\/www.africa-press.net\/cotedivoire\/politique\/lutte-antiterroriste-au-centre-commercial-cosmos#respond"]}]},{"@type":"WebPage","@id":"https:\/\/www.africa-press.net\/cotedivoire\/politique\/lutte-antiterroriste-au-centre-commercial-cosmos","url":"https:\/\/www.africa-press.net\/cotedivoire\/politique\/lutte-antiterroriste-au-centre-commercial-cosmos","name":"Lutte Antiterroriste au Centre Commercial Cosmos - C\u00f4te d&#039;Ivoire","isPartOf":{"@id":"https:\/\/www.africa-press.net\/cotedivoire\/#website"},"primaryImageOfPage":{"@id":"https:\/\/www.africa-press.net\/cotedivoire\/politique\/lutte-antiterroriste-au-centre-commercial-cosmos#primaryimage"},"image":{"@id":"https:\/\/www.africa-press.net\/cotedivoire\/politique\/lutte-antiterroriste-au-centre-commercial-cosmos#primaryimage"},"thumbnailUrl":"https:\/\/static.africa-press.net\/cote\/sites\/43\/2025\/10\/sm_1759331606.353829.jpg","datePublished":"2025-10-01T18:10:37+00:00","dateModified":"2025-10-01T18:43:58+00:00","author":{"@id":"https:\/\/www.africa-press.net\/cotedivoire\/#\/schema\/person\/2b1cf3cd81a31e3cd26889ca66d677f1"},"description":"Dans le cadre de la lutte contre le terrorisme, les unite\u0301s spe\u0301ciales de la Gendarmerie renforcent leurs capacite\u0301s ope ...","breadcrumb":{"@id":"https:\/\/www.africa-press.net\/cotedivoire\/politique\/lutte-antiterroriste-au-centre-commercial-cosmos#breadcrumb"},"inLanguage":"fr-FR","potentialAction":[{"@type":"ReadAction","target":["https:\/\/www.africa-press.net\/cotedivoire\/politique\/lutte-antiterroriste-au-centre-commercial-cosmos"]}]},{"@type":"ImageObject","inLanguage":"fr-FR","@id":"https:\/\/www.africa-press.net\/cotedivoire\/politique\/lutte-antiterroriste-au-centre-commercial-cosmos#primaryimage","url":"https:\/\/static.africa-press.net\/cote\/sites\/43\/2025\/10\/sm_1759331606.353829.jpg","contentUrl":"https:\/\/static.africa-press.net\/cote\/sites\/43\/2025\/10\/sm_1759331606.353829.jpg","width":720,"height":481,"caption":"Lutte Antiterroriste au Centre Commercial Cosmos"},{"@type":"BreadcrumbList","@id":"https:\/\/www.africa-press.net\/cotedivoire\/politique\/lutte-antiterroriste-au-centre-commercial-cosmos#breadcrumb","itemListElement":[{"@type":"ListItem","position":1,"name":"Accueil","item":"https:\/\/www.africa-press.net\/cotedivoire\/"},{"@type":"ListItem","position":2,"name":"Lutte Antiterroriste au Centre Commercial Cosmos"}]},{"@type":"WebSite","@id":"https:\/\/www.africa-press.net\/cotedivoire\/#website","url":"https:\/\/www.africa-press.net\/cotedivoire\/","name":"C\u00f4te d&#039;Ivoire","description":"Just another Africa News Agency Sites site","potentialAction":[{"@type":"SearchAction","target":{"@type":"EntryPoint","urlTemplate":"https:\/\/www.africa-press.net\/cotedivoire\/?s={search_term_string}"},"query-input":{"@type":"PropertyValueSpecification","valueRequired":true,"valueName":"search_term_string"}}],"inLanguage":"fr-FR"},{"@type":"Person","@id":"https:\/\/www.africa-press.net\/cotedivoire\/#\/schema\/person\/2b1cf3cd81a31e3cd26889ca66d677f1","name":"cfeditorfr"}]}},"_links":{"self":[{"href":"https:\/\/www.africa-press.net\/cotedivoire\/wp-json\/wp\/v2\/posts\/106068","targetHints":{"allow":["GET"]}}],"collection":[{"href":"https:\/\/www.africa-press.net\/cotedivoire\/wp-json\/wp\/v2\/posts"}],"about":[{"href":"https:\/\/www.africa-press.net\/cotedivoire\/wp-json\/wp\/v2\/types\/post"}],"author":[{"embeddable":true,"href":"https:\/\/www.africa-press.net\/cotedivoire\/wp-json\/wp\/v2\/users\/82"}],"replies":[{"embeddable":true,"href":"https:\/\/www.africa-press.net\/cotedivoire\/wp-json\/wp\/v2\/comments?post=106068"}],"version-history":[{"count":0,"href":"https:\/\/www.africa-press.net\/cotedivoire\/wp-json\/wp\/v2\/posts\/106068\/revisions"}],"wp:featuredmedia":[{"embeddable":true,"href":"https:\/\/www.africa-press.net\/cotedivoire\/wp-json\/wp\/v2\/media\/106067"}],"wp:attachment":[{"href":"https:\/\/www.africa-press.net\/cotedivoire\/wp-json\/wp\/v2\/media?parent=106068"}],"wp:term":[{"taxonomy":"category","embeddable":true,"href":"https:\/\/www.africa-press.net\/cotedivoire\/wp-json\/wp\/v2\/categories?post=106068"},{"taxonomy":"post_tag","embeddable":true,"href":"https:\/\/www.africa-press.net\/cotedivoire\/wp-json\/wp\/v2\/tags?post=106068"}],"curies":[{"name":"wp","href":"https:\/\/api.w.org\/{rel}","templated":true}]}}