{"id":10612,"date":"2021-07-30T15:41:00","date_gmt":"2021-07-30T15:41:00","guid":{"rendered":"https:\/\/www.africa-press.net\/cotedivoire\/?p=10612"},"modified":"2021-07-30T18:20:21","modified_gmt":"2021-07-30T18:20:21","slug":"communique-du-conseil-national-de-securite-du-jeudi-29-juilletdefense-accidents-de-la-route-orpaillage-clandestin-et-covid-19-au-menu","status":"publish","type":"post","link":"https:\/\/www.africa-press.net\/cotedivoire\/politique\/communique-du-conseil-national-de-securite-du-jeudi-29-juilletdefense-accidents-de-la-route-orpaillage-clandestin-et-covid-19-au-menu","title":{"rendered":"Communiqu\u00e9 du Conseil National de S\u00e9curit\u00e9 du jeudi 29 juillet\u2026D\u00e9fense, accidents de la route, orpaillage clandestin et covid-19 au menu"},"content":{"rendered":"<p><span style=\"color: #ff6600\"><strong><a href=\"https:\/\/www.africa-press.net\/\">Africa-Press<\/a> &#8211; <a href=\"https:\/\/www.africa-press.net\/cotedivoire\">C\u00f4te d&rsquo;Ivoire<\/a>. <\/strong><\/span>Le Pr\u00e9sident de la R\u00e9publique, S.E.M. Alassane Ouattara a pr\u00e9sid\u00e9, ce jeudi 29 juillet 2021, au Palais de la Pr\u00e9sidence de la R\u00e9publique, une r\u00e9union du Conseil National de S\u00e9curit\u00e9 (CNS).<\/p>\n<p>L\u2019ordre du jour a port\u00e9 sur deux points :1- La situation s\u00e9curitaire g\u00e9n\u00e9rale ;2- L\u2019\u00e9volution de la maladie \u00e0 coronavirus 2019 (COVID-19) en C\u00f4te d\u2019Ivoire.1 \u2013 AU TITRE DE LA SITUATION SECURITAIRE GENERALEA la suite de la pr\u00e9sentation faite par le Ministre de l\u2019Int\u00e9rieur et de la S\u00e9curit\u00e9, le Conseil National de S\u00e9curit\u00e9 a not\u00e9, avec satisfaction, une nette am\u00e9lioration de la situation s\u00e9curitaire g\u00e9n\u00e9rale.<\/p>\n<p>Cette am\u00e9lioration est cons\u00e9cutive aux multiples op\u00e9rations de s\u00e9curisation men\u00e9es par lesForces de D\u00e9fense et de S\u00e9curit\u00e9, sur l\u2019ensemble du territoire national.Le Conseil National de S\u00e9curit\u00e9 s\u2019est, notamment, r\u00e9joui des r\u00e9cents r\u00e9sultats obtenus par l\u2019op\u00e9ration \u00ab Verrou d\u2019Orient \u00bb de s\u00e9curisation de la fronti\u00e8re Est, initi\u00e9e dans le cadre de la lutte contre le terrorisme et le d\u00e9guerpissement des sites d\u2019orpaillage il l\u00e9gal. En effet, le bilan des op\u00e9rations de d\u00e9guerpissement, pour le mois de juillet 2021, s\u2019\u00e9tablit comme suit :<\/p>\n<p>09 sites d\u2019orpaillage ill\u00e9gal d\u00e9mantel\u00e9s ;168 personnes interpell\u00e9es ;132 abris de fortune d\u00e9truits ;33 motopompes, 30 dragues et 14 motocyclettes saisies.<\/p>\n<p>Le Pr\u00e9sident de la R\u00e9publique, tout en f\u00e9licitant les Ministres en charge de la D\u00e9fense et de la S\u00e9curit\u00e9 ainsi que les Grands Commandements pour l\u2019am\u00e9lioration de la situation s\u00e9curitaire g\u00e9n\u00e9rale, les a instruits de poursuivre les op\u00e9rations de lutte contre le grand banditisme etl\u2019orpaillage ill\u00e9gal.<\/p>\n<p>L\u2019analyse de la situation s\u00e9curitaire a \u00e9galement fait ressortir une l\u00e9g\u00e8re baisse du nombre d\u2019accidents de la voie publique, avec 1468 cas en juin 2021 contre 1449 en juillet 2021, un chiffre encore \u00e9lev\u00e9, notamment au regard des 119 morts qui en ont r\u00e9sult\u00e9.<\/p>\n<p>Face \u00e0 ce constat, le Pr\u00e9sident de la R\u00e9publique, apr\u00e8s avoir f\u00e9licit\u00e9 le Premier Ministre, Chef du Gouvernement, pour les r\u00e9unions interminist\u00e9rielles organis\u00e9es sur la question, a donn\u00e9 des instructions afin que les recommandations pertinentes arr\u00eat\u00e9es en mati\u00e8re de r\u00e8glementation,de sensibilisation et de r\u00e9pression, soient mises en \u0153uvre, dans les meilleurs d\u00e9lais, en vue de r\u00e9duire, de fa\u00e7on significative, le nombre d\u2019accidents de la voie publique.<\/p>\n<p>2 \u2013 AU TITRE DE L\u2019\u00c9VOLUTION DE LA MALADIE \u00c0 CORONAVIRUS 2019 (COVID-19) EN C\u00d4TE D\u2019IVOIRE<\/p>\n<p>Le Ministre de la Sant\u00e9, de l\u2019Hygi\u00e8ne Publique et de la Couverture Maladie Universelle a fait unpoint de situation sur l\u2019\u00e9volution de la pand\u00e9mie de COVID-19 dans notre pays.Ainsi, \u00e0 la date du mercredi 28 juillet 2021, la C\u00f4te d\u2019Ivoire d\u00e9nombrait 49 775 cas confirm\u00e9s de COVID-19 dont 49 015 gu\u00e9ris, 326 d\u00e9c\u00e8s et 432 cas actifs.Le taux de positivit\u00e9, qui se situe entre 2 et 3%, bien en dessous du seuil de contr\u00f4le de la maladie qui est de 5%, demeure l\u2019un des plus faibles en Afrique.<\/p>\n<p>Toutefois, ce mois de juillet est marqu\u00e9 par une l\u00e9g\u00e8re hausse des nouveaux cas de COVID-19, dans notre pays, en comparaison au mois pr\u00e9c\u00e9dent.<\/p>\n<p>Le Conseil National de S\u00e9curit\u00e9, qui a pris note de ces informations, rappelle que le virus continue de circuler en C\u00f4te d\u2019Ivoire et notamment \u00e0 Abidjan, qui demeure l\u2019\u00e9picentre de la maladie avec 95% des cas.Le Conseil National de S\u00e9curit\u00e9 appelle ainsi les populations \u00e0 redoubler de vigilance et les exhorte, notamment, \u00e0 respecter les mesures barri\u00e8res et \u00e0 se faire vacciner.<\/p>\n<p>Aussi, au regard des flamb\u00e9es observ\u00e9es aussi bien en Afrique que dans le reste du monde, le Conseil National de S\u00e9curit\u00e9, apr\u00e8s analyse, a-t-il d\u00e9cid\u00e9 de renforcer les mesures de contr\u00f4le et de surveillance \u00e9pid\u00e9miologique aux portes d\u2019entr\u00e9e du pays, en particulier \u00e0 l\u2019A\u00e9roportInternational F\u00e9lix Houphou\u00ebt-Boigny d\u2019Abidjan.<\/p>\n<p>Concernant la campagne de vaccination contre la COVID-19 men\u00e9e en C\u00f4te d\u2019Ivoire, le Ministre en charge de la Sant\u00e9 a inform\u00e9 le Conseil National de S\u00e9curit\u00e9 que depuis le d\u00e9but de cette campagne, le 1er mars 2021 jusqu\u2019au 27 juillet 2021, 1 013 349 doses de vaccins ont \u00e9t\u00e9 administr\u00e9es, avec 113 706 personnes ayant re\u00e7u les deux doses.<\/p>\n<p>Le Pr\u00e9sident de la R\u00e9publique, qui s\u2019est r\u00e9joui du nombre de plus en plus croissant de personnes vaccin\u00e9es, a toutefois donn\u00e9 des instructions au Premier Ministre, Chef du Gouvernement, \u00e0 l\u2019effet de prendre les mesures n\u00e9cessaires pour l\u2019intensification de la campagne vaccinale.Le Ministre en charge de la Sant\u00e9 a \u00e9galement port\u00e9 \u00e0 la connaissance du Conseil National de S\u00e9curit\u00e9 que l\u2019insuffisance de vaccins sur le march\u00e9 mondial a un impact sur le plan d\u2019approvisionnement de la C\u00f4te d\u2019Ivoire qui pr\u00e9voit la r\u00e9ception de 1 492 059 doses de vaccins, entre fin juillet et fin septembre 2021.Aussi, le Chef de l\u2019Etat a-t-il instruit le Premier Ministre, Chef du Gouvernement, \u00e0 l\u2019effet de prendre toutes les dispositions idoines pour l\u2019approvisionnement, dans les d\u00e9lais, non seulement des doses de vaccins mais aussi des r\u00e9actifs et des \u00e9quipements de protection individuelle,n\u00e9cessaires \u00e0 la lutte contre la COVID-19.<\/p>\n<p>Au terme de la r\u00e9union, le Pr\u00e9sident de la R\u00e9publique a r\u00e9it\u00e9r\u00e9 ses f\u00e9licitations et ses encouragements \u00e0 tous les acteurs impliqu\u00e9s dans la lutte contre cette pand\u00e9mie.<\/p>\n<p>Il a, par ailleurs, rappel\u00e9 aux populations vivant en C\u00f4te d\u2019Ivoire, la n\u00e9cessit\u00e9 de se faire vacciner et tester, tout en continuant \u00e0 respecter scrupuleusement les mesures barri\u00e8res.<\/p>\n<p>&nbsp;<\/p>\n<p>&nbsp;<\/p>\n","protected":false},"excerpt":{"rendered":"<p>Africa-Press &#8211; C\u00f4te d&rsquo;Ivoire. Le Pr\u00e9sident de la R\u00e9publique, S.E.M. Alassane Ouattara a pr\u00e9sid\u00e9, ce jeudi 29 juillet 2021, au Palais de la Pr\u00e9sidence de la R\u00e9publique, une r\u00e9union du Conseil National de S\u00e9curit\u00e9 (CNS). L\u2019ordre du jour a port\u00e9 sur deux points :1- La situation s\u00e9curitaire g\u00e9n\u00e9rale ;2- L\u2019\u00e9volution de la maladie \u00e0 coronavirus [&hellip;]<\/p>\n","protected":false},"author":82,"featured_media":10611,"comment_status":"open","ping_status":"closed","sticky":false,"template":"","format":"standard","meta":{"footnotes":""},"categories":[11,2,10],"tags":[56,63,29],"class_list":["post-10612","post","type-post","status-publish","format-standard","has-post-thumbnail","hentry","category-homepage-french","category-politique","category-toutes-les-actualites","tag-africa-press","tag-africa-press-cote-divoire","tag-cote-divoire"],"yoast_head":"<!-- This site is optimized with the Yoast SEO Premium plugin v26.1 (Yoast SEO v27.0) - https:\/\/yoast.com\/product\/yoast-seo-premium-wordpress\/ -->\n<title>Communiqu\u00e9 du Conseil National de S\u00e9curit\u00e9 du jeudi 29 juillet\u2026D\u00e9fense, accidents de la route, orpaillage clandestin et covid-19 au menu - C\u00f4te d&#039;Ivoire<\/title>\n<meta name=\"description\" content=\"Le Pr\u00e9sident de la R\u00e9publique, S.E.M. Alassane Ouattara a pr\u00e9sid\u00e9, ce jeudi 29 juillet 2021, au Palais de la Pr\u00e9sidence ...\" \/>\n<meta name=\"robots\" content=\"index, follow, max-snippet:-1, max-image-preview:large, max-video-preview:-1\" \/>\n<link rel=\"canonical\" href=\"https:\/\/www.africa-press.net\/cotedivoire\/politique\/communique-du-conseil-national-de-securite-du-jeudi-29-juilletdefense-accidents-de-la-route-orpaillage-clandestin-et-covid-19-au-menu\" \/>\n<meta property=\"og:locale\" content=\"fr_FR\" \/>\n<meta property=\"og:type\" content=\"article\" \/>\n<meta property=\"og:title\" content=\"Communiqu\u00e9 du Conseil National de S\u00e9curit\u00e9 du jeudi 29 juillet\u2026D\u00e9fense, accidents de la route, orpaillage clandestin et covid-19 au menu\" \/>\n<meta property=\"og:description\" content=\"Le Pr\u00e9sident de la R\u00e9publique, S.E.M. Alassane Ouattara a pr\u00e9sid\u00e9, ce jeudi 29 juillet 2021, au Palais de la Pr\u00e9sidence ...\" \/>\n<meta property=\"og:url\" content=\"https:\/\/www.africa-press.net\/cotedivoire\/politique\/communique-du-conseil-national-de-securite-du-jeudi-29-juilletdefense-accidents-de-la-route-orpaillage-clandestin-et-covid-19-au-menu\" \/>\n<meta property=\"og:site_name\" content=\"C\u00f4te d&#039;Ivoire\" \/>\n<meta property=\"article:published_time\" content=\"2021-07-30T15:41:00+00:00\" \/>\n<meta property=\"article:modified_time\" content=\"2021-07-30T18:20:21+00:00\" \/>\n<meta property=\"og:image\" content=\"https:\/\/static.africa-press.net\/cote\/sites\/43\/2021\/07\/img-610412b58f344.jpg\" \/>\n\t<meta property=\"og:image:width\" content=\"1280\" \/>\n\t<meta property=\"og:image:height\" content=\"926\" \/>\n\t<meta property=\"og:image:type\" content=\"image\/jpeg\" \/>\n<meta name=\"author\" content=\"cfeditorfr\" \/>\n<meta name=\"twitter:card\" content=\"summary_large_image\" \/>\n<meta name=\"twitter:label1\" content=\"\u00c9crit par\" \/>\n\t<meta name=\"twitter:data1\" content=\"cfeditorfr\" \/>\n\t<meta name=\"twitter:label2\" content=\"Dur\u00e9e de lecture estim\u00e9e\" \/>\n\t<meta name=\"twitter:data2\" content=\"5 minutes\" \/>\n<script type=\"application\/ld+json\" class=\"yoast-schema-graph\">{\"@context\":\"https:\/\/schema.org\",\"@graph\":[{\"@type\":\"Article\",\"@id\":\"https:\/\/www.africa-press.net\/cotedivoire\/politique\/communique-du-conseil-national-de-securite-du-jeudi-29-juilletdefense-accidents-de-la-route-orpaillage-clandestin-et-covid-19-au-menu#article\",\"isPartOf\":{\"@id\":\"https:\/\/www.africa-press.net\/cotedivoire\/politique\/communique-du-conseil-national-de-securite-du-jeudi-29-juilletdefense-accidents-de-la-route-orpaillage-clandestin-et-covid-19-au-menu\"},\"author\":{\"name\":\"cfeditorfr\",\"@id\":\"https:\/\/www.africa-press.net\/cotedivoire\/#\/schema\/person\/2b1cf3cd81a31e3cd26889ca66d677f1\"},\"headline\":\"Communiqu\u00e9 du Conseil National de S\u00e9curit\u00e9 du jeudi 29 juillet\u2026D\u00e9fense, accidents de la route, orpaillage clandestin et covid-19 au menu\",\"datePublished\":\"2021-07-30T15:41:00+00:00\",\"dateModified\":\"2021-07-30T18:20:21+00:00\",\"mainEntityOfPage\":{\"@id\":\"https:\/\/www.africa-press.net\/cotedivoire\/politique\/communique-du-conseil-national-de-securite-du-jeudi-29-juilletdefense-accidents-de-la-route-orpaillage-clandestin-et-covid-19-au-menu\"},\"wordCount\":998,\"commentCount\":0,\"image\":{\"@id\":\"https:\/\/www.africa-press.net\/cotedivoire\/politique\/communique-du-conseil-national-de-securite-du-jeudi-29-juilletdefense-accidents-de-la-route-orpaillage-clandestin-et-covid-19-au-menu#primaryimage\"},\"thumbnailUrl\":\"https:\/\/static.africa-press.net\/cote\/sites\/43\/2021\/07\/img-610412b58f344.jpg\",\"keywords\":[\"Africa Press\",\"Africa Press-C\u00f4te d'Ivoire\",\"C\u00d4TE D'IVOIRE\"],\"articleSection\":[\"homepage-french\",\"Politique\",\"Toutes les actualit\u00e9s\"],\"inLanguage\":\"fr-FR\",\"potentialAction\":[{\"@type\":\"CommentAction\",\"name\":\"Comment\",\"target\":[\"https:\/\/www.africa-press.net\/cotedivoire\/politique\/communique-du-conseil-national-de-securite-du-jeudi-29-juilletdefense-accidents-de-la-route-orpaillage-clandestin-et-covid-19-au-menu#respond\"]}]},{\"@type\":\"WebPage\",\"@id\":\"https:\/\/www.africa-press.net\/cotedivoire\/politique\/communique-du-conseil-national-de-securite-du-jeudi-29-juilletdefense-accidents-de-la-route-orpaillage-clandestin-et-covid-19-au-menu\",\"url\":\"https:\/\/www.africa-press.net\/cotedivoire\/politique\/communique-du-conseil-national-de-securite-du-jeudi-29-juilletdefense-accidents-de-la-route-orpaillage-clandestin-et-covid-19-au-menu\",\"name\":\"Communiqu\u00e9 du Conseil National de S\u00e9curit\u00e9 du jeudi 29 juillet\u2026D\u00e9fense, accidents de la route, orpaillage clandestin et covid-19 au menu - C\u00f4te d&#039;Ivoire\",\"isPartOf\":{\"@id\":\"https:\/\/www.africa-press.net\/cotedivoire\/#website\"},\"primaryImageOfPage\":{\"@id\":\"https:\/\/www.africa-press.net\/cotedivoire\/politique\/communique-du-conseil-national-de-securite-du-jeudi-29-juilletdefense-accidents-de-la-route-orpaillage-clandestin-et-covid-19-au-menu#primaryimage\"},\"image\":{\"@id\":\"https:\/\/www.africa-press.net\/cotedivoire\/politique\/communique-du-conseil-national-de-securite-du-jeudi-29-juilletdefense-accidents-de-la-route-orpaillage-clandestin-et-covid-19-au-menu#primaryimage\"},\"thumbnailUrl\":\"https:\/\/static.africa-press.net\/cote\/sites\/43\/2021\/07\/img-610412b58f344.jpg\",\"datePublished\":\"2021-07-30T15:41:00+00:00\",\"dateModified\":\"2021-07-30T18:20:21+00:00\",\"author\":{\"@id\":\"https:\/\/www.africa-press.net\/cotedivoire\/#\/schema\/person\/2b1cf3cd81a31e3cd26889ca66d677f1\"},\"description\":\"Le Pr\u00e9sident de la R\u00e9publique, S.E.M. Alassane Ouattara a pr\u00e9sid\u00e9, ce jeudi 29 juillet 2021, au Palais de la Pr\u00e9sidence ...\",\"breadcrumb\":{\"@id\":\"https:\/\/www.africa-press.net\/cotedivoire\/politique\/communique-du-conseil-national-de-securite-du-jeudi-29-juilletdefense-accidents-de-la-route-orpaillage-clandestin-et-covid-19-au-menu#breadcrumb\"},\"inLanguage\":\"fr-FR\",\"potentialAction\":[{\"@type\":\"ReadAction\",\"target\":[\"https:\/\/www.africa-press.net\/cotedivoire\/politique\/communique-du-conseil-national-de-securite-du-jeudi-29-juilletdefense-accidents-de-la-route-orpaillage-clandestin-et-covid-19-au-menu\"]}]},{\"@type\":\"ImageObject\",\"inLanguage\":\"fr-FR\",\"@id\":\"https:\/\/www.africa-press.net\/cotedivoire\/politique\/communique-du-conseil-national-de-securite-du-jeudi-29-juilletdefense-accidents-de-la-route-orpaillage-clandestin-et-covid-19-au-menu#primaryimage\",\"url\":\"https:\/\/static.africa-press.net\/cote\/sites\/43\/2021\/07\/img-610412b58f344.jpg\",\"contentUrl\":\"https:\/\/static.africa-press.net\/cote\/sites\/43\/2021\/07\/img-610412b58f344.jpg\",\"width\":1280,\"height\":926,\"caption\":\"Communiqu\u00e9 du Conseil National de S\u00e9curit\u00e9 du jeudi 29 juillet\u2026D\u00e9fense, accidents de la route, orpaillage clandestin et covid-19 au menu\"},{\"@type\":\"BreadcrumbList\",\"@id\":\"https:\/\/www.africa-press.net\/cotedivoire\/politique\/communique-du-conseil-national-de-securite-du-jeudi-29-juilletdefense-accidents-de-la-route-orpaillage-clandestin-et-covid-19-au-menu#breadcrumb\",\"itemListElement\":[{\"@type\":\"ListItem\",\"position\":1,\"name\":\"Accueil\",\"item\":\"https:\/\/www.africa-press.net\/cotedivoire\/\"},{\"@type\":\"ListItem\",\"position\":2,\"name\":\"Communiqu\u00e9 du Conseil National de S\u00e9curit\u00e9 du jeudi 29 juillet\u2026D\u00e9fense, accidents de la route, orpaillage clandestin et covid-19 au menu\"}]},{\"@type\":\"WebSite\",\"@id\":\"https:\/\/www.africa-press.net\/cotedivoire\/#website\",\"url\":\"https:\/\/www.africa-press.net\/cotedivoire\/\",\"name\":\"C\u00f4te d&#039;Ivoire\",\"description\":\"Just another Africa News Agency Sites site\",\"potentialAction\":[{\"@type\":\"SearchAction\",\"target\":{\"@type\":\"EntryPoint\",\"urlTemplate\":\"https:\/\/www.africa-press.net\/cotedivoire\/?s={search_term_string}\"},\"query-input\":{\"@type\":\"PropertyValueSpecification\",\"valueRequired\":true,\"valueName\":\"search_term_string\"}}],\"inLanguage\":\"fr-FR\"},{\"@type\":\"Person\",\"@id\":\"https:\/\/www.africa-press.net\/cotedivoire\/#\/schema\/person\/2b1cf3cd81a31e3cd26889ca66d677f1\",\"name\":\"cfeditorfr\"}]}<\/script>\n<!-- \/ Yoast SEO Premium plugin. -->","yoast_head_json":{"title":"Communiqu\u00e9 du Conseil National de S\u00e9curit\u00e9 du jeudi 29 juillet\u2026D\u00e9fense, accidents de la route, orpaillage clandestin et covid-19 au menu - C\u00f4te d&#039;Ivoire","description":"Le Pr\u00e9sident de la R\u00e9publique, S.E.M. Alassane Ouattara a pr\u00e9sid\u00e9, ce jeudi 29 juillet 2021, au Palais de la Pr\u00e9sidence ...","robots":{"index":"index","follow":"follow","max-snippet":"max-snippet:-1","max-image-preview":"max-image-preview:large","max-video-preview":"max-video-preview:-1"},"canonical":"https:\/\/www.africa-press.net\/cotedivoire\/politique\/communique-du-conseil-national-de-securite-du-jeudi-29-juilletdefense-accidents-de-la-route-orpaillage-clandestin-et-covid-19-au-menu","og_locale":"fr_FR","og_type":"article","og_title":"Communiqu\u00e9 du Conseil National de S\u00e9curit\u00e9 du jeudi 29 juillet\u2026D\u00e9fense, accidents de la route, orpaillage clandestin et covid-19 au menu","og_description":"Le Pr\u00e9sident de la R\u00e9publique, S.E.M. Alassane Ouattara a pr\u00e9sid\u00e9, ce jeudi 29 juillet 2021, au Palais de la Pr\u00e9sidence ...","og_url":"https:\/\/www.africa-press.net\/cotedivoire\/politique\/communique-du-conseil-national-de-securite-du-jeudi-29-juilletdefense-accidents-de-la-route-orpaillage-clandestin-et-covid-19-au-menu","og_site_name":"C\u00f4te d&#039;Ivoire","article_published_time":"2021-07-30T15:41:00+00:00","article_modified_time":"2021-07-30T18:20:21+00:00","og_image":[{"width":1280,"height":926,"url":"https:\/\/static.africa-press.net\/cote\/sites\/43\/2021\/07\/img-610412b58f344.jpg","type":"image\/jpeg"}],"author":"cfeditorfr","twitter_card":"summary_large_image","twitter_misc":{"\u00c9crit par":"cfeditorfr","Dur\u00e9e de lecture estim\u00e9e":"5 minutes"},"schema":{"@context":"https:\/\/schema.org","@graph":[{"@type":"Article","@id":"https:\/\/www.africa-press.net\/cotedivoire\/politique\/communique-du-conseil-national-de-securite-du-jeudi-29-juilletdefense-accidents-de-la-route-orpaillage-clandestin-et-covid-19-au-menu#article","isPartOf":{"@id":"https:\/\/www.africa-press.net\/cotedivoire\/politique\/communique-du-conseil-national-de-securite-du-jeudi-29-juilletdefense-accidents-de-la-route-orpaillage-clandestin-et-covid-19-au-menu"},"author":{"name":"cfeditorfr","@id":"https:\/\/www.africa-press.net\/cotedivoire\/#\/schema\/person\/2b1cf3cd81a31e3cd26889ca66d677f1"},"headline":"Communiqu\u00e9 du Conseil National de S\u00e9curit\u00e9 du jeudi 29 juillet\u2026D\u00e9fense, accidents de la route, orpaillage clandestin et covid-19 au menu","datePublished":"2021-07-30T15:41:00+00:00","dateModified":"2021-07-30T18:20:21+00:00","mainEntityOfPage":{"@id":"https:\/\/www.africa-press.net\/cotedivoire\/politique\/communique-du-conseil-national-de-securite-du-jeudi-29-juilletdefense-accidents-de-la-route-orpaillage-clandestin-et-covid-19-au-menu"},"wordCount":998,"commentCount":0,"image":{"@id":"https:\/\/www.africa-press.net\/cotedivoire\/politique\/communique-du-conseil-national-de-securite-du-jeudi-29-juilletdefense-accidents-de-la-route-orpaillage-clandestin-et-covid-19-au-menu#primaryimage"},"thumbnailUrl":"https:\/\/static.africa-press.net\/cote\/sites\/43\/2021\/07\/img-610412b58f344.jpg","keywords":["Africa Press","Africa Press-C\u00f4te d'Ivoire","C\u00d4TE D'IVOIRE"],"articleSection":["homepage-french","Politique","Toutes les actualit\u00e9s"],"inLanguage":"fr-FR","potentialAction":[{"@type":"CommentAction","name":"Comment","target":["https:\/\/www.africa-press.net\/cotedivoire\/politique\/communique-du-conseil-national-de-securite-du-jeudi-29-juilletdefense-accidents-de-la-route-orpaillage-clandestin-et-covid-19-au-menu#respond"]}]},{"@type":"WebPage","@id":"https:\/\/www.africa-press.net\/cotedivoire\/politique\/communique-du-conseil-national-de-securite-du-jeudi-29-juilletdefense-accidents-de-la-route-orpaillage-clandestin-et-covid-19-au-menu","url":"https:\/\/www.africa-press.net\/cotedivoire\/politique\/communique-du-conseil-national-de-securite-du-jeudi-29-juilletdefense-accidents-de-la-route-orpaillage-clandestin-et-covid-19-au-menu","name":"Communiqu\u00e9 du Conseil National de S\u00e9curit\u00e9 du jeudi 29 juillet\u2026D\u00e9fense, accidents de la route, orpaillage clandestin et covid-19 au menu - C\u00f4te d&#039;Ivoire","isPartOf":{"@id":"https:\/\/www.africa-press.net\/cotedivoire\/#website"},"primaryImageOfPage":{"@id":"https:\/\/www.africa-press.net\/cotedivoire\/politique\/communique-du-conseil-national-de-securite-du-jeudi-29-juilletdefense-accidents-de-la-route-orpaillage-clandestin-et-covid-19-au-menu#primaryimage"},"image":{"@id":"https:\/\/www.africa-press.net\/cotedivoire\/politique\/communique-du-conseil-national-de-securite-du-jeudi-29-juilletdefense-accidents-de-la-route-orpaillage-clandestin-et-covid-19-au-menu#primaryimage"},"thumbnailUrl":"https:\/\/static.africa-press.net\/cote\/sites\/43\/2021\/07\/img-610412b58f344.jpg","datePublished":"2021-07-30T15:41:00+00:00","dateModified":"2021-07-30T18:20:21+00:00","author":{"@id":"https:\/\/www.africa-press.net\/cotedivoire\/#\/schema\/person\/2b1cf3cd81a31e3cd26889ca66d677f1"},"description":"Le Pr\u00e9sident de la R\u00e9publique, S.E.M. Alassane Ouattara a pr\u00e9sid\u00e9, ce jeudi 29 juillet 2021, au Palais de la Pr\u00e9sidence ...","breadcrumb":{"@id":"https:\/\/www.africa-press.net\/cotedivoire\/politique\/communique-du-conseil-national-de-securite-du-jeudi-29-juilletdefense-accidents-de-la-route-orpaillage-clandestin-et-covid-19-au-menu#breadcrumb"},"inLanguage":"fr-FR","potentialAction":[{"@type":"ReadAction","target":["https:\/\/www.africa-press.net\/cotedivoire\/politique\/communique-du-conseil-national-de-securite-du-jeudi-29-juilletdefense-accidents-de-la-route-orpaillage-clandestin-et-covid-19-au-menu"]}]},{"@type":"ImageObject","inLanguage":"fr-FR","@id":"https:\/\/www.africa-press.net\/cotedivoire\/politique\/communique-du-conseil-national-de-securite-du-jeudi-29-juilletdefense-accidents-de-la-route-orpaillage-clandestin-et-covid-19-au-menu#primaryimage","url":"https:\/\/static.africa-press.net\/cote\/sites\/43\/2021\/07\/img-610412b58f344.jpg","contentUrl":"https:\/\/static.africa-press.net\/cote\/sites\/43\/2021\/07\/img-610412b58f344.jpg","width":1280,"height":926,"caption":"Communiqu\u00e9 du Conseil National de S\u00e9curit\u00e9 du jeudi 29 juillet\u2026D\u00e9fense, accidents de la route, orpaillage clandestin et covid-19 au menu"},{"@type":"BreadcrumbList","@id":"https:\/\/www.africa-press.net\/cotedivoire\/politique\/communique-du-conseil-national-de-securite-du-jeudi-29-juilletdefense-accidents-de-la-route-orpaillage-clandestin-et-covid-19-au-menu#breadcrumb","itemListElement":[{"@type":"ListItem","position":1,"name":"Accueil","item":"https:\/\/www.africa-press.net\/cotedivoire\/"},{"@type":"ListItem","position":2,"name":"Communiqu\u00e9 du Conseil National de S\u00e9curit\u00e9 du jeudi 29 juillet\u2026D\u00e9fense, accidents de la route, orpaillage clandestin et covid-19 au menu"}]},{"@type":"WebSite","@id":"https:\/\/www.africa-press.net\/cotedivoire\/#website","url":"https:\/\/www.africa-press.net\/cotedivoire\/","name":"C\u00f4te d&#039;Ivoire","description":"Just another Africa News Agency Sites site","potentialAction":[{"@type":"SearchAction","target":{"@type":"EntryPoint","urlTemplate":"https:\/\/www.africa-press.net\/cotedivoire\/?s={search_term_string}"},"query-input":{"@type":"PropertyValueSpecification","valueRequired":true,"valueName":"search_term_string"}}],"inLanguage":"fr-FR"},{"@type":"Person","@id":"https:\/\/www.africa-press.net\/cotedivoire\/#\/schema\/person\/2b1cf3cd81a31e3cd26889ca66d677f1","name":"cfeditorfr"}]}},"_links":{"self":[{"href":"https:\/\/www.africa-press.net\/cotedivoire\/wp-json\/wp\/v2\/posts\/10612","targetHints":{"allow":["GET"]}}],"collection":[{"href":"https:\/\/www.africa-press.net\/cotedivoire\/wp-json\/wp\/v2\/posts"}],"about":[{"href":"https:\/\/www.africa-press.net\/cotedivoire\/wp-json\/wp\/v2\/types\/post"}],"author":[{"embeddable":true,"href":"https:\/\/www.africa-press.net\/cotedivoire\/wp-json\/wp\/v2\/users\/82"}],"replies":[{"embeddable":true,"href":"https:\/\/www.africa-press.net\/cotedivoire\/wp-json\/wp\/v2\/comments?post=10612"}],"version-history":[{"count":0,"href":"https:\/\/www.africa-press.net\/cotedivoire\/wp-json\/wp\/v2\/posts\/10612\/revisions"}],"wp:featuredmedia":[{"embeddable":true,"href":"https:\/\/www.africa-press.net\/cotedivoire\/wp-json\/wp\/v2\/media\/10611"}],"wp:attachment":[{"href":"https:\/\/www.africa-press.net\/cotedivoire\/wp-json\/wp\/v2\/media?parent=10612"}],"wp:term":[{"taxonomy":"category","embeddable":true,"href":"https:\/\/www.africa-press.net\/cotedivoire\/wp-json\/wp\/v2\/categories?post=10612"},{"taxonomy":"post_tag","embeddable":true,"href":"https:\/\/www.africa-press.net\/cotedivoire\/wp-json\/wp\/v2\/tags?post=10612"}],"curies":[{"name":"wp","href":"https:\/\/api.w.org\/{rel}","templated":true}]}}