{"id":106130,"date":"2025-10-02T17:04:31","date_gmt":"2025-10-02T17:04:31","guid":{"rendered":"https:\/\/www.africa-press.net\/cotedivoire\/politique\/revalorisation-des-prix-du-cafe-cacao-par-le-gouvernement"},"modified":"2025-10-02T17:43:42","modified_gmt":"2025-10-02T17:43:42","slug":"revalorisation-des-prix-du-cafe-cacao-par-le-gouvernement","status":"publish","type":"post","link":"https:\/\/www.africa-press.net\/cotedivoire\/economie\/revalorisation-des-prix-du-cafe-cacao-par-le-gouvernement","title":{"rendered":"Revalorisation des prix du caf\u00e9-cacao par le gouvernement"},"content":{"rendered":"<p><span style=\"color: #ff6600\"><strong>Africa-Press &#8211; C\u00f4te d&rsquo;Ivoire. <\/strong><\/span>C\u2019est dans une ambiance de grande solennite\u0301, empreinte d\u2019espoir et de reconnaissance, que s\u2019est tenue ce mercredi au Parc des Expositions d\u2019Abidjan la ce\u0301re\u0301monie d\u2019ouverture officielle de la campagne de commercialisation du cafe\u0301 et du cacao 2025-2026. Devant des producteurs mobilise\u0301s massivement pour l&rsquo;occasion, le Pre\u0301sident de la Re\u0301publique, Son Excellence Alassane Ouattara, a annonce\u0301, les prix bord champ du cacao et du cafe\u0301 pour la campagne principale. Il s&rsquo;agit de 2800 FCFA le kilogramme du cacao bien seche\u0301 et de 1700 FCFA pour le kilogramme du cafe\u0301.<\/p>\n<p>Ces prix, salue\u0301s par l\u2019ensemble des producteurs pre\u0301sents, marquent une hausse significative par rapport a\u0300 la campagne pre\u0301ce\u0301dente et te\u0301moignent des efforts du gouvernement pour garantir une meilleure re\u0301mune\u0301ration aux acteurs de la filie\u0300re.<\/p>\n<p>Prenant la parole devant un parterre d\u2019autorite\u0301s et de producteurs venus de tout le pays, le ministre Adjoumani n\u2019a pas cache\u0301 son e\u0301motion. S\u2019adressant au Pre\u0301sident de la Re\u0301publique, il a souligne\u0301: \u00ab Gra\u0302ce a\u0300 vos efforts soutenus, les producteurs sont debout, capables de manger a\u0300 leur faim, de se loger, de se soigner, d\u2019envoyer leurs enfants a\u0300 l\u2019e\u0301cole, et de jouir de l\u2019acce\u0300s a\u0300 l\u2019eau potable et a\u0300 l\u2019e\u0301lectricite\u0301. \u00bb<\/p>\n<p>Le ministre a exprime\u0301 la profonde gratitude du monde agricole pour les nombreuses re\u0301formes initie\u0301es sous la houlette du Pre\u0301sident Ouattara, notamment, la mise en place de l\u2019Organisation Interprofessionnelle Agricole (OIA) Cafe\u0301-Cacao en aou\u0302t 2025, regroupant producteurs, transformateurs et exportateurs., la modernisation du syste\u0300me de commercialisation, avec des lois et ordonnances adopte\u0301es depuis 2020, l\u2019accroissement de la transformation locale, avec la construction d&rsquo;usines et de centres de formation et le lancement de la Couverture Maladie Universelle gratuite pour les producteurs de cafe\u0301 et de cacao.<\/p>\n<p>Au nom de tous les planteurs, Siaka Diakite\u0301, pre\u0301sident de l\u2019OIA Cafe\u0301-Cacao, par la voix de son porte-parole, a salue\u0301 \u00ab le leadership visionnaire \u00bb du Pre\u0301sident Ouattara et a rappele\u0301 les acquis majeurs obtenus sous sa gouvernance: le syste\u0300me de stabilisation des prix, la trac\u0327abilite\u0301, le DRD (Diffe\u0301rentiel de Revenu De\u0301cent), et l\u2019ame\u0301lioration des infrastructures rurales.<\/p>\n<p>Moment fort et symbolique de la ce\u0301re\u0301monie: les producteurs ont remis une contribution de 20 millions de FCFA au Chef de l\u2019E\u0301tat pour \u00ab l\u2019accompagner dans ses de\u0301placements a\u0300 travers le pays \u00bb, te\u0301moignant de leur attachement et de leur volonte\u0301 de le soutenir politiquement.<\/p>\n<p>Le Directeur ge\u0301ne\u0301ral du Conseil du Cafe\u0301-Cacao, Yves Brahima Kone\u0301, a quant a\u0300 lui rappele\u0301 les performances impressionnantes de la filie\u0300re, avec. Il a cite\u0301 une capacite\u0301 de transformation projete\u0301e a\u0300 1,6 million de tonnes d\u2019ici deux ans, la construction de deux nouvelles usines a\u0300 Akoupe\u0301 Zeudji et a\u0300 San Pedro,&rsquo;l\u2019e\u0301dification d\u2019un centre de formation aux me\u0301tiers du chocolat. Et la proposition de cre\u0301ation d\u2019un Institut de Recherche spe\u0301cialise\u0301 cafe\u0301-cacao, en partenariat avec le CNRA.<\/p>\n<p>Dans une envole\u0301e chaleureuse, le ministre Adjoumani a conclu en lanc\u0327ant a\u0300 l\u2019adresse des producteurs: \u00ab Est-ce que vous e\u0302tes pre\u0302ts a\u0300 traduire par des actes concrets votre reconnaissance envers le Pre\u0301sident? \u00bb<\/p>\n<p>Une question qui a suscite\u0301 des ovations, marquant l\u2019unite\u0301 et l\u2019engagement des acteurs de la filie\u0300re envers une vision agricole ambitieuse, inclusive et durable.<\/p>\n<p>Avec un prix record de 2800 F CFA\/Kg pour le cacao, cette campagne 2025-2026 s\u2019annonce historique. Porte\u0301e par une gouvernance renforce\u0301e, une transformation industrielle acce\u0301le\u0301re\u0301e et une cohe\u0301sion solide entre l\u2019E\u0301tat et les producteurs, la Co\u0302te d\u2019Ivoire confirme son statut de leader mondial du cacao et trace les sillons d\u2019une prospe\u0301rite\u0301 partage\u0301e.<\/p>\n<p><strong>Pour plus d&rsquo;informations et d&rsquo;analyses sur la <span style=\"color: #ff6600\">C\u00f4te d&rsquo;Ivoire<\/span>, suivez <span style=\"color: #ff6600\">Africa-Press<\/span><\/strong><\/p>\n","protected":false},"excerpt":{"rendered":"<p>Africa-Press &#8211; C\u00f4te d&rsquo;Ivoire. C\u2019est dans une ambiance de grande solennite\u0301, empreinte d\u2019espoir et de reconnaissance, que s\u2019est tenue ce mercredi au Parc des Expositions d\u2019Abidjan la ce\u0301re\u0301monie d\u2019ouverture officielle de la campagne de commercialisation du cafe\u0301 et du cacao 2025-2026. Devant des producteurs mobilise\u0301s massivement pour l&rsquo;occasion, le Pre\u0301sident de la Re\u0301publique, Son Excellence [&hellip;]<\/p>\n","protected":false},"author":82,"featured_media":106129,"comment_status":"open","ping_status":"closed","sticky":false,"template":"","format":"standard","meta":{"footnotes":""},"categories":[3,10],"tags":[1475,8275,19047,19046,16389,29,1699,727,19048],"class_list":["post-106130","post","type-post","status-publish","format-standard","has-post-thumbnail","hentry","category-economie","category-toutes-les-actualites","tag-adjoumani","tag-agricole","tag-cacao-ci","tag-cafe-ci","tag-campagne-2025","tag-cote-divoire","tag-filiere","tag-ouattara","tag-prix-bord-champ"],"yoast_head":"<!-- This site is optimized with the Yoast SEO Premium plugin v26.1 (Yoast SEO v27.0) - https:\/\/yoast.com\/product\/yoast-seo-premium-wordpress\/ -->\n<title>Revalorisation des prix du caf\u00e9-cacao par le gouvernement - C\u00f4te d&#039;Ivoire<\/title>\n<meta name=\"description\" content=\"C\u2019est dans une ambiance de grande solennite\u0301, empreinte d\u2019espoir et de reconnaissance, que s\u2019est tenue ce mercredi au Pa ...\" \/>\n<meta name=\"robots\" content=\"index, follow, max-snippet:-1, max-image-preview:large, max-video-preview:-1\" \/>\n<link rel=\"canonical\" href=\"https:\/\/www.africa-press.net\/cotedivoire\/economie\/revalorisation-des-prix-du-cafe-cacao-par-le-gouvernement\" \/>\n<meta property=\"og:locale\" content=\"fr_FR\" \/>\n<meta property=\"og:type\" content=\"article\" \/>\n<meta property=\"og:title\" content=\"Revalorisation des prix du caf\u00e9-cacao par le gouvernement\" \/>\n<meta property=\"og:description\" content=\"C\u2019est dans une ambiance de grande solennite\u0301, empreinte d\u2019espoir et de reconnaissance, que s\u2019est tenue ce mercredi au Pa ...\" \/>\n<meta property=\"og:url\" content=\"https:\/\/www.africa-press.net\/cotedivoire\/economie\/revalorisation-des-prix-du-cafe-cacao-par-le-gouvernement\" \/>\n<meta property=\"og:site_name\" content=\"C\u00f4te d&#039;Ivoire\" \/>\n<meta property=\"article:published_time\" content=\"2025-10-02T17:04:31+00:00\" \/>\n<meta property=\"article:modified_time\" content=\"2025-10-02T17:43:42+00:00\" \/>\n<meta property=\"og:image\" content=\"https:\/\/static.africa-press.net\/cote\/sites\/43\/2025\/10\/sm_1759414309.896489.jpg\" \/>\n\t<meta property=\"og:image:width\" content=\"720\" \/>\n\t<meta property=\"og:image:height\" content=\"480\" \/>\n\t<meta property=\"og:image:type\" content=\"image\/jpeg\" \/>\n<meta name=\"author\" content=\"cfeditorfr\" \/>\n<meta name=\"twitter:card\" content=\"summary_large_image\" \/>\n<meta name=\"twitter:label1\" content=\"\u00c9crit par\" \/>\n\t<meta name=\"twitter:data1\" content=\"cfeditorfr\" \/>\n\t<meta name=\"twitter:label2\" content=\"Dur\u00e9e de lecture estim\u00e9e\" \/>\n\t<meta name=\"twitter:data2\" content=\"4 minutes\" \/>\n<script type=\"application\/ld+json\" class=\"yoast-schema-graph\">{\"@context\":\"https:\/\/schema.org\",\"@graph\":[{\"@type\":\"Article\",\"@id\":\"https:\/\/www.africa-press.net\/cotedivoire\/economie\/revalorisation-des-prix-du-cafe-cacao-par-le-gouvernement#article\",\"isPartOf\":{\"@id\":\"https:\/\/www.africa-press.net\/cotedivoire\/economie\/revalorisation-des-prix-du-cafe-cacao-par-le-gouvernement\"},\"author\":{\"name\":\"cfeditorfr\",\"@id\":\"https:\/\/www.africa-press.net\/cotedivoire\/#\/schema\/person\/2b1cf3cd81a31e3cd26889ca66d677f1\"},\"headline\":\"Revalorisation des prix du caf\u00e9-cacao par le gouvernement\",\"datePublished\":\"2025-10-02T17:04:31+00:00\",\"dateModified\":\"2025-10-02T17:43:42+00:00\",\"mainEntityOfPage\":{\"@id\":\"https:\/\/www.africa-press.net\/cotedivoire\/economie\/revalorisation-des-prix-du-cafe-cacao-par-le-gouvernement\"},\"wordCount\":682,\"commentCount\":0,\"image\":{\"@id\":\"https:\/\/www.africa-press.net\/cotedivoire\/economie\/revalorisation-des-prix-du-cafe-cacao-par-le-gouvernement#primaryimage\"},\"thumbnailUrl\":\"https:\/\/static.africa-press.net\/cote\/sites\/43\/2025\/10\/sm_1759414309.896489.jpg\",\"keywords\":[\"Adjoumani\",\"agricole\",\"Cacao CI\",\"Caf\u00e9 CI\",\"campagne 2025\",\"C\u00d4TE D'IVOIRE\",\"fili\u00e8re\",\"Ouattara\",\"Prix Bord champ\"],\"articleSection\":[\"\u00c9conomie\",\"Toutes les actualit\u00e9s\"],\"inLanguage\":\"fr-FR\",\"potentialAction\":[{\"@type\":\"CommentAction\",\"name\":\"Comment\",\"target\":[\"https:\/\/www.africa-press.net\/cotedivoire\/economie\/revalorisation-des-prix-du-cafe-cacao-par-le-gouvernement#respond\"]}]},{\"@type\":\"WebPage\",\"@id\":\"https:\/\/www.africa-press.net\/cotedivoire\/economie\/revalorisation-des-prix-du-cafe-cacao-par-le-gouvernement\",\"url\":\"https:\/\/www.africa-press.net\/cotedivoire\/economie\/revalorisation-des-prix-du-cafe-cacao-par-le-gouvernement\",\"name\":\"Revalorisation des prix du caf\u00e9-cacao par le gouvernement - C\u00f4te d&#039;Ivoire\",\"isPartOf\":{\"@id\":\"https:\/\/www.africa-press.net\/cotedivoire\/#website\"},\"primaryImageOfPage\":{\"@id\":\"https:\/\/www.africa-press.net\/cotedivoire\/economie\/revalorisation-des-prix-du-cafe-cacao-par-le-gouvernement#primaryimage\"},\"image\":{\"@id\":\"https:\/\/www.africa-press.net\/cotedivoire\/economie\/revalorisation-des-prix-du-cafe-cacao-par-le-gouvernement#primaryimage\"},\"thumbnailUrl\":\"https:\/\/static.africa-press.net\/cote\/sites\/43\/2025\/10\/sm_1759414309.896489.jpg\",\"datePublished\":\"2025-10-02T17:04:31+00:00\",\"dateModified\":\"2025-10-02T17:43:42+00:00\",\"author\":{\"@id\":\"https:\/\/www.africa-press.net\/cotedivoire\/#\/schema\/person\/2b1cf3cd81a31e3cd26889ca66d677f1\"},\"description\":\"C\u2019est dans une ambiance de grande solennite\u0301, empreinte d\u2019espoir et de reconnaissance, que s\u2019est tenue ce mercredi au Pa ...\",\"breadcrumb\":{\"@id\":\"https:\/\/www.africa-press.net\/cotedivoire\/economie\/revalorisation-des-prix-du-cafe-cacao-par-le-gouvernement#breadcrumb\"},\"inLanguage\":\"fr-FR\",\"potentialAction\":[{\"@type\":\"ReadAction\",\"target\":[\"https:\/\/www.africa-press.net\/cotedivoire\/economie\/revalorisation-des-prix-du-cafe-cacao-par-le-gouvernement\"]}]},{\"@type\":\"ImageObject\",\"inLanguage\":\"fr-FR\",\"@id\":\"https:\/\/www.africa-press.net\/cotedivoire\/economie\/revalorisation-des-prix-du-cafe-cacao-par-le-gouvernement#primaryimage\",\"url\":\"https:\/\/static.africa-press.net\/cote\/sites\/43\/2025\/10\/sm_1759414309.896489.jpg\",\"contentUrl\":\"https:\/\/static.africa-press.net\/cote\/sites\/43\/2025\/10\/sm_1759414309.896489.jpg\",\"width\":720,\"height\":480,\"caption\":\"Revalorisation des prix du caf\u00e9-cacao par le gouvernement\"},{\"@type\":\"BreadcrumbList\",\"@id\":\"https:\/\/www.africa-press.net\/cotedivoire\/economie\/revalorisation-des-prix-du-cafe-cacao-par-le-gouvernement#breadcrumb\",\"itemListElement\":[{\"@type\":\"ListItem\",\"position\":1,\"name\":\"Accueil\",\"item\":\"https:\/\/www.africa-press.net\/cotedivoire\/\"},{\"@type\":\"ListItem\",\"position\":2,\"name\":\"Revalorisation des prix du caf\u00e9-cacao par le gouvernement\"}]},{\"@type\":\"WebSite\",\"@id\":\"https:\/\/www.africa-press.net\/cotedivoire\/#website\",\"url\":\"https:\/\/www.africa-press.net\/cotedivoire\/\",\"name\":\"C\u00f4te d&#039;Ivoire\",\"description\":\"Just another Africa News Agency Sites site\",\"potentialAction\":[{\"@type\":\"SearchAction\",\"target\":{\"@type\":\"EntryPoint\",\"urlTemplate\":\"https:\/\/www.africa-press.net\/cotedivoire\/?s={search_term_string}\"},\"query-input\":{\"@type\":\"PropertyValueSpecification\",\"valueRequired\":true,\"valueName\":\"search_term_string\"}}],\"inLanguage\":\"fr-FR\"},{\"@type\":\"Person\",\"@id\":\"https:\/\/www.africa-press.net\/cotedivoire\/#\/schema\/person\/2b1cf3cd81a31e3cd26889ca66d677f1\",\"name\":\"cfeditorfr\"}]}<\/script>\n<!-- \/ Yoast SEO Premium plugin. -->","yoast_head_json":{"title":"Revalorisation des prix du caf\u00e9-cacao par le gouvernement - C\u00f4te d&#039;Ivoire","description":"C\u2019est dans une ambiance de grande solennite\u0301, empreinte d\u2019espoir et de reconnaissance, que s\u2019est tenue ce mercredi au Pa ...","robots":{"index":"index","follow":"follow","max-snippet":"max-snippet:-1","max-image-preview":"max-image-preview:large","max-video-preview":"max-video-preview:-1"},"canonical":"https:\/\/www.africa-press.net\/cotedivoire\/economie\/revalorisation-des-prix-du-cafe-cacao-par-le-gouvernement","og_locale":"fr_FR","og_type":"article","og_title":"Revalorisation des prix du caf\u00e9-cacao par le gouvernement","og_description":"C\u2019est dans une ambiance de grande solennite\u0301, empreinte d\u2019espoir et de reconnaissance, que s\u2019est tenue ce mercredi au Pa ...","og_url":"https:\/\/www.africa-press.net\/cotedivoire\/economie\/revalorisation-des-prix-du-cafe-cacao-par-le-gouvernement","og_site_name":"C\u00f4te d&#039;Ivoire","article_published_time":"2025-10-02T17:04:31+00:00","article_modified_time":"2025-10-02T17:43:42+00:00","og_image":[{"width":720,"height":480,"url":"https:\/\/static.africa-press.net\/cote\/sites\/43\/2025\/10\/sm_1759414309.896489.jpg","type":"image\/jpeg"}],"author":"cfeditorfr","twitter_card":"summary_large_image","twitter_misc":{"\u00c9crit par":"cfeditorfr","Dur\u00e9e de lecture estim\u00e9e":"4 minutes"},"schema":{"@context":"https:\/\/schema.org","@graph":[{"@type":"Article","@id":"https:\/\/www.africa-press.net\/cotedivoire\/economie\/revalorisation-des-prix-du-cafe-cacao-par-le-gouvernement#article","isPartOf":{"@id":"https:\/\/www.africa-press.net\/cotedivoire\/economie\/revalorisation-des-prix-du-cafe-cacao-par-le-gouvernement"},"author":{"name":"cfeditorfr","@id":"https:\/\/www.africa-press.net\/cotedivoire\/#\/schema\/person\/2b1cf3cd81a31e3cd26889ca66d677f1"},"headline":"Revalorisation des prix du caf\u00e9-cacao par le gouvernement","datePublished":"2025-10-02T17:04:31+00:00","dateModified":"2025-10-02T17:43:42+00:00","mainEntityOfPage":{"@id":"https:\/\/www.africa-press.net\/cotedivoire\/economie\/revalorisation-des-prix-du-cafe-cacao-par-le-gouvernement"},"wordCount":682,"commentCount":0,"image":{"@id":"https:\/\/www.africa-press.net\/cotedivoire\/economie\/revalorisation-des-prix-du-cafe-cacao-par-le-gouvernement#primaryimage"},"thumbnailUrl":"https:\/\/static.africa-press.net\/cote\/sites\/43\/2025\/10\/sm_1759414309.896489.jpg","keywords":["Adjoumani","agricole","Cacao CI","Caf\u00e9 CI","campagne 2025","C\u00d4TE D'IVOIRE","fili\u00e8re","Ouattara","Prix Bord champ"],"articleSection":["\u00c9conomie","Toutes les actualit\u00e9s"],"inLanguage":"fr-FR","potentialAction":[{"@type":"CommentAction","name":"Comment","target":["https:\/\/www.africa-press.net\/cotedivoire\/economie\/revalorisation-des-prix-du-cafe-cacao-par-le-gouvernement#respond"]}]},{"@type":"WebPage","@id":"https:\/\/www.africa-press.net\/cotedivoire\/economie\/revalorisation-des-prix-du-cafe-cacao-par-le-gouvernement","url":"https:\/\/www.africa-press.net\/cotedivoire\/economie\/revalorisation-des-prix-du-cafe-cacao-par-le-gouvernement","name":"Revalorisation des prix du caf\u00e9-cacao par le gouvernement - C\u00f4te d&#039;Ivoire","isPartOf":{"@id":"https:\/\/www.africa-press.net\/cotedivoire\/#website"},"primaryImageOfPage":{"@id":"https:\/\/www.africa-press.net\/cotedivoire\/economie\/revalorisation-des-prix-du-cafe-cacao-par-le-gouvernement#primaryimage"},"image":{"@id":"https:\/\/www.africa-press.net\/cotedivoire\/economie\/revalorisation-des-prix-du-cafe-cacao-par-le-gouvernement#primaryimage"},"thumbnailUrl":"https:\/\/static.africa-press.net\/cote\/sites\/43\/2025\/10\/sm_1759414309.896489.jpg","datePublished":"2025-10-02T17:04:31+00:00","dateModified":"2025-10-02T17:43:42+00:00","author":{"@id":"https:\/\/www.africa-press.net\/cotedivoire\/#\/schema\/person\/2b1cf3cd81a31e3cd26889ca66d677f1"},"description":"C\u2019est dans une ambiance de grande solennite\u0301, empreinte d\u2019espoir et de reconnaissance, que s\u2019est tenue ce mercredi au Pa ...","breadcrumb":{"@id":"https:\/\/www.africa-press.net\/cotedivoire\/economie\/revalorisation-des-prix-du-cafe-cacao-par-le-gouvernement#breadcrumb"},"inLanguage":"fr-FR","potentialAction":[{"@type":"ReadAction","target":["https:\/\/www.africa-press.net\/cotedivoire\/economie\/revalorisation-des-prix-du-cafe-cacao-par-le-gouvernement"]}]},{"@type":"ImageObject","inLanguage":"fr-FR","@id":"https:\/\/www.africa-press.net\/cotedivoire\/economie\/revalorisation-des-prix-du-cafe-cacao-par-le-gouvernement#primaryimage","url":"https:\/\/static.africa-press.net\/cote\/sites\/43\/2025\/10\/sm_1759414309.896489.jpg","contentUrl":"https:\/\/static.africa-press.net\/cote\/sites\/43\/2025\/10\/sm_1759414309.896489.jpg","width":720,"height":480,"caption":"Revalorisation des prix du caf\u00e9-cacao par le gouvernement"},{"@type":"BreadcrumbList","@id":"https:\/\/www.africa-press.net\/cotedivoire\/economie\/revalorisation-des-prix-du-cafe-cacao-par-le-gouvernement#breadcrumb","itemListElement":[{"@type":"ListItem","position":1,"name":"Accueil","item":"https:\/\/www.africa-press.net\/cotedivoire\/"},{"@type":"ListItem","position":2,"name":"Revalorisation des prix du caf\u00e9-cacao par le gouvernement"}]},{"@type":"WebSite","@id":"https:\/\/www.africa-press.net\/cotedivoire\/#website","url":"https:\/\/www.africa-press.net\/cotedivoire\/","name":"C\u00f4te d&#039;Ivoire","description":"Just another Africa News Agency Sites site","potentialAction":[{"@type":"SearchAction","target":{"@type":"EntryPoint","urlTemplate":"https:\/\/www.africa-press.net\/cotedivoire\/?s={search_term_string}"},"query-input":{"@type":"PropertyValueSpecification","valueRequired":true,"valueName":"search_term_string"}}],"inLanguage":"fr-FR"},{"@type":"Person","@id":"https:\/\/www.africa-press.net\/cotedivoire\/#\/schema\/person\/2b1cf3cd81a31e3cd26889ca66d677f1","name":"cfeditorfr"}]}},"_links":{"self":[{"href":"https:\/\/www.africa-press.net\/cotedivoire\/wp-json\/wp\/v2\/posts\/106130","targetHints":{"allow":["GET"]}}],"collection":[{"href":"https:\/\/www.africa-press.net\/cotedivoire\/wp-json\/wp\/v2\/posts"}],"about":[{"href":"https:\/\/www.africa-press.net\/cotedivoire\/wp-json\/wp\/v2\/types\/post"}],"author":[{"embeddable":true,"href":"https:\/\/www.africa-press.net\/cotedivoire\/wp-json\/wp\/v2\/users\/82"}],"replies":[{"embeddable":true,"href":"https:\/\/www.africa-press.net\/cotedivoire\/wp-json\/wp\/v2\/comments?post=106130"}],"version-history":[{"count":0,"href":"https:\/\/www.africa-press.net\/cotedivoire\/wp-json\/wp\/v2\/posts\/106130\/revisions"}],"wp:featuredmedia":[{"embeddable":true,"href":"https:\/\/www.africa-press.net\/cotedivoire\/wp-json\/wp\/v2\/media\/106129"}],"wp:attachment":[{"href":"https:\/\/www.africa-press.net\/cotedivoire\/wp-json\/wp\/v2\/media?parent=106130"}],"wp:term":[{"taxonomy":"category","embeddable":true,"href":"https:\/\/www.africa-press.net\/cotedivoire\/wp-json\/wp\/v2\/categories?post=106130"},{"taxonomy":"post_tag","embeddable":true,"href":"https:\/\/www.africa-press.net\/cotedivoire\/wp-json\/wp\/v2\/tags?post=106130"}],"curies":[{"name":"wp","href":"https:\/\/api.w.org\/{rel}","templated":true}]}}