{"id":10615,"date":"2021-07-30T15:45:39","date_gmt":"2021-07-30T15:45:39","guid":{"rendered":"https:\/\/www.africa-press.net\/cotedivoire\/?p=10615"},"modified":"2021-07-30T18:20:35","modified_gmt":"2021-07-30T18:20:35","slug":"cote-divoire-rencontre-avec-ouattara-voici-les-110-detenus-dont-gbagbo-a-sollicite-les-liberations","status":"publish","type":"post","link":"https:\/\/www.africa-press.net\/cotedivoire\/politique\/cote-divoire-rencontre-avec-ouattara-voici-les-110-detenus-dont-gbagbo-a-sollicite-les-liberations","title":{"rendered":"rencontre avec Ouattara: Voici les 110 d\u00e9tenus dont Gbagbo a sollicit\u00e9 les lib\u00e9rations"},"content":{"rendered":"<p><span style=\"color: #ff6600\"><strong><a href=\"https:\/\/www.africa-press.net\/\">Africa-Press<\/a> &#8211; <a href=\"https:\/\/www.africa-press.net\/cotedivoire\">C\u00f4te d&rsquo;Ivoire<\/a>. <\/strong><\/span>\u00c9voquant les d\u00e9tenus qui lui sont proches, l\u2019ancien Pr\u00e9sident de la R\u00e9publique Laurent Gbagbo avait prononc\u00e9 les paroles suivantes le 27 juillet \u00e0 la sortie de sa rencontre avec son successeur:<\/p>\n<p>\u00ab En ce qui me concerne, j\u2019ai surtout parl\u00e9 avec le pr\u00e9sident, j\u2019ai insist\u00e9 sur les prisonniers qui ont \u00e9t\u00e9 arr\u00eat\u00e9s au moment de la crise de 2010-2011 et qui sont encore en prison. Alors j\u2019ai dit au pr\u00e9sident, et vous serez d\u2019accord avec moi que j\u2019\u00e9tais leur chef de file et moi je suis dehors aujourd\u2019hui, eux ils sont en prison et j\u2019aimerais que le pr\u00e9sident fasse tout ce qu\u2019il peut pour les lib\u00e9rer. Le pr\u00e9sident a les moyens et c\u2019est lui qui juge l\u2019opportunit\u00e9 des moyens et des moments pour ces lib\u00e9rations. Et donc, j\u2019ai insist\u00e9 sur \u00e7a\u00bb.<\/p>\n<p>Ci-dessous la liste compl\u00e8te des 110 personnes<\/p>\n<p>1- Nean Houde Elvis (MACA)<\/p>\n<p>2- Toure \u00c9ric (MACA)<\/p>\n<p>3- Glarou Richmond (MACA)<\/p>\n<p>4- Agnimel Meless Serges (MACA)<\/p>\n<p>5- Dazirignon Ange Aristide (MACA)<\/p>\n<p>6- Djipro Nikpi Herv\u00e9 (MACA)<\/p>\n<p>7- Irie BI Boti (MACA)<\/p>\n<p>8- Djire Dawe Maurice (CP Bouak\u00e9)<\/p>\n<p>9- Gl Dogbo Bl\u00e9 Bruno (\u00c9cole de gendarmerie)<\/p>\n<p>10- Amiral Vagba Faussignaux (\u00c9cole de gendarmerie)<\/p>\n<p>11- CDT Abehi Jean No\u00ebl (MAMA)<\/p>\n<p>12- CDT Seka Yapo Anselme (MAMA)<\/p>\n<p>13- COL Aby Jean (MACA)<\/p>\n<p>14- LT\/COL Ohoukou Mody Leopold (MACA)<\/p>\n<p>15- LT\/COL Gnatoa Katet Paulin (MACA)<\/p>\n<p>16- CDT Kipr\u00e9 Vagba (MACA)<\/p>\n<p>17- CAIRE Os\u00e9e Loguey (MACA)<\/p>\n<p>18- LT Ourigou Bawa F\u00e9licien (MACA)<\/p>\n<p>19- SGT Toh Ferdinand (MACA)<\/p>\n<p>20- SGT TOGBA Arnaud Marcel (MACA)<\/p>\n<p>21- MDL Edy Ossohou(MACA)<\/p>\n<p>22- CPL\/C Adou Meledjro \u00c9tienne (MACA)<\/p>\n<p>23- Blao Nicaise (LIBERIA)<\/p>\n<p>24- Nemlin Thierry Antoine (LIBERIA)<\/p>\n<p>25- Komande Mohegnon Valery (LIBERIA)<\/p>\n<p>26- Nioule Junior (LIBERIA)<\/p>\n<p>27- Nioule Ouragbo \u00c9douard (LIBERIA)<\/p>\n<p>28- Toue Badison Julien (LIBERIA)<\/p>\n<p>29- Nioule Franck Olivier (LIBERIA)<\/p>\n<p>30- Aby Jean Yves Alain (MACA)<\/p>\n<p>31- Allo theodule (MACA)<\/p>\n<p>32- Lasm Marc Fabrice (MACA)<\/p>\n<p>33- Effoueyi Ama Marthe (MACA)<\/p>\n<p>34- Tchin Oulai Olivier (MACA)<\/p>\n<p>35- Toh Ange Cl\u00e9ment (MACA)<\/p>\n<p>36- Bl\u00e9 Innocent (MACA)<\/p>\n<p>37- Dou\u00e9 \u00c9ric Charles (MACA)<\/p>\n<p>38- Bahi Bo(MACA)<\/p>\n<p>39- Djihetien Rodrigue (MACA)<\/p>\n<p>40- Hue BI gore Jacques (MACA)<\/p>\n<p>41- Yourou Franck (MACA)<\/p>\n<p>42- Dogo Heno Prince (MACA)<\/p>\n<p>43-Blagnon Toubate Bruno (MACA)<\/p>\n<p>44- Mezan N\u2019guessan (MACA)<\/p>\n<p>45- Nomon Charles (MACA)<\/p>\n<p>46- Sabe Guy (MACA)<\/p>\n<p>47- Nemlin Simon (MACA)<\/p>\n<p>48- Nean Gbatio (MACA)<\/p>\n<p>49- Yapo Serge Fiacre alias Serge Koffi (MACA)<\/p>\n<p>50- Koua Armel Smith (MACA)<\/p>\n<p>51- Tetty Alain Claude (MACA)<\/p>\n<p>52- Noma Tito C. (MACA)<\/p>\n<p>53- Kamarate Souleymane alias Soul to Soul (MACA)<\/p>\n<p>54- Abi Porquet (MACA)<\/p>\n<p>55- Agnero Lath Alexis (MACA)<\/p>\n<p>56- Agnero Lath Jo\u00ebl (MACA)<\/p>\n<p>57- Agnero Simon S\u00e9verin (MACA)<\/p>\n<p>58- Agu\u00e9d\u00e9 Yves Paulin (MACA)<\/p>\n<p>59- Bony Guy Jo\u00ebl WILFRIED (MACA)<\/p>\n<p>60- Amari Meledje Mathieu (MACA)<\/p>\n<p>61- Amichia Alexis (MACA)<\/p>\n<p>62- Bah Bly Paulin (MACA)<\/p>\n<p>63- Bli Thessa Herv\u00e9 (MACA)<\/p>\n<p>64- Baye Djahouru Abdoul Karim (MACA)<\/p>\n<p>65- Dago Jean Rock (MACA)<\/p>\n<p>66- Diakite Samuel (MACA)<\/p>\n<p>67- Dadje Mel Jocelyn(MACA)<\/p>\n<p>68- gue Essoh Rapha\u00ebl (MACA)<\/p>\n<p>69- Essoh Akpa L\u00e9on (MACA)<\/p>\n<p>70- Kahe Immo Boris (MACA)<\/p>\n<p>71- Gondo Pac\u00f4me (MACA)<\/p>\n<p>72- Gnonkonte Dama Paul (MACA)<\/p>\n<p>73- Gore BI Sery Mathieu (MACA)<\/p>\n<p>74- Kacou Mel Patrice (MACA)<\/p>\n<p>75- Koffi Jean Morisson (MACA)<\/p>\n<p>76- Koffi Konan Yannick (MACA)<\/p>\n<p>77- Koffi Yao Serge Constant (MACA)<\/p>\n<p>78- Konan Koffi Francis (MACA)<\/p>\n<p>79- Konin Konin Beno\u00eet (MACA)<\/p>\n<p>80- Kore Alphonse (MACA)<\/p>\n<p>81- Kouassi Luc (MACA)<\/p>\n<p>82- Koudou Landry (MACA)<\/p>\n<p>83- Koue Essoh Rapha\u00ebl (MACA)<\/p>\n<p>84- Loukou Kouame Marius (MACA)<\/p>\n<p>85- Loukou N\u2019goran No\u00ebl (MACA)<\/p>\n<p>86- Meless Gnangne Ambroise (MACA)<\/p>\n<p>87- Muetho Ignace (MACA)<\/p>\n<p>88- Nbahoua Gnahoua Cedric (MACA)<\/p>\n<p>89- N\u2019dakpli Ange Felix(MACA)<\/p>\n<p>90- N\u2019dri Kouadio Pierre Narcisse (MACA)<\/p>\n<p>91- N\u2019dri Stephe Yannick Donald (MACA)<\/p>\n<p>92- Pehi Wilfried (MACA)<\/p>\n<p>93- Sea Roy Michael (MACA)<\/p>\n<p>94- Sidibe Aboudou (MACA)<\/p>\n<p>95- Sie Essoh Sylvain (MACA)<\/p>\n<p>96- Sos Esmel Thimoth\u00e9e (MACA)<\/p>\n<p>97- Soro Kafana(MACA)<\/p>\n<p>98- Tayou Kaneza Venance (MACA)<\/p>\n<p>99- Tetiali \u00c9lie (MACA)<\/p>\n<p>100- Tofi Gneba Guy (MACA)<\/p>\n<p>101- Wayoro Drehiri Aime (MACA)<\/p>\n<p>102- Wogui Herv\u00e9 (MACA)<\/p>\n<p>103- Yao Tato Rostand (MACA)<\/p>\n<p>104- Koua Banouakou Justin (Camp P\u00e9nal Bouake)<\/p>\n<p>105- BIllaud Simagn\u00e9n\u00e9 Daniel<\/p>\n<p>106- Boly Brekou Nestor<\/p>\n<p>107- Diedo Guy Marius<\/p>\n<p>108- Aboua Landry<\/p>\n<p>109- Aho Atchoueu Jean-Baptiste<\/p>\n<p>110- Zozan BI Tra L\u00e9ger<\/p>\n<p>Reste d\u00e9sormais \u00e0 savoir si l\u2019actuel pr\u00e9sident de la R\u00e9publique donnera une r\u00e9ponse favorable \u00e0 la requ\u00eate de son pr\u00e9d\u00e9cesseur. Les yeux seront surtout riv\u00e9s sur son discours du 06 ao\u00fbt prochain \u00e0 la veille du 61\u00e8 anniversaire d\u2019ind\u00e9pendance de la C\u00f4te d\u2019Ivoire.<\/p>\n","protected":false},"excerpt":{"rendered":"<p>Africa-Press &#8211; C\u00f4te d&rsquo;Ivoire. \u00c9voquant les d\u00e9tenus qui lui sont proches, l\u2019ancien Pr\u00e9sident de la R\u00e9publique Laurent Gbagbo avait prononc\u00e9 les paroles suivantes le 27 juillet \u00e0 la sortie de sa rencontre avec son successeur: \u00ab En ce qui me concerne, j\u2019ai surtout parl\u00e9 avec le pr\u00e9sident, j\u2019ai insist\u00e9 sur les prisonniers qui ont \u00e9t\u00e9 [&hellip;]<\/p>\n","protected":false},"author":82,"featured_media":10614,"comment_status":"open","ping_status":"closed","sticky":false,"template":"","format":"standard","meta":{"footnotes":""},"categories":[11,2,20,10],"tags":[56,63,29],"class_list":["post-10615","post","type-post","status-publish","format-standard","has-post-thumbnail","hentry","category-homepage-french","category-politique","category-top-nouvelles","category-toutes-les-actualites","tag-africa-press","tag-africa-press-cote-divoire","tag-cote-divoire"],"yoast_head":"<!-- This site is optimized with the Yoast SEO Premium plugin v26.1 (Yoast SEO v27.0) - https:\/\/yoast.com\/product\/yoast-seo-premium-wordpress\/ -->\n<title>rencontre avec Ouattara: Voici les 110 d\u00e9tenus dont Gbagbo a sollicit\u00e9 les lib\u00e9rations - C\u00f4te d&#039;Ivoire<\/title>\n<meta name=\"description\" content=\"\u00c9voquant les d\u00e9tenus qui lui sont proches, l\u2019ancien Pr\u00e9sident de la R\u00e9publique Laurent Gbagbo avait prononc\u00e9 les paroles ...\" \/>\n<meta name=\"robots\" content=\"index, follow, max-snippet:-1, max-image-preview:large, max-video-preview:-1\" \/>\n<link rel=\"canonical\" href=\"https:\/\/www.africa-press.net\/cotedivoire\/politique\/cote-divoire-rencontre-avec-ouattara-voici-les-110-detenus-dont-gbagbo-a-sollicite-les-liberations\" \/>\n<meta property=\"og:locale\" content=\"fr_FR\" \/>\n<meta property=\"og:type\" content=\"article\" \/>\n<meta property=\"og:title\" content=\"rencontre avec Ouattara: Voici les 110 d\u00e9tenus dont Gbagbo a sollicit\u00e9 les lib\u00e9rations\" \/>\n<meta property=\"og:description\" content=\"\u00c9voquant les d\u00e9tenus qui lui sont proches, l\u2019ancien Pr\u00e9sident de la R\u00e9publique Laurent Gbagbo avait prononc\u00e9 les paroles ...\" \/>\n<meta property=\"og:url\" content=\"https:\/\/www.africa-press.net\/cotedivoire\/politique\/cote-divoire-rencontre-avec-ouattara-voici-les-110-detenus-dont-gbagbo-a-sollicite-les-liberations\" \/>\n<meta property=\"og:site_name\" content=\"C\u00f4te d&#039;Ivoire\" \/>\n<meta property=\"article:published_time\" content=\"2021-07-30T15:45:39+00:00\" \/>\n<meta property=\"article:modified_time\" content=\"2021-07-30T18:20:35+00:00\" \/>\n<meta property=\"og:image\" content=\"https:\/\/static.africa-press.net\/cote\/sites\/43\/2021\/07\/img-610412de24b4b.jpg\" \/>\n\t<meta property=\"og:image:width\" content=\"720\" \/>\n\t<meta property=\"og:image:height\" content=\"517\" \/>\n\t<meta property=\"og:image:type\" content=\"image\/jpeg\" \/>\n<meta name=\"author\" content=\"cfeditorfr\" \/>\n<meta name=\"twitter:card\" content=\"summary_large_image\" \/>\n<meta name=\"twitter:label1\" content=\"\u00c9crit par\" \/>\n\t<meta name=\"twitter:data1\" content=\"cfeditorfr\" \/>\n\t<meta name=\"twitter:label2\" content=\"Dur\u00e9e de lecture estim\u00e9e\" \/>\n\t<meta name=\"twitter:data2\" content=\"4 minutes\" \/>\n<script type=\"application\/ld+json\" class=\"yoast-schema-graph\">{\"@context\":\"https:\/\/schema.org\",\"@graph\":[{\"@type\":\"Article\",\"@id\":\"https:\/\/www.africa-press.net\/cotedivoire\/politique\/cote-divoire-rencontre-avec-ouattara-voici-les-110-detenus-dont-gbagbo-a-sollicite-les-liberations#article\",\"isPartOf\":{\"@id\":\"https:\/\/www.africa-press.net\/cotedivoire\/politique\/cote-divoire-rencontre-avec-ouattara-voici-les-110-detenus-dont-gbagbo-a-sollicite-les-liberations\"},\"author\":{\"name\":\"cfeditorfr\",\"@id\":\"https:\/\/www.africa-press.net\/cotedivoire\/#\/schema\/person\/2b1cf3cd81a31e3cd26889ca66d677f1\"},\"headline\":\"rencontre avec Ouattara: Voici les 110 d\u00e9tenus dont Gbagbo a sollicit\u00e9 les lib\u00e9rations\",\"datePublished\":\"2021-07-30T15:45:39+00:00\",\"dateModified\":\"2021-07-30T18:20:35+00:00\",\"mainEntityOfPage\":{\"@id\":\"https:\/\/www.africa-press.net\/cotedivoire\/politique\/cote-divoire-rencontre-avec-ouattara-voici-les-110-detenus-dont-gbagbo-a-sollicite-les-liberations\"},\"wordCount\":801,\"commentCount\":0,\"image\":{\"@id\":\"https:\/\/www.africa-press.net\/cotedivoire\/politique\/cote-divoire-rencontre-avec-ouattara-voici-les-110-detenus-dont-gbagbo-a-sollicite-les-liberations#primaryimage\"},\"thumbnailUrl\":\"https:\/\/static.africa-press.net\/cote\/sites\/43\/2021\/07\/img-610412de24b4b.jpg\",\"keywords\":[\"Africa Press\",\"Africa Press-C\u00f4te d'Ivoire\",\"C\u00d4TE D'IVOIRE\"],\"articleSection\":[\"homepage-french\",\"Politique\",\"Top Nouvelles\",\"Toutes les actualit\u00e9s\"],\"inLanguage\":\"fr-FR\",\"potentialAction\":[{\"@type\":\"CommentAction\",\"name\":\"Comment\",\"target\":[\"https:\/\/www.africa-press.net\/cotedivoire\/politique\/cote-divoire-rencontre-avec-ouattara-voici-les-110-detenus-dont-gbagbo-a-sollicite-les-liberations#respond\"]}]},{\"@type\":\"WebPage\",\"@id\":\"https:\/\/www.africa-press.net\/cotedivoire\/politique\/cote-divoire-rencontre-avec-ouattara-voici-les-110-detenus-dont-gbagbo-a-sollicite-les-liberations\",\"url\":\"https:\/\/www.africa-press.net\/cotedivoire\/politique\/cote-divoire-rencontre-avec-ouattara-voici-les-110-detenus-dont-gbagbo-a-sollicite-les-liberations\",\"name\":\"rencontre avec Ouattara: Voici les 110 d\u00e9tenus dont Gbagbo a sollicit\u00e9 les lib\u00e9rations - C\u00f4te d&#039;Ivoire\",\"isPartOf\":{\"@id\":\"https:\/\/www.africa-press.net\/cotedivoire\/#website\"},\"primaryImageOfPage\":{\"@id\":\"https:\/\/www.africa-press.net\/cotedivoire\/politique\/cote-divoire-rencontre-avec-ouattara-voici-les-110-detenus-dont-gbagbo-a-sollicite-les-liberations#primaryimage\"},\"image\":{\"@id\":\"https:\/\/www.africa-press.net\/cotedivoire\/politique\/cote-divoire-rencontre-avec-ouattara-voici-les-110-detenus-dont-gbagbo-a-sollicite-les-liberations#primaryimage\"},\"thumbnailUrl\":\"https:\/\/static.africa-press.net\/cote\/sites\/43\/2021\/07\/img-610412de24b4b.jpg\",\"datePublished\":\"2021-07-30T15:45:39+00:00\",\"dateModified\":\"2021-07-30T18:20:35+00:00\",\"author\":{\"@id\":\"https:\/\/www.africa-press.net\/cotedivoire\/#\/schema\/person\/2b1cf3cd81a31e3cd26889ca66d677f1\"},\"description\":\"\u00c9voquant les d\u00e9tenus qui lui sont proches, l\u2019ancien Pr\u00e9sident de la R\u00e9publique Laurent Gbagbo avait prononc\u00e9 les paroles ...\",\"breadcrumb\":{\"@id\":\"https:\/\/www.africa-press.net\/cotedivoire\/politique\/cote-divoire-rencontre-avec-ouattara-voici-les-110-detenus-dont-gbagbo-a-sollicite-les-liberations#breadcrumb\"},\"inLanguage\":\"fr-FR\",\"potentialAction\":[{\"@type\":\"ReadAction\",\"target\":[\"https:\/\/www.africa-press.net\/cotedivoire\/politique\/cote-divoire-rencontre-avec-ouattara-voici-les-110-detenus-dont-gbagbo-a-sollicite-les-liberations\"]}]},{\"@type\":\"ImageObject\",\"inLanguage\":\"fr-FR\",\"@id\":\"https:\/\/www.africa-press.net\/cotedivoire\/politique\/cote-divoire-rencontre-avec-ouattara-voici-les-110-detenus-dont-gbagbo-a-sollicite-les-liberations#primaryimage\",\"url\":\"https:\/\/static.africa-press.net\/cote\/sites\/43\/2021\/07\/img-610412de24b4b.jpg\",\"contentUrl\":\"https:\/\/static.africa-press.net\/cote\/sites\/43\/2021\/07\/img-610412de24b4b.jpg\",\"width\":720,\"height\":517,\"caption\":\"C\u00f4te-d\u2019Ivoire\/rencontre avec Ouattara: Voici les 110 d\u00e9tenus dont Gbagbo a sollicit\u00e9 les lib\u00e9rations\"},{\"@type\":\"BreadcrumbList\",\"@id\":\"https:\/\/www.africa-press.net\/cotedivoire\/politique\/cote-divoire-rencontre-avec-ouattara-voici-les-110-detenus-dont-gbagbo-a-sollicite-les-liberations#breadcrumb\",\"itemListElement\":[{\"@type\":\"ListItem\",\"position\":1,\"name\":\"Accueil\",\"item\":\"https:\/\/www.africa-press.net\/cotedivoire\/\"},{\"@type\":\"ListItem\",\"position\":2,\"name\":\"rencontre avec Ouattara: Voici les 110 d\u00e9tenus dont Gbagbo a sollicit\u00e9 les lib\u00e9rations\"}]},{\"@type\":\"WebSite\",\"@id\":\"https:\/\/www.africa-press.net\/cotedivoire\/#website\",\"url\":\"https:\/\/www.africa-press.net\/cotedivoire\/\",\"name\":\"C\u00f4te d&#039;Ivoire\",\"description\":\"Just another Africa News Agency Sites site\",\"potentialAction\":[{\"@type\":\"SearchAction\",\"target\":{\"@type\":\"EntryPoint\",\"urlTemplate\":\"https:\/\/www.africa-press.net\/cotedivoire\/?s={search_term_string}\"},\"query-input\":{\"@type\":\"PropertyValueSpecification\",\"valueRequired\":true,\"valueName\":\"search_term_string\"}}],\"inLanguage\":\"fr-FR\"},{\"@type\":\"Person\",\"@id\":\"https:\/\/www.africa-press.net\/cotedivoire\/#\/schema\/person\/2b1cf3cd81a31e3cd26889ca66d677f1\",\"name\":\"cfeditorfr\"}]}<\/script>\n<!-- \/ Yoast SEO Premium plugin. -->","yoast_head_json":{"title":"rencontre avec Ouattara: Voici les 110 d\u00e9tenus dont Gbagbo a sollicit\u00e9 les lib\u00e9rations - C\u00f4te d&#039;Ivoire","description":"\u00c9voquant les d\u00e9tenus qui lui sont proches, l\u2019ancien Pr\u00e9sident de la R\u00e9publique Laurent Gbagbo avait prononc\u00e9 les paroles ...","robots":{"index":"index","follow":"follow","max-snippet":"max-snippet:-1","max-image-preview":"max-image-preview:large","max-video-preview":"max-video-preview:-1"},"canonical":"https:\/\/www.africa-press.net\/cotedivoire\/politique\/cote-divoire-rencontre-avec-ouattara-voici-les-110-detenus-dont-gbagbo-a-sollicite-les-liberations","og_locale":"fr_FR","og_type":"article","og_title":"rencontre avec Ouattara: Voici les 110 d\u00e9tenus dont Gbagbo a sollicit\u00e9 les lib\u00e9rations","og_description":"\u00c9voquant les d\u00e9tenus qui lui sont proches, l\u2019ancien Pr\u00e9sident de la R\u00e9publique Laurent Gbagbo avait prononc\u00e9 les paroles ...","og_url":"https:\/\/www.africa-press.net\/cotedivoire\/politique\/cote-divoire-rencontre-avec-ouattara-voici-les-110-detenus-dont-gbagbo-a-sollicite-les-liberations","og_site_name":"C\u00f4te d&#039;Ivoire","article_published_time":"2021-07-30T15:45:39+00:00","article_modified_time":"2021-07-30T18:20:35+00:00","og_image":[{"width":720,"height":517,"url":"https:\/\/static.africa-press.net\/cote\/sites\/43\/2021\/07\/img-610412de24b4b.jpg","type":"image\/jpeg"}],"author":"cfeditorfr","twitter_card":"summary_large_image","twitter_misc":{"\u00c9crit par":"cfeditorfr","Dur\u00e9e de lecture estim\u00e9e":"4 minutes"},"schema":{"@context":"https:\/\/schema.org","@graph":[{"@type":"Article","@id":"https:\/\/www.africa-press.net\/cotedivoire\/politique\/cote-divoire-rencontre-avec-ouattara-voici-les-110-detenus-dont-gbagbo-a-sollicite-les-liberations#article","isPartOf":{"@id":"https:\/\/www.africa-press.net\/cotedivoire\/politique\/cote-divoire-rencontre-avec-ouattara-voici-les-110-detenus-dont-gbagbo-a-sollicite-les-liberations"},"author":{"name":"cfeditorfr","@id":"https:\/\/www.africa-press.net\/cotedivoire\/#\/schema\/person\/2b1cf3cd81a31e3cd26889ca66d677f1"},"headline":"rencontre avec Ouattara: Voici les 110 d\u00e9tenus dont Gbagbo a sollicit\u00e9 les lib\u00e9rations","datePublished":"2021-07-30T15:45:39+00:00","dateModified":"2021-07-30T18:20:35+00:00","mainEntityOfPage":{"@id":"https:\/\/www.africa-press.net\/cotedivoire\/politique\/cote-divoire-rencontre-avec-ouattara-voici-les-110-detenus-dont-gbagbo-a-sollicite-les-liberations"},"wordCount":801,"commentCount":0,"image":{"@id":"https:\/\/www.africa-press.net\/cotedivoire\/politique\/cote-divoire-rencontre-avec-ouattara-voici-les-110-detenus-dont-gbagbo-a-sollicite-les-liberations#primaryimage"},"thumbnailUrl":"https:\/\/static.africa-press.net\/cote\/sites\/43\/2021\/07\/img-610412de24b4b.jpg","keywords":["Africa Press","Africa Press-C\u00f4te d'Ivoire","C\u00d4TE D'IVOIRE"],"articleSection":["homepage-french","Politique","Top Nouvelles","Toutes les actualit\u00e9s"],"inLanguage":"fr-FR","potentialAction":[{"@type":"CommentAction","name":"Comment","target":["https:\/\/www.africa-press.net\/cotedivoire\/politique\/cote-divoire-rencontre-avec-ouattara-voici-les-110-detenus-dont-gbagbo-a-sollicite-les-liberations#respond"]}]},{"@type":"WebPage","@id":"https:\/\/www.africa-press.net\/cotedivoire\/politique\/cote-divoire-rencontre-avec-ouattara-voici-les-110-detenus-dont-gbagbo-a-sollicite-les-liberations","url":"https:\/\/www.africa-press.net\/cotedivoire\/politique\/cote-divoire-rencontre-avec-ouattara-voici-les-110-detenus-dont-gbagbo-a-sollicite-les-liberations","name":"rencontre avec Ouattara: Voici les 110 d\u00e9tenus dont Gbagbo a sollicit\u00e9 les lib\u00e9rations - C\u00f4te d&#039;Ivoire","isPartOf":{"@id":"https:\/\/www.africa-press.net\/cotedivoire\/#website"},"primaryImageOfPage":{"@id":"https:\/\/www.africa-press.net\/cotedivoire\/politique\/cote-divoire-rencontre-avec-ouattara-voici-les-110-detenus-dont-gbagbo-a-sollicite-les-liberations#primaryimage"},"image":{"@id":"https:\/\/www.africa-press.net\/cotedivoire\/politique\/cote-divoire-rencontre-avec-ouattara-voici-les-110-detenus-dont-gbagbo-a-sollicite-les-liberations#primaryimage"},"thumbnailUrl":"https:\/\/static.africa-press.net\/cote\/sites\/43\/2021\/07\/img-610412de24b4b.jpg","datePublished":"2021-07-30T15:45:39+00:00","dateModified":"2021-07-30T18:20:35+00:00","author":{"@id":"https:\/\/www.africa-press.net\/cotedivoire\/#\/schema\/person\/2b1cf3cd81a31e3cd26889ca66d677f1"},"description":"\u00c9voquant les d\u00e9tenus qui lui sont proches, l\u2019ancien Pr\u00e9sident de la R\u00e9publique Laurent Gbagbo avait prononc\u00e9 les paroles ...","breadcrumb":{"@id":"https:\/\/www.africa-press.net\/cotedivoire\/politique\/cote-divoire-rencontre-avec-ouattara-voici-les-110-detenus-dont-gbagbo-a-sollicite-les-liberations#breadcrumb"},"inLanguage":"fr-FR","potentialAction":[{"@type":"ReadAction","target":["https:\/\/www.africa-press.net\/cotedivoire\/politique\/cote-divoire-rencontre-avec-ouattara-voici-les-110-detenus-dont-gbagbo-a-sollicite-les-liberations"]}]},{"@type":"ImageObject","inLanguage":"fr-FR","@id":"https:\/\/www.africa-press.net\/cotedivoire\/politique\/cote-divoire-rencontre-avec-ouattara-voici-les-110-detenus-dont-gbagbo-a-sollicite-les-liberations#primaryimage","url":"https:\/\/static.africa-press.net\/cote\/sites\/43\/2021\/07\/img-610412de24b4b.jpg","contentUrl":"https:\/\/static.africa-press.net\/cote\/sites\/43\/2021\/07\/img-610412de24b4b.jpg","width":720,"height":517,"caption":"C\u00f4te-d\u2019Ivoire\/rencontre avec Ouattara: Voici les 110 d\u00e9tenus dont Gbagbo a sollicit\u00e9 les lib\u00e9rations"},{"@type":"BreadcrumbList","@id":"https:\/\/www.africa-press.net\/cotedivoire\/politique\/cote-divoire-rencontre-avec-ouattara-voici-les-110-detenus-dont-gbagbo-a-sollicite-les-liberations#breadcrumb","itemListElement":[{"@type":"ListItem","position":1,"name":"Accueil","item":"https:\/\/www.africa-press.net\/cotedivoire\/"},{"@type":"ListItem","position":2,"name":"rencontre avec Ouattara: Voici les 110 d\u00e9tenus dont Gbagbo a sollicit\u00e9 les lib\u00e9rations"}]},{"@type":"WebSite","@id":"https:\/\/www.africa-press.net\/cotedivoire\/#website","url":"https:\/\/www.africa-press.net\/cotedivoire\/","name":"C\u00f4te d&#039;Ivoire","description":"Just another Africa News Agency Sites site","potentialAction":[{"@type":"SearchAction","target":{"@type":"EntryPoint","urlTemplate":"https:\/\/www.africa-press.net\/cotedivoire\/?s={search_term_string}"},"query-input":{"@type":"PropertyValueSpecification","valueRequired":true,"valueName":"search_term_string"}}],"inLanguage":"fr-FR"},{"@type":"Person","@id":"https:\/\/www.africa-press.net\/cotedivoire\/#\/schema\/person\/2b1cf3cd81a31e3cd26889ca66d677f1","name":"cfeditorfr"}]}},"_links":{"self":[{"href":"https:\/\/www.africa-press.net\/cotedivoire\/wp-json\/wp\/v2\/posts\/10615","targetHints":{"allow":["GET"]}}],"collection":[{"href":"https:\/\/www.africa-press.net\/cotedivoire\/wp-json\/wp\/v2\/posts"}],"about":[{"href":"https:\/\/www.africa-press.net\/cotedivoire\/wp-json\/wp\/v2\/types\/post"}],"author":[{"embeddable":true,"href":"https:\/\/www.africa-press.net\/cotedivoire\/wp-json\/wp\/v2\/users\/82"}],"replies":[{"embeddable":true,"href":"https:\/\/www.africa-press.net\/cotedivoire\/wp-json\/wp\/v2\/comments?post=10615"}],"version-history":[{"count":0,"href":"https:\/\/www.africa-press.net\/cotedivoire\/wp-json\/wp\/v2\/posts\/10615\/revisions"}],"wp:featuredmedia":[{"embeddable":true,"href":"https:\/\/www.africa-press.net\/cotedivoire\/wp-json\/wp\/v2\/media\/10614"}],"wp:attachment":[{"href":"https:\/\/www.africa-press.net\/cotedivoire\/wp-json\/wp\/v2\/media?parent=10615"}],"wp:term":[{"taxonomy":"category","embeddable":true,"href":"https:\/\/www.africa-press.net\/cotedivoire\/wp-json\/wp\/v2\/categories?post=10615"},{"taxonomy":"post_tag","embeddable":true,"href":"https:\/\/www.africa-press.net\/cotedivoire\/wp-json\/wp\/v2\/tags?post=10615"}],"curies":[{"name":"wp","href":"https:\/\/api.w.org\/{rel}","templated":true}]}}